{"id":32103,"date":"2019-06-11T16:17:24","date_gmt":"2019-06-11T19:17:24","guid":{"rendered":"http:\/\/www.noticiasradioreflejos.com.ar\/noticias\/?p=32103"},"modified":"2019-06-11T16:17:24","modified_gmt":"2019-06-11T19:17:24","slug":"automoto-repartio-puntos-con-sarmiento-en-inferiores","status":"publish","type":"post","link":"https:\/\/www.noticiasradioreflejos.com.ar\/2021\/automoto-repartio-puntos-con-sarmiento-en-inferiores\/","title":{"rendered":"Automoto reparti\u00f3 puntos con Sarmiento en Inferiores"},"content":{"rendered":"<p>Fue un buen arranque. Por el rival y por los resultados. Los chicos de las Inferiores de Automoto cosecharon dos triunfos y dos derrotas ante Club Sarmiento de Pig\u00fc\u00e9, en el marco de los partidos disputados en el estadio Agust\u00edn Ruppel, correspondientes a la primera fecha de la segunda ronda del certamen.<!--more--><br \/>\nSin dudas que la victoria m\u00e1s resonante result\u00f3 la de la quinta divisi\u00f3n. Despu\u00e9s de una primera rueda con altibajos y muy dispar, el equipo que dirige Mauricio Kugler demostr\u00f3 otra actitud y otro juego, para superar a los ganadores de la fase inicial por 3 a 2.<br \/>\n   El Rojo se repuso de un tempranero tanto en contra, dio vuelta el marcador con dos conquistas de Valentino Bucchi y estir\u00f3 la ventaja a trav\u00e9s de Nahuel Schwab. Sin embargo, el visitante no se resign\u00f3 y descont\u00f3 sobre el final del encuentro.<br \/>\n   La Sexta, que ya se encuentra clasificada para los cuartos de final que se disputar\u00e1n a fines de a\u00f1o, comenz\u00f3 la segunda instancia con un gran triunfo por 2 a 0. Tiziano Gambirassi y Tom\u00e1s Fuhr se hicieron presentes en la red y le permitieron a la categor\u00eda hilvanar su octavo triunfo en fila.<br \/>\n   En un partido muy cambiante y entretenido, Automoto cay\u00f3 por 4 a 2 en S\u00e9ptima. Sarmiento se puso 2 a 0 arriba, pero el local lleg\u00f3 a la igualdad por intermedio de Valent\u00edn Alric y Tom\u00e1s Dorregaray.<br \/>\n   Tras fallar algunas posibilidades de pasar al frente, el conjunto pig\u00fcense aprovech\u00f3 al m\u00e1ximo sus oportunidades y termin\u00f3 inclinando la balanza a su favor. Esta divisional tambi\u00e9n se encuentra clasificada a la instancia decisiva.<br \/>\n   Finalmente, la Octava perdi\u00f3 por 2 a 0.<br \/>\n   El pr\u00f3ximo s\u00e1bado, Automoto recibir\u00e1 a Empleados de Comercio de Guamin\u00ed en tres categor\u00edas (el rival no tiene S\u00e9ptima).<br \/>\nAlbum de fotos: https:\/\/www.facebook.com\/pg\/automototornquist\/photos\/?tab=album&#038;album_id=2451039034916088<br \/>\nDepartamento de Prensa \u2013 Automoto Club Deportivo<br \/>\nwww.clubautomotopasion.com.ar<br \/>\nFacebook: \/automototornquist<br \/>\nTwitter: @ClubAutomoto<br \/>\nYouTube: acdtvideos<\/p>\n","protected":false},"excerpt":{"rendered":"<p>Fue un buen arranque. Por el rival y por los resultados. Los chicos de las Inferiores de Automoto cosecharon dos triunfos y dos derrotas ante Club Sarmiento de Pig\u00fc\u00e9, en el marco de los partidos disputados en el estadio Agust\u00edn Ruppel, correspondientes a la primera fecha de la segunda ronda del certamen.<\/p>\n","protected":false},"author":3,"featured_media":0,"comment_status":"closed","ping_status":"open","sticky":false,"template":"","format":"standard","meta":{"footnotes":""},"categories":[27],"tags":[],"class_list":["post-32103","post","type-post","status-publish","format-standard","hentry","category-deportes"],"yoast_head":"<!-- This site is optimized with the Yoast SEO plugin v25.9 - https:\/\/yoast.com\/wordpress\/plugins\/seo\/ -->\n<title>Automoto reparti\u00f3 puntos con Sarmiento en Inferiores - Noticias Radio Reflejos<\/title>\n<meta name=\"robots\" content=\"index, follow, max-snippet:-1, max-image-preview:large, max-video-preview:-1\" \/>\n<link rel=\"canonical\" href=\"https:\/\/www.noticiasradioreflejos.com.ar\/2021\/automoto-repartio-puntos-con-sarmiento-en-inferiores\/\" \/>\n<meta property=\"og:locale\" content=\"es_ES\" \/>\n<meta property=\"og:type\" content=\"article\" \/>\n<meta property=\"og:title\" content=\"Automoto reparti\u00f3 puntos con Sarmiento en Inferiores - Noticias Radio Reflejos\" \/>\n<meta property=\"og:description\" content=\"Fue un buen arranque. Por el rival y por los resultados. Los chicos de las Inferiores de Automoto cosecharon dos triunfos y dos derrotas ante Club Sarmiento de Pig\u00fc\u00e9, en el marco de los partidos disputados en el estadio Agust\u00edn Ruppel, correspondientes a la primera fecha de la segunda ronda del certamen.\" \/>\n<meta property=\"og:url\" content=\"https:\/\/www.noticiasradioreflejos.com.ar\/2021\/automoto-repartio-puntos-con-sarmiento-en-inferiores\/\" \/>\n<meta property=\"og:site_name\" content=\"Noticias Radio Reflejos\" \/>\n<meta property=\"article:published_time\" content=\"2019-06-11T19:17:24+00:00\" \/>\n<meta property=\"og:image\" content=\"https:\/\/www.noticiasradioreflejos.com.ar\/2021\/wp-content\/uploads\/2021\/07\/logosol300x200.png\" \/>\n\t<meta property=\"og:image:width\" content=\"300\" \/>\n\t<meta property=\"og:image:height\" content=\"200\" \/>\n\t<meta property=\"og:image:type\" content=\"image\/png\" \/>\n<meta name=\"author\" content=\"Arnaldo Botto\" \/>\n<meta name=\"twitter:card\" content=\"summary_large_image\" \/>\n<script type=\"application\/ld+json\" class=\"yoast-schema-graph\">{\"@context\":\"https:\/\/schema.org\",\"@graph\":[{\"@type\":\"WebPage\",\"@id\":\"https:\/\/www.noticiasradioreflejos.com.ar\/2021\/automoto-repartio-puntos-con-sarmiento-en-inferiores\/\",\"url\":\"https:\/\/www.noticiasradioreflejos.com.ar\/2021\/automoto-repartio-puntos-con-sarmiento-en-inferiores\/\",\"name\":\"Automoto reparti\u00f3 puntos con Sarmiento en Inferiores - Noticias Radio Reflejos\",\"isPartOf\":{\"@id\":\"https:\/\/www.noticiasradioreflejos.com.ar\/2021\/#website\"},\"datePublished\":\"2019-06-11T19:17:24+00:00\",\"author\":{\"@id\":\"https:\/\/www.noticiasradioreflejos.com.ar\/2021\/#\/schema\/person\/ad82545263dcc5ec0996818884fd5fb1\"},\"breadcrumb\":{\"@id\":\"https:\/\/www.noticiasradioreflejos.com.ar\/2021\/automoto-repartio-puntos-con-sarmiento-en-inferiores\/#breadcrumb\"},\"inLanguage\":\"es\",\"potentialAction\":[{\"@type\":\"ReadAction\",\"target\":[\"https:\/\/www.noticiasradioreflejos.com.ar\/2021\/automoto-repartio-puntos-con-sarmiento-en-inferiores\/\"]}]},{\"@type\":\"BreadcrumbList\",\"@id\":\"https:\/\/www.noticiasradioreflejos.com.ar\/2021\/automoto-repartio-puntos-con-sarmiento-en-inferiores\/#breadcrumb\",\"itemListElement\":[{\"@type\":\"ListItem\",\"position\":1,\"name\":\"Portada\",\"item\":\"https:\/\/www.noticiasradioreflejos.com.ar\/2021\/\"},{\"@type\":\"ListItem\",\"position\":2,\"name\":\"Automoto reparti\u00f3 puntos con Sarmiento en Inferiores\"}]},{\"@type\":\"WebSite\",\"@id\":\"https:\/\/www.noticiasradioreflejos.com.ar\/2021\/#website\",\"url\":\"https:\/\/www.noticiasradioreflejos.com.ar\/2021\/\",\"name\":\"Noticias Radio Reflejos\",\"description\":\"Las noticias de mi comarca\",\"potentialAction\":[{\"@type\":\"SearchAction\",\"target\":{\"@type\":\"EntryPoint\",\"urlTemplate\":\"https:\/\/www.noticiasradioreflejos.com.ar\/2021\/?s={search_term_string}\"},\"query-input\":{\"@type\":\"PropertyValueSpecification\",\"valueRequired\":true,\"valueName\":\"search_term_string\"}}],\"inLanguage\":\"es\"},{\"@type\":\"Person\",\"@id\":\"https:\/\/www.noticiasradioreflejos.com.ar\/2021\/#\/schema\/person\/ad82545263dcc5ec0996818884fd5fb1\",\"name\":\"Arnaldo Botto\",\"image\":{\"@type\":\"ImageObject\",\"inLanguage\":\"es\",\"@id\":\"https:\/\/www.noticiasradioreflejos.com.ar\/2021\/#\/schema\/person\/image\/\",\"url\":\"https:\/\/secure.gravatar.com\/avatar\/55cb5e37c1efa326397366e6974cb338056df65cb50e7d64d1cf314e87504837?s=96&d=mm&r=g\",\"contentUrl\":\"https:\/\/secure.gravatar.com\/avatar\/55cb5e37c1efa326397366e6974cb338056df65cb50e7d64d1cf314e87504837?s=96&d=mm&r=g\",\"caption\":\"Arnaldo Botto\"},\"url\":\"https:\/\/www.noticiasradioreflejos.com.ar\/2021\/author\/arnaldo\/\"}]}<\/script>\n<!-- \/ Yoast SEO plugin. -->","yoast_head_json":{"title":"Automoto reparti\u00f3 puntos con Sarmiento en Inferiores - Noticias Radio Reflejos","robots":{"index":"index","follow":"follow","max-snippet":"max-snippet:-1","max-image-preview":"max-image-preview:large","max-video-preview":"max-video-preview:-1"},"canonical":"https:\/\/www.noticiasradioreflejos.com.ar\/2021\/automoto-repartio-puntos-con-sarmiento-en-inferiores\/","og_locale":"es_ES","og_type":"article","og_title":"Automoto reparti\u00f3 puntos con Sarmiento en Inferiores - Noticias Radio Reflejos","og_description":"Fue un buen arranque. Por el rival y por los resultados. Los chicos de las Inferiores de Automoto cosecharon dos triunfos y dos derrotas ante Club Sarmiento de Pig\u00fc\u00e9, en el marco de los partidos disputados en el estadio Agust\u00edn Ruppel, correspondientes a la primera fecha de la segunda ronda del certamen.","og_url":"https:\/\/www.noticiasradioreflejos.com.ar\/2021\/automoto-repartio-puntos-con-sarmiento-en-inferiores\/","og_site_name":"Noticias Radio Reflejos","article_published_time":"2019-06-11T19:17:24+00:00","og_image":[{"width":300,"height":200,"url":"https:\/\/www.noticiasradioreflejos.com.ar\/2021\/wp-content\/uploads\/2021\/07\/logosol300x200.png","type":"image\/png"}],"author":"Arnaldo Botto","twitter_card":"summary_large_image","schema":{"@context":"https:\/\/schema.org","@graph":[{"@type":"WebPage","@id":"https:\/\/www.noticiasradioreflejos.com.ar\/2021\/automoto-repartio-puntos-con-sarmiento-en-inferiores\/","url":"https:\/\/www.noticiasradioreflejos.com.ar\/2021\/automoto-repartio-puntos-con-sarmiento-en-inferiores\/","name":"Automoto reparti\u00f3 puntos con Sarmiento en Inferiores - Noticias Radio Reflejos","isPartOf":{"@id":"https:\/\/www.noticiasradioreflejos.com.ar\/2021\/#website"},"datePublished":"2019-06-11T19:17:24+00:00","author":{"@id":"https:\/\/www.noticiasradioreflejos.com.ar\/2021\/#\/schema\/person\/ad82545263dcc5ec0996818884fd5fb1"},"breadcrumb":{"@id":"https:\/\/www.noticiasradioreflejos.com.ar\/2021\/automoto-repartio-puntos-con-sarmiento-en-inferiores\/#breadcrumb"},"inLanguage":"es","potentialAction":[{"@type":"ReadAction","target":["https:\/\/www.noticiasradioreflejos.com.ar\/2021\/automoto-repartio-puntos-con-sarmiento-en-inferiores\/"]}]},{"@type":"BreadcrumbList","@id":"https:\/\/www.noticiasradioreflejos.com.ar\/2021\/automoto-repartio-puntos-con-sarmiento-en-inferiores\/#breadcrumb","itemListElement":[{"@type":"ListItem","position":1,"name":"Portada","item":"https:\/\/www.noticiasradioreflejos.com.ar\/2021\/"},{"@type":"ListItem","position":2,"name":"Automoto reparti\u00f3 puntos con Sarmiento en Inferiores"}]},{"@type":"WebSite","@id":"https:\/\/www.noticiasradioreflejos.com.ar\/2021\/#website","url":"https:\/\/www.noticiasradioreflejos.com.ar\/2021\/","name":"Noticias Radio Reflejos","description":"Las noticias de mi comarca","potentialAction":[{"@type":"SearchAction","target":{"@type":"EntryPoint","urlTemplate":"https:\/\/www.noticiasradioreflejos.com.ar\/2021\/?s={search_term_string}"},"query-input":{"@type":"PropertyValueSpecification","valueRequired":true,"valueName":"search_term_string"}}],"inLanguage":"es"},{"@type":"Person","@id":"https:\/\/www.noticiasradioreflejos.com.ar\/2021\/#\/schema\/person\/ad82545263dcc5ec0996818884fd5fb1","name":"Arnaldo Botto","image":{"@type":"ImageObject","inLanguage":"es","@id":"https:\/\/www.noticiasradioreflejos.com.ar\/2021\/#\/schema\/person\/image\/","url":"https:\/\/secure.gravatar.com\/avatar\/55cb5e37c1efa326397366e6974cb338056df65cb50e7d64d1cf314e87504837?s=96&d=mm&r=g","contentUrl":"https:\/\/secure.gravatar.com\/avatar\/55cb5e37c1efa326397366e6974cb338056df65cb50e7d64d1cf314e87504837?s=96&d=mm&r=g","caption":"Arnaldo Botto"},"url":"https:\/\/www.noticiasradioreflejos.com.ar\/2021\/author\/arnaldo\/"}]}},"_links":{"self":[{"href":"https:\/\/www.noticiasradioreflejos.com.ar\/2021\/wp-json\/wp\/v2\/posts\/32103","targetHints":{"allow":["GET"]}}],"collection":[{"href":"https:\/\/www.noticiasradioreflejos.com.ar\/2021\/wp-json\/wp\/v2\/posts"}],"about":[{"href":"https:\/\/www.noticiasradioreflejos.com.ar\/2021\/wp-json\/wp\/v2\/types\/post"}],"author":[{"embeddable":true,"href":"https:\/\/www.noticiasradioreflejos.com.ar\/2021\/wp-json\/wp\/v2\/users\/3"}],"replies":[{"embeddable":true,"href":"https:\/\/www.noticiasradioreflejos.com.ar\/2021\/wp-json\/wp\/v2\/comments?post=32103"}],"version-history":[{"count":0,"href":"https:\/\/www.noticiasradioreflejos.com.ar\/2021\/wp-json\/wp\/v2\/posts\/32103\/revisions"}],"wp:attachment":[{"href":"https:\/\/www.noticiasradioreflejos.com.ar\/2021\/wp-json\/wp\/v2\/media?parent=32103"}],"wp:term":[{"taxonomy":"category","embeddable":true,"href":"https:\/\/www.noticiasradioreflejos.com.ar\/2021\/wp-json\/wp\/v2\/categories?post=32103"},{"taxonomy":"post_tag","embeddable":true,"href":"https:\/\/www.noticiasradioreflejos.com.ar\/2021\/wp-json\/wp\/v2\/tags?post=32103"}],"curies":[{"name":"wp","href":"https:\/\/api.w.org\/{rel}","templated":true}]}}