{"id":321,"date":"2016-09-01T12:02:39","date_gmt":"2016-09-01T12:02:39","guid":{"rendered":"http:\/\/noticiasradioreflejos.com.ar\/noticias\/?p=321"},"modified":"2016-09-01T12:02:39","modified_gmt":"2016-09-01T12:02:39","slug":"inscripcion-de-aspirantes-a-porteros-yo-cocineros-en-la-zona","status":"publish","type":"post","link":"https:\/\/www.noticiasradioreflejos.com.ar\/2021\/inscripcion-de-aspirantes-a-porteros-yo-cocineros-en-la-zona\/","title":{"rendered":"Inscripci\u00f3n de aspirantes a porteros y\/o cocineros en la zona"},"content":{"rendered":"<p>El Consejo Escolar de Tornquist informa el cronograma de inscripci\u00f3n de Aspirantes a Porteros y\/o peones de cocina Listado 2017, en las localidades de la zona:<br \/>\nTRES PICOS:\u00a0 Jueves 8\/09 \u00a0de 10:00 A 11:00 hs \u00a0en la sede de la \u00a0EP N\u00b0 3<!--more--><br \/>\nSIERRA DE LA VENTANA: Viernes 16\/09 de\u00a0 8:30 a 12:00 hs\u00a0 en la sede de la EP N\u00b0 6<br \/>\nSALDUNGARAY:\u00a0 Viernes 16\/09 de 13:00 A 16:30 hs en la sede de la EP N\u00b0 2<br \/>\nCHASICO:\u00a0 Martes 20\/09\u00a0 de\u00a0 9:00 a 11:00 en la sede de la ES N\u00b0 6<br \/>\nVILLA VENTANA:\u00a0\u00a0 Viernes 23\/09\u00a0 de 10:00 a 11:00 hs\u00a0 en la sede del CEPT N\u00b0 12<br \/>\nDocumentaci\u00f3n a presentar:<br \/>\n1.\u00a0\u00a0\u00a0\u00a0Original y copia de DNI (anverso y reverso)<br \/>\n2.\u00a0\u00a0\u00a0\u00a0Certificado de buena salud expedido por \u00a0hospital o instituci\u00f3n de salud de car\u00e1cter p\u00fablico.<br \/>\n3.\u00a0\u00a0\u00a0\u00a0Original y copia de certificado de estudios primarios, secundarios, terciarios o universitarios aprobados. Si tuviera completo 1\u00b0 o 2\u00b0 a\u00f1o secundario presentar certificaci\u00f3n de a\u00f1o aprobado y constancia de alumno regular en secundario adultos.<br \/>\n4.\u00a0\u00a0\u00a0\u00a0Constancia de servicios prestados en establecimientos educativos de DGCYE (cuaderno de actuaci\u00f3n).<br \/>\n5.\u00a0\u00a0\u00a0\u00a0Constancia original de servicios prestados en establecimientos educativos de gesti\u00f3n privada.<br \/>\n6.\u00a0\u00a0\u00a0\u00a0\u00daltimo recibo de sueldo y constancia de aportes Anses de servicios prestados en\u00a0 el \u00e1mbito privado, en tareas inherentes al cargo.<br \/>\n7.\u00a0\u00a0\u00a0\u00a0Original y copia de certificado definitivo de cursos dictados por Centro de Formaci\u00f3n Profesional reconocidos (Cocinero para comedor escolar, Manipulaci\u00f3n de Alimentos, Limpieza institucional y El trabajo del auxiliar en instituciones educativas).<br \/>\nLa inscripci\u00f3n para Veteranos de Guerra y Discapacitados se realizar\u00e1 durante los mismos plazos, presentando certificado de Veterano de Guerra y certificado oficial de discapacidad seg\u00fan corresponda en cada caso.<br \/>\nSe recuerda que los agentes temporarios mensualizados no deber\u00e1n reinscribirse.<br \/>\nPor consultas comunicarse al tel\u00e9fono 0291-4941140 de 7:00 a 12:30 hs.<\/p>\n","protected":false},"excerpt":{"rendered":"<p>El Consejo Escolar de Tornquist informa el cronograma de inscripci\u00f3n de Aspirantes a Porteros y\/o peones de cocina Listado 2017, en las localidades de la zona: TRES PICOS:\u00a0 Jueves 8\/09 \u00a0de 10:00 A 11:00 hs \u00a0en la sede de la \u00a0EP N\u00b0 3<\/p>\n","protected":false},"author":3,"featured_media":0,"comment_status":"closed","ping_status":"open","sticky":false,"template":"","format":"standard","meta":{"footnotes":""},"categories":[34],"tags":[],"class_list":["post-321","post","type-post","status-publish","format-standard","hentry","category-educacion"],"yoast_head":"<!-- This site is optimized with the Yoast SEO plugin v25.9 - https:\/\/yoast.com\/wordpress\/plugins\/seo\/ -->\n<title>Inscripci\u00f3n de aspirantes a porteros y\/o cocineros en la zona - Noticias Radio Reflejos<\/title>\n<meta name=\"robots\" content=\"index, follow, max-snippet:-1, max-image-preview:large, max-video-preview:-1\" \/>\n<link rel=\"canonical\" href=\"https:\/\/www.noticiasradioreflejos.com.ar\/2021\/inscripcion-de-aspirantes-a-porteros-yo-cocineros-en-la-zona\/\" \/>\n<meta property=\"og:locale\" content=\"es_ES\" \/>\n<meta property=\"og:type\" content=\"article\" \/>\n<meta property=\"og:title\" content=\"Inscripci\u00f3n de aspirantes a porteros y\/o cocineros en la zona - Noticias Radio Reflejos\" \/>\n<meta property=\"og:description\" content=\"El Consejo Escolar de Tornquist informa el cronograma de inscripci\u00f3n de Aspirantes a Porteros y\/o peones de cocina Listado 2017, en las localidades de la zona: TRES PICOS:\u00a0 Jueves 8\/09 \u00a0de 10:00 A 11:00 hs \u00a0en la sede de la \u00a0EP N\u00b0 3\" \/>\n<meta property=\"og:url\" content=\"https:\/\/www.noticiasradioreflejos.com.ar\/2021\/inscripcion-de-aspirantes-a-porteros-yo-cocineros-en-la-zona\/\" \/>\n<meta property=\"og:site_name\" content=\"Noticias Radio Reflejos\" \/>\n<meta property=\"article:published_time\" content=\"2016-09-01T12:02:39+00:00\" \/>\n<meta property=\"og:image\" content=\"https:\/\/www.noticiasradioreflejos.com.ar\/2021\/wp-content\/uploads\/2021\/07\/logosol300x200.png\" \/>\n\t<meta property=\"og:image:width\" content=\"300\" \/>\n\t<meta property=\"og:image:height\" content=\"200\" \/>\n\t<meta property=\"og:image:type\" content=\"image\/png\" \/>\n<meta name=\"author\" content=\"Arnaldo Botto\" \/>\n<meta name=\"twitter:card\" content=\"summary_large_image\" \/>\n<script type=\"application\/ld+json\" class=\"yoast-schema-graph\">{\"@context\":\"https:\/\/schema.org\",\"@graph\":[{\"@type\":\"WebPage\",\"@id\":\"https:\/\/www.noticiasradioreflejos.com.ar\/2021\/inscripcion-de-aspirantes-a-porteros-yo-cocineros-en-la-zona\/\",\"url\":\"https:\/\/www.noticiasradioreflejos.com.ar\/2021\/inscripcion-de-aspirantes-a-porteros-yo-cocineros-en-la-zona\/\",\"name\":\"Inscripci\u00f3n de aspirantes a porteros y\/o cocineros en la zona - Noticias Radio Reflejos\",\"isPartOf\":{\"@id\":\"https:\/\/www.noticiasradioreflejos.com.ar\/2021\/#website\"},\"datePublished\":\"2016-09-01T12:02:39+00:00\",\"author\":{\"@id\":\"https:\/\/www.noticiasradioreflejos.com.ar\/2021\/#\/schema\/person\/ad82545263dcc5ec0996818884fd5fb1\"},\"breadcrumb\":{\"@id\":\"https:\/\/www.noticiasradioreflejos.com.ar\/2021\/inscripcion-de-aspirantes-a-porteros-yo-cocineros-en-la-zona\/#breadcrumb\"},\"inLanguage\":\"es\",\"potentialAction\":[{\"@type\":\"ReadAction\",\"target\":[\"https:\/\/www.noticiasradioreflejos.com.ar\/2021\/inscripcion-de-aspirantes-a-porteros-yo-cocineros-en-la-zona\/\"]}]},{\"@type\":\"BreadcrumbList\",\"@id\":\"https:\/\/www.noticiasradioreflejos.com.ar\/2021\/inscripcion-de-aspirantes-a-porteros-yo-cocineros-en-la-zona\/#breadcrumb\",\"itemListElement\":[{\"@type\":\"ListItem\",\"position\":1,\"name\":\"Portada\",\"item\":\"https:\/\/www.noticiasradioreflejos.com.ar\/2021\/\"},{\"@type\":\"ListItem\",\"position\":2,\"name\":\"Inscripci\u00f3n de aspirantes a porteros y\/o cocineros en la zona\"}]},{\"@type\":\"WebSite\",\"@id\":\"https:\/\/www.noticiasradioreflejos.com.ar\/2021\/#website\",\"url\":\"https:\/\/www.noticiasradioreflejos.com.ar\/2021\/\",\"name\":\"Noticias Radio Reflejos\",\"description\":\"Las noticias de mi comarca\",\"potentialAction\":[{\"@type\":\"SearchAction\",\"target\":{\"@type\":\"EntryPoint\",\"urlTemplate\":\"https:\/\/www.noticiasradioreflejos.com.ar\/2021\/?s={search_term_string}\"},\"query-input\":{\"@type\":\"PropertyValueSpecification\",\"valueRequired\":true,\"valueName\":\"search_term_string\"}}],\"inLanguage\":\"es\"},{\"@type\":\"Person\",\"@id\":\"https:\/\/www.noticiasradioreflejos.com.ar\/2021\/#\/schema\/person\/ad82545263dcc5ec0996818884fd5fb1\",\"name\":\"Arnaldo Botto\",\"image\":{\"@type\":\"ImageObject\",\"inLanguage\":\"es\",\"@id\":\"https:\/\/www.noticiasradioreflejos.com.ar\/2021\/#\/schema\/person\/image\/\",\"url\":\"https:\/\/secure.gravatar.com\/avatar\/55cb5e37c1efa326397366e6974cb338056df65cb50e7d64d1cf314e87504837?s=96&d=mm&r=g\",\"contentUrl\":\"https:\/\/secure.gravatar.com\/avatar\/55cb5e37c1efa326397366e6974cb338056df65cb50e7d64d1cf314e87504837?s=96&d=mm&r=g\",\"caption\":\"Arnaldo Botto\"},\"url\":\"https:\/\/www.noticiasradioreflejos.com.ar\/2021\/author\/arnaldo\/\"}]}<\/script>\n<!-- \/ Yoast SEO plugin. -->","yoast_head_json":{"title":"Inscripci\u00f3n de aspirantes a porteros y\/o cocineros en la zona - Noticias Radio Reflejos","robots":{"index":"index","follow":"follow","max-snippet":"max-snippet:-1","max-image-preview":"max-image-preview:large","max-video-preview":"max-video-preview:-1"},"canonical":"https:\/\/www.noticiasradioreflejos.com.ar\/2021\/inscripcion-de-aspirantes-a-porteros-yo-cocineros-en-la-zona\/","og_locale":"es_ES","og_type":"article","og_title":"Inscripci\u00f3n de aspirantes a porteros y\/o cocineros en la zona - Noticias Radio Reflejos","og_description":"El Consejo Escolar de Tornquist informa el cronograma de inscripci\u00f3n de Aspirantes a Porteros y\/o peones de cocina Listado 2017, en las localidades de la zona: TRES PICOS:\u00a0 Jueves 8\/09 \u00a0de 10:00 A 11:00 hs \u00a0en la sede de la \u00a0EP N\u00b0 3","og_url":"https:\/\/www.noticiasradioreflejos.com.ar\/2021\/inscripcion-de-aspirantes-a-porteros-yo-cocineros-en-la-zona\/","og_site_name":"Noticias Radio Reflejos","article_published_time":"2016-09-01T12:02:39+00:00","og_image":[{"width":300,"height":200,"url":"https:\/\/www.noticiasradioreflejos.com.ar\/2021\/wp-content\/uploads\/2021\/07\/logosol300x200.png","type":"image\/png"}],"author":"Arnaldo Botto","twitter_card":"summary_large_image","schema":{"@context":"https:\/\/schema.org","@graph":[{"@type":"WebPage","@id":"https:\/\/www.noticiasradioreflejos.com.ar\/2021\/inscripcion-de-aspirantes-a-porteros-yo-cocineros-en-la-zona\/","url":"https:\/\/www.noticiasradioreflejos.com.ar\/2021\/inscripcion-de-aspirantes-a-porteros-yo-cocineros-en-la-zona\/","name":"Inscripci\u00f3n de aspirantes a porteros y\/o cocineros en la zona - Noticias Radio Reflejos","isPartOf":{"@id":"https:\/\/www.noticiasradioreflejos.com.ar\/2021\/#website"},"datePublished":"2016-09-01T12:02:39+00:00","author":{"@id":"https:\/\/www.noticiasradioreflejos.com.ar\/2021\/#\/schema\/person\/ad82545263dcc5ec0996818884fd5fb1"},"breadcrumb":{"@id":"https:\/\/www.noticiasradioreflejos.com.ar\/2021\/inscripcion-de-aspirantes-a-porteros-yo-cocineros-en-la-zona\/#breadcrumb"},"inLanguage":"es","potentialAction":[{"@type":"ReadAction","target":["https:\/\/www.noticiasradioreflejos.com.ar\/2021\/inscripcion-de-aspirantes-a-porteros-yo-cocineros-en-la-zona\/"]}]},{"@type":"BreadcrumbList","@id":"https:\/\/www.noticiasradioreflejos.com.ar\/2021\/inscripcion-de-aspirantes-a-porteros-yo-cocineros-en-la-zona\/#breadcrumb","itemListElement":[{"@type":"ListItem","position":1,"name":"Portada","item":"https:\/\/www.noticiasradioreflejos.com.ar\/2021\/"},{"@type":"ListItem","position":2,"name":"Inscripci\u00f3n de aspirantes a porteros y\/o cocineros en la zona"}]},{"@type":"WebSite","@id":"https:\/\/www.noticiasradioreflejos.com.ar\/2021\/#website","url":"https:\/\/www.noticiasradioreflejos.com.ar\/2021\/","name":"Noticias Radio Reflejos","description":"Las noticias de mi comarca","potentialAction":[{"@type":"SearchAction","target":{"@type":"EntryPoint","urlTemplate":"https:\/\/www.noticiasradioreflejos.com.ar\/2021\/?s={search_term_string}"},"query-input":{"@type":"PropertyValueSpecification","valueRequired":true,"valueName":"search_term_string"}}],"inLanguage":"es"},{"@type":"Person","@id":"https:\/\/www.noticiasradioreflejos.com.ar\/2021\/#\/schema\/person\/ad82545263dcc5ec0996818884fd5fb1","name":"Arnaldo Botto","image":{"@type":"ImageObject","inLanguage":"es","@id":"https:\/\/www.noticiasradioreflejos.com.ar\/2021\/#\/schema\/person\/image\/","url":"https:\/\/secure.gravatar.com\/avatar\/55cb5e37c1efa326397366e6974cb338056df65cb50e7d64d1cf314e87504837?s=96&d=mm&r=g","contentUrl":"https:\/\/secure.gravatar.com\/avatar\/55cb5e37c1efa326397366e6974cb338056df65cb50e7d64d1cf314e87504837?s=96&d=mm&r=g","caption":"Arnaldo Botto"},"url":"https:\/\/www.noticiasradioreflejos.com.ar\/2021\/author\/arnaldo\/"}]}},"_links":{"self":[{"href":"https:\/\/www.noticiasradioreflejos.com.ar\/2021\/wp-json\/wp\/v2\/posts\/321","targetHints":{"allow":["GET"]}}],"collection":[{"href":"https:\/\/www.noticiasradioreflejos.com.ar\/2021\/wp-json\/wp\/v2\/posts"}],"about":[{"href":"https:\/\/www.noticiasradioreflejos.com.ar\/2021\/wp-json\/wp\/v2\/types\/post"}],"author":[{"embeddable":true,"href":"https:\/\/www.noticiasradioreflejos.com.ar\/2021\/wp-json\/wp\/v2\/users\/3"}],"replies":[{"embeddable":true,"href":"https:\/\/www.noticiasradioreflejos.com.ar\/2021\/wp-json\/wp\/v2\/comments?post=321"}],"version-history":[{"count":0,"href":"https:\/\/www.noticiasradioreflejos.com.ar\/2021\/wp-json\/wp\/v2\/posts\/321\/revisions"}],"wp:attachment":[{"href":"https:\/\/www.noticiasradioreflejos.com.ar\/2021\/wp-json\/wp\/v2\/media?parent=321"}],"wp:term":[{"taxonomy":"category","embeddable":true,"href":"https:\/\/www.noticiasradioreflejos.com.ar\/2021\/wp-json\/wp\/v2\/categories?post=321"},{"taxonomy":"post_tag","embeddable":true,"href":"https:\/\/www.noticiasradioreflejos.com.ar\/2021\/wp-json\/wp\/v2\/tags?post=321"}],"curies":[{"name":"wp","href":"https:\/\/api.w.org\/{rel}","templated":true}]}}