{"id":32085,"date":"2019-06-11T09:14:19","date_gmt":"2019-06-11T12:14:19","guid":{"rendered":"http:\/\/www.noticiasradioreflejos.com.ar\/noticias\/?p=32085"},"modified":"2019-06-11T09:14:19","modified_gmt":"2019-06-11T12:14:19","slug":"se-trabaja-para-refundar-la-base-del-cerro-ventana","status":"publish","type":"post","link":"https:\/\/www.noticiasradioreflejos.com.ar\/2021\/se-trabaja-para-refundar-la-base-del-cerro-ventana\/","title":{"rendered":"Se trabaja para &quot;Refundar la Base del Cerro Ventana&quot;"},"content":{"rendered":"<p><a title=\"12120024\" href=\"http:\/\/live.staticflickr.com\/65535\/48042881406_21aee0e765_s.jpg\" rel=\"\"><img loading=\"lazy\" decoding=\"async\" class=\"alignleft\" style=\"float: left;\" title=\"12120024\" src=\"http:\/\/live.staticflickr.com\/65535\/48042881406_21aee0e765.jpg\" alt=\"12120024\" width=\"500\" height=\"281\" \/><\/a>El Guardaparque Facundo Casalle Pintos, Responsable de la Oficina T\u00e9cnica Parque Provincial Ventania y de la Reserva Natural Sierras Grandes, asegura que con los trabajos que se est\u00e1n realizando, se est\u00e1 en la \u00abRefundaci\u00f3n\u00bb del sector \u00abBase del Cerro Ventana\u00bb. Visitamos el Parque Provincial \u00abErnesto Tornquist\u00bb en el momento que el intendente Sergio Bordoni y parte de su gabinete llegaron al lugar para observar el avance de las obras, que incluyen el mejoramiento de todos los caminos de acceso, ampliaci\u00f3n del estacionamiento, construcci\u00f3n de nuevos ba\u00f1os para discapacitados, kiosco y enfermer\u00eda.<!--more--><br \/>\n\u00abLa idea que tenemos junto con el parque y las autoridades municipales es refundar el espacio de uso p\u00fablico del Monumento Natural Cerro Ventana\u00bb nos explicaba Facundo, mientras desde el lugar donde efectuamos la nota, observamos un sector donde el suelo se ve\u00eda removido por el trabajo de maquinaria pesada, donde funcionar\u00e1 un nuevo sector, que el guardaparques describe: \u00abSe est\u00e1 triplicando el espacio para estacionamiento, siempre los fines de semana largo ten\u00edamos muchos inconvenientes por el espacio donde los visitantes dejaban sus veh\u00edculos\u00bb y agrega que, \u00abestamos ordenado la circulaci\u00f3n del visitante al momento de inscribirse y pagar la entrada\u00bb.<br \/>\n<a title=\"12120023\" href=\"http:\/\/live.staticflickr.com\/65535\/48042881926_bf076f12e1_s.jpg\" rel=\"\"><img loading=\"lazy\" decoding=\"async\" class=\"alignleft\" style=\"float: left;\" title=\"12120023\" src=\"http:\/\/live.staticflickr.com\/65535\/48042881926_bf076f12e1.jpg\" alt=\"12120023\" width=\"500\" height=\"281\" \/><\/a>Los trabajos incluyen la construcci\u00f3n de un nuevo kiosco y la utilizaci\u00f3n del existente como ventanilla de cobro y registro de los visitantes.<br \/>\nContiguo al edificio de piedra que hoy funciona como refugio de monta\u00f1a, se construir\u00e1n ba\u00f1os para discapacitados y una enfermer\u00eda en lugar accesible para la entrada de veh\u00edculos de emergencia.<br \/>\nCasalle Pinto estima que la obra estar\u00eda finalizada para el mes de septiembre, aunque asegura que las autoridades municipales quieren entregarlo mucho antes.<br \/>\nEl Intendente Sergio Bordoni se mostr\u00f3 muy entusiasmado con el avance de las obras y afirm\u00f3:\u00bbLos caminos parecen autopistas\u00bb y adelant\u00f3 adem\u00e1s que se mudar\u00e1 el deck que se utiliza como mirador del Cerro Ventana y la c\u00e1mara de video desde donde se trasmiten im\u00e1genes a TN y otros medios.<br \/>\n<strong>Nota con Sergio Bordoni<\/strong><br \/>\n<iframe loading=\"lazy\" src=\"https:\/\/w.soundcloud.com\/player\/?url=https%3A\/\/api.soundcloud.com\/tracks\/635003943&amp;color=%23ff5500&amp;auto_play=false&amp;hide_related=false&amp;show_comments=true&amp;show_user=true&amp;show_reposts=false&amp;show_teaser=true\" width=\"100%\" height=\"166\" frameborder=\"no\" scrolling=\"no\"><\/iframe><br \/>\n<iframe loading=\"lazy\" src=\"https:\/\/w.soundcloud.com\/player\/?url=https%3A\/\/api.soundcloud.com\/tracks\/635002137&amp;color=%23ff5500&amp;auto_play=false&amp;hide_related=false&amp;show_comments=true&amp;show_user=true&amp;show_reposts=false&amp;show_teaser=true\" width=\"100%\" height=\"166\" frameborder=\"no\" scrolling=\"no\"><\/iframe><br \/>\n<a title=\"12120020\" href=\"http:\/\/live.staticflickr.com\/65535\/48042973507_6e41b3f315_s.jpg\" rel=\"\"><img loading=\"lazy\" decoding=\"async\" class=\"aligncenter\" title=\"12120020\" src=\"http:\/\/live.staticflickr.com\/65535\/48042973507_6e41b3f315_z.jpg\" alt=\"12120020\" width=\"640\" height=\"360\" \/><\/a><br \/>\n<a title=\"12120025\" href=\"http:\/\/live.staticflickr.com\/65535\/48042910703_1625b961ef_s.jpg\" rel=\"\"><img loading=\"lazy\" decoding=\"async\" class=\"aligncenter\" title=\"12120025\" src=\"http:\/\/live.staticflickr.com\/65535\/48042910703_1625b961ef_z.jpg\" alt=\"12120025\" width=\"640\" height=\"360\" \/><\/a><br \/>\n<a title=\"12120022\" href=\"http:\/\/live.staticflickr.com\/65535\/48042975402_b7757378ac_s.jpg\" rel=\"\"><img loading=\"lazy\" decoding=\"async\" class=\"aligncenter\" title=\"12120022\" src=\"http:\/\/live.staticflickr.com\/65535\/48042975402_b7757378ac_z.jpg\" alt=\"12120022\" width=\"640\" height=\"360\" \/><\/a><\/p>\n","protected":false},"excerpt":{"rendered":"<p>El Guardaparque Facundo Casalle Pintos, Responsable de la Oficina T\u00e9cnica Parque Provincial Ventania y de la Reserva Natural Sierras Grandes, asegura que con los trabajos que se est\u00e1n realizando, se est\u00e1 en la \u00abRefundaci\u00f3n\u00bb del sector \u00abBase del Cerro Ventana\u00bb. Visitamos el Parque Provincial \u00abErnesto Tornquist\u00bb en el momento que el intendente Sergio Bordoni y [&hellip;]<\/p>\n","protected":false},"author":3,"featured_media":32086,"comment_status":"closed","ping_status":"open","sticky":false,"template":"","format":"standard","meta":{"footnotes":""},"categories":[33],"tags":[],"class_list":["post-32085","post","type-post","status-publish","format-standard","has-post-thumbnail","hentry","category-turismo"],"yoast_head":"<!-- This site is optimized with the Yoast SEO plugin v25.9 - https:\/\/yoast.com\/wordpress\/plugins\/seo\/ -->\n<title>Se trabaja para &quot;Refundar la Base del Cerro Ventana&quot; - Noticias Radio Reflejos<\/title>\n<meta name=\"robots\" content=\"index, follow, max-snippet:-1, max-image-preview:large, max-video-preview:-1\" \/>\n<link rel=\"canonical\" href=\"https:\/\/www.noticiasradioreflejos.com.ar\/2021\/se-trabaja-para-refundar-la-base-del-cerro-ventana\/\" \/>\n<meta property=\"og:locale\" content=\"es_ES\" \/>\n<meta property=\"og:type\" content=\"article\" \/>\n<meta property=\"og:title\" content=\"Se trabaja para &quot;Refundar la Base del Cerro Ventana&quot; - Noticias Radio Reflejos\" \/>\n<meta property=\"og:description\" content=\"El Guardaparque Facundo Casalle Pintos, Responsable de la Oficina T\u00e9cnica Parque Provincial Ventania y de la Reserva Natural Sierras Grandes, asegura que con los trabajos que se est\u00e1n realizando, se est\u00e1 en la \u00abRefundaci\u00f3n\u00bb del sector \u00abBase del Cerro Ventana\u00bb. Visitamos el Parque Provincial \u00abErnesto Tornquist\u00bb en el momento que el intendente Sergio Bordoni y [&hellip;]\" \/>\n<meta property=\"og:url\" content=\"https:\/\/www.noticiasradioreflejos.com.ar\/2021\/se-trabaja-para-refundar-la-base-del-cerro-ventana\/\" \/>\n<meta property=\"og:site_name\" content=\"Noticias Radio Reflejos\" \/>\n<meta property=\"article:published_time\" content=\"2019-06-11T12:14:19+00:00\" \/>\n<meta property=\"og:image\" content=\"https:\/\/www.noticiasradioreflejos.com.ar\/2021\/wp-content\/uploads\/2019\/06\/12120027.jpg\" \/>\n\t<meta property=\"og:image:width\" content=\"2304\" \/>\n\t<meta property=\"og:image:height\" content=\"1296\" \/>\n\t<meta property=\"og:image:type\" content=\"image\/jpeg\" \/>\n<meta name=\"author\" content=\"Arnaldo Botto\" \/>\n<meta name=\"twitter:card\" content=\"summary_large_image\" \/>\n<script type=\"application\/ld+json\" class=\"yoast-schema-graph\">{\"@context\":\"https:\/\/schema.org\",\"@graph\":[{\"@type\":\"WebPage\",\"@id\":\"https:\/\/www.noticiasradioreflejos.com.ar\/2021\/se-trabaja-para-refundar-la-base-del-cerro-ventana\/\",\"url\":\"https:\/\/www.noticiasradioreflejos.com.ar\/2021\/se-trabaja-para-refundar-la-base-del-cerro-ventana\/\",\"name\":\"Se trabaja para &quot;Refundar la Base del Cerro Ventana&quot; - Noticias Radio Reflejos\",\"isPartOf\":{\"@id\":\"https:\/\/www.noticiasradioreflejos.com.ar\/2021\/#website\"},\"primaryImageOfPage\":{\"@id\":\"https:\/\/www.noticiasradioreflejos.com.ar\/2021\/se-trabaja-para-refundar-la-base-del-cerro-ventana\/#primaryimage\"},\"image\":{\"@id\":\"https:\/\/www.noticiasradioreflejos.com.ar\/2021\/se-trabaja-para-refundar-la-base-del-cerro-ventana\/#primaryimage\"},\"thumbnailUrl\":\"https:\/\/www.noticiasradioreflejos.com.ar\/2021\/wp-content\/uploads\/2019\/06\/12120027.jpg\",\"datePublished\":\"2019-06-11T12:14:19+00:00\",\"author\":{\"@id\":\"https:\/\/www.noticiasradioreflejos.com.ar\/2021\/#\/schema\/person\/ad82545263dcc5ec0996818884fd5fb1\"},\"breadcrumb\":{\"@id\":\"https:\/\/www.noticiasradioreflejos.com.ar\/2021\/se-trabaja-para-refundar-la-base-del-cerro-ventana\/#breadcrumb\"},\"inLanguage\":\"es\",\"potentialAction\":[{\"@type\":\"ReadAction\",\"target\":[\"https:\/\/www.noticiasradioreflejos.com.ar\/2021\/se-trabaja-para-refundar-la-base-del-cerro-ventana\/\"]}]},{\"@type\":\"ImageObject\",\"inLanguage\":\"es\",\"@id\":\"https:\/\/www.noticiasradioreflejos.com.ar\/2021\/se-trabaja-para-refundar-la-base-del-cerro-ventana\/#primaryimage\",\"url\":\"https:\/\/www.noticiasradioreflejos.com.ar\/2021\/wp-content\/uploads\/2019\/06\/12120027.jpg\",\"contentUrl\":\"https:\/\/www.noticiasradioreflejos.com.ar\/2021\/wp-content\/uploads\/2019\/06\/12120027.jpg\",\"width\":2304,\"height\":1296},{\"@type\":\"BreadcrumbList\",\"@id\":\"https:\/\/www.noticiasradioreflejos.com.ar\/2021\/se-trabaja-para-refundar-la-base-del-cerro-ventana\/#breadcrumb\",\"itemListElement\":[{\"@type\":\"ListItem\",\"position\":1,\"name\":\"Portada\",\"item\":\"https:\/\/www.noticiasradioreflejos.com.ar\/2021\/\"},{\"@type\":\"ListItem\",\"position\":2,\"name\":\"Se trabaja para &quot;Refundar la Base del Cerro Ventana&quot;\"}]},{\"@type\":\"WebSite\",\"@id\":\"https:\/\/www.noticiasradioreflejos.com.ar\/2021\/#website\",\"url\":\"https:\/\/www.noticiasradioreflejos.com.ar\/2021\/\",\"name\":\"Noticias Radio Reflejos\",\"description\":\"Las noticias de mi comarca\",\"potentialAction\":[{\"@type\":\"SearchAction\",\"target\":{\"@type\":\"EntryPoint\",\"urlTemplate\":\"https:\/\/www.noticiasradioreflejos.com.ar\/2021\/?s={search_term_string}\"},\"query-input\":{\"@type\":\"PropertyValueSpecification\",\"valueRequired\":true,\"valueName\":\"search_term_string\"}}],\"inLanguage\":\"es\"},{\"@type\":\"Person\",\"@id\":\"https:\/\/www.noticiasradioreflejos.com.ar\/2021\/#\/schema\/person\/ad82545263dcc5ec0996818884fd5fb1\",\"name\":\"Arnaldo Botto\",\"image\":{\"@type\":\"ImageObject\",\"inLanguage\":\"es\",\"@id\":\"https:\/\/www.noticiasradioreflejos.com.ar\/2021\/#\/schema\/person\/image\/\",\"url\":\"https:\/\/secure.gravatar.com\/avatar\/55cb5e37c1efa326397366e6974cb338056df65cb50e7d64d1cf314e87504837?s=96&d=mm&r=g\",\"contentUrl\":\"https:\/\/secure.gravatar.com\/avatar\/55cb5e37c1efa326397366e6974cb338056df65cb50e7d64d1cf314e87504837?s=96&d=mm&r=g\",\"caption\":\"Arnaldo Botto\"},\"url\":\"https:\/\/www.noticiasradioreflejos.com.ar\/2021\/author\/arnaldo\/\"}]}<\/script>\n<!-- \/ Yoast SEO plugin. -->","yoast_head_json":{"title":"Se trabaja para &quot;Refundar la Base del Cerro Ventana&quot; - Noticias Radio Reflejos","robots":{"index":"index","follow":"follow","max-snippet":"max-snippet:-1","max-image-preview":"max-image-preview:large","max-video-preview":"max-video-preview:-1"},"canonical":"https:\/\/www.noticiasradioreflejos.com.ar\/2021\/se-trabaja-para-refundar-la-base-del-cerro-ventana\/","og_locale":"es_ES","og_type":"article","og_title":"Se trabaja para &quot;Refundar la Base del Cerro Ventana&quot; - Noticias Radio Reflejos","og_description":"El Guardaparque Facundo Casalle Pintos, Responsable de la Oficina T\u00e9cnica Parque Provincial Ventania y de la Reserva Natural Sierras Grandes, asegura que con los trabajos que se est\u00e1n realizando, se est\u00e1 en la \u00abRefundaci\u00f3n\u00bb del sector \u00abBase del Cerro Ventana\u00bb. Visitamos el Parque Provincial \u00abErnesto Tornquist\u00bb en el momento que el intendente Sergio Bordoni y [&hellip;]","og_url":"https:\/\/www.noticiasradioreflejos.com.ar\/2021\/se-trabaja-para-refundar-la-base-del-cerro-ventana\/","og_site_name":"Noticias Radio Reflejos","article_published_time":"2019-06-11T12:14:19+00:00","og_image":[{"width":2304,"height":1296,"url":"https:\/\/www.noticiasradioreflejos.com.ar\/2021\/wp-content\/uploads\/2019\/06\/12120027.jpg","type":"image\/jpeg"}],"author":"Arnaldo Botto","twitter_card":"summary_large_image","schema":{"@context":"https:\/\/schema.org","@graph":[{"@type":"WebPage","@id":"https:\/\/www.noticiasradioreflejos.com.ar\/2021\/se-trabaja-para-refundar-la-base-del-cerro-ventana\/","url":"https:\/\/www.noticiasradioreflejos.com.ar\/2021\/se-trabaja-para-refundar-la-base-del-cerro-ventana\/","name":"Se trabaja para &quot;Refundar la Base del Cerro Ventana&quot; - Noticias Radio Reflejos","isPartOf":{"@id":"https:\/\/www.noticiasradioreflejos.com.ar\/2021\/#website"},"primaryImageOfPage":{"@id":"https:\/\/www.noticiasradioreflejos.com.ar\/2021\/se-trabaja-para-refundar-la-base-del-cerro-ventana\/#primaryimage"},"image":{"@id":"https:\/\/www.noticiasradioreflejos.com.ar\/2021\/se-trabaja-para-refundar-la-base-del-cerro-ventana\/#primaryimage"},"thumbnailUrl":"https:\/\/www.noticiasradioreflejos.com.ar\/2021\/wp-content\/uploads\/2019\/06\/12120027.jpg","datePublished":"2019-06-11T12:14:19+00:00","author":{"@id":"https:\/\/www.noticiasradioreflejos.com.ar\/2021\/#\/schema\/person\/ad82545263dcc5ec0996818884fd5fb1"},"breadcrumb":{"@id":"https:\/\/www.noticiasradioreflejos.com.ar\/2021\/se-trabaja-para-refundar-la-base-del-cerro-ventana\/#breadcrumb"},"inLanguage":"es","potentialAction":[{"@type":"ReadAction","target":["https:\/\/www.noticiasradioreflejos.com.ar\/2021\/se-trabaja-para-refundar-la-base-del-cerro-ventana\/"]}]},{"@type":"ImageObject","inLanguage":"es","@id":"https:\/\/www.noticiasradioreflejos.com.ar\/2021\/se-trabaja-para-refundar-la-base-del-cerro-ventana\/#primaryimage","url":"https:\/\/www.noticiasradioreflejos.com.ar\/2021\/wp-content\/uploads\/2019\/06\/12120027.jpg","contentUrl":"https:\/\/www.noticiasradioreflejos.com.ar\/2021\/wp-content\/uploads\/2019\/06\/12120027.jpg","width":2304,"height":1296},{"@type":"BreadcrumbList","@id":"https:\/\/www.noticiasradioreflejos.com.ar\/2021\/se-trabaja-para-refundar-la-base-del-cerro-ventana\/#breadcrumb","itemListElement":[{"@type":"ListItem","position":1,"name":"Portada","item":"https:\/\/www.noticiasradioreflejos.com.ar\/2021\/"},{"@type":"ListItem","position":2,"name":"Se trabaja para &quot;Refundar la Base del Cerro Ventana&quot;"}]},{"@type":"WebSite","@id":"https:\/\/www.noticiasradioreflejos.com.ar\/2021\/#website","url":"https:\/\/www.noticiasradioreflejos.com.ar\/2021\/","name":"Noticias Radio Reflejos","description":"Las noticias de mi comarca","potentialAction":[{"@type":"SearchAction","target":{"@type":"EntryPoint","urlTemplate":"https:\/\/www.noticiasradioreflejos.com.ar\/2021\/?s={search_term_string}"},"query-input":{"@type":"PropertyValueSpecification","valueRequired":true,"valueName":"search_term_string"}}],"inLanguage":"es"},{"@type":"Person","@id":"https:\/\/www.noticiasradioreflejos.com.ar\/2021\/#\/schema\/person\/ad82545263dcc5ec0996818884fd5fb1","name":"Arnaldo Botto","image":{"@type":"ImageObject","inLanguage":"es","@id":"https:\/\/www.noticiasradioreflejos.com.ar\/2021\/#\/schema\/person\/image\/","url":"https:\/\/secure.gravatar.com\/avatar\/55cb5e37c1efa326397366e6974cb338056df65cb50e7d64d1cf314e87504837?s=96&d=mm&r=g","contentUrl":"https:\/\/secure.gravatar.com\/avatar\/55cb5e37c1efa326397366e6974cb338056df65cb50e7d64d1cf314e87504837?s=96&d=mm&r=g","caption":"Arnaldo Botto"},"url":"https:\/\/www.noticiasradioreflejos.com.ar\/2021\/author\/arnaldo\/"}]}},"_links":{"self":[{"href":"https:\/\/www.noticiasradioreflejos.com.ar\/2021\/wp-json\/wp\/v2\/posts\/32085","targetHints":{"allow":["GET"]}}],"collection":[{"href":"https:\/\/www.noticiasradioreflejos.com.ar\/2021\/wp-json\/wp\/v2\/posts"}],"about":[{"href":"https:\/\/www.noticiasradioreflejos.com.ar\/2021\/wp-json\/wp\/v2\/types\/post"}],"author":[{"embeddable":true,"href":"https:\/\/www.noticiasradioreflejos.com.ar\/2021\/wp-json\/wp\/v2\/users\/3"}],"replies":[{"embeddable":true,"href":"https:\/\/www.noticiasradioreflejos.com.ar\/2021\/wp-json\/wp\/v2\/comments?post=32085"}],"version-history":[{"count":0,"href":"https:\/\/www.noticiasradioreflejos.com.ar\/2021\/wp-json\/wp\/v2\/posts\/32085\/revisions"}],"wp:featuredmedia":[{"embeddable":true,"href":"https:\/\/www.noticiasradioreflejos.com.ar\/2021\/wp-json\/wp\/v2\/media\/32086"}],"wp:attachment":[{"href":"https:\/\/www.noticiasradioreflejos.com.ar\/2021\/wp-json\/wp\/v2\/media?parent=32085"}],"wp:term":[{"taxonomy":"category","embeddable":true,"href":"https:\/\/www.noticiasradioreflejos.com.ar\/2021\/wp-json\/wp\/v2\/categories?post=32085"},{"taxonomy":"post_tag","embeddable":true,"href":"https:\/\/www.noticiasradioreflejos.com.ar\/2021\/wp-json\/wp\/v2\/tags?post=32085"}],"curies":[{"name":"wp","href":"https:\/\/api.w.org\/{rel}","templated":true}]}}