{"id":32075,"date":"2019-06-10T12:27:58","date_gmt":"2019-06-10T15:27:58","guid":{"rendered":"http:\/\/www.noticiasradioreflejos.com.ar\/noticias\/?p=32075"},"modified":"2019-06-10T12:27:58","modified_gmt":"2019-06-10T15:27:58","slug":"hurto-en-una-vivienda-del-barrio-san-bernardo","status":"publish","type":"post","link":"https:\/\/www.noticiasradioreflejos.com.ar\/2021\/hurto-en-una-vivienda-del-barrio-san-bernardo\/","title":{"rendered":"Hurto en una vivienda del Barrio San Bernardo."},"content":{"rendered":"<p><a title=\"Ubicaci\u00f3n del hurto\" href=\"http:\/\/live.staticflickr.com\/65535\/48037416083_b879e22b00_s.jpg\" rel=\"\"><img loading=\"lazy\" decoding=\"async\" class=\"alignleft\" style=\"float: left;\" title=\"Ubicaci\u00f3n del hurto\" src=\"http:\/\/live.staticflickr.com\/65535\/48037416083_b879e22b00.jpg\" alt=\"Ubicaci\u00f3n del hurto\" width=\"500\" height=\"305\" \/><\/a>El hecho se produjo durante la noche de este domingo 9 de junio, entre las 21 hs de ayer y las 9 de la ma\u00f1ana de hoy en Calle Tres Picos casi esquina Curamalal de Sierra de la Ventana. Autores ignorados ingresaron por una ventana a la vivienda, ayud\u00e1ndose con una silla,\u00a0 sin forzar ni romper la abertura, mientras los propietarios estaban ausentes. Se llevaron un TV 32 pulgadas y algunos elementos de cocina.<!--more--><br \/>\nPersonal de la Subestaci\u00f3n de Polic\u00eda de Sierra de la Ventana y Polic\u00eda Cient\u00edfica realizan peritajes para obtener pruebas del hecho.<br \/>\nAmpliaremos.<br \/>\n<a title=\"WhatsApp Image 2019-06-10 at 12.21.49\" href=\"http:\/\/live.staticflickr.com\/65535\/48037493327_e16d36e987_s.jpg\" rel=\"\"><img loading=\"lazy\" decoding=\"async\" class=\"aligncenter\" title=\"WhatsApp Image 2019-06-10 at 12.21.49\" src=\"http:\/\/live.staticflickr.com\/65535\/48037493327_e16d36e987_z.jpg\" alt=\"WhatsApp Image 2019-06-10 at 12.21.49\" width=\"640\" height=\"480\" \/><\/a><br \/>\n<a title=\"WhatsApp Image 2019-06-10 at 12.21.49 (1)\" href=\"http:\/\/live.staticflickr.com\/65535\/48037431283_1ea08aef73_s.jpg\" rel=\"\"><img loading=\"lazy\" decoding=\"async\" class=\"aligncenter\" title=\"WhatsApp Image 2019-06-10 at 12.21.49 (1)\" src=\"http:\/\/live.staticflickr.com\/65535\/48037431283_1ea08aef73_z.jpg\" alt=\"WhatsApp Image 2019-06-10 at 12.21.49 (1)\" width=\"640\" height=\"480\" \/><\/a><\/p>\n","protected":false},"excerpt":{"rendered":"<p>El hecho se produjo durante la noche de este domingo 9 de junio, entre las 21 hs de ayer y las 9 de la ma\u00f1ana de hoy en Calle Tres Picos casi esquina Curamalal de Sierra de la Ventana. Autores ignorados ingresaron por una ventana a la vivienda, ayud\u00e1ndose con una silla,\u00a0 sin forzar ni [&hellip;]<\/p>\n","protected":false},"author":3,"featured_media":0,"comment_status":"closed","ping_status":"open","sticky":false,"template":"","format":"standard","meta":{"footnotes":""},"categories":[29],"tags":[],"class_list":["post-32075","post","type-post","status-publish","format-standard","hentry","category-policiales"],"yoast_head":"<!-- This site is optimized with the Yoast SEO plugin v25.9 - https:\/\/yoast.com\/wordpress\/plugins\/seo\/ -->\n<title>Hurto en una vivienda del Barrio San Bernardo. - Noticias Radio Reflejos<\/title>\n<meta name=\"robots\" content=\"index, follow, max-snippet:-1, max-image-preview:large, max-video-preview:-1\" \/>\n<link rel=\"canonical\" href=\"https:\/\/www.noticiasradioreflejos.com.ar\/2021\/hurto-en-una-vivienda-del-barrio-san-bernardo\/\" \/>\n<meta property=\"og:locale\" content=\"es_ES\" \/>\n<meta property=\"og:type\" content=\"article\" \/>\n<meta property=\"og:title\" content=\"Hurto en una vivienda del Barrio San Bernardo. - Noticias Radio Reflejos\" \/>\n<meta property=\"og:description\" content=\"El hecho se produjo durante la noche de este domingo 9 de junio, entre las 21 hs de ayer y las 9 de la ma\u00f1ana de hoy en Calle Tres Picos casi esquina Curamalal de Sierra de la Ventana. Autores ignorados ingresaron por una ventana a la vivienda, ayud\u00e1ndose con una silla,\u00a0 sin forzar ni [&hellip;]\" \/>\n<meta property=\"og:url\" content=\"https:\/\/www.noticiasradioreflejos.com.ar\/2021\/hurto-en-una-vivienda-del-barrio-san-bernardo\/\" \/>\n<meta property=\"og:site_name\" content=\"Noticias Radio Reflejos\" \/>\n<meta property=\"article:published_time\" content=\"2019-06-10T15:27:58+00:00\" \/>\n<meta property=\"og:image\" content=\"http:\/\/live.staticflickr.com\/65535\/48037416083_b879e22b00.jpg\" \/>\n<meta name=\"author\" content=\"Arnaldo Botto\" \/>\n<meta name=\"twitter:card\" content=\"summary_large_image\" \/>\n<script type=\"application\/ld+json\" class=\"yoast-schema-graph\">{\"@context\":\"https:\/\/schema.org\",\"@graph\":[{\"@type\":\"WebPage\",\"@id\":\"https:\/\/www.noticiasradioreflejos.com.ar\/2021\/hurto-en-una-vivienda-del-barrio-san-bernardo\/\",\"url\":\"https:\/\/www.noticiasradioreflejos.com.ar\/2021\/hurto-en-una-vivienda-del-barrio-san-bernardo\/\",\"name\":\"Hurto en una vivienda del Barrio San Bernardo. - Noticias Radio Reflejos\",\"isPartOf\":{\"@id\":\"https:\/\/www.noticiasradioreflejos.com.ar\/2021\/#website\"},\"primaryImageOfPage\":{\"@id\":\"https:\/\/www.noticiasradioreflejos.com.ar\/2021\/hurto-en-una-vivienda-del-barrio-san-bernardo\/#primaryimage\"},\"image\":{\"@id\":\"https:\/\/www.noticiasradioreflejos.com.ar\/2021\/hurto-en-una-vivienda-del-barrio-san-bernardo\/#primaryimage\"},\"thumbnailUrl\":\"http:\/\/live.staticflickr.com\/65535\/48037416083_b879e22b00.jpg\",\"datePublished\":\"2019-06-10T15:27:58+00:00\",\"author\":{\"@id\":\"https:\/\/www.noticiasradioreflejos.com.ar\/2021\/#\/schema\/person\/ad82545263dcc5ec0996818884fd5fb1\"},\"breadcrumb\":{\"@id\":\"https:\/\/www.noticiasradioreflejos.com.ar\/2021\/hurto-en-una-vivienda-del-barrio-san-bernardo\/#breadcrumb\"},\"inLanguage\":\"es\",\"potentialAction\":[{\"@type\":\"ReadAction\",\"target\":[\"https:\/\/www.noticiasradioreflejos.com.ar\/2021\/hurto-en-una-vivienda-del-barrio-san-bernardo\/\"]}]},{\"@type\":\"ImageObject\",\"inLanguage\":\"es\",\"@id\":\"https:\/\/www.noticiasradioreflejos.com.ar\/2021\/hurto-en-una-vivienda-del-barrio-san-bernardo\/#primaryimage\",\"url\":\"http:\/\/live.staticflickr.com\/65535\/48037416083_b879e22b00.jpg\",\"contentUrl\":\"http:\/\/live.staticflickr.com\/65535\/48037416083_b879e22b00.jpg\"},{\"@type\":\"BreadcrumbList\",\"@id\":\"https:\/\/www.noticiasradioreflejos.com.ar\/2021\/hurto-en-una-vivienda-del-barrio-san-bernardo\/#breadcrumb\",\"itemListElement\":[{\"@type\":\"ListItem\",\"position\":1,\"name\":\"Portada\",\"item\":\"https:\/\/www.noticiasradioreflejos.com.ar\/2021\/\"},{\"@type\":\"ListItem\",\"position\":2,\"name\":\"Hurto en una vivienda del Barrio San Bernardo.\"}]},{\"@type\":\"WebSite\",\"@id\":\"https:\/\/www.noticiasradioreflejos.com.ar\/2021\/#website\",\"url\":\"https:\/\/www.noticiasradioreflejos.com.ar\/2021\/\",\"name\":\"Noticias Radio Reflejos\",\"description\":\"Las noticias de mi comarca\",\"potentialAction\":[{\"@type\":\"SearchAction\",\"target\":{\"@type\":\"EntryPoint\",\"urlTemplate\":\"https:\/\/www.noticiasradioreflejos.com.ar\/2021\/?s={search_term_string}\"},\"query-input\":{\"@type\":\"PropertyValueSpecification\",\"valueRequired\":true,\"valueName\":\"search_term_string\"}}],\"inLanguage\":\"es\"},{\"@type\":\"Person\",\"@id\":\"https:\/\/www.noticiasradioreflejos.com.ar\/2021\/#\/schema\/person\/ad82545263dcc5ec0996818884fd5fb1\",\"name\":\"Arnaldo Botto\",\"image\":{\"@type\":\"ImageObject\",\"inLanguage\":\"es\",\"@id\":\"https:\/\/www.noticiasradioreflejos.com.ar\/2021\/#\/schema\/person\/image\/\",\"url\":\"https:\/\/secure.gravatar.com\/avatar\/55cb5e37c1efa326397366e6974cb338056df65cb50e7d64d1cf314e87504837?s=96&d=mm&r=g\",\"contentUrl\":\"https:\/\/secure.gravatar.com\/avatar\/55cb5e37c1efa326397366e6974cb338056df65cb50e7d64d1cf314e87504837?s=96&d=mm&r=g\",\"caption\":\"Arnaldo Botto\"},\"url\":\"https:\/\/www.noticiasradioreflejos.com.ar\/2021\/author\/arnaldo\/\"}]}<\/script>\n<!-- \/ Yoast SEO plugin. -->","yoast_head_json":{"title":"Hurto en una vivienda del Barrio San Bernardo. - Noticias Radio Reflejos","robots":{"index":"index","follow":"follow","max-snippet":"max-snippet:-1","max-image-preview":"max-image-preview:large","max-video-preview":"max-video-preview:-1"},"canonical":"https:\/\/www.noticiasradioreflejos.com.ar\/2021\/hurto-en-una-vivienda-del-barrio-san-bernardo\/","og_locale":"es_ES","og_type":"article","og_title":"Hurto en una vivienda del Barrio San Bernardo. - Noticias Radio Reflejos","og_description":"El hecho se produjo durante la noche de este domingo 9 de junio, entre las 21 hs de ayer y las 9 de la ma\u00f1ana de hoy en Calle Tres Picos casi esquina Curamalal de Sierra de la Ventana. Autores ignorados ingresaron por una ventana a la vivienda, ayud\u00e1ndose con una silla,\u00a0 sin forzar ni [&hellip;]","og_url":"https:\/\/www.noticiasradioreflejos.com.ar\/2021\/hurto-en-una-vivienda-del-barrio-san-bernardo\/","og_site_name":"Noticias Radio Reflejos","article_published_time":"2019-06-10T15:27:58+00:00","og_image":[{"url":"http:\/\/live.staticflickr.com\/65535\/48037416083_b879e22b00.jpg","type":"","width":"","height":""}],"author":"Arnaldo Botto","twitter_card":"summary_large_image","schema":{"@context":"https:\/\/schema.org","@graph":[{"@type":"WebPage","@id":"https:\/\/www.noticiasradioreflejos.com.ar\/2021\/hurto-en-una-vivienda-del-barrio-san-bernardo\/","url":"https:\/\/www.noticiasradioreflejos.com.ar\/2021\/hurto-en-una-vivienda-del-barrio-san-bernardo\/","name":"Hurto en una vivienda del Barrio San Bernardo. - Noticias Radio Reflejos","isPartOf":{"@id":"https:\/\/www.noticiasradioreflejos.com.ar\/2021\/#website"},"primaryImageOfPage":{"@id":"https:\/\/www.noticiasradioreflejos.com.ar\/2021\/hurto-en-una-vivienda-del-barrio-san-bernardo\/#primaryimage"},"image":{"@id":"https:\/\/www.noticiasradioreflejos.com.ar\/2021\/hurto-en-una-vivienda-del-barrio-san-bernardo\/#primaryimage"},"thumbnailUrl":"http:\/\/live.staticflickr.com\/65535\/48037416083_b879e22b00.jpg","datePublished":"2019-06-10T15:27:58+00:00","author":{"@id":"https:\/\/www.noticiasradioreflejos.com.ar\/2021\/#\/schema\/person\/ad82545263dcc5ec0996818884fd5fb1"},"breadcrumb":{"@id":"https:\/\/www.noticiasradioreflejos.com.ar\/2021\/hurto-en-una-vivienda-del-barrio-san-bernardo\/#breadcrumb"},"inLanguage":"es","potentialAction":[{"@type":"ReadAction","target":["https:\/\/www.noticiasradioreflejos.com.ar\/2021\/hurto-en-una-vivienda-del-barrio-san-bernardo\/"]}]},{"@type":"ImageObject","inLanguage":"es","@id":"https:\/\/www.noticiasradioreflejos.com.ar\/2021\/hurto-en-una-vivienda-del-barrio-san-bernardo\/#primaryimage","url":"http:\/\/live.staticflickr.com\/65535\/48037416083_b879e22b00.jpg","contentUrl":"http:\/\/live.staticflickr.com\/65535\/48037416083_b879e22b00.jpg"},{"@type":"BreadcrumbList","@id":"https:\/\/www.noticiasradioreflejos.com.ar\/2021\/hurto-en-una-vivienda-del-barrio-san-bernardo\/#breadcrumb","itemListElement":[{"@type":"ListItem","position":1,"name":"Portada","item":"https:\/\/www.noticiasradioreflejos.com.ar\/2021\/"},{"@type":"ListItem","position":2,"name":"Hurto en una vivienda del Barrio San Bernardo."}]},{"@type":"WebSite","@id":"https:\/\/www.noticiasradioreflejos.com.ar\/2021\/#website","url":"https:\/\/www.noticiasradioreflejos.com.ar\/2021\/","name":"Noticias Radio Reflejos","description":"Las noticias de mi comarca","potentialAction":[{"@type":"SearchAction","target":{"@type":"EntryPoint","urlTemplate":"https:\/\/www.noticiasradioreflejos.com.ar\/2021\/?s={search_term_string}"},"query-input":{"@type":"PropertyValueSpecification","valueRequired":true,"valueName":"search_term_string"}}],"inLanguage":"es"},{"@type":"Person","@id":"https:\/\/www.noticiasradioreflejos.com.ar\/2021\/#\/schema\/person\/ad82545263dcc5ec0996818884fd5fb1","name":"Arnaldo Botto","image":{"@type":"ImageObject","inLanguage":"es","@id":"https:\/\/www.noticiasradioreflejos.com.ar\/2021\/#\/schema\/person\/image\/","url":"https:\/\/secure.gravatar.com\/avatar\/55cb5e37c1efa326397366e6974cb338056df65cb50e7d64d1cf314e87504837?s=96&d=mm&r=g","contentUrl":"https:\/\/secure.gravatar.com\/avatar\/55cb5e37c1efa326397366e6974cb338056df65cb50e7d64d1cf314e87504837?s=96&d=mm&r=g","caption":"Arnaldo Botto"},"url":"https:\/\/www.noticiasradioreflejos.com.ar\/2021\/author\/arnaldo\/"}]}},"_links":{"self":[{"href":"https:\/\/www.noticiasradioreflejos.com.ar\/2021\/wp-json\/wp\/v2\/posts\/32075","targetHints":{"allow":["GET"]}}],"collection":[{"href":"https:\/\/www.noticiasradioreflejos.com.ar\/2021\/wp-json\/wp\/v2\/posts"}],"about":[{"href":"https:\/\/www.noticiasradioreflejos.com.ar\/2021\/wp-json\/wp\/v2\/types\/post"}],"author":[{"embeddable":true,"href":"https:\/\/www.noticiasradioreflejos.com.ar\/2021\/wp-json\/wp\/v2\/users\/3"}],"replies":[{"embeddable":true,"href":"https:\/\/www.noticiasradioreflejos.com.ar\/2021\/wp-json\/wp\/v2\/comments?post=32075"}],"version-history":[{"count":0,"href":"https:\/\/www.noticiasradioreflejos.com.ar\/2021\/wp-json\/wp\/v2\/posts\/32075\/revisions"}],"wp:attachment":[{"href":"https:\/\/www.noticiasradioreflejos.com.ar\/2021\/wp-json\/wp\/v2\/media?parent=32075"}],"wp:term":[{"taxonomy":"category","embeddable":true,"href":"https:\/\/www.noticiasradioreflejos.com.ar\/2021\/wp-json\/wp\/v2\/categories?post=32075"},{"taxonomy":"post_tag","embeddable":true,"href":"https:\/\/www.noticiasradioreflejos.com.ar\/2021\/wp-json\/wp\/v2\/tags?post=32075"}],"curies":[{"name":"wp","href":"https:\/\/api.w.org\/{rel}","templated":true}]}}