{"id":32051,"date":"2019-06-10T08:47:56","date_gmt":"2019-06-10T11:47:56","guid":{"rendered":"http:\/\/www.noticiasradioreflejos.com.ar\/noticias\/?p=32051"},"modified":"2019-06-10T08:47:56","modified_gmt":"2019-06-10T11:47:56","slug":"un-hombre-perdio-la-vida-en-una-noche-de-caceria","status":"publish","type":"post","link":"https:\/\/www.noticiasradioreflejos.com.ar\/2021\/un-hombre-perdio-la-vida-en-una-noche-de-caceria\/","title":{"rendered":"Un hombre perdi\u00f3 la vida en una noche de cacer\u00eda."},"content":{"rendered":"<p><a title=\"110_d269_62132599_2772307546144785_6530521486082441216_n_1560125074.jpg_960\" href=\"http:\/\/live.staticflickr.com\/65535\/48036259348_440b18a5c9_s.jpg\" rel=\"\"><img loading=\"lazy\" decoding=\"async\" class=\"alignleft\" style=\"float: left;\" title=\"110_d269_62132599_2772307546144785_6530521486082441216_n_1560125074.jpg_960\" src=\"http:\/\/live.staticflickr.com\/65535\/48036259348_440b18a5c9.jpg\" alt=\"110_d269_62132599_2772307546144785_6530521486082441216_n_1560125074.jpg_960\" width=\"500\" height=\"281\" \/><\/a>Ocurri\u00f3 durante la noche del s\u00e1bado\u00a0entre Felipe Sol\u00e1 y 17 de Agosto. La polic\u00eda determin\u00f3 que los 5 ocupantes del rodado se hallaban realizando caza furtiva de liebres y se dieron a la fuga, con las luces apagadas al observar el desplazamiento de un veh\u00edculo en direcci\u00f3n a ellos, presumiendo que era un m\u00f3vil policial.\u00a0<!--more--><br \/>\nLa polic\u00eda de Puan inform\u00f3 a los medios de la regi\u00f3n que el s\u00e1bado alrededor de la hora 22, tomaron conocimiento de un accidente vial ocurrido en la ruta 76 entre las localidades de Felipe Sola y 17 de Agosto donde se movilizaron personal de los puestos de vigilancia y del destacamento de Bordenave.<br \/>\nLas autoridades en ese lugar constataron el impacto de una camioneta Toyota Hilux (FDI 888) color gris que hab\u00eda chocado contra un talud de una zanja existente a la vera de la cinta asf\u00e1ltica.<br \/>\nAl mando de la camioneta viajaba Maximiliano E. Martinez(29) domiciliado en Felipe Sol\u00e1, acompa\u00f1ado por Fernando Ferreyra (29) domiciliado Bernando Houssay 889 de Tornquist, Osvaldo M\u00f3naco(30), tambi\u00e9n de Felipe Sol\u00e1, Pablo Manuel M\u00f3naco(22) y Rafael Agust\u00edn Stremel(18), de la misma localidad.<br \/>\nComo consecuencia del accidente, se produjo el fallecimiento de Osvaldo M\u00f3naco, a causa de un paro cardiorespiratorio traum\u00e1tico y traumatismo de cr\u00e1neo, siendo el conductor derivado al hospital de Puan, donde constataron fractura de Tibia y Peron\u00e9 de la pierna derecha y de nariz.<br \/>\nPor su parte Fernando Ferreira , fue trasladado al Hospital de Darregueira, presentando una fractura del radio del brazo derecho y heridas cortantes; mientras que los restantes ocupantes resultaron ilesos.<br \/>\n<a title=\"110_d373_62411650_2772308199478053_3972703427196092416_n_1560125075.jpg_960\" href=\"http:\/\/live.staticflickr.com\/65535\/48036320712_3d609599f3_s.jpg\" rel=\"\"><img loading=\"lazy\" decoding=\"async\" class=\"alignleft\" style=\"float: left;\" title=\"110_d373_62411650_2772308199478053_3972703427196092416_n_1560125075.jpg_960\" src=\"http:\/\/live.staticflickr.com\/65535\/48036320712_3d609599f3.jpg\" alt=\"110_d373_62411650_2772308199478053_3972703427196092416_n_1560125075.jpg_960\" width=\"500\" height=\"281\" \/><\/a>La polic\u00eda determin\u00f3 que los ocupantes del rodado se hallaban realizando caza furtiva de liebres y se dieron a la fuga, con las luces apagadas al observar el desplazamiento de un veh\u00edculo en direcci\u00f3n a ellos, presumiendo que era un m\u00f3vil policial.<br \/>\nLas autoridades policiales incautaron una carabina calibre .22, marca FM, con mira telesc\u00f3pica colocada, y cartucho en recamara, con cargador colocado , conteniendo 9 cartuchos intactos y 713 cartuchos intactos calibre 22 marca Orbea; 1 cuchillo marca La Mission cabo madera; 1 cuchillo sin marca visible con estampado de gaucho; 2 Handies marca Motorola; 2 reflectores caseros y ocho liebres tipo europeas muertas.<br \/>\nSe labr\u00f3 INFRACCI\u00d3N AL ARTICULO 189 BIS DEL C.P. (tenencia y portaci\u00f3n ilegitima de Arma de Uso Civil), quedando Ferreira y Martinez a disposici\u00f3n de la Se\u00f1ora Agente Fiscal Dra. CLAUDIA INES LORENZO, titular de la U.F.I. y J. 15 del Departamento Judicial Bah\u00eda Blanca, quien dispuso en el d\u00eda de la fecha la libertad de ambos.<br \/>\nEl comisario Juan Carlos Jaime, en un parte oficial indic\u00f3 que Mart\u00ednez, se halla imputado del delito de HOMICIDIO CULPOSO Y LESIONES CULPOSAS, en actuaciones que se instruyen con intervenci\u00f3n de la Se\u00f1ora Ayte. Fiscal del Distrito Dra. ANA CLARA CAFASSO.-<br \/>\n<a title=\"110_7b8e_62453024_2772307139478159_7552090035940491264_n_1560125078.jpg_960\" href=\"http:\/\/live.staticflickr.com\/65535\/48036259433_7279310222_s.jpg\" rel=\"\"><img loading=\"lazy\" decoding=\"async\" class=\"aligncenter\" title=\"110_7b8e_62453024_2772307139478159_7552090035940491264_n_1560125078.jpg_960\" src=\"http:\/\/live.staticflickr.com\/65535\/48036259433_7279310222_z.jpg\" alt=\"110_7b8e_62453024_2772307139478159_7552090035940491264_n_1560125078.jpg_960\" width=\"640\" height=\"360\" \/><\/a><br \/>\nFotos: Fuente Notimelchi<\/p>\n","protected":false},"excerpt":{"rendered":"<p>Ocurri\u00f3 durante la noche del s\u00e1bado\u00a0entre Felipe Sol\u00e1 y 17 de Agosto. La polic\u00eda determin\u00f3 que los 5 ocupantes del rodado se hallaban realizando caza furtiva de liebres y se dieron a la fuga, con las luces apagadas al observar el desplazamiento de un veh\u00edculo en direcci\u00f3n a ellos, presumiendo que era un m\u00f3vil policial.\u00a0<\/p>\n","protected":false},"author":3,"featured_media":0,"comment_status":"closed","ping_status":"open","sticky":false,"template":"","format":"standard","meta":{"footnotes":""},"categories":[29],"tags":[],"class_list":["post-32051","post","type-post","status-publish","format-standard","hentry","category-policiales"],"yoast_head":"<!-- This site is optimized with the Yoast SEO plugin v25.9 - https:\/\/yoast.com\/wordpress\/plugins\/seo\/ -->\n<title>Un hombre perdi\u00f3 la vida en una noche de cacer\u00eda. - Noticias Radio Reflejos<\/title>\n<meta name=\"robots\" content=\"index, follow, max-snippet:-1, max-image-preview:large, max-video-preview:-1\" \/>\n<link rel=\"canonical\" href=\"https:\/\/www.noticiasradioreflejos.com.ar\/2021\/un-hombre-perdio-la-vida-en-una-noche-de-caceria\/\" \/>\n<meta property=\"og:locale\" content=\"es_ES\" \/>\n<meta property=\"og:type\" content=\"article\" \/>\n<meta property=\"og:title\" content=\"Un hombre perdi\u00f3 la vida en una noche de cacer\u00eda. - Noticias Radio Reflejos\" \/>\n<meta property=\"og:description\" content=\"Ocurri\u00f3 durante la noche del s\u00e1bado\u00a0entre Felipe Sol\u00e1 y 17 de Agosto. La polic\u00eda determin\u00f3 que los 5 ocupantes del rodado se hallaban realizando caza furtiva de liebres y se dieron a la fuga, con las luces apagadas al observar el desplazamiento de un veh\u00edculo en direcci\u00f3n a ellos, presumiendo que era un m\u00f3vil policial.\u00a0\" \/>\n<meta property=\"og:url\" content=\"https:\/\/www.noticiasradioreflejos.com.ar\/2021\/un-hombre-perdio-la-vida-en-una-noche-de-caceria\/\" \/>\n<meta property=\"og:site_name\" content=\"Noticias Radio Reflejos\" \/>\n<meta property=\"article:published_time\" content=\"2019-06-10T11:47:56+00:00\" \/>\n<meta property=\"og:image\" content=\"http:\/\/live.staticflickr.com\/65535\/48036259348_440b18a5c9.jpg\" \/>\n<meta name=\"author\" content=\"Arnaldo Botto\" \/>\n<meta name=\"twitter:card\" content=\"summary_large_image\" \/>\n<script type=\"application\/ld+json\" class=\"yoast-schema-graph\">{\"@context\":\"https:\/\/schema.org\",\"@graph\":[{\"@type\":\"WebPage\",\"@id\":\"https:\/\/www.noticiasradioreflejos.com.ar\/2021\/un-hombre-perdio-la-vida-en-una-noche-de-caceria\/\",\"url\":\"https:\/\/www.noticiasradioreflejos.com.ar\/2021\/un-hombre-perdio-la-vida-en-una-noche-de-caceria\/\",\"name\":\"Un hombre perdi\u00f3 la vida en una noche de cacer\u00eda. - Noticias Radio Reflejos\",\"isPartOf\":{\"@id\":\"https:\/\/www.noticiasradioreflejos.com.ar\/2021\/#website\"},\"primaryImageOfPage\":{\"@id\":\"https:\/\/www.noticiasradioreflejos.com.ar\/2021\/un-hombre-perdio-la-vida-en-una-noche-de-caceria\/#primaryimage\"},\"image\":{\"@id\":\"https:\/\/www.noticiasradioreflejos.com.ar\/2021\/un-hombre-perdio-la-vida-en-una-noche-de-caceria\/#primaryimage\"},\"thumbnailUrl\":\"http:\/\/live.staticflickr.com\/65535\/48036259348_440b18a5c9.jpg\",\"datePublished\":\"2019-06-10T11:47:56+00:00\",\"author\":{\"@id\":\"https:\/\/www.noticiasradioreflejos.com.ar\/2021\/#\/schema\/person\/ad82545263dcc5ec0996818884fd5fb1\"},\"breadcrumb\":{\"@id\":\"https:\/\/www.noticiasradioreflejos.com.ar\/2021\/un-hombre-perdio-la-vida-en-una-noche-de-caceria\/#breadcrumb\"},\"inLanguage\":\"es\",\"potentialAction\":[{\"@type\":\"ReadAction\",\"target\":[\"https:\/\/www.noticiasradioreflejos.com.ar\/2021\/un-hombre-perdio-la-vida-en-una-noche-de-caceria\/\"]}]},{\"@type\":\"ImageObject\",\"inLanguage\":\"es\",\"@id\":\"https:\/\/www.noticiasradioreflejos.com.ar\/2021\/un-hombre-perdio-la-vida-en-una-noche-de-caceria\/#primaryimage\",\"url\":\"http:\/\/live.staticflickr.com\/65535\/48036259348_440b18a5c9.jpg\",\"contentUrl\":\"http:\/\/live.staticflickr.com\/65535\/48036259348_440b18a5c9.jpg\"},{\"@type\":\"BreadcrumbList\",\"@id\":\"https:\/\/www.noticiasradioreflejos.com.ar\/2021\/un-hombre-perdio-la-vida-en-una-noche-de-caceria\/#breadcrumb\",\"itemListElement\":[{\"@type\":\"ListItem\",\"position\":1,\"name\":\"Portada\",\"item\":\"https:\/\/www.noticiasradioreflejos.com.ar\/2021\/\"},{\"@type\":\"ListItem\",\"position\":2,\"name\":\"Un hombre perdi\u00f3 la vida en una noche de cacer\u00eda.\"}]},{\"@type\":\"WebSite\",\"@id\":\"https:\/\/www.noticiasradioreflejos.com.ar\/2021\/#website\",\"url\":\"https:\/\/www.noticiasradioreflejos.com.ar\/2021\/\",\"name\":\"Noticias Radio Reflejos\",\"description\":\"Las noticias de mi comarca\",\"potentialAction\":[{\"@type\":\"SearchAction\",\"target\":{\"@type\":\"EntryPoint\",\"urlTemplate\":\"https:\/\/www.noticiasradioreflejos.com.ar\/2021\/?s={search_term_string}\"},\"query-input\":{\"@type\":\"PropertyValueSpecification\",\"valueRequired\":true,\"valueName\":\"search_term_string\"}}],\"inLanguage\":\"es\"},{\"@type\":\"Person\",\"@id\":\"https:\/\/www.noticiasradioreflejos.com.ar\/2021\/#\/schema\/person\/ad82545263dcc5ec0996818884fd5fb1\",\"name\":\"Arnaldo Botto\",\"image\":{\"@type\":\"ImageObject\",\"inLanguage\":\"es\",\"@id\":\"https:\/\/www.noticiasradioreflejos.com.ar\/2021\/#\/schema\/person\/image\/\",\"url\":\"https:\/\/secure.gravatar.com\/avatar\/55cb5e37c1efa326397366e6974cb338056df65cb50e7d64d1cf314e87504837?s=96&d=mm&r=g\",\"contentUrl\":\"https:\/\/secure.gravatar.com\/avatar\/55cb5e37c1efa326397366e6974cb338056df65cb50e7d64d1cf314e87504837?s=96&d=mm&r=g\",\"caption\":\"Arnaldo Botto\"},\"url\":\"https:\/\/www.noticiasradioreflejos.com.ar\/2021\/author\/arnaldo\/\"}]}<\/script>\n<!-- \/ Yoast SEO plugin. -->","yoast_head_json":{"title":"Un hombre perdi\u00f3 la vida en una noche de cacer\u00eda. - Noticias Radio Reflejos","robots":{"index":"index","follow":"follow","max-snippet":"max-snippet:-1","max-image-preview":"max-image-preview:large","max-video-preview":"max-video-preview:-1"},"canonical":"https:\/\/www.noticiasradioreflejos.com.ar\/2021\/un-hombre-perdio-la-vida-en-una-noche-de-caceria\/","og_locale":"es_ES","og_type":"article","og_title":"Un hombre perdi\u00f3 la vida en una noche de cacer\u00eda. - Noticias Radio Reflejos","og_description":"Ocurri\u00f3 durante la noche del s\u00e1bado\u00a0entre Felipe Sol\u00e1 y 17 de Agosto. La polic\u00eda determin\u00f3 que los 5 ocupantes del rodado se hallaban realizando caza furtiva de liebres y se dieron a la fuga, con las luces apagadas al observar el desplazamiento de un veh\u00edculo en direcci\u00f3n a ellos, presumiendo que era un m\u00f3vil policial.\u00a0","og_url":"https:\/\/www.noticiasradioreflejos.com.ar\/2021\/un-hombre-perdio-la-vida-en-una-noche-de-caceria\/","og_site_name":"Noticias Radio Reflejos","article_published_time":"2019-06-10T11:47:56+00:00","og_image":[{"url":"http:\/\/live.staticflickr.com\/65535\/48036259348_440b18a5c9.jpg","type":"","width":"","height":""}],"author":"Arnaldo Botto","twitter_card":"summary_large_image","schema":{"@context":"https:\/\/schema.org","@graph":[{"@type":"WebPage","@id":"https:\/\/www.noticiasradioreflejos.com.ar\/2021\/un-hombre-perdio-la-vida-en-una-noche-de-caceria\/","url":"https:\/\/www.noticiasradioreflejos.com.ar\/2021\/un-hombre-perdio-la-vida-en-una-noche-de-caceria\/","name":"Un hombre perdi\u00f3 la vida en una noche de cacer\u00eda. - Noticias Radio Reflejos","isPartOf":{"@id":"https:\/\/www.noticiasradioreflejos.com.ar\/2021\/#website"},"primaryImageOfPage":{"@id":"https:\/\/www.noticiasradioreflejos.com.ar\/2021\/un-hombre-perdio-la-vida-en-una-noche-de-caceria\/#primaryimage"},"image":{"@id":"https:\/\/www.noticiasradioreflejos.com.ar\/2021\/un-hombre-perdio-la-vida-en-una-noche-de-caceria\/#primaryimage"},"thumbnailUrl":"http:\/\/live.staticflickr.com\/65535\/48036259348_440b18a5c9.jpg","datePublished":"2019-06-10T11:47:56+00:00","author":{"@id":"https:\/\/www.noticiasradioreflejos.com.ar\/2021\/#\/schema\/person\/ad82545263dcc5ec0996818884fd5fb1"},"breadcrumb":{"@id":"https:\/\/www.noticiasradioreflejos.com.ar\/2021\/un-hombre-perdio-la-vida-en-una-noche-de-caceria\/#breadcrumb"},"inLanguage":"es","potentialAction":[{"@type":"ReadAction","target":["https:\/\/www.noticiasradioreflejos.com.ar\/2021\/un-hombre-perdio-la-vida-en-una-noche-de-caceria\/"]}]},{"@type":"ImageObject","inLanguage":"es","@id":"https:\/\/www.noticiasradioreflejos.com.ar\/2021\/un-hombre-perdio-la-vida-en-una-noche-de-caceria\/#primaryimage","url":"http:\/\/live.staticflickr.com\/65535\/48036259348_440b18a5c9.jpg","contentUrl":"http:\/\/live.staticflickr.com\/65535\/48036259348_440b18a5c9.jpg"},{"@type":"BreadcrumbList","@id":"https:\/\/www.noticiasradioreflejos.com.ar\/2021\/un-hombre-perdio-la-vida-en-una-noche-de-caceria\/#breadcrumb","itemListElement":[{"@type":"ListItem","position":1,"name":"Portada","item":"https:\/\/www.noticiasradioreflejos.com.ar\/2021\/"},{"@type":"ListItem","position":2,"name":"Un hombre perdi\u00f3 la vida en una noche de cacer\u00eda."}]},{"@type":"WebSite","@id":"https:\/\/www.noticiasradioreflejos.com.ar\/2021\/#website","url":"https:\/\/www.noticiasradioreflejos.com.ar\/2021\/","name":"Noticias Radio Reflejos","description":"Las noticias de mi comarca","potentialAction":[{"@type":"SearchAction","target":{"@type":"EntryPoint","urlTemplate":"https:\/\/www.noticiasradioreflejos.com.ar\/2021\/?s={search_term_string}"},"query-input":{"@type":"PropertyValueSpecification","valueRequired":true,"valueName":"search_term_string"}}],"inLanguage":"es"},{"@type":"Person","@id":"https:\/\/www.noticiasradioreflejos.com.ar\/2021\/#\/schema\/person\/ad82545263dcc5ec0996818884fd5fb1","name":"Arnaldo Botto","image":{"@type":"ImageObject","inLanguage":"es","@id":"https:\/\/www.noticiasradioreflejos.com.ar\/2021\/#\/schema\/person\/image\/","url":"https:\/\/secure.gravatar.com\/avatar\/55cb5e37c1efa326397366e6974cb338056df65cb50e7d64d1cf314e87504837?s=96&d=mm&r=g","contentUrl":"https:\/\/secure.gravatar.com\/avatar\/55cb5e37c1efa326397366e6974cb338056df65cb50e7d64d1cf314e87504837?s=96&d=mm&r=g","caption":"Arnaldo Botto"},"url":"https:\/\/www.noticiasradioreflejos.com.ar\/2021\/author\/arnaldo\/"}]}},"_links":{"self":[{"href":"https:\/\/www.noticiasradioreflejos.com.ar\/2021\/wp-json\/wp\/v2\/posts\/32051","targetHints":{"allow":["GET"]}}],"collection":[{"href":"https:\/\/www.noticiasradioreflejos.com.ar\/2021\/wp-json\/wp\/v2\/posts"}],"about":[{"href":"https:\/\/www.noticiasradioreflejos.com.ar\/2021\/wp-json\/wp\/v2\/types\/post"}],"author":[{"embeddable":true,"href":"https:\/\/www.noticiasradioreflejos.com.ar\/2021\/wp-json\/wp\/v2\/users\/3"}],"replies":[{"embeddable":true,"href":"https:\/\/www.noticiasradioreflejos.com.ar\/2021\/wp-json\/wp\/v2\/comments?post=32051"}],"version-history":[{"count":0,"href":"https:\/\/www.noticiasradioreflejos.com.ar\/2021\/wp-json\/wp\/v2\/posts\/32051\/revisions"}],"wp:attachment":[{"href":"https:\/\/www.noticiasradioreflejos.com.ar\/2021\/wp-json\/wp\/v2\/media?parent=32051"}],"wp:term":[{"taxonomy":"category","embeddable":true,"href":"https:\/\/www.noticiasradioreflejos.com.ar\/2021\/wp-json\/wp\/v2\/categories?post=32051"},{"taxonomy":"post_tag","embeddable":true,"href":"https:\/\/www.noticiasradioreflejos.com.ar\/2021\/wp-json\/wp\/v2\/tags?post=32051"}],"curies":[{"name":"wp","href":"https:\/\/api.w.org\/{rel}","templated":true}]}}