{"id":32020,"date":"2019-06-07T20:11:34","date_gmt":"2019-06-07T23:11:34","guid":{"rendered":"http:\/\/www.noticiasradioreflejos.com.ar\/noticias\/?p=32020"},"modified":"2019-06-07T20:11:34","modified_gmt":"2019-06-07T23:11:34","slug":"tornquist-en-la-presentacion-del-anuario-estadistico-2018-del-observatorio-economico-del-turismo-de-reuniones-de-la-republica-argentina","status":"publish","type":"post","link":"https:\/\/www.noticiasradioreflejos.com.ar\/2021\/tornquist-en-la-presentacion-del-anuario-estadistico-2018-del-observatorio-economico-del-turismo-de-reuniones-de-la-republica-argentina\/","title":{"rendered":"Tornquist en la presentaci\u00f3n del Anuario Estad\u00edstico 2018 del Observatorio Econ\u00f3mico del Turismo de Reuniones de la Rep\u00fablica Argentina"},"content":{"rendered":"<p><a title=\"WhatsApp Image 2019-06-07 at 09.33.37\" href=\"http:\/\/live.staticflickr.com\/65535\/48021580667_07c0277eca_s.jpg\" rel=\"\"><img loading=\"lazy\" decoding=\"async\" class=\"alignleft\" style=\"float: left;\" title=\"WhatsApp Image 2019-06-07 at 09.33.37\" src=\"http:\/\/live.staticflickr.com\/65535\/48021580667_07c0277eca.jpg\" alt=\"WhatsApp Image 2019-06-07 at 09.33.37\" width=\"479\" height=\"500\" \/><\/a>La Secretaria de Turismo municipal particip\u00f3 de la presentaci\u00f3n del Anuario Estad\u00edstico 2018 del Observatorio Econ\u00f3mico del Turismo de Reuniones de la Rep\u00fablica Argentina, que fue presentado el mi\u00e9rcoles 5 de junio.<!--more--><br \/>\nDurante la jornada se llev\u00f3 a cabo una capacitaci\u00f3n de los referentes t\u00e9cnicos de cada uno de los destinos, y se abordaron directrices para optimizar la metodolog\u00eda de trabajo que se viene realizando.<br \/>\nTornquist forma parte desde el 2018 de la Red Federal de Estad\u00edsticas de Turismo de reuniones y desde el a\u00f1o 2017 del observatorio.<br \/>\nEn la jornada se destac\u00f3 el gran trabajo que realiz\u00f3 cada destino, ya que constituyen datos que hacen que Argentina se posicione en un mejor lugar en el ranking a nivel mundial. En tal sentido se incentiv\u00f3 a continuar trabajando en el Sistema estad\u00edstico de monitoreo permanente del turismo de reuniones.<\/p>\n","protected":false},"excerpt":{"rendered":"<p>La Secretaria de Turismo municipal particip\u00f3 de la presentaci\u00f3n del Anuario Estad\u00edstico 2018 del Observatorio Econ\u00f3mico del Turismo de Reuniones de la Rep\u00fablica Argentina, que fue presentado el mi\u00e9rcoles 5 de junio.<\/p>\n","protected":false},"author":3,"featured_media":0,"comment_status":"closed","ping_status":"open","sticky":false,"template":"","format":"standard","meta":{"footnotes":""},"categories":[33],"tags":[],"class_list":["post-32020","post","type-post","status-publish","format-standard","hentry","category-turismo"],"yoast_head":"<!-- This site is optimized with the Yoast SEO plugin v25.9 - https:\/\/yoast.com\/wordpress\/plugins\/seo\/ -->\n<title>Tornquist en la presentaci\u00f3n del Anuario Estad\u00edstico 2018 del Observatorio Econ\u00f3mico del Turismo de Reuniones de la Rep\u00fablica Argentina - Noticias Radio Reflejos<\/title>\n<meta name=\"robots\" content=\"index, follow, max-snippet:-1, max-image-preview:large, max-video-preview:-1\" \/>\n<link rel=\"canonical\" href=\"https:\/\/www.noticiasradioreflejos.com.ar\/2021\/tornquist-en-la-presentacion-del-anuario-estadistico-2018-del-observatorio-economico-del-turismo-de-reuniones-de-la-republica-argentina\/\" \/>\n<meta property=\"og:locale\" content=\"es_ES\" \/>\n<meta property=\"og:type\" content=\"article\" \/>\n<meta property=\"og:title\" content=\"Tornquist en la presentaci\u00f3n del Anuario Estad\u00edstico 2018 del Observatorio Econ\u00f3mico del Turismo de Reuniones de la Rep\u00fablica Argentina - Noticias Radio Reflejos\" \/>\n<meta property=\"og:description\" content=\"La Secretaria de Turismo municipal particip\u00f3 de la presentaci\u00f3n del Anuario Estad\u00edstico 2018 del Observatorio Econ\u00f3mico del Turismo de Reuniones de la Rep\u00fablica Argentina, que fue presentado el mi\u00e9rcoles 5 de junio.\" \/>\n<meta property=\"og:url\" content=\"https:\/\/www.noticiasradioreflejos.com.ar\/2021\/tornquist-en-la-presentacion-del-anuario-estadistico-2018-del-observatorio-economico-del-turismo-de-reuniones-de-la-republica-argentina\/\" \/>\n<meta property=\"og:site_name\" content=\"Noticias Radio Reflejos\" \/>\n<meta property=\"article:published_time\" content=\"2019-06-07T23:11:34+00:00\" \/>\n<meta property=\"og:image\" content=\"http:\/\/live.staticflickr.com\/65535\/48021580667_07c0277eca.jpg\" \/>\n<meta name=\"author\" content=\"Arnaldo Botto\" \/>\n<meta name=\"twitter:card\" content=\"summary_large_image\" \/>\n<script type=\"application\/ld+json\" class=\"yoast-schema-graph\">{\"@context\":\"https:\/\/schema.org\",\"@graph\":[{\"@type\":\"WebPage\",\"@id\":\"https:\/\/www.noticiasradioreflejos.com.ar\/2021\/tornquist-en-la-presentacion-del-anuario-estadistico-2018-del-observatorio-economico-del-turismo-de-reuniones-de-la-republica-argentina\/\",\"url\":\"https:\/\/www.noticiasradioreflejos.com.ar\/2021\/tornquist-en-la-presentacion-del-anuario-estadistico-2018-del-observatorio-economico-del-turismo-de-reuniones-de-la-republica-argentina\/\",\"name\":\"Tornquist en la presentaci\u00f3n del Anuario Estad\u00edstico 2018 del Observatorio Econ\u00f3mico del Turismo de Reuniones de la Rep\u00fablica Argentina - Noticias Radio Reflejos\",\"isPartOf\":{\"@id\":\"https:\/\/www.noticiasradioreflejos.com.ar\/2021\/#website\"},\"primaryImageOfPage\":{\"@id\":\"https:\/\/www.noticiasradioreflejos.com.ar\/2021\/tornquist-en-la-presentacion-del-anuario-estadistico-2018-del-observatorio-economico-del-turismo-de-reuniones-de-la-republica-argentina\/#primaryimage\"},\"image\":{\"@id\":\"https:\/\/www.noticiasradioreflejos.com.ar\/2021\/tornquist-en-la-presentacion-del-anuario-estadistico-2018-del-observatorio-economico-del-turismo-de-reuniones-de-la-republica-argentina\/#primaryimage\"},\"thumbnailUrl\":\"http:\/\/live.staticflickr.com\/65535\/48021580667_07c0277eca.jpg\",\"datePublished\":\"2019-06-07T23:11:34+00:00\",\"author\":{\"@id\":\"https:\/\/www.noticiasradioreflejos.com.ar\/2021\/#\/schema\/person\/ad82545263dcc5ec0996818884fd5fb1\"},\"breadcrumb\":{\"@id\":\"https:\/\/www.noticiasradioreflejos.com.ar\/2021\/tornquist-en-la-presentacion-del-anuario-estadistico-2018-del-observatorio-economico-del-turismo-de-reuniones-de-la-republica-argentina\/#breadcrumb\"},\"inLanguage\":\"es\",\"potentialAction\":[{\"@type\":\"ReadAction\",\"target\":[\"https:\/\/www.noticiasradioreflejos.com.ar\/2021\/tornquist-en-la-presentacion-del-anuario-estadistico-2018-del-observatorio-economico-del-turismo-de-reuniones-de-la-republica-argentina\/\"]}]},{\"@type\":\"ImageObject\",\"inLanguage\":\"es\",\"@id\":\"https:\/\/www.noticiasradioreflejos.com.ar\/2021\/tornquist-en-la-presentacion-del-anuario-estadistico-2018-del-observatorio-economico-del-turismo-de-reuniones-de-la-republica-argentina\/#primaryimage\",\"url\":\"http:\/\/live.staticflickr.com\/65535\/48021580667_07c0277eca.jpg\",\"contentUrl\":\"http:\/\/live.staticflickr.com\/65535\/48021580667_07c0277eca.jpg\"},{\"@type\":\"BreadcrumbList\",\"@id\":\"https:\/\/www.noticiasradioreflejos.com.ar\/2021\/tornquist-en-la-presentacion-del-anuario-estadistico-2018-del-observatorio-economico-del-turismo-de-reuniones-de-la-republica-argentina\/#breadcrumb\",\"itemListElement\":[{\"@type\":\"ListItem\",\"position\":1,\"name\":\"Portada\",\"item\":\"https:\/\/www.noticiasradioreflejos.com.ar\/2021\/\"},{\"@type\":\"ListItem\",\"position\":2,\"name\":\"Tornquist en la presentaci\u00f3n del Anuario Estad\u00edstico 2018 del Observatorio Econ\u00f3mico del Turismo de Reuniones de la Rep\u00fablica Argentina\"}]},{\"@type\":\"WebSite\",\"@id\":\"https:\/\/www.noticiasradioreflejos.com.ar\/2021\/#website\",\"url\":\"https:\/\/www.noticiasradioreflejos.com.ar\/2021\/\",\"name\":\"Noticias Radio Reflejos\",\"description\":\"Las noticias de mi comarca\",\"potentialAction\":[{\"@type\":\"SearchAction\",\"target\":{\"@type\":\"EntryPoint\",\"urlTemplate\":\"https:\/\/www.noticiasradioreflejos.com.ar\/2021\/?s={search_term_string}\"},\"query-input\":{\"@type\":\"PropertyValueSpecification\",\"valueRequired\":true,\"valueName\":\"search_term_string\"}}],\"inLanguage\":\"es\"},{\"@type\":\"Person\",\"@id\":\"https:\/\/www.noticiasradioreflejos.com.ar\/2021\/#\/schema\/person\/ad82545263dcc5ec0996818884fd5fb1\",\"name\":\"Arnaldo Botto\",\"image\":{\"@type\":\"ImageObject\",\"inLanguage\":\"es\",\"@id\":\"https:\/\/www.noticiasradioreflejos.com.ar\/2021\/#\/schema\/person\/image\/\",\"url\":\"https:\/\/secure.gravatar.com\/avatar\/55cb5e37c1efa326397366e6974cb338056df65cb50e7d64d1cf314e87504837?s=96&d=mm&r=g\",\"contentUrl\":\"https:\/\/secure.gravatar.com\/avatar\/55cb5e37c1efa326397366e6974cb338056df65cb50e7d64d1cf314e87504837?s=96&d=mm&r=g\",\"caption\":\"Arnaldo Botto\"},\"url\":\"https:\/\/www.noticiasradioreflejos.com.ar\/2021\/author\/arnaldo\/\"}]}<\/script>\n<!-- \/ Yoast SEO plugin. -->","yoast_head_json":{"title":"Tornquist en la presentaci\u00f3n del Anuario Estad\u00edstico 2018 del Observatorio Econ\u00f3mico del Turismo de Reuniones de la Rep\u00fablica Argentina - Noticias Radio Reflejos","robots":{"index":"index","follow":"follow","max-snippet":"max-snippet:-1","max-image-preview":"max-image-preview:large","max-video-preview":"max-video-preview:-1"},"canonical":"https:\/\/www.noticiasradioreflejos.com.ar\/2021\/tornquist-en-la-presentacion-del-anuario-estadistico-2018-del-observatorio-economico-del-turismo-de-reuniones-de-la-republica-argentina\/","og_locale":"es_ES","og_type":"article","og_title":"Tornquist en la presentaci\u00f3n del Anuario Estad\u00edstico 2018 del Observatorio Econ\u00f3mico del Turismo de Reuniones de la Rep\u00fablica Argentina - Noticias Radio Reflejos","og_description":"La Secretaria de Turismo municipal particip\u00f3 de la presentaci\u00f3n del Anuario Estad\u00edstico 2018 del Observatorio Econ\u00f3mico del Turismo de Reuniones de la Rep\u00fablica Argentina, que fue presentado el mi\u00e9rcoles 5 de junio.","og_url":"https:\/\/www.noticiasradioreflejos.com.ar\/2021\/tornquist-en-la-presentacion-del-anuario-estadistico-2018-del-observatorio-economico-del-turismo-de-reuniones-de-la-republica-argentina\/","og_site_name":"Noticias Radio Reflejos","article_published_time":"2019-06-07T23:11:34+00:00","og_image":[{"url":"http:\/\/live.staticflickr.com\/65535\/48021580667_07c0277eca.jpg","type":"","width":"","height":""}],"author":"Arnaldo Botto","twitter_card":"summary_large_image","schema":{"@context":"https:\/\/schema.org","@graph":[{"@type":"WebPage","@id":"https:\/\/www.noticiasradioreflejos.com.ar\/2021\/tornquist-en-la-presentacion-del-anuario-estadistico-2018-del-observatorio-economico-del-turismo-de-reuniones-de-la-republica-argentina\/","url":"https:\/\/www.noticiasradioreflejos.com.ar\/2021\/tornquist-en-la-presentacion-del-anuario-estadistico-2018-del-observatorio-economico-del-turismo-de-reuniones-de-la-republica-argentina\/","name":"Tornquist en la presentaci\u00f3n del Anuario Estad\u00edstico 2018 del Observatorio Econ\u00f3mico del Turismo de Reuniones de la Rep\u00fablica Argentina - Noticias Radio Reflejos","isPartOf":{"@id":"https:\/\/www.noticiasradioreflejos.com.ar\/2021\/#website"},"primaryImageOfPage":{"@id":"https:\/\/www.noticiasradioreflejos.com.ar\/2021\/tornquist-en-la-presentacion-del-anuario-estadistico-2018-del-observatorio-economico-del-turismo-de-reuniones-de-la-republica-argentina\/#primaryimage"},"image":{"@id":"https:\/\/www.noticiasradioreflejos.com.ar\/2021\/tornquist-en-la-presentacion-del-anuario-estadistico-2018-del-observatorio-economico-del-turismo-de-reuniones-de-la-republica-argentina\/#primaryimage"},"thumbnailUrl":"http:\/\/live.staticflickr.com\/65535\/48021580667_07c0277eca.jpg","datePublished":"2019-06-07T23:11:34+00:00","author":{"@id":"https:\/\/www.noticiasradioreflejos.com.ar\/2021\/#\/schema\/person\/ad82545263dcc5ec0996818884fd5fb1"},"breadcrumb":{"@id":"https:\/\/www.noticiasradioreflejos.com.ar\/2021\/tornquist-en-la-presentacion-del-anuario-estadistico-2018-del-observatorio-economico-del-turismo-de-reuniones-de-la-republica-argentina\/#breadcrumb"},"inLanguage":"es","potentialAction":[{"@type":"ReadAction","target":["https:\/\/www.noticiasradioreflejos.com.ar\/2021\/tornquist-en-la-presentacion-del-anuario-estadistico-2018-del-observatorio-economico-del-turismo-de-reuniones-de-la-republica-argentina\/"]}]},{"@type":"ImageObject","inLanguage":"es","@id":"https:\/\/www.noticiasradioreflejos.com.ar\/2021\/tornquist-en-la-presentacion-del-anuario-estadistico-2018-del-observatorio-economico-del-turismo-de-reuniones-de-la-republica-argentina\/#primaryimage","url":"http:\/\/live.staticflickr.com\/65535\/48021580667_07c0277eca.jpg","contentUrl":"http:\/\/live.staticflickr.com\/65535\/48021580667_07c0277eca.jpg"},{"@type":"BreadcrumbList","@id":"https:\/\/www.noticiasradioreflejos.com.ar\/2021\/tornquist-en-la-presentacion-del-anuario-estadistico-2018-del-observatorio-economico-del-turismo-de-reuniones-de-la-republica-argentina\/#breadcrumb","itemListElement":[{"@type":"ListItem","position":1,"name":"Portada","item":"https:\/\/www.noticiasradioreflejos.com.ar\/2021\/"},{"@type":"ListItem","position":2,"name":"Tornquist en la presentaci\u00f3n del Anuario Estad\u00edstico 2018 del Observatorio Econ\u00f3mico del Turismo de Reuniones de la Rep\u00fablica Argentina"}]},{"@type":"WebSite","@id":"https:\/\/www.noticiasradioreflejos.com.ar\/2021\/#website","url":"https:\/\/www.noticiasradioreflejos.com.ar\/2021\/","name":"Noticias Radio Reflejos","description":"Las noticias de mi comarca","potentialAction":[{"@type":"SearchAction","target":{"@type":"EntryPoint","urlTemplate":"https:\/\/www.noticiasradioreflejos.com.ar\/2021\/?s={search_term_string}"},"query-input":{"@type":"PropertyValueSpecification","valueRequired":true,"valueName":"search_term_string"}}],"inLanguage":"es"},{"@type":"Person","@id":"https:\/\/www.noticiasradioreflejos.com.ar\/2021\/#\/schema\/person\/ad82545263dcc5ec0996818884fd5fb1","name":"Arnaldo Botto","image":{"@type":"ImageObject","inLanguage":"es","@id":"https:\/\/www.noticiasradioreflejos.com.ar\/2021\/#\/schema\/person\/image\/","url":"https:\/\/secure.gravatar.com\/avatar\/55cb5e37c1efa326397366e6974cb338056df65cb50e7d64d1cf314e87504837?s=96&d=mm&r=g","contentUrl":"https:\/\/secure.gravatar.com\/avatar\/55cb5e37c1efa326397366e6974cb338056df65cb50e7d64d1cf314e87504837?s=96&d=mm&r=g","caption":"Arnaldo Botto"},"url":"https:\/\/www.noticiasradioreflejos.com.ar\/2021\/author\/arnaldo\/"}]}},"_links":{"self":[{"href":"https:\/\/www.noticiasradioreflejos.com.ar\/2021\/wp-json\/wp\/v2\/posts\/32020","targetHints":{"allow":["GET"]}}],"collection":[{"href":"https:\/\/www.noticiasradioreflejos.com.ar\/2021\/wp-json\/wp\/v2\/posts"}],"about":[{"href":"https:\/\/www.noticiasradioreflejos.com.ar\/2021\/wp-json\/wp\/v2\/types\/post"}],"author":[{"embeddable":true,"href":"https:\/\/www.noticiasradioreflejos.com.ar\/2021\/wp-json\/wp\/v2\/users\/3"}],"replies":[{"embeddable":true,"href":"https:\/\/www.noticiasradioreflejos.com.ar\/2021\/wp-json\/wp\/v2\/comments?post=32020"}],"version-history":[{"count":0,"href":"https:\/\/www.noticiasradioreflejos.com.ar\/2021\/wp-json\/wp\/v2\/posts\/32020\/revisions"}],"wp:attachment":[{"href":"https:\/\/www.noticiasradioreflejos.com.ar\/2021\/wp-json\/wp\/v2\/media?parent=32020"}],"wp:term":[{"taxonomy":"category","embeddable":true,"href":"https:\/\/www.noticiasradioreflejos.com.ar\/2021\/wp-json\/wp\/v2\/categories?post=32020"},{"taxonomy":"post_tag","embeddable":true,"href":"https:\/\/www.noticiasradioreflejos.com.ar\/2021\/wp-json\/wp\/v2\/tags?post=32020"}],"curies":[{"name":"wp","href":"https:\/\/api.w.org\/{rel}","templated":true}]}}