{"id":32017,"date":"2019-06-07T20:05:56","date_gmt":"2019-06-07T23:05:56","guid":{"rendered":"http:\/\/www.noticiasradioreflejos.com.ar\/noticias\/?p=32017"},"modified":"2019-06-07T20:05:56","modified_gmt":"2019-06-07T23:05:56","slug":"el-director-de-turismo-participo-de-la-cumbre-global-de-discapacidad-argentina-2019","status":"publish","type":"post","link":"https:\/\/www.noticiasradioreflejos.com.ar\/2021\/el-director-de-turismo-participo-de-la-cumbre-global-de-discapacidad-argentina-2019\/","title":{"rendered":"El Director de Turismo particip\u00f3 de la \u201cCumbre Global de Discapacidad, Argentina 2019&quot;"},"content":{"rendered":"<p><a href=\"http:\/\/live.staticflickr.com\/65535\/48021560097_efbdb35588_s.jpg\" title=\"WhatsApp Image 2019-06-07 at 08.15.55 (1)\" rel=\"\"><img loading=\"lazy\" decoding=\"async\" src=\"http:\/\/live.staticflickr.com\/65535\/48021560097_efbdb35588.jpg\" width=\"500\" height=\"375\" alt=\"WhatsApp Image 2019-06-07 at 08.15.55 (1)\" title=\"WhatsApp Image 2019-06-07 at 08.15.55 (1)\" class=\"alignleft\" style=\"float: left;\"><\/a>El Director de Turismo, Mart\u00edn Olhaberry estuvo presente en  la \u201cCumbre Global de Discapacidad, Argentina 2019&#8243;,que se llev\u00f3 a cabo del  6 al  8 de junio en la ciudad de Buenos  Aires.<!--more--><br \/>\nLa apertura de la jornada estuvo a cargo de la vicepresidente de la Naci\u00f3n Gabriela Michetti. El evento tuvo como finalidad fortalecer el compromiso de Latinoam\u00e9rica y del mundo para asegurar la plena inclusi\u00f3n de las personas con discapacidad y garantizar sus derechos, libertades y dignidad humana.<br \/>\nDurante el evento se abordaron diferentes temas relacionados al turismo: Calidad y formaci\u00f3n: avances y desaf\u00edos en accesibilidad tur\u00edstica, Lineamientos de accesibilidad tur\u00edstica como pol\u00edtica de estado, Directrices de Gesti\u00f3n en Accesibilidad para municipios tur\u00edsticos inclusivos, entre otros. Desde la Secretar\u00eda de Turismo se viene trabajando para hacer de nuestro destino un lugar m\u00e1s inclusivo.<br \/>\nDurante tres d\u00edas, expertos de m\u00e1s de 20 pa\u00edses debatieron sobre la implementaci\u00f3n de pol\u00edticas p\u00fablicas y se trabaj\u00f3 en el fortalecimiento del compromiso de Latinoam\u00e9rica y el mundo para asegurar la \u00abplena inclusi\u00f3n de las personas con discapacidad, garantizar sus derechos y libertades en los distintos \u00e1mbitos de la sociedad\u201d.<br \/>\nLa cumbre estuvo organizada por el Gobierno de la Rep\u00fablica Argentina, La Alianza Internacional de Discapacidad \u2013 IDA &#8211; y la Red Latinoamericana de Organizaciones no Gubernamentales de Personas con Discapacidad y sus Familias \u2013RIADIS-.<br \/>\n<a href=\"http:\/\/live.staticflickr.com\/65535\/48021481103_eea717fe3e_s.jpg\" title=\"WhatsApp Image 2019-06-07 at 08.15.56 (1)\" rel=\"\"><img loading=\"lazy\" decoding=\"async\" src=\"http:\/\/live.staticflickr.com\/65535\/48021481103_eea717fe3e_z.jpg\" width=\"640\" height=\"480\" alt=\"WhatsApp Image 2019-06-07 at 08.15.56 (1)\" title=\"WhatsApp Image 2019-06-07 at 08.15.56 (1)\" class=\"aligncenter\"><\/a><\/p>\n","protected":false},"excerpt":{"rendered":"<p>El Director de Turismo, Mart\u00edn Olhaberry estuvo presente en la \u201cCumbre Global de Discapacidad, Argentina 2019&#8243;,que se llev\u00f3 a cabo del 6 al 8 de junio en la ciudad de Buenos Aires.<\/p>\n","protected":false},"author":3,"featured_media":0,"comment_status":"closed","ping_status":"open","sticky":false,"template":"","format":"standard","meta":{"footnotes":""},"categories":[33],"tags":[],"class_list":["post-32017","post","type-post","status-publish","format-standard","hentry","category-turismo"],"yoast_head":"<!-- This site is optimized with the Yoast SEO plugin v25.9 - https:\/\/yoast.com\/wordpress\/plugins\/seo\/ -->\n<title>El Director de Turismo particip\u00f3 de la \u201cCumbre Global de Discapacidad, Argentina 2019&quot; - Noticias Radio Reflejos<\/title>\n<meta name=\"robots\" content=\"index, follow, max-snippet:-1, max-image-preview:large, max-video-preview:-1\" \/>\n<link rel=\"canonical\" href=\"https:\/\/www.noticiasradioreflejos.com.ar\/2021\/el-director-de-turismo-participo-de-la-cumbre-global-de-discapacidad-argentina-2019\/\" \/>\n<meta property=\"og:locale\" content=\"es_ES\" \/>\n<meta property=\"og:type\" content=\"article\" \/>\n<meta property=\"og:title\" content=\"El Director de Turismo particip\u00f3 de la \u201cCumbre Global de Discapacidad, Argentina 2019&quot; - Noticias Radio Reflejos\" \/>\n<meta property=\"og:description\" content=\"El Director de Turismo, Mart\u00edn Olhaberry estuvo presente en la \u201cCumbre Global de Discapacidad, Argentina 2019&#8243;,que se llev\u00f3 a cabo del 6 al 8 de junio en la ciudad de Buenos Aires.\" \/>\n<meta property=\"og:url\" content=\"https:\/\/www.noticiasradioreflejos.com.ar\/2021\/el-director-de-turismo-participo-de-la-cumbre-global-de-discapacidad-argentina-2019\/\" \/>\n<meta property=\"og:site_name\" content=\"Noticias Radio Reflejos\" \/>\n<meta property=\"article:published_time\" content=\"2019-06-07T23:05:56+00:00\" \/>\n<meta property=\"og:image\" content=\"http:\/\/live.staticflickr.com\/65535\/48021560097_efbdb35588.jpg\" \/>\n<meta name=\"author\" content=\"Arnaldo Botto\" \/>\n<meta name=\"twitter:card\" content=\"summary_large_image\" \/>\n<script type=\"application\/ld+json\" class=\"yoast-schema-graph\">{\"@context\":\"https:\/\/schema.org\",\"@graph\":[{\"@type\":\"WebPage\",\"@id\":\"https:\/\/www.noticiasradioreflejos.com.ar\/2021\/el-director-de-turismo-participo-de-la-cumbre-global-de-discapacidad-argentina-2019\/\",\"url\":\"https:\/\/www.noticiasradioreflejos.com.ar\/2021\/el-director-de-turismo-participo-de-la-cumbre-global-de-discapacidad-argentina-2019\/\",\"name\":\"El Director de Turismo particip\u00f3 de la \u201cCumbre Global de Discapacidad, Argentina 2019&quot; - Noticias Radio Reflejos\",\"isPartOf\":{\"@id\":\"https:\/\/www.noticiasradioreflejos.com.ar\/2021\/#website\"},\"primaryImageOfPage\":{\"@id\":\"https:\/\/www.noticiasradioreflejos.com.ar\/2021\/el-director-de-turismo-participo-de-la-cumbre-global-de-discapacidad-argentina-2019\/#primaryimage\"},\"image\":{\"@id\":\"https:\/\/www.noticiasradioreflejos.com.ar\/2021\/el-director-de-turismo-participo-de-la-cumbre-global-de-discapacidad-argentina-2019\/#primaryimage\"},\"thumbnailUrl\":\"http:\/\/live.staticflickr.com\/65535\/48021560097_efbdb35588.jpg\",\"datePublished\":\"2019-06-07T23:05:56+00:00\",\"author\":{\"@id\":\"https:\/\/www.noticiasradioreflejos.com.ar\/2021\/#\/schema\/person\/ad82545263dcc5ec0996818884fd5fb1\"},\"breadcrumb\":{\"@id\":\"https:\/\/www.noticiasradioreflejos.com.ar\/2021\/el-director-de-turismo-participo-de-la-cumbre-global-de-discapacidad-argentina-2019\/#breadcrumb\"},\"inLanguage\":\"es\",\"potentialAction\":[{\"@type\":\"ReadAction\",\"target\":[\"https:\/\/www.noticiasradioreflejos.com.ar\/2021\/el-director-de-turismo-participo-de-la-cumbre-global-de-discapacidad-argentina-2019\/\"]}]},{\"@type\":\"ImageObject\",\"inLanguage\":\"es\",\"@id\":\"https:\/\/www.noticiasradioreflejos.com.ar\/2021\/el-director-de-turismo-participo-de-la-cumbre-global-de-discapacidad-argentina-2019\/#primaryimage\",\"url\":\"http:\/\/live.staticflickr.com\/65535\/48021560097_efbdb35588.jpg\",\"contentUrl\":\"http:\/\/live.staticflickr.com\/65535\/48021560097_efbdb35588.jpg\"},{\"@type\":\"BreadcrumbList\",\"@id\":\"https:\/\/www.noticiasradioreflejos.com.ar\/2021\/el-director-de-turismo-participo-de-la-cumbre-global-de-discapacidad-argentina-2019\/#breadcrumb\",\"itemListElement\":[{\"@type\":\"ListItem\",\"position\":1,\"name\":\"Portada\",\"item\":\"https:\/\/www.noticiasradioreflejos.com.ar\/2021\/\"},{\"@type\":\"ListItem\",\"position\":2,\"name\":\"El Director de Turismo particip\u00f3 de la \u201cCumbre Global de Discapacidad, Argentina 2019&quot;\"}]},{\"@type\":\"WebSite\",\"@id\":\"https:\/\/www.noticiasradioreflejos.com.ar\/2021\/#website\",\"url\":\"https:\/\/www.noticiasradioreflejos.com.ar\/2021\/\",\"name\":\"Noticias Radio Reflejos\",\"description\":\"Las noticias de mi comarca\",\"potentialAction\":[{\"@type\":\"SearchAction\",\"target\":{\"@type\":\"EntryPoint\",\"urlTemplate\":\"https:\/\/www.noticiasradioreflejos.com.ar\/2021\/?s={search_term_string}\"},\"query-input\":{\"@type\":\"PropertyValueSpecification\",\"valueRequired\":true,\"valueName\":\"search_term_string\"}}],\"inLanguage\":\"es\"},{\"@type\":\"Person\",\"@id\":\"https:\/\/www.noticiasradioreflejos.com.ar\/2021\/#\/schema\/person\/ad82545263dcc5ec0996818884fd5fb1\",\"name\":\"Arnaldo Botto\",\"image\":{\"@type\":\"ImageObject\",\"inLanguage\":\"es\",\"@id\":\"https:\/\/www.noticiasradioreflejos.com.ar\/2021\/#\/schema\/person\/image\/\",\"url\":\"https:\/\/secure.gravatar.com\/avatar\/55cb5e37c1efa326397366e6974cb338056df65cb50e7d64d1cf314e87504837?s=96&d=mm&r=g\",\"contentUrl\":\"https:\/\/secure.gravatar.com\/avatar\/55cb5e37c1efa326397366e6974cb338056df65cb50e7d64d1cf314e87504837?s=96&d=mm&r=g\",\"caption\":\"Arnaldo Botto\"},\"url\":\"https:\/\/www.noticiasradioreflejos.com.ar\/2021\/author\/arnaldo\/\"}]}<\/script>\n<!-- \/ Yoast SEO plugin. -->","yoast_head_json":{"title":"El Director de Turismo particip\u00f3 de la \u201cCumbre Global de Discapacidad, Argentina 2019&quot; - Noticias Radio Reflejos","robots":{"index":"index","follow":"follow","max-snippet":"max-snippet:-1","max-image-preview":"max-image-preview:large","max-video-preview":"max-video-preview:-1"},"canonical":"https:\/\/www.noticiasradioreflejos.com.ar\/2021\/el-director-de-turismo-participo-de-la-cumbre-global-de-discapacidad-argentina-2019\/","og_locale":"es_ES","og_type":"article","og_title":"El Director de Turismo particip\u00f3 de la \u201cCumbre Global de Discapacidad, Argentina 2019&quot; - Noticias Radio Reflejos","og_description":"El Director de Turismo, Mart\u00edn Olhaberry estuvo presente en la \u201cCumbre Global de Discapacidad, Argentina 2019&#8243;,que se llev\u00f3 a cabo del 6 al 8 de junio en la ciudad de Buenos Aires.","og_url":"https:\/\/www.noticiasradioreflejos.com.ar\/2021\/el-director-de-turismo-participo-de-la-cumbre-global-de-discapacidad-argentina-2019\/","og_site_name":"Noticias Radio Reflejos","article_published_time":"2019-06-07T23:05:56+00:00","og_image":[{"url":"http:\/\/live.staticflickr.com\/65535\/48021560097_efbdb35588.jpg","type":"","width":"","height":""}],"author":"Arnaldo Botto","twitter_card":"summary_large_image","schema":{"@context":"https:\/\/schema.org","@graph":[{"@type":"WebPage","@id":"https:\/\/www.noticiasradioreflejos.com.ar\/2021\/el-director-de-turismo-participo-de-la-cumbre-global-de-discapacidad-argentina-2019\/","url":"https:\/\/www.noticiasradioreflejos.com.ar\/2021\/el-director-de-turismo-participo-de-la-cumbre-global-de-discapacidad-argentina-2019\/","name":"El Director de Turismo particip\u00f3 de la \u201cCumbre Global de Discapacidad, Argentina 2019&quot; - Noticias Radio Reflejos","isPartOf":{"@id":"https:\/\/www.noticiasradioreflejos.com.ar\/2021\/#website"},"primaryImageOfPage":{"@id":"https:\/\/www.noticiasradioreflejos.com.ar\/2021\/el-director-de-turismo-participo-de-la-cumbre-global-de-discapacidad-argentina-2019\/#primaryimage"},"image":{"@id":"https:\/\/www.noticiasradioreflejos.com.ar\/2021\/el-director-de-turismo-participo-de-la-cumbre-global-de-discapacidad-argentina-2019\/#primaryimage"},"thumbnailUrl":"http:\/\/live.staticflickr.com\/65535\/48021560097_efbdb35588.jpg","datePublished":"2019-06-07T23:05:56+00:00","author":{"@id":"https:\/\/www.noticiasradioreflejos.com.ar\/2021\/#\/schema\/person\/ad82545263dcc5ec0996818884fd5fb1"},"breadcrumb":{"@id":"https:\/\/www.noticiasradioreflejos.com.ar\/2021\/el-director-de-turismo-participo-de-la-cumbre-global-de-discapacidad-argentina-2019\/#breadcrumb"},"inLanguage":"es","potentialAction":[{"@type":"ReadAction","target":["https:\/\/www.noticiasradioreflejos.com.ar\/2021\/el-director-de-turismo-participo-de-la-cumbre-global-de-discapacidad-argentina-2019\/"]}]},{"@type":"ImageObject","inLanguage":"es","@id":"https:\/\/www.noticiasradioreflejos.com.ar\/2021\/el-director-de-turismo-participo-de-la-cumbre-global-de-discapacidad-argentina-2019\/#primaryimage","url":"http:\/\/live.staticflickr.com\/65535\/48021560097_efbdb35588.jpg","contentUrl":"http:\/\/live.staticflickr.com\/65535\/48021560097_efbdb35588.jpg"},{"@type":"BreadcrumbList","@id":"https:\/\/www.noticiasradioreflejos.com.ar\/2021\/el-director-de-turismo-participo-de-la-cumbre-global-de-discapacidad-argentina-2019\/#breadcrumb","itemListElement":[{"@type":"ListItem","position":1,"name":"Portada","item":"https:\/\/www.noticiasradioreflejos.com.ar\/2021\/"},{"@type":"ListItem","position":2,"name":"El Director de Turismo particip\u00f3 de la \u201cCumbre Global de Discapacidad, Argentina 2019&quot;"}]},{"@type":"WebSite","@id":"https:\/\/www.noticiasradioreflejos.com.ar\/2021\/#website","url":"https:\/\/www.noticiasradioreflejos.com.ar\/2021\/","name":"Noticias Radio Reflejos","description":"Las noticias de mi comarca","potentialAction":[{"@type":"SearchAction","target":{"@type":"EntryPoint","urlTemplate":"https:\/\/www.noticiasradioreflejos.com.ar\/2021\/?s={search_term_string}"},"query-input":{"@type":"PropertyValueSpecification","valueRequired":true,"valueName":"search_term_string"}}],"inLanguage":"es"},{"@type":"Person","@id":"https:\/\/www.noticiasradioreflejos.com.ar\/2021\/#\/schema\/person\/ad82545263dcc5ec0996818884fd5fb1","name":"Arnaldo Botto","image":{"@type":"ImageObject","inLanguage":"es","@id":"https:\/\/www.noticiasradioreflejos.com.ar\/2021\/#\/schema\/person\/image\/","url":"https:\/\/secure.gravatar.com\/avatar\/55cb5e37c1efa326397366e6974cb338056df65cb50e7d64d1cf314e87504837?s=96&d=mm&r=g","contentUrl":"https:\/\/secure.gravatar.com\/avatar\/55cb5e37c1efa326397366e6974cb338056df65cb50e7d64d1cf314e87504837?s=96&d=mm&r=g","caption":"Arnaldo Botto"},"url":"https:\/\/www.noticiasradioreflejos.com.ar\/2021\/author\/arnaldo\/"}]}},"_links":{"self":[{"href":"https:\/\/www.noticiasradioreflejos.com.ar\/2021\/wp-json\/wp\/v2\/posts\/32017","targetHints":{"allow":["GET"]}}],"collection":[{"href":"https:\/\/www.noticiasradioreflejos.com.ar\/2021\/wp-json\/wp\/v2\/posts"}],"about":[{"href":"https:\/\/www.noticiasradioreflejos.com.ar\/2021\/wp-json\/wp\/v2\/types\/post"}],"author":[{"embeddable":true,"href":"https:\/\/www.noticiasradioreflejos.com.ar\/2021\/wp-json\/wp\/v2\/users\/3"}],"replies":[{"embeddable":true,"href":"https:\/\/www.noticiasradioreflejos.com.ar\/2021\/wp-json\/wp\/v2\/comments?post=32017"}],"version-history":[{"count":0,"href":"https:\/\/www.noticiasradioreflejos.com.ar\/2021\/wp-json\/wp\/v2\/posts\/32017\/revisions"}],"wp:attachment":[{"href":"https:\/\/www.noticiasradioreflejos.com.ar\/2021\/wp-json\/wp\/v2\/media?parent=32017"}],"wp:term":[{"taxonomy":"category","embeddable":true,"href":"https:\/\/www.noticiasradioreflejos.com.ar\/2021\/wp-json\/wp\/v2\/categories?post=32017"},{"taxonomy":"post_tag","embeddable":true,"href":"https:\/\/www.noticiasradioreflejos.com.ar\/2021\/wp-json\/wp\/v2\/tags?post=32017"}],"curies":[{"name":"wp","href":"https:\/\/api.w.org\/{rel}","templated":true}]}}