{"id":32005,"date":"2019-06-07T11:28:35","date_gmt":"2019-06-07T14:28:35","guid":{"rendered":"http:\/\/www.noticiasradioreflejos.com.ar\/noticias\/?p=32005"},"modified":"2019-06-07T11:28:35","modified_gmt":"2019-06-07T14:28:35","slug":"atencion-durante-el-fin-de-semana-largo-en-el-parque-provincial-ernesto-tornquist","status":"publish","type":"post","link":"https:\/\/www.noticiasradioreflejos.com.ar\/2021\/atencion-durante-el-fin-de-semana-largo-en-el-parque-provincial-ernesto-tornquist\/","title":{"rendered":"Atenci\u00f3n durante el fin de semana largo en el Parque Provincial &quot;Ernesto Tornquist&quot;."},"content":{"rendered":"<p><a title=\"62589604_2341861589416104_8087389213248454656_n\" href=\"http:\/\/live.staticflickr.com\/65535\/48019094676_e612dd2d4c_s.jpg\" rel=\"\"><img loading=\"lazy\" decoding=\"async\" class=\"alignleft\" style=\"float: left;\" title=\"62589604_2341861589416104_8087389213248454656_n\" src=\"http:\/\/live.staticflickr.com\/65535\/48019094676_e612dd2d4c.jpg\" alt=\"62589604_2341861589416104_8087389213248454656_n\" width=\"349\" height=\"500\" \/><\/a>La atenci\u00f3n al p\u00fablico ser\u00e1 de 9 hs a 17 hs<!--more--><br \/>\nPara el ascenso al Cerro Ventana, 8:50 hs se entregar\u00e1n n\u00fameros (350) hasta cubrir el cupo m\u00e1ximo diario. Tambi\u00e9n se podr\u00e1n tomar reservas, s\u00f3lo en forma personal, en la Base del Cerro Ventana, desde el viernes 14\/6 hasta el domingo 16\/6 entre las 9 hs y las 15 hs. Las mismas son de un d\u00eda para otro.<br \/>\nEl Parque cobra una entrada general, las visitas guiadas tienen un costo adicional.<br \/>\nVisita Guiada al Cerro Ventana:<br \/>\nMayores $300 &#8211; Menores $150 (entre 7 y 12 a\u00f1os)<br \/>\nConsultas de 9 hs a 17 hs<br \/>\n*Mensaje privado Facebook<br \/>\n*Mail: parquetornquist@gmail.com<br \/>\n*Tel: 291-4910039 \/ 2214204862<\/p>\n","protected":false},"excerpt":{"rendered":"<p>La atenci\u00f3n al p\u00fablico ser\u00e1 de 9 hs a 17 hs<\/p>\n","protected":false},"author":3,"featured_media":12509,"comment_status":"closed","ping_status":"open","sticky":false,"template":"","format":"standard","meta":{"footnotes":""},"categories":[26],"tags":[],"class_list":["post-32005","post","type-post","status-publish","format-standard","has-post-thumbnail","hentry","category-sociedad"],"yoast_head":"<!-- This site is optimized with the Yoast SEO plugin v25.9 - https:\/\/yoast.com\/wordpress\/plugins\/seo\/ -->\n<title>Atenci\u00f3n durante el fin de semana largo en el Parque Provincial &quot;Ernesto Tornquist&quot;. - Noticias Radio Reflejos<\/title>\n<meta name=\"robots\" content=\"index, follow, max-snippet:-1, max-image-preview:large, max-video-preview:-1\" \/>\n<link rel=\"canonical\" href=\"https:\/\/www.noticiasradioreflejos.com.ar\/2021\/atencion-durante-el-fin-de-semana-largo-en-el-parque-provincial-ernesto-tornquist\/\" \/>\n<meta property=\"og:locale\" content=\"es_ES\" \/>\n<meta property=\"og:type\" content=\"article\" \/>\n<meta property=\"og:title\" content=\"Atenci\u00f3n durante el fin de semana largo en el Parque Provincial &quot;Ernesto Tornquist&quot;. - Noticias Radio Reflejos\" \/>\n<meta property=\"og:description\" content=\"La atenci\u00f3n al p\u00fablico ser\u00e1 de 9 hs a 17 hs\" \/>\n<meta property=\"og:url\" content=\"https:\/\/www.noticiasradioreflejos.com.ar\/2021\/atencion-durante-el-fin-de-semana-largo-en-el-parque-provincial-ernesto-tornquist\/\" \/>\n<meta property=\"og:site_name\" content=\"Noticias Radio Reflejos\" \/>\n<meta property=\"article:published_time\" content=\"2019-06-07T14:28:35+00:00\" \/>\n<meta property=\"og:image\" content=\"https:\/\/www.noticiasradioreflejos.com.ar\/2021\/wp-content\/uploads\/2017\/07\/Parque-Provincial-Ernesto-Tornquist.jpg\" \/>\n\t<meta property=\"og:image:width\" content=\"631\" \/>\n\t<meta property=\"og:image:height\" content=\"427\" \/>\n\t<meta property=\"og:image:type\" content=\"image\/jpeg\" \/>\n<meta name=\"author\" content=\"Arnaldo Botto\" \/>\n<meta name=\"twitter:card\" content=\"summary_large_image\" \/>\n<script type=\"application\/ld+json\" class=\"yoast-schema-graph\">{\"@context\":\"https:\/\/schema.org\",\"@graph\":[{\"@type\":\"WebPage\",\"@id\":\"https:\/\/www.noticiasradioreflejos.com.ar\/2021\/atencion-durante-el-fin-de-semana-largo-en-el-parque-provincial-ernesto-tornquist\/\",\"url\":\"https:\/\/www.noticiasradioreflejos.com.ar\/2021\/atencion-durante-el-fin-de-semana-largo-en-el-parque-provincial-ernesto-tornquist\/\",\"name\":\"Atenci\u00f3n durante el fin de semana largo en el Parque Provincial &quot;Ernesto Tornquist&quot;. - Noticias Radio Reflejos\",\"isPartOf\":{\"@id\":\"https:\/\/www.noticiasradioreflejos.com.ar\/2021\/#website\"},\"primaryImageOfPage\":{\"@id\":\"https:\/\/www.noticiasradioreflejos.com.ar\/2021\/atencion-durante-el-fin-de-semana-largo-en-el-parque-provincial-ernesto-tornquist\/#primaryimage\"},\"image\":{\"@id\":\"https:\/\/www.noticiasradioreflejos.com.ar\/2021\/atencion-durante-el-fin-de-semana-largo-en-el-parque-provincial-ernesto-tornquist\/#primaryimage\"},\"thumbnailUrl\":\"https:\/\/www.noticiasradioreflejos.com.ar\/2021\/wp-content\/uploads\/2017\/07\/Parque-Provincial-Ernesto-Tornquist.jpg\",\"datePublished\":\"2019-06-07T14:28:35+00:00\",\"author\":{\"@id\":\"https:\/\/www.noticiasradioreflejos.com.ar\/2021\/#\/schema\/person\/ad82545263dcc5ec0996818884fd5fb1\"},\"breadcrumb\":{\"@id\":\"https:\/\/www.noticiasradioreflejos.com.ar\/2021\/atencion-durante-el-fin-de-semana-largo-en-el-parque-provincial-ernesto-tornquist\/#breadcrumb\"},\"inLanguage\":\"es\",\"potentialAction\":[{\"@type\":\"ReadAction\",\"target\":[\"https:\/\/www.noticiasradioreflejos.com.ar\/2021\/atencion-durante-el-fin-de-semana-largo-en-el-parque-provincial-ernesto-tornquist\/\"]}]},{\"@type\":\"ImageObject\",\"inLanguage\":\"es\",\"@id\":\"https:\/\/www.noticiasradioreflejos.com.ar\/2021\/atencion-durante-el-fin-de-semana-largo-en-el-parque-provincial-ernesto-tornquist\/#primaryimage\",\"url\":\"https:\/\/www.noticiasradioreflejos.com.ar\/2021\/wp-content\/uploads\/2017\/07\/Parque-Provincial-Ernesto-Tornquist.jpg\",\"contentUrl\":\"https:\/\/www.noticiasradioreflejos.com.ar\/2021\/wp-content\/uploads\/2017\/07\/Parque-Provincial-Ernesto-Tornquist.jpg\",\"width\":631,\"height\":427},{\"@type\":\"BreadcrumbList\",\"@id\":\"https:\/\/www.noticiasradioreflejos.com.ar\/2021\/atencion-durante-el-fin-de-semana-largo-en-el-parque-provincial-ernesto-tornquist\/#breadcrumb\",\"itemListElement\":[{\"@type\":\"ListItem\",\"position\":1,\"name\":\"Portada\",\"item\":\"https:\/\/www.noticiasradioreflejos.com.ar\/2021\/\"},{\"@type\":\"ListItem\",\"position\":2,\"name\":\"Atenci\u00f3n durante el fin de semana largo en el Parque Provincial &quot;Ernesto Tornquist&quot;.\"}]},{\"@type\":\"WebSite\",\"@id\":\"https:\/\/www.noticiasradioreflejos.com.ar\/2021\/#website\",\"url\":\"https:\/\/www.noticiasradioreflejos.com.ar\/2021\/\",\"name\":\"Noticias Radio Reflejos\",\"description\":\"Las noticias de mi comarca\",\"potentialAction\":[{\"@type\":\"SearchAction\",\"target\":{\"@type\":\"EntryPoint\",\"urlTemplate\":\"https:\/\/www.noticiasradioreflejos.com.ar\/2021\/?s={search_term_string}\"},\"query-input\":{\"@type\":\"PropertyValueSpecification\",\"valueRequired\":true,\"valueName\":\"search_term_string\"}}],\"inLanguage\":\"es\"},{\"@type\":\"Person\",\"@id\":\"https:\/\/www.noticiasradioreflejos.com.ar\/2021\/#\/schema\/person\/ad82545263dcc5ec0996818884fd5fb1\",\"name\":\"Arnaldo Botto\",\"image\":{\"@type\":\"ImageObject\",\"inLanguage\":\"es\",\"@id\":\"https:\/\/www.noticiasradioreflejos.com.ar\/2021\/#\/schema\/person\/image\/\",\"url\":\"https:\/\/secure.gravatar.com\/avatar\/55cb5e37c1efa326397366e6974cb338056df65cb50e7d64d1cf314e87504837?s=96&d=mm&r=g\",\"contentUrl\":\"https:\/\/secure.gravatar.com\/avatar\/55cb5e37c1efa326397366e6974cb338056df65cb50e7d64d1cf314e87504837?s=96&d=mm&r=g\",\"caption\":\"Arnaldo Botto\"},\"url\":\"https:\/\/www.noticiasradioreflejos.com.ar\/2021\/author\/arnaldo\/\"}]}<\/script>\n<!-- \/ Yoast SEO plugin. -->","yoast_head_json":{"title":"Atenci\u00f3n durante el fin de semana largo en el Parque Provincial &quot;Ernesto Tornquist&quot;. - Noticias Radio Reflejos","robots":{"index":"index","follow":"follow","max-snippet":"max-snippet:-1","max-image-preview":"max-image-preview:large","max-video-preview":"max-video-preview:-1"},"canonical":"https:\/\/www.noticiasradioreflejos.com.ar\/2021\/atencion-durante-el-fin-de-semana-largo-en-el-parque-provincial-ernesto-tornquist\/","og_locale":"es_ES","og_type":"article","og_title":"Atenci\u00f3n durante el fin de semana largo en el Parque Provincial &quot;Ernesto Tornquist&quot;. - Noticias Radio Reflejos","og_description":"La atenci\u00f3n al p\u00fablico ser\u00e1 de 9 hs a 17 hs","og_url":"https:\/\/www.noticiasradioreflejos.com.ar\/2021\/atencion-durante-el-fin-de-semana-largo-en-el-parque-provincial-ernesto-tornquist\/","og_site_name":"Noticias Radio Reflejos","article_published_time":"2019-06-07T14:28:35+00:00","og_image":[{"width":631,"height":427,"url":"https:\/\/www.noticiasradioreflejos.com.ar\/2021\/wp-content\/uploads\/2017\/07\/Parque-Provincial-Ernesto-Tornquist.jpg","type":"image\/jpeg"}],"author":"Arnaldo Botto","twitter_card":"summary_large_image","schema":{"@context":"https:\/\/schema.org","@graph":[{"@type":"WebPage","@id":"https:\/\/www.noticiasradioreflejos.com.ar\/2021\/atencion-durante-el-fin-de-semana-largo-en-el-parque-provincial-ernesto-tornquist\/","url":"https:\/\/www.noticiasradioreflejos.com.ar\/2021\/atencion-durante-el-fin-de-semana-largo-en-el-parque-provincial-ernesto-tornquist\/","name":"Atenci\u00f3n durante el fin de semana largo en el Parque Provincial &quot;Ernesto Tornquist&quot;. - Noticias Radio Reflejos","isPartOf":{"@id":"https:\/\/www.noticiasradioreflejos.com.ar\/2021\/#website"},"primaryImageOfPage":{"@id":"https:\/\/www.noticiasradioreflejos.com.ar\/2021\/atencion-durante-el-fin-de-semana-largo-en-el-parque-provincial-ernesto-tornquist\/#primaryimage"},"image":{"@id":"https:\/\/www.noticiasradioreflejos.com.ar\/2021\/atencion-durante-el-fin-de-semana-largo-en-el-parque-provincial-ernesto-tornquist\/#primaryimage"},"thumbnailUrl":"https:\/\/www.noticiasradioreflejos.com.ar\/2021\/wp-content\/uploads\/2017\/07\/Parque-Provincial-Ernesto-Tornquist.jpg","datePublished":"2019-06-07T14:28:35+00:00","author":{"@id":"https:\/\/www.noticiasradioreflejos.com.ar\/2021\/#\/schema\/person\/ad82545263dcc5ec0996818884fd5fb1"},"breadcrumb":{"@id":"https:\/\/www.noticiasradioreflejos.com.ar\/2021\/atencion-durante-el-fin-de-semana-largo-en-el-parque-provincial-ernesto-tornquist\/#breadcrumb"},"inLanguage":"es","potentialAction":[{"@type":"ReadAction","target":["https:\/\/www.noticiasradioreflejos.com.ar\/2021\/atencion-durante-el-fin-de-semana-largo-en-el-parque-provincial-ernesto-tornquist\/"]}]},{"@type":"ImageObject","inLanguage":"es","@id":"https:\/\/www.noticiasradioreflejos.com.ar\/2021\/atencion-durante-el-fin-de-semana-largo-en-el-parque-provincial-ernesto-tornquist\/#primaryimage","url":"https:\/\/www.noticiasradioreflejos.com.ar\/2021\/wp-content\/uploads\/2017\/07\/Parque-Provincial-Ernesto-Tornquist.jpg","contentUrl":"https:\/\/www.noticiasradioreflejos.com.ar\/2021\/wp-content\/uploads\/2017\/07\/Parque-Provincial-Ernesto-Tornquist.jpg","width":631,"height":427},{"@type":"BreadcrumbList","@id":"https:\/\/www.noticiasradioreflejos.com.ar\/2021\/atencion-durante-el-fin-de-semana-largo-en-el-parque-provincial-ernesto-tornquist\/#breadcrumb","itemListElement":[{"@type":"ListItem","position":1,"name":"Portada","item":"https:\/\/www.noticiasradioreflejos.com.ar\/2021\/"},{"@type":"ListItem","position":2,"name":"Atenci\u00f3n durante el fin de semana largo en el Parque Provincial &quot;Ernesto Tornquist&quot;."}]},{"@type":"WebSite","@id":"https:\/\/www.noticiasradioreflejos.com.ar\/2021\/#website","url":"https:\/\/www.noticiasradioreflejos.com.ar\/2021\/","name":"Noticias Radio Reflejos","description":"Las noticias de mi comarca","potentialAction":[{"@type":"SearchAction","target":{"@type":"EntryPoint","urlTemplate":"https:\/\/www.noticiasradioreflejos.com.ar\/2021\/?s={search_term_string}"},"query-input":{"@type":"PropertyValueSpecification","valueRequired":true,"valueName":"search_term_string"}}],"inLanguage":"es"},{"@type":"Person","@id":"https:\/\/www.noticiasradioreflejos.com.ar\/2021\/#\/schema\/person\/ad82545263dcc5ec0996818884fd5fb1","name":"Arnaldo Botto","image":{"@type":"ImageObject","inLanguage":"es","@id":"https:\/\/www.noticiasradioreflejos.com.ar\/2021\/#\/schema\/person\/image\/","url":"https:\/\/secure.gravatar.com\/avatar\/55cb5e37c1efa326397366e6974cb338056df65cb50e7d64d1cf314e87504837?s=96&d=mm&r=g","contentUrl":"https:\/\/secure.gravatar.com\/avatar\/55cb5e37c1efa326397366e6974cb338056df65cb50e7d64d1cf314e87504837?s=96&d=mm&r=g","caption":"Arnaldo Botto"},"url":"https:\/\/www.noticiasradioreflejos.com.ar\/2021\/author\/arnaldo\/"}]}},"_links":{"self":[{"href":"https:\/\/www.noticiasradioreflejos.com.ar\/2021\/wp-json\/wp\/v2\/posts\/32005","targetHints":{"allow":["GET"]}}],"collection":[{"href":"https:\/\/www.noticiasradioreflejos.com.ar\/2021\/wp-json\/wp\/v2\/posts"}],"about":[{"href":"https:\/\/www.noticiasradioreflejos.com.ar\/2021\/wp-json\/wp\/v2\/types\/post"}],"author":[{"embeddable":true,"href":"https:\/\/www.noticiasradioreflejos.com.ar\/2021\/wp-json\/wp\/v2\/users\/3"}],"replies":[{"embeddable":true,"href":"https:\/\/www.noticiasradioreflejos.com.ar\/2021\/wp-json\/wp\/v2\/comments?post=32005"}],"version-history":[{"count":0,"href":"https:\/\/www.noticiasradioreflejos.com.ar\/2021\/wp-json\/wp\/v2\/posts\/32005\/revisions"}],"wp:featuredmedia":[{"embeddable":true,"href":"https:\/\/www.noticiasradioreflejos.com.ar\/2021\/wp-json\/wp\/v2\/media\/12509"}],"wp:attachment":[{"href":"https:\/\/www.noticiasradioreflejos.com.ar\/2021\/wp-json\/wp\/v2\/media?parent=32005"}],"wp:term":[{"taxonomy":"category","embeddable":true,"href":"https:\/\/www.noticiasradioreflejos.com.ar\/2021\/wp-json\/wp\/v2\/categories?post=32005"},{"taxonomy":"post_tag","embeddable":true,"href":"https:\/\/www.noticiasradioreflejos.com.ar\/2021\/wp-json\/wp\/v2\/tags?post=32005"}],"curies":[{"name":"wp","href":"https:\/\/api.w.org\/{rel}","templated":true}]}}