{"id":31984,"date":"2019-06-07T08:50:55","date_gmt":"2019-06-07T11:50:55","guid":{"rendered":"http:\/\/www.noticiasradioreflejos.com.ar\/noticias\/?p=31984"},"modified":"2019-06-07T08:50:55","modified_gmt":"2019-06-07T11:50:55","slug":"vamos-a-ser-respetuosos-del-trabajo-a-pesar-del-error-de-la-actual-gestion-municipal-gustavo-trankels","status":"publish","type":"post","link":"https:\/\/www.noticiasradioreflejos.com.ar\/2021\/vamos-a-ser-respetuosos-del-trabajo-a-pesar-del-error-de-la-actual-gestion-municipal-gustavo-trankels\/","title":{"rendered":"&quot;Vamos a ser respetuosos del trabajo a pesar del error de la actual gesti\u00f3n municipal&quot; &#8211; Gustavo Trankels"},"content":{"rendered":"<p>En di\u00e1logo con FM Reflejos, el ex intendente Gustavo Trankels confirma que ser\u00e1 candidato en las elecciones de este a\u00f1o, a la intendencia de Tornquist, y que fu\u00e9 elegido en forma natural y por unanimidad en el Partido Justicialista de Tornquist; detallando durante la nota el trabajo que viene realizando para presentar una propuesta de gobierno.<!--more--><br \/>\nDurante la nota realizada en el programa \u00abUn Mate y un Caf\u00e9\u00bb en forma telef\u00f3nica, Trankels hace observar graves deficiencias financieras en el municipio que asegura llegar\u00edan a los 200 millones de pesos de d\u00e9ficit, concordante con el gobierno nacional y provincial; \u00abEs evidente que el modelo que encabeza Macri no le cierra a nadie\u00bb dijo.<br \/>\n\u00abEstamos trabajando para presentar una buena propuesta para el distrito\u00bb afirm\u00f3 el ex intendente, haciendo una convocatoria a la comunidad manifestando: \u00abEs un momento en que todos tenemos que poner el hombro\u00bb y expresa tambi\u00e9n:\u00bbQueremos poner en marcha un proyecto que contemple a todos\u00bb.<br \/>\nTrankels apunt\u00f3 contra Bordoni manifestando que: \u00abLa actual gesti\u00f3n hace agua por todos lados\u00bb, detallando los errores que a su criterio viene teniendo Cambiemos a nivel local, que incluyen: \u00abAumento descomunal de las tasas por arriba del \u00edndice inflacionario, el aumento de los gastos que triplican la media\u00bb indicando que la baja de la recaudaci\u00f3n, el sobredimensionamiento del plantel de empleados y la ca\u00edda de la recaudaci\u00f3n llevan a un d\u00e9ficit de m\u00e1s de 200 millones de pesos al municipio.<br \/>\nEn relaci\u00f3n a temas que consultaron los oyentes sobre su gesti\u00f3n, en caso de acceder en diciembre a un nuevo mandato, Gustavo descart\u00f3 que se fuera a eliminar el personal que \u00abEn exceso esta gesti\u00f3n incorpor\u00f3\u00bb manifestando \u00abVamos a ser respetuosos del trabajo a pesar del error de la actual gesti\u00f3n municipal\u00bb.<br \/>\nTambi\u00e9n fu\u00e9 consultado sobre la lista que lo acompa\u00f1ar\u00eda y la elecci\u00f3n de su gabinete y Delegados Municipales en las localidades, a lo que respondi\u00f3 que volver\u00e1 a utilizar la metodolog\u00eda que impuls\u00f3 en el 2007 cuando le dej\u00f3 la elecci\u00f3n de los delegados a la comunidad mediante una elecci\u00f3n abierta, aunque aclar\u00f3 \u00abSi por alguna raz\u00f3n esto no funciona y el pueblo lo pide,\u00a0 lo sacamos\u00bb.<br \/>\nFinalmente, abordamos el tema de la llegada del candidato a gobernador de Buenos Aires Axel Kicillof, qui\u00e9n llegar\u00e1 al distrito para ofrecer una charla y debate con la comunidad, este viernes a las 15.30 hs en el fog\u00f3n del club Automoto.<br \/>\n<iframe loading=\"lazy\" src=\"https:\/\/w.soundcloud.com\/player\/?url=https%3A\/\/api.soundcloud.com\/tracks\/632683818&amp;color=%23ff5500&amp;auto_play=false&amp;hide_related=false&amp;show_comments=true&amp;show_user=true&amp;show_reposts=false&amp;show_teaser=true\" width=\"100%\" height=\"166\" frameborder=\"no\" scrolling=\"no\"><\/iframe><\/p>\n","protected":false},"excerpt":{"rendered":"<p>En di\u00e1logo con FM Reflejos, el ex intendente Gustavo Trankels confirma que ser\u00e1 candidato en las elecciones de este a\u00f1o, a la intendencia de Tornquist, y que fu\u00e9 elegido en forma natural y por unanimidad en el Partido Justicialista de Tornquist; detallando durante la nota el trabajo que viene realizando para presentar una propuesta de [&hellip;]<\/p>\n","protected":false},"author":3,"featured_media":0,"comment_status":"closed","ping_status":"open","sticky":false,"template":"","format":"standard","meta":{"footnotes":""},"categories":[24],"tags":[],"class_list":["post-31984","post","type-post","status-publish","format-standard","hentry","category-politica"],"yoast_head":"<!-- This site is optimized with the Yoast SEO plugin v25.9 - https:\/\/yoast.com\/wordpress\/plugins\/seo\/ -->\n<title>&quot;Vamos a ser respetuosos del trabajo a pesar del error de la actual gesti\u00f3n municipal&quot; - Gustavo Trankels - Noticias Radio Reflejos<\/title>\n<meta name=\"robots\" content=\"index, follow, max-snippet:-1, max-image-preview:large, max-video-preview:-1\" \/>\n<link rel=\"canonical\" href=\"https:\/\/www.noticiasradioreflejos.com.ar\/2021\/vamos-a-ser-respetuosos-del-trabajo-a-pesar-del-error-de-la-actual-gestion-municipal-gustavo-trankels\/\" \/>\n<meta property=\"og:locale\" content=\"es_ES\" \/>\n<meta property=\"og:type\" content=\"article\" \/>\n<meta property=\"og:title\" content=\"&quot;Vamos a ser respetuosos del trabajo a pesar del error de la actual gesti\u00f3n municipal&quot; - Gustavo Trankels - Noticias Radio Reflejos\" \/>\n<meta property=\"og:description\" content=\"En di\u00e1logo con FM Reflejos, el ex intendente Gustavo Trankels confirma que ser\u00e1 candidato en las elecciones de este a\u00f1o, a la intendencia de Tornquist, y que fu\u00e9 elegido en forma natural y por unanimidad en el Partido Justicialista de Tornquist; detallando durante la nota el trabajo que viene realizando para presentar una propuesta de [&hellip;]\" \/>\n<meta property=\"og:url\" content=\"https:\/\/www.noticiasradioreflejos.com.ar\/2021\/vamos-a-ser-respetuosos-del-trabajo-a-pesar-del-error-de-la-actual-gestion-municipal-gustavo-trankels\/\" \/>\n<meta property=\"og:site_name\" content=\"Noticias Radio Reflejos\" \/>\n<meta property=\"article:published_time\" content=\"2019-06-07T11:50:55+00:00\" \/>\n<meta property=\"og:image\" content=\"https:\/\/www.noticiasradioreflejos.com.ar\/2021\/wp-content\/uploads\/2021\/07\/logosol300x200.png\" \/>\n\t<meta property=\"og:image:width\" content=\"300\" \/>\n\t<meta property=\"og:image:height\" content=\"200\" \/>\n\t<meta property=\"og:image:type\" content=\"image\/png\" \/>\n<meta name=\"author\" content=\"Arnaldo Botto\" \/>\n<meta name=\"twitter:card\" content=\"summary_large_image\" \/>\n<script type=\"application\/ld+json\" class=\"yoast-schema-graph\">{\"@context\":\"https:\/\/schema.org\",\"@graph\":[{\"@type\":\"WebPage\",\"@id\":\"https:\/\/www.noticiasradioreflejos.com.ar\/2021\/vamos-a-ser-respetuosos-del-trabajo-a-pesar-del-error-de-la-actual-gestion-municipal-gustavo-trankels\/\",\"url\":\"https:\/\/www.noticiasradioreflejos.com.ar\/2021\/vamos-a-ser-respetuosos-del-trabajo-a-pesar-del-error-de-la-actual-gestion-municipal-gustavo-trankels\/\",\"name\":\"&quot;Vamos a ser respetuosos del trabajo a pesar del error de la actual gesti\u00f3n municipal&quot; - Gustavo Trankels - Noticias Radio Reflejos\",\"isPartOf\":{\"@id\":\"https:\/\/www.noticiasradioreflejos.com.ar\/2021\/#website\"},\"datePublished\":\"2019-06-07T11:50:55+00:00\",\"author\":{\"@id\":\"https:\/\/www.noticiasradioreflejos.com.ar\/2021\/#\/schema\/person\/ad82545263dcc5ec0996818884fd5fb1\"},\"breadcrumb\":{\"@id\":\"https:\/\/www.noticiasradioreflejos.com.ar\/2021\/vamos-a-ser-respetuosos-del-trabajo-a-pesar-del-error-de-la-actual-gestion-municipal-gustavo-trankels\/#breadcrumb\"},\"inLanguage\":\"es\",\"potentialAction\":[{\"@type\":\"ReadAction\",\"target\":[\"https:\/\/www.noticiasradioreflejos.com.ar\/2021\/vamos-a-ser-respetuosos-del-trabajo-a-pesar-del-error-de-la-actual-gestion-municipal-gustavo-trankels\/\"]}]},{\"@type\":\"BreadcrumbList\",\"@id\":\"https:\/\/www.noticiasradioreflejos.com.ar\/2021\/vamos-a-ser-respetuosos-del-trabajo-a-pesar-del-error-de-la-actual-gestion-municipal-gustavo-trankels\/#breadcrumb\",\"itemListElement\":[{\"@type\":\"ListItem\",\"position\":1,\"name\":\"Portada\",\"item\":\"https:\/\/www.noticiasradioreflejos.com.ar\/2021\/\"},{\"@type\":\"ListItem\",\"position\":2,\"name\":\"&quot;Vamos a ser respetuosos del trabajo a pesar del error de la actual gesti\u00f3n municipal&quot; &#8211; Gustavo Trankels\"}]},{\"@type\":\"WebSite\",\"@id\":\"https:\/\/www.noticiasradioreflejos.com.ar\/2021\/#website\",\"url\":\"https:\/\/www.noticiasradioreflejos.com.ar\/2021\/\",\"name\":\"Noticias Radio Reflejos\",\"description\":\"Las noticias de mi comarca\",\"potentialAction\":[{\"@type\":\"SearchAction\",\"target\":{\"@type\":\"EntryPoint\",\"urlTemplate\":\"https:\/\/www.noticiasradioreflejos.com.ar\/2021\/?s={search_term_string}\"},\"query-input\":{\"@type\":\"PropertyValueSpecification\",\"valueRequired\":true,\"valueName\":\"search_term_string\"}}],\"inLanguage\":\"es\"},{\"@type\":\"Person\",\"@id\":\"https:\/\/www.noticiasradioreflejos.com.ar\/2021\/#\/schema\/person\/ad82545263dcc5ec0996818884fd5fb1\",\"name\":\"Arnaldo Botto\",\"image\":{\"@type\":\"ImageObject\",\"inLanguage\":\"es\",\"@id\":\"https:\/\/www.noticiasradioreflejos.com.ar\/2021\/#\/schema\/person\/image\/\",\"url\":\"https:\/\/secure.gravatar.com\/avatar\/55cb5e37c1efa326397366e6974cb338056df65cb50e7d64d1cf314e87504837?s=96&d=mm&r=g\",\"contentUrl\":\"https:\/\/secure.gravatar.com\/avatar\/55cb5e37c1efa326397366e6974cb338056df65cb50e7d64d1cf314e87504837?s=96&d=mm&r=g\",\"caption\":\"Arnaldo Botto\"},\"url\":\"https:\/\/www.noticiasradioreflejos.com.ar\/2021\/author\/arnaldo\/\"}]}<\/script>\n<!-- \/ Yoast SEO plugin. -->","yoast_head_json":{"title":"&quot;Vamos a ser respetuosos del trabajo a pesar del error de la actual gesti\u00f3n municipal&quot; - Gustavo Trankels - Noticias Radio Reflejos","robots":{"index":"index","follow":"follow","max-snippet":"max-snippet:-1","max-image-preview":"max-image-preview:large","max-video-preview":"max-video-preview:-1"},"canonical":"https:\/\/www.noticiasradioreflejos.com.ar\/2021\/vamos-a-ser-respetuosos-del-trabajo-a-pesar-del-error-de-la-actual-gestion-municipal-gustavo-trankels\/","og_locale":"es_ES","og_type":"article","og_title":"&quot;Vamos a ser respetuosos del trabajo a pesar del error de la actual gesti\u00f3n municipal&quot; - Gustavo Trankels - Noticias Radio Reflejos","og_description":"En di\u00e1logo con FM Reflejos, el ex intendente Gustavo Trankels confirma que ser\u00e1 candidato en las elecciones de este a\u00f1o, a la intendencia de Tornquist, y que fu\u00e9 elegido en forma natural y por unanimidad en el Partido Justicialista de Tornquist; detallando durante la nota el trabajo que viene realizando para presentar una propuesta de [&hellip;]","og_url":"https:\/\/www.noticiasradioreflejos.com.ar\/2021\/vamos-a-ser-respetuosos-del-trabajo-a-pesar-del-error-de-la-actual-gestion-municipal-gustavo-trankels\/","og_site_name":"Noticias Radio Reflejos","article_published_time":"2019-06-07T11:50:55+00:00","og_image":[{"width":300,"height":200,"url":"https:\/\/www.noticiasradioreflejos.com.ar\/2021\/wp-content\/uploads\/2021\/07\/logosol300x200.png","type":"image\/png"}],"author":"Arnaldo Botto","twitter_card":"summary_large_image","schema":{"@context":"https:\/\/schema.org","@graph":[{"@type":"WebPage","@id":"https:\/\/www.noticiasradioreflejos.com.ar\/2021\/vamos-a-ser-respetuosos-del-trabajo-a-pesar-del-error-de-la-actual-gestion-municipal-gustavo-trankels\/","url":"https:\/\/www.noticiasradioreflejos.com.ar\/2021\/vamos-a-ser-respetuosos-del-trabajo-a-pesar-del-error-de-la-actual-gestion-municipal-gustavo-trankels\/","name":"&quot;Vamos a ser respetuosos del trabajo a pesar del error de la actual gesti\u00f3n municipal&quot; - Gustavo Trankels - Noticias Radio Reflejos","isPartOf":{"@id":"https:\/\/www.noticiasradioreflejos.com.ar\/2021\/#website"},"datePublished":"2019-06-07T11:50:55+00:00","author":{"@id":"https:\/\/www.noticiasradioreflejos.com.ar\/2021\/#\/schema\/person\/ad82545263dcc5ec0996818884fd5fb1"},"breadcrumb":{"@id":"https:\/\/www.noticiasradioreflejos.com.ar\/2021\/vamos-a-ser-respetuosos-del-trabajo-a-pesar-del-error-de-la-actual-gestion-municipal-gustavo-trankels\/#breadcrumb"},"inLanguage":"es","potentialAction":[{"@type":"ReadAction","target":["https:\/\/www.noticiasradioreflejos.com.ar\/2021\/vamos-a-ser-respetuosos-del-trabajo-a-pesar-del-error-de-la-actual-gestion-municipal-gustavo-trankels\/"]}]},{"@type":"BreadcrumbList","@id":"https:\/\/www.noticiasradioreflejos.com.ar\/2021\/vamos-a-ser-respetuosos-del-trabajo-a-pesar-del-error-de-la-actual-gestion-municipal-gustavo-trankels\/#breadcrumb","itemListElement":[{"@type":"ListItem","position":1,"name":"Portada","item":"https:\/\/www.noticiasradioreflejos.com.ar\/2021\/"},{"@type":"ListItem","position":2,"name":"&quot;Vamos a ser respetuosos del trabajo a pesar del error de la actual gesti\u00f3n municipal&quot; &#8211; Gustavo Trankels"}]},{"@type":"WebSite","@id":"https:\/\/www.noticiasradioreflejos.com.ar\/2021\/#website","url":"https:\/\/www.noticiasradioreflejos.com.ar\/2021\/","name":"Noticias Radio Reflejos","description":"Las noticias de mi comarca","potentialAction":[{"@type":"SearchAction","target":{"@type":"EntryPoint","urlTemplate":"https:\/\/www.noticiasradioreflejos.com.ar\/2021\/?s={search_term_string}"},"query-input":{"@type":"PropertyValueSpecification","valueRequired":true,"valueName":"search_term_string"}}],"inLanguage":"es"},{"@type":"Person","@id":"https:\/\/www.noticiasradioreflejos.com.ar\/2021\/#\/schema\/person\/ad82545263dcc5ec0996818884fd5fb1","name":"Arnaldo Botto","image":{"@type":"ImageObject","inLanguage":"es","@id":"https:\/\/www.noticiasradioreflejos.com.ar\/2021\/#\/schema\/person\/image\/","url":"https:\/\/secure.gravatar.com\/avatar\/55cb5e37c1efa326397366e6974cb338056df65cb50e7d64d1cf314e87504837?s=96&d=mm&r=g","contentUrl":"https:\/\/secure.gravatar.com\/avatar\/55cb5e37c1efa326397366e6974cb338056df65cb50e7d64d1cf314e87504837?s=96&d=mm&r=g","caption":"Arnaldo Botto"},"url":"https:\/\/www.noticiasradioreflejos.com.ar\/2021\/author\/arnaldo\/"}]}},"_links":{"self":[{"href":"https:\/\/www.noticiasradioreflejos.com.ar\/2021\/wp-json\/wp\/v2\/posts\/31984","targetHints":{"allow":["GET"]}}],"collection":[{"href":"https:\/\/www.noticiasradioreflejos.com.ar\/2021\/wp-json\/wp\/v2\/posts"}],"about":[{"href":"https:\/\/www.noticiasradioreflejos.com.ar\/2021\/wp-json\/wp\/v2\/types\/post"}],"author":[{"embeddable":true,"href":"https:\/\/www.noticiasradioreflejos.com.ar\/2021\/wp-json\/wp\/v2\/users\/3"}],"replies":[{"embeddable":true,"href":"https:\/\/www.noticiasradioreflejos.com.ar\/2021\/wp-json\/wp\/v2\/comments?post=31984"}],"version-history":[{"count":0,"href":"https:\/\/www.noticiasradioreflejos.com.ar\/2021\/wp-json\/wp\/v2\/posts\/31984\/revisions"}],"wp:attachment":[{"href":"https:\/\/www.noticiasradioreflejos.com.ar\/2021\/wp-json\/wp\/v2\/media?parent=31984"}],"wp:term":[{"taxonomy":"category","embeddable":true,"href":"https:\/\/www.noticiasradioreflejos.com.ar\/2021\/wp-json\/wp\/v2\/categories?post=31984"},{"taxonomy":"post_tag","embeddable":true,"href":"https:\/\/www.noticiasradioreflejos.com.ar\/2021\/wp-json\/wp\/v2\/tags?post=31984"}],"curies":[{"name":"wp","href":"https:\/\/api.w.org\/{rel}","templated":true}]}}