{"id":31981,"date":"2019-06-06T19:46:47","date_gmt":"2019-06-06T22:46:47","guid":{"rendered":"http:\/\/www.noticiasradioreflejos.com.ar\/noticias\/?p=31981"},"modified":"2019-06-06T19:46:47","modified_gmt":"2019-06-06T22:46:47","slug":"modernizacion-del-municipio-reduccion-de-costos-administrativos-y-agilidad-en-los-tramites","status":"publish","type":"post","link":"https:\/\/www.noticiasradioreflejos.com.ar\/2021\/modernizacion-del-municipio-reduccion-de-costos-administrativos-y-agilidad-en-los-tramites\/","title":{"rendered":"Modernizaci\u00f3n del Municipio: reducci\u00f3n de costos administrativos y agilidad en los tr\u00e1mites"},"content":{"rendered":"<p>El Secretario de Desarrollo, Gonzalo Iparraguirre se reuni\u00f3 hoy, jueves 6, con Diego Laborde, L\u00edder de Proyectos de la Direcci\u00f3n de Sistemas de Documentaci\u00f3n Electr\u00f3nica, y con Geraldine Szpaizer, coordinadora de Implementaci\u00f3n Territorial, con el objeto de avanzar en las gestiones para acceder al sistema de Gesti\u00f3n Documental Electr\u00f3nica (GDE).<!--more--><br \/>\nGDE es una plataforma que sirve para gestionar los tr\u00e1mites de la administraci\u00f3n p\u00fablica, en un sistema integrado de caratulaci\u00f3n, numeraci\u00f3n, seguimiento y registraci\u00f3n de movimientos de todas las actuaciones y expedientes del Sector P\u00fablico Nacional.<br \/>\nSumarnos a este sistema implica una importante reducci\u00f3n de los costos administrativos, adem\u00e1s de constituir una herramienta m\u00e1s del proceso de Modernizaci\u00f3n del Estado que apunta a un gobierno m\u00e1s moderno, transparente, eficiente y eficaz.<br \/>\nEl encuentro tuvo lugar en la sede del Ministerio de Modernizaci\u00f3n del Estado en la CABA.<\/p>\n","protected":false},"excerpt":{"rendered":"<p>El Secretario de Desarrollo, Gonzalo Iparraguirre se reuni\u00f3 hoy, jueves 6, con Diego Laborde, L\u00edder de Proyectos de la Direcci\u00f3n de Sistemas de Documentaci\u00f3n Electr\u00f3nica, y con Geraldine Szpaizer, coordinadora de Implementaci\u00f3n Territorial, con el objeto de avanzar en las gestiones para acceder al sistema de Gesti\u00f3n Documental Electr\u00f3nica (GDE).<\/p>\n","protected":false},"author":3,"featured_media":0,"comment_status":"closed","ping_status":"open","sticky":false,"template":"","format":"standard","meta":{"footnotes":""},"categories":[28],"tags":[],"class_list":["post-31981","post","type-post","status-publish","format-standard","hentry","category-municipales"],"yoast_head":"<!-- This site is optimized with the Yoast SEO plugin v25.9 - https:\/\/yoast.com\/wordpress\/plugins\/seo\/ -->\n<title>Modernizaci\u00f3n del Municipio: reducci\u00f3n de costos administrativos y agilidad en los tr\u00e1mites - Noticias Radio Reflejos<\/title>\n<meta name=\"robots\" content=\"index, follow, max-snippet:-1, max-image-preview:large, max-video-preview:-1\" \/>\n<link rel=\"canonical\" href=\"https:\/\/www.noticiasradioreflejos.com.ar\/2021\/modernizacion-del-municipio-reduccion-de-costos-administrativos-y-agilidad-en-los-tramites\/\" \/>\n<meta property=\"og:locale\" content=\"es_ES\" \/>\n<meta property=\"og:type\" content=\"article\" \/>\n<meta property=\"og:title\" content=\"Modernizaci\u00f3n del Municipio: reducci\u00f3n de costos administrativos y agilidad en los tr\u00e1mites - Noticias Radio Reflejos\" \/>\n<meta property=\"og:description\" content=\"El Secretario de Desarrollo, Gonzalo Iparraguirre se reuni\u00f3 hoy, jueves 6, con Diego Laborde, L\u00edder de Proyectos de la Direcci\u00f3n de Sistemas de Documentaci\u00f3n Electr\u00f3nica, y con Geraldine Szpaizer, coordinadora de Implementaci\u00f3n Territorial, con el objeto de avanzar en las gestiones para acceder al sistema de Gesti\u00f3n Documental Electr\u00f3nica (GDE).\" \/>\n<meta property=\"og:url\" content=\"https:\/\/www.noticiasradioreflejos.com.ar\/2021\/modernizacion-del-municipio-reduccion-de-costos-administrativos-y-agilidad-en-los-tramites\/\" \/>\n<meta property=\"og:site_name\" content=\"Noticias Radio Reflejos\" \/>\n<meta property=\"article:published_time\" content=\"2019-06-06T22:46:47+00:00\" \/>\n<meta property=\"og:image\" content=\"https:\/\/www.noticiasradioreflejos.com.ar\/2021\/wp-content\/uploads\/2021\/07\/logosol300x200.png\" \/>\n\t<meta property=\"og:image:width\" content=\"300\" \/>\n\t<meta property=\"og:image:height\" content=\"200\" \/>\n\t<meta property=\"og:image:type\" content=\"image\/png\" \/>\n<meta name=\"author\" content=\"Arnaldo Botto\" \/>\n<meta name=\"twitter:card\" content=\"summary_large_image\" \/>\n<script type=\"application\/ld+json\" class=\"yoast-schema-graph\">{\"@context\":\"https:\/\/schema.org\",\"@graph\":[{\"@type\":\"WebPage\",\"@id\":\"https:\/\/www.noticiasradioreflejos.com.ar\/2021\/modernizacion-del-municipio-reduccion-de-costos-administrativos-y-agilidad-en-los-tramites\/\",\"url\":\"https:\/\/www.noticiasradioreflejos.com.ar\/2021\/modernizacion-del-municipio-reduccion-de-costos-administrativos-y-agilidad-en-los-tramites\/\",\"name\":\"Modernizaci\u00f3n del Municipio: reducci\u00f3n de costos administrativos y agilidad en los tr\u00e1mites - Noticias Radio Reflejos\",\"isPartOf\":{\"@id\":\"https:\/\/www.noticiasradioreflejos.com.ar\/2021\/#website\"},\"datePublished\":\"2019-06-06T22:46:47+00:00\",\"author\":{\"@id\":\"https:\/\/www.noticiasradioreflejos.com.ar\/2021\/#\/schema\/person\/ad82545263dcc5ec0996818884fd5fb1\"},\"breadcrumb\":{\"@id\":\"https:\/\/www.noticiasradioreflejos.com.ar\/2021\/modernizacion-del-municipio-reduccion-de-costos-administrativos-y-agilidad-en-los-tramites\/#breadcrumb\"},\"inLanguage\":\"es\",\"potentialAction\":[{\"@type\":\"ReadAction\",\"target\":[\"https:\/\/www.noticiasradioreflejos.com.ar\/2021\/modernizacion-del-municipio-reduccion-de-costos-administrativos-y-agilidad-en-los-tramites\/\"]}]},{\"@type\":\"BreadcrumbList\",\"@id\":\"https:\/\/www.noticiasradioreflejos.com.ar\/2021\/modernizacion-del-municipio-reduccion-de-costos-administrativos-y-agilidad-en-los-tramites\/#breadcrumb\",\"itemListElement\":[{\"@type\":\"ListItem\",\"position\":1,\"name\":\"Portada\",\"item\":\"https:\/\/www.noticiasradioreflejos.com.ar\/2021\/\"},{\"@type\":\"ListItem\",\"position\":2,\"name\":\"Modernizaci\u00f3n del Municipio: reducci\u00f3n de costos administrativos y agilidad en los tr\u00e1mites\"}]},{\"@type\":\"WebSite\",\"@id\":\"https:\/\/www.noticiasradioreflejos.com.ar\/2021\/#website\",\"url\":\"https:\/\/www.noticiasradioreflejos.com.ar\/2021\/\",\"name\":\"Noticias Radio Reflejos\",\"description\":\"Las noticias de mi comarca\",\"potentialAction\":[{\"@type\":\"SearchAction\",\"target\":{\"@type\":\"EntryPoint\",\"urlTemplate\":\"https:\/\/www.noticiasradioreflejos.com.ar\/2021\/?s={search_term_string}\"},\"query-input\":{\"@type\":\"PropertyValueSpecification\",\"valueRequired\":true,\"valueName\":\"search_term_string\"}}],\"inLanguage\":\"es\"},{\"@type\":\"Person\",\"@id\":\"https:\/\/www.noticiasradioreflejos.com.ar\/2021\/#\/schema\/person\/ad82545263dcc5ec0996818884fd5fb1\",\"name\":\"Arnaldo Botto\",\"image\":{\"@type\":\"ImageObject\",\"inLanguage\":\"es\",\"@id\":\"https:\/\/www.noticiasradioreflejos.com.ar\/2021\/#\/schema\/person\/image\/\",\"url\":\"https:\/\/secure.gravatar.com\/avatar\/55cb5e37c1efa326397366e6974cb338056df65cb50e7d64d1cf314e87504837?s=96&d=mm&r=g\",\"contentUrl\":\"https:\/\/secure.gravatar.com\/avatar\/55cb5e37c1efa326397366e6974cb338056df65cb50e7d64d1cf314e87504837?s=96&d=mm&r=g\",\"caption\":\"Arnaldo Botto\"},\"url\":\"https:\/\/www.noticiasradioreflejos.com.ar\/2021\/author\/arnaldo\/\"}]}<\/script>\n<!-- \/ Yoast SEO plugin. -->","yoast_head_json":{"title":"Modernizaci\u00f3n del Municipio: reducci\u00f3n de costos administrativos y agilidad en los tr\u00e1mites - Noticias Radio Reflejos","robots":{"index":"index","follow":"follow","max-snippet":"max-snippet:-1","max-image-preview":"max-image-preview:large","max-video-preview":"max-video-preview:-1"},"canonical":"https:\/\/www.noticiasradioreflejos.com.ar\/2021\/modernizacion-del-municipio-reduccion-de-costos-administrativos-y-agilidad-en-los-tramites\/","og_locale":"es_ES","og_type":"article","og_title":"Modernizaci\u00f3n del Municipio: reducci\u00f3n de costos administrativos y agilidad en los tr\u00e1mites - Noticias Radio Reflejos","og_description":"El Secretario de Desarrollo, Gonzalo Iparraguirre se reuni\u00f3 hoy, jueves 6, con Diego Laborde, L\u00edder de Proyectos de la Direcci\u00f3n de Sistemas de Documentaci\u00f3n Electr\u00f3nica, y con Geraldine Szpaizer, coordinadora de Implementaci\u00f3n Territorial, con el objeto de avanzar en las gestiones para acceder al sistema de Gesti\u00f3n Documental Electr\u00f3nica (GDE).","og_url":"https:\/\/www.noticiasradioreflejos.com.ar\/2021\/modernizacion-del-municipio-reduccion-de-costos-administrativos-y-agilidad-en-los-tramites\/","og_site_name":"Noticias Radio Reflejos","article_published_time":"2019-06-06T22:46:47+00:00","og_image":[{"width":300,"height":200,"url":"https:\/\/www.noticiasradioreflejos.com.ar\/2021\/wp-content\/uploads\/2021\/07\/logosol300x200.png","type":"image\/png"}],"author":"Arnaldo Botto","twitter_card":"summary_large_image","schema":{"@context":"https:\/\/schema.org","@graph":[{"@type":"WebPage","@id":"https:\/\/www.noticiasradioreflejos.com.ar\/2021\/modernizacion-del-municipio-reduccion-de-costos-administrativos-y-agilidad-en-los-tramites\/","url":"https:\/\/www.noticiasradioreflejos.com.ar\/2021\/modernizacion-del-municipio-reduccion-de-costos-administrativos-y-agilidad-en-los-tramites\/","name":"Modernizaci\u00f3n del Municipio: reducci\u00f3n de costos administrativos y agilidad en los tr\u00e1mites - Noticias Radio Reflejos","isPartOf":{"@id":"https:\/\/www.noticiasradioreflejos.com.ar\/2021\/#website"},"datePublished":"2019-06-06T22:46:47+00:00","author":{"@id":"https:\/\/www.noticiasradioreflejos.com.ar\/2021\/#\/schema\/person\/ad82545263dcc5ec0996818884fd5fb1"},"breadcrumb":{"@id":"https:\/\/www.noticiasradioreflejos.com.ar\/2021\/modernizacion-del-municipio-reduccion-de-costos-administrativos-y-agilidad-en-los-tramites\/#breadcrumb"},"inLanguage":"es","potentialAction":[{"@type":"ReadAction","target":["https:\/\/www.noticiasradioreflejos.com.ar\/2021\/modernizacion-del-municipio-reduccion-de-costos-administrativos-y-agilidad-en-los-tramites\/"]}]},{"@type":"BreadcrumbList","@id":"https:\/\/www.noticiasradioreflejos.com.ar\/2021\/modernizacion-del-municipio-reduccion-de-costos-administrativos-y-agilidad-en-los-tramites\/#breadcrumb","itemListElement":[{"@type":"ListItem","position":1,"name":"Portada","item":"https:\/\/www.noticiasradioreflejos.com.ar\/2021\/"},{"@type":"ListItem","position":2,"name":"Modernizaci\u00f3n del Municipio: reducci\u00f3n de costos administrativos y agilidad en los tr\u00e1mites"}]},{"@type":"WebSite","@id":"https:\/\/www.noticiasradioreflejos.com.ar\/2021\/#website","url":"https:\/\/www.noticiasradioreflejos.com.ar\/2021\/","name":"Noticias Radio Reflejos","description":"Las noticias de mi comarca","potentialAction":[{"@type":"SearchAction","target":{"@type":"EntryPoint","urlTemplate":"https:\/\/www.noticiasradioreflejos.com.ar\/2021\/?s={search_term_string}"},"query-input":{"@type":"PropertyValueSpecification","valueRequired":true,"valueName":"search_term_string"}}],"inLanguage":"es"},{"@type":"Person","@id":"https:\/\/www.noticiasradioreflejos.com.ar\/2021\/#\/schema\/person\/ad82545263dcc5ec0996818884fd5fb1","name":"Arnaldo Botto","image":{"@type":"ImageObject","inLanguage":"es","@id":"https:\/\/www.noticiasradioreflejos.com.ar\/2021\/#\/schema\/person\/image\/","url":"https:\/\/secure.gravatar.com\/avatar\/55cb5e37c1efa326397366e6974cb338056df65cb50e7d64d1cf314e87504837?s=96&d=mm&r=g","contentUrl":"https:\/\/secure.gravatar.com\/avatar\/55cb5e37c1efa326397366e6974cb338056df65cb50e7d64d1cf314e87504837?s=96&d=mm&r=g","caption":"Arnaldo Botto"},"url":"https:\/\/www.noticiasradioreflejos.com.ar\/2021\/author\/arnaldo\/"}]}},"_links":{"self":[{"href":"https:\/\/www.noticiasradioreflejos.com.ar\/2021\/wp-json\/wp\/v2\/posts\/31981","targetHints":{"allow":["GET"]}}],"collection":[{"href":"https:\/\/www.noticiasradioreflejos.com.ar\/2021\/wp-json\/wp\/v2\/posts"}],"about":[{"href":"https:\/\/www.noticiasradioreflejos.com.ar\/2021\/wp-json\/wp\/v2\/types\/post"}],"author":[{"embeddable":true,"href":"https:\/\/www.noticiasradioreflejos.com.ar\/2021\/wp-json\/wp\/v2\/users\/3"}],"replies":[{"embeddable":true,"href":"https:\/\/www.noticiasradioreflejos.com.ar\/2021\/wp-json\/wp\/v2\/comments?post=31981"}],"version-history":[{"count":0,"href":"https:\/\/www.noticiasradioreflejos.com.ar\/2021\/wp-json\/wp\/v2\/posts\/31981\/revisions"}],"wp:attachment":[{"href":"https:\/\/www.noticiasradioreflejos.com.ar\/2021\/wp-json\/wp\/v2\/media?parent=31981"}],"wp:term":[{"taxonomy":"category","embeddable":true,"href":"https:\/\/www.noticiasradioreflejos.com.ar\/2021\/wp-json\/wp\/v2\/categories?post=31981"},{"taxonomy":"post_tag","embeddable":true,"href":"https:\/\/www.noticiasradioreflejos.com.ar\/2021\/wp-json\/wp\/v2\/tags?post=31981"}],"curies":[{"name":"wp","href":"https:\/\/api.w.org\/{rel}","templated":true}]}}