{"id":31968,"date":"2019-06-06T12:14:27","date_gmt":"2019-06-06T15:14:27","guid":{"rendered":"http:\/\/www.noticiasradioreflejos.com.ar\/noticias\/?p=31968"},"modified":"2019-06-06T12:14:27","modified_gmt":"2019-06-06T15:14:27","slug":"informe-sesion-extraordinaria-del-30-de-mayo","status":"publish","type":"post","link":"https:\/\/www.noticiasradioreflejos.com.ar\/2021\/informe-sesion-extraordinaria-del-30-de-mayo\/","title":{"rendered":"Informe Sesi\u00f3n Extraordinaria del 30 de mayo."},"content":{"rendered":"<p>El d\u00eda jueves 30 de mayo por Decreto N\u00ba 07\/19 se Convoca a Sesi\u00f3n Extraordinaria para tratar el siguiente tema:<br \/>\n\u2022\tExpte. N\u00ba 082\/19: D.E. Convalida la firma del Contrato de locaci\u00f3n celebrado e\/la Sra. Silvia Guieu y el Municipio de Tornquist.<br \/>\nEste Expediente tiene dos dict\u00e1menes:<!--more--><br \/>\n1\u00ba DICTAMEN:<br \/>\nLas Comisiones de PRESUPUESTO Y HACIENDA (en mayor\u00eda), INTERPRETACI\u00d3N Y REGLAMENTO (en mayor\u00eda)  habiendo analizado el Expte. N\u00ba 082\/19, aconsejan aprobar el Proyecto de Ordenanza obrante a foja. 1.-<br \/>\n2\u00ba DICTAMEN:<br \/>\nLas Comisiones de PRESUPUESTO Y HACIENDA (en minor\u00eda), e INTERPRETACI\u00d3N Y REGLAMENTO (en minor\u00eda), habiendo analizado el expediente N\u00b0082\/19 aconsejan no aprobar el mismo por los motivos que a continuaci\u00f3n se detallan:<br \/>\n-Se observa un excesivo precio en el valor del alquiler ($264.000 anuales pagaderos en 12 cuotas mensuales de $22.000) el cual incluye solamente parte de un inmueble (hall de entrada, living, cocina, dos dormitorios y un ba\u00f1o) ubicado en calle Ventura Picado N\u00b0 111 de la localidad de Tornquist.<br \/>\n-El convenio fue firmado el 1 de abril de 2019 y dicho expediente ingres\u00f3 al Honorable Concejo Deliberante para su tratamiento el d\u00eda 13 de mayo del corriente.<br \/>\n-Sumado al elevado monto de $22.000 mensuales, el inmueble est\u00e1 siendo refaccionado con recursos municipales sin haber estado convalidada la firma del contrato.<br \/>\n-Consideramos innecesario que se alquile un nuevo inmueble debido a que el Municipio dispone de dependencias que podr\u00edan ser usadas para uso municipal; entre otros,  el local alquilado en Avda. Moreno N\u00b0 994 de la localidad de Tornquist a partir del 1 de diciembre de 2018 y que no est\u00e1 siendo utilizado aun pagando desde hace seis meses.<br \/>\nPor lo expuesto anteriormente y por la responsabilidad que nos compete en nuestra funci\u00f3n de controlar el uso que el Departamento Ejecutivo hace de los recursos de todos los vecinos, decidimos no aprobar la convalidaci\u00f3n de la firma del contrato de locaci\u00f3n celebrado entre la Sra. Silvia Mabel Guieu y el Municipio de Tornquist.<br \/>\nConcejal L\u00f6ffler Guillermo:<br \/>\n \u201cSi yo antes de que se vote quisiera saber qu\u00e9 argumentos son, qu\u00e9 an\u00e1lisis hizo, hicieron los concejales para aconsejar aprobar el expediente porque no est\u00e1 expuesto y dice que se hizo un an\u00e1lisis.  Ellos dicen que aconsejan aprobar, me gustar\u00eda en base a qu\u00e9,  porque nosotros expusimos el por qu\u00e9 no acompa\u00f1amos, me gustar\u00eda saber en base a que aconsejan acompa\u00f1ar. Nada m\u00e1s se\u00f1ora Presidente.<br \/>\nConcejal Bassi Sebasti\u00e1n:<br \/>\n\u201cEn respuesta a lo solicitado por el Concejal L\u00f6ffler tenemos documentaci\u00f3n respaldatoria que si me permite voy a proceder a leerla donde adem\u00e1s del criterio en que se expide una de las inmobiliarias tambi\u00e9n hay presupuestos oficiales de materiales y mano de obra de lo que llevar\u00eda la refacci\u00f3n para que no se alquile tal inmueble. Entonces dar\u00eda lectura al criterio que se expidi\u00f3 la inmobiliaria en solicitud del Secretario de Gobierno que dice as\u00ed: La Inmobiliaria es Campos y esto voy a pedir que se anexa al Expediente que estamos tratando.  Inmobiliaria dice as\u00ed: \u201cConforme a lo solicitado el Secretario de Gobierno y Hacienda Ezequiel Rom\u00e1n Gabella pasamos a informar aspectos relacionados a la locaci\u00f3n del inmueble ubicado en Ventura Picado 111 de esta localidad.  en primer lugar cabe destacar que dicho inmueble est\u00e1 ubicado en zona c\u00e9ntrica lo que  hace que su valor sea m\u00e1s elevado que una vivienda de similares caracter\u00edsticas ubicado en otras zonas de la localidad. Tambi\u00e9n es necesario aclarar que el inmueble en cuesti\u00f3n cumple con las caracter\u00edsticas adecuadas para un uso administrativo por las disposiciones de  sus ambientes, distribuci\u00f3n y proximidad a las dem\u00e1s dependencias municipales,  aspecto necesario para el trabajo diario del municipio.  Que nuestro trabajo diario nos permite afirmar que no existe disponibilidad de inmuebles que cumplan con las necesidades del municipio en cuanto a dimensiones y ubicaci\u00f3n, siendo este inmueble el \u00fanico que esta casa inmobiliaria tiene disponible con estas caracter\u00edsticas. Esperando haber satisfecho vuestra inquietud y quedando a sus \u00f3rdenes para ampliar esta informaci\u00f3n en la medida y proporci\u00f3n de sus deseos s\u00f3lo nos resta saludarle con la estima y consideraci\u00f3n que nos merece.  Un saludo Leandro Campos\u201d. Se han hecho averiguaciones en otras inmobiliarias y respondieron lo mismo, no tenemos esa formalidad. Y referente al presupuesto de refacci\u00f3n simplemente tambi\u00e9n pedimos que se adjunta al Expediente, en materiales hay un presupuesto oficial que cotiza $411.170 y de mano de obra que est\u00e1 en el detalle del trabajo a realizar en esa superficie son $600.000. Las razones que queremos adjuntar y avalamos el Expediente para que se alquile esta casa. Nada m\u00e1s  se\u00f1ora Presidente\u201d.<br \/>\nConcejal L\u00f6ffler Guillermo:<br \/>\n\u201cSi, ah\u00ed lo que dec\u00eda el informe que le\u00eda el Concejal Bassi es respecto a una inmobiliaria. Nosotros hemos visto y sabemos que hay,  hay lugares para alquilar mucho m\u00e1s barato,  sabemos que el alquiler de esa vivienda que est\u00e1 alquilando  el municipio est\u00e1 en el doble de su valor, ya lo hemos planteado. Sabemos que en el municipio hay lugar para ubicar estas dos oficinas, es m\u00e1s sin irnos muy lejos dentro del Concejo Deliberante hay dos oficinas disponibles. Estamos hablando con proveedores que no les pagan porque dicen que no hay dinero, y  estamos malgastando el dinero de todos los vecinos en un capricho o en un amiguismo y estamos pagando el doble de lo que realmente vale,  el doble teniendo lugares disponibles. Tambi\u00e9n  planteamos de que las oficinas mientras se hace el arreglo, porque el arreglo de esa casa hay que hacerlo, yo lo que he visto me parece que no es tanto, me parece que el presupuesto oficial est\u00e1 bastante sobrevaluado porque hoy fui a ver la casa,  me parece que est\u00e1 por dem\u00e1s sobrevaluado, porque son dos oficinas supuestamente a las que se les va a caer el techo y el resto lo est\u00e1n usando. O  si no corremos peligro con los chicos de la Escuela Orquesta, que se le caiga el techo encima, \u00bfqu\u00e9, a los chicos los dejamos? Si hay tanto riesgo de que se caiga el techo encima, tenemos un mont\u00f3n de chicos qu\u00e9 van a la Escuela Orquesta y no nos importa, nos importa nada m\u00e1s que solamente dos oficinas. Cuando preguntamos eso en su momento nos dijeron: \u201cno,  no es todo\u201d, entonces  no nos pasen el presupuesto por todo el edificio,  pasen el presupuesto por las oficinas que supuestamente dicen que corren riesgo. Y de alguna forma hay que arreglarlo porque la vivienda la vamos a seguir alquilando. De la otra forma si salimos a alquilar otra vivienda es otro gasto y no estamos solucionando el lugar que est\u00e1 estropeado y lo vamos a seguir pagando, vamos a seguir pagando en vez de un alquiler, dos alquileres, ni hablar del monto del segundo alquiler, estamos hablando casi de tres alquileres. Y y recordemos que en la Avenida Moreno tenemos desde diciembre alquilado un local que est\u00e1 vac\u00edo, que iba a ir  la f\u00e1brica, por cierto motivo todav\u00eda no ha llegado, pero no sabemos cu\u00e1nto tiempo va a estar vac\u00edo. Por qu\u00e9 mientras tanto, nosotros lo hemos planteado, no usamos ese lugar que no tendr\u00edamos que pagar nada, porque  ya lo estamos pagando, ya gastamos casi $120000 desde el mes de diciembre y no lo  estamos usando,  para tener nada. Entonces, a ver, cuando nosotros siempre ponemos y decimos que es una administraci\u00f3n muy mala, que es el peor gobierno de la historia con todos estos hechos queda demostrado, queda demostrado que es el peor gobierno de la historia, que malgastamos la plata de los vecinos. No se le paga a los proveedores porque no hay plata y alquilamos una casa en el doble de su valor. Entonces nosotros tambi\u00e9n consultamos a inmobiliarias, y las inmobiliarias te dicen que ese es un valor excesivamente excesivo, porque es una locura, por eso lo planteo as\u00ed, porque estamos hablando del doble de lo que tendr\u00eda que  valer, $22000 por mes, hall de entrada, dos habitaciones un ba\u00f1o y una cocina, qu\u00e9 siquiera estaba pintado y que el municipio con recursos propios, de todos los vecinos, tuvimos que arreglarlo, tuvimos que pintarlo, adem\u00e1s de pagar el doble. O sea creo que si pagamos $22000 por mes, estamos pagando el doble,  lo m\u00ednimo que tendr\u00eda que haber estado, tendr\u00eda que haber  estado impecable el lugar, \u00bfno? Entonces a m\u00ed me llama la atenci\u00f3n que defendamos algo que es indefendible, nos tenemos que poner en el  bolsillo de la gente,  despu\u00e9s la gente \u00bfqu\u00e9 hacemos?, \u00bfno hay dinero?, a la gente que no tiene,  que necesita una garrafa,  le dicen que no hay plata en algunos casos, no digo en todos, porque en muchos casos se ayuda,  pero hay casos que no, y que se plantea que no hay dinero. A los proveedores se les dice que no hay dinero y tenemos plata en plazo fijo y  ganamos intereses usando la plata de los proveedores. Y ahora pagamos un alquiler el doble, $22000 por mes, $22000 por mes,  es algo que me parece que no se puede acompa\u00f1ar, m\u00e1s all\u00e1 de que tengamos que responder a alguien, a un Ejecutivo, creo que hay que decir, y  aparte otra cosa quiero aclarar, todav\u00eda no entramos a la casa y ya le debemos $44000 porque ya se deben 2 meses m\u00e1s todos los gastos que tuvimos en pintura, en arreglarla, a ver, eso es  malgastar el dinero. \u00bfC\u00f3mo no vamos a cerrar con excesos? Porque, a ver,  es cierto que hay una inflaci\u00f3n y que los presupuestos siempre van a ser m\u00e1s altos, y que los presupuestos municipales se van, a se van a disparar, esto es una realidad, pero cuando lo hacemos as\u00ed, lo hacemos mucho m\u00e1s extensivo. Entonces quer\u00eda aclarar esto, quer\u00eda saber el por qu\u00e9 lo defend\u00edan, la verdad,  pens\u00e9 que pod\u00eda ser algo l\u00f3gico,  por eso lo planteamos antes de la aprobaci\u00f3n de los dict\u00e1menes, por eso queremos saber de qu\u00e9 se trataba, de qu\u00e9 an\u00e1lisis se hab\u00eda hecho, pero la verdad esto no deja de ser m\u00e1s que aprobar algo que viene del Ejecutivo, que viene con una orden, porque cuando lo estuvimos hablando en su momento hab\u00eda cosas que no se sab\u00edan, cosa que dijeron: \u201cno tienen raz\u00f3n\u201d. Por algo esto se dej\u00f3, no se trat\u00f3 el martes, pens\u00e9 que hab\u00eda un justificativo, algo m\u00e1s importante para aclarar o algo que realmente no me imaginaba qu\u00e9,  pero que realmente lo justificaba. Pero hay locales para alquilar, alrededor de la plaza, alrededor de la plaza hay una casa, a 100 metros de la casa que alquilamos  hay un local nuevo, tambi\u00e9n hecho, que tambi\u00e9n podr\u00edan funcionar, pero tambi\u00e9n vemos que no es necesario alquilar, tenemos lugares, tenemos lugar en el municipio. \u00bfSe acuerdan cuando se prendi\u00f3 fuego abajo, parte del edificio de recaudaci\u00f3n?, \u00bfcu\u00e1nto tiempo estuvo la gente de recaudaci\u00f3n  que son un mont\u00f3n de chicas trabajando en la Sala de Situaciones mientras se reparaba? \u00bfPor qu\u00e9 no hacemos algo similar? Por qu\u00e9 no ahorramos la plata o la usamos en los casos que sea necesario usarla, porque cuando abunda bien, pero en esta \u00e9poca que estamos la verdad el dinero no abunda y escasea, y hay gente que la est\u00e1 pasando mal, la est\u00e1 pasando mal y  estamos nosotros como Concejales somos responsables de hacer este control. Lo dijimos lo informamos pero bueno veo que esto sigue siendo un o\u00eddos sordos a la oposici\u00f3n y tipo una escriban\u00eda, por m\u00e1s que por ah\u00ed se enojen algunos Concejales,  una escriban\u00eda al ejecutivo nada m\u00e1s se\u00f1ora Presidente\u201d.<br \/>\nConcejal Bassi Sebasti\u00e1n:<br \/>\n\u201cVarias cuestiones a aclarar. En primer lugar nos hubiese gustado que de haber alg\u00fan otro inmueble, hubiesen adjuntado la documentaci\u00f3n que lo avale, que lo afirme y que lo acompa\u00f1e. Porque de palabra, que me dijo un vecino, cuando se lo solicitamos la reuni\u00f3n anterior, dijeron que estaba,  pero bueno, de palabra no tiene validez. Eso por un lado,  cuesti\u00f3n que el motivo que nos urge es que hay ah\u00ed compa\u00f1eros municipales trabajando y hay que mudarlos temporariamente, a partir del d\u00eda de ayer o de hoy ya est\u00e1 funcionando ac\u00e1. El ala,  tambi\u00e9n dejar claro que el ala o la dependencia donde trabaja la escuela, la Polic\u00eda la Mujer no correr\u00eda riesgo de acuerdo a lo informado por la secretaria de Obras P\u00fablicas y que era inminente. Nosotros nos apoyamos y buscamos el aval del caso, en  la reuni\u00f3n anterior tambi\u00e9n pudi\u00e9ndolo, haber, en la Sesi\u00f3n que pudimos haber hecho una Sesi\u00f3n Extraordinaria y sacarlo por mayor\u00eda, tuvimos la mesura de ir a lo concreto a los papeles y a los avales. No coincido en ninguno de los conceptos con el Concejal L\u00f6ffler, tambi\u00e9n quiero expresar en este momento que estoy cansado, saturado de que digan que es el peor gobierno de la historia cuando hay que  tener memoria y creo que mucha, si estamos en este presente que es cr\u00edtico es porque hubo una banda de delincuentes a todo nivel que nos llev\u00f3 a este presente, y no hay que olvidarse, nadie es paracaidista ac\u00e1,  somos producto de un proceso. Nada m\u00e1s se\u00f1or Presidente\u201d.<br \/>\nConcejal L\u00f6ffler Guillermo:<br \/>\n\u201cSi tiene algo que decir del gobierno anterior municipal que haga la denuncia, \u00bfno?,  porque me trato delincuente el se\u00f1or, porque yo fui parte del gobierno anterior. Y despu\u00e9s le quiero decir que el ala d\u00f3nde est\u00e1n los chicos de la Escuela Orquesta no tiene riesgo, no s\u00e9 si la conoce la casa, el se\u00f1or Bassi, o le dicen lo que tiene que decir, y  dice cualquier cosa, si eso no tiene riesgo qu\u00e9 es lo que est\u00e1 pegado estamos hablando de un presupuesto que est\u00e1n pasando de $1.000.000 para cambiar el techo, de  4 metros por 8 como mucho, por 32  metros cuadrados un mill\u00f3n de pesos est\u00e1n pasando, \u00bfno? Entonces porque est\u00e1 pegada, me parece que el se\u00f1or Bassi habla por lo que le dicen que tiene que decir y no conoce el lugar, no lo fue a ver ni nada.  Entonces la verdad sigo insistiendo casi que es peor que una escriban\u00eda esto, porque encima no le dicen lo que tienen que hacer, sino hasta lo que tiene que decir. Nada m\u00e1s se\u00f1ora Presidente\u201d.<br \/>\nConcejal Bassi Sebasti\u00e1n:<br \/>\n\u201cEn primer lugar no quise faltar el respeto directamente  a cualquiera de los presentes sino como se dice popularmente al que le quepa el Sayo que se lo ponga. No me dicen a m\u00ed que tengo que decir ese edificio recuerdo que fui dos a\u00f1os parte del Ejecutivo y lo visitaba porque con Juventud trabaj\u00e1bamos, y bueno,  claramente no vamos a tener coincidencia. Nada m\u00e1s se\u00f1ora Presidente\u201d.<br \/>\nConcejal Sagredo M\u00f3nica:<br \/>\n\u201cAdem\u00e1s de por supuesto estar totalmente de acuerdo con todo lo que ha dicho el Concejal L\u00f6ffler en nombre de nuestros Bloques, hay algo que me llama la atenci\u00f3n y es que la semana pasada en la reuni\u00f3n de trabajo en la reuni\u00f3n de trabajo en la que  se iba a hacer  una Sesi\u00f3n Extraordinaria porque hab\u00eda que aprobar S\u00ed o s\u00ed este Expediente cuando nosotros expusimos todos los argumentos por los  que no lo acompa\u00f1aba no s\u00e9 si todo pero s\u00ed algunos concejales del oficialismo reconocieron como que bueno no,  no puede ser,  tambi\u00e9n nos plantearon esto de proponer otro alquiler,  lo hicimos y la verdad es que a nosotros no nos corresponde ir a buscar un alquiler, y no tendr\u00eda sentido hacerlo tampoco aunque hemos estado averiguando porque repito lo que dijo varias es el Concejal L\u00f6ffler, el contrato de alquiler del inmueble  fue firmado por el se\u00f1or Intendente Municipal y la se\u00f1ora Guieu el primero de abril del 2019, y el Expediente para la convalidaci\u00f3n subi\u00f3 el 13 de mayo, dos meses m\u00e1s tarde, o sea dos meses ya debemos de alquiler,  pero adem\u00e1s habiendo tenido una Sesi\u00f3n la semana pasada y teniendo una Sesi\u00f3n Ordinaria la semana que viene hubo durante estos d\u00edas y me gustar\u00eda que esto se conozca y que se haga p\u00fablico se\u00f1ora Presidenta, porque durante estos d\u00edas hemos tenido varios llamados a Sesiones Extraordinarias para el tratamiento urgente de algunos expedientes y entre ellos iba quedando este. Anoche, me gustar\u00eda que se haga p\u00fablica esta informaci\u00f3n y el acta que se hizo correspondiente, anoche se debi\u00f3 levantar una sesi\u00f3n por falta de qu\u00f3rum \u00bfs\u00ed? pasados ya m\u00e1s de 30 minutos como lo establece el art\u00edculo 19 de la Ley Org\u00e1nica de las Municipalidades porque los Concejales de Cambiemos llegaron una hora m\u00e1s tarde. Se debi\u00f3 levantar una Sesi\u00f3n Extraordinaria pedida por el Ejecutivo Municipal por falta de qu\u00f3rum que no fue dada por los Concejales de Cambiemos,  cuando los Concejales de la oposici\u00f3n est\u00e1bamos desde las 19 horas sentados ac\u00e1 analizando el expediente que se iba a tratar uno de los expedientes,  adem\u00e1s se le hab\u00eda sumado este que estamos tratando hoy. No s\u00f3lo eso y creo que tambi\u00e9n vale la pena aclararlo,  en la convocatoria de ayer no recuerdo el n\u00famero del expediente que se trataba, pero la solicitud del se\u00f1or Secretario de Gobierno hab\u00eda sido que era urgente, porque se trataba de un subsidio de $5.300.000 para transporte escolar.  Por supuesto que estuvimos de acuerdo en que deb\u00eda tratarse,  deb\u00eda aprobarse, s\u00ed nos llam\u00f3 la atenci\u00f3n la urgencia porque estaba firmada por el se\u00f1or Intendente Sergio Bordoni, que est\u00e1 ya culminando su licencia. Entonces si estaba firmado antes de salir de licencia \u00bfc\u00f3mo es que de pronto surge la urgencia de tener que convocar a una Sesi\u00f3n Extraordinaria? que repito finalmente no se llev\u00f3 a cabo.  No s\u00f3lo eso, el planteo verbal del Secretario de Gobierno fue que era urgente porque se trataba de un dinero que ten\u00eda que venir para finalizar la construcci\u00f3n de la escuela 5 y la escuela 21 de Villa Ventana.  la sorpresa fue que al subir el expediente nos encontramos con que no ten\u00eda nada que ver con eso, por lo cual consultamos telef\u00f3nicamente en esa hora y media que estuvimos esperando para poder sesionar, consultamos telef\u00f3nicamente al Secretario de Gobierno, incluso \u00e9l se hizo presente tambi\u00e9n ac\u00e1 en el Concejo Deliberante y \u00e9l nos pidi\u00f3 disculpas porque fue un error, porque se equivocaron, fotocopiaron  otro expediente,  pens\u00f3 que era uno y era otro, fue un error, mandaron otro expediente, pero que tambi\u00e9n era urgente. Todo eso lo aceptamos y lo aprobamos,  aceptamos una Sesi\u00f3n Extraordinaria esta ma\u00f1ana para que salga aprobado ese expediente que era tan urgente porque deb\u00eda  enviarse a La Plata para que llegue el dinero correspondiente. Nos volvieron a convocar con urgencia esta tarde para tratar este expediente del alquiler de la casa que insistimos,  se deben ya  2 meses porque est\u00e1 firmado el primero de abril, entonces sinceramente creo que esto es una falta de respeto hacia la Instituci\u00f3n que es el Concejo Deliberante. Nosotros somos Concejales y elegidos por el pueblo y es nuestra responsabilidad y nuestra obligaci\u00f3n estar presentes cada vez que se nos convoque, pero eso no quiere decir que vayamos a aceptar que se haga un manejo como el que se est\u00e1 haciendo de los tiempos y de la instituci\u00f3n nada m\u00e1s se\u00f1ora Presidente\u201d.<br \/>\nConcejal Bassi Sebasti\u00e1n:<br \/>\n\u201cEn  ning\u00fan momento se quiso faltar el respeto o se est\u00e1 haciendo mal manejo, con respecto al expediente de convocatoria que se aprob\u00f3 esta ma\u00f1ana la urgencia databa porque viajaba compa\u00f1eros municipales a La Plata y lo quer\u00edan llevar y presentar, pero claramente estamos en la previa de una campa\u00f1a electoral y lo que muchas veces dec\u00edamos de sumar, de trabajar juntos, hoy queda en saco roto, porque como dec\u00edamos ayer y hay que tener en claro y tambi\u00e9n que conste, por lo menos a m\u00ed me gustar\u00eda. M\u00e1s de una vez tambi\u00e9n hemos esperado y nadie dec\u00eda ni \u201ca\u201d y bueno y hab\u00eda buen clima y ayer salen de la nada con el reglamento bajo el brazo, obviamente ten\u00edamos razones. Reitero,  no fue ninguna falta de respeto porque lo hablamos con la Presidente que nos esper\u00f3, pero al ser Extraordinaria tuvimos distintas vicisitudes.  Pero bueno, nada, una l\u00e1stima porque yo soy de la idea y creo que muchos que estamos ni hablar al servicio, estamos de paso ac\u00e1,  y esto, lo que sucedi\u00f3 ayer cambia el clima y la manera de trabajar, y uno no lo desea, uno no es as\u00ed y mis compa\u00f1eros tampoco, sea la hora, el d\u00eda, no lo tomamos personal, seamos oficialismo o seamos oposici\u00f3n, pero bueno, lo bueno es que cada cual muestra su manera de ser o de trabajar o c\u00f3mo quiere seguir. Nada m\u00e1s\u201d.<br \/>\nConcejal L\u00f6ffler Guillermo:<br \/>\n\u201cYo lo que quiero aclarar, a lo que se refer\u00eda mi compa\u00f1era M\u00f3nica, es que, a ver, nosotros ten\u00edamos compromisos que fueron planteados que no pod\u00edamos m\u00e1s tarde, porque primero se hab\u00eda hablado de 8:30 le dijimos que no pod\u00edamos porque nosotros hab\u00edamos dicho a las 7:00, porque despu\u00e9s tarde ten\u00edamos otros compromisos, porque cuando es una Extraordinaria cada cual tiene su vida y tiene sus compromisos. Se acord\u00f3 7:30,  se acord\u00f3 7:30,  nosotros vinimos a las 7 porque a las 8 nos ten\u00edamos que ir,  dos de nosotros nos ten\u00edamos que ir porque ten\u00edamos otros compromisos se acord\u00f3 7:30 nosotros vinimos a las 7:00 y a las 8:15 nos fuimos. Pero porque ten\u00edamos otros compromisos,  no es por, a ver,  si vos te comprometes a un horario de 7:30 \u00bfpor qu\u00e9 lo vas a obligar o vas a decir que la otra persona est\u00e1 en campa\u00f1a o que usa el reglamento porque se tiene que ir? Si el planteo era que se haga 7:30 para que podamos,  para que podamos todos,  en ning\u00fan momento se dijo que no pod\u00edan venir 7:30.  A eso me refiero. Entonces no digamos que nosotros, o sea,  que nosotros usamos el reglamento ahora y qu\u00e9 otras veces nos han esperado.  Nosotros tambi\u00e9n hemos esperado un mont\u00f3n de veces, y  no tenemos problema y en las Sesiones Ordinarias generalmente nadie tiene problema, porque ese d\u00eda todos los Concejales venimos y no sabemos a qu\u00e9 hora nos vamos. Entonces esa noche la tenemos que guardar y no podemos tener otro compromiso porque es nuestro compromiso venir a sesionar. Cuando es una Extraordinaria para tratarla el mismo d\u00eda encima, porque ni siquiera se puede acomodar, uno ya tiene su vida diagramada, tiene ciertos compromisos y creo que debe ser  entendible en todo el mundo. Si nos ponemos de acuerdo con un horario porque ellos sab\u00edan que nosotros a las 8,30 no pod\u00edamos porque a las 8 nos ten\u00edamos que ir, y nos pusimos de acuerdo a las 7,30 en venir, vengamos 7,30 y si no pudieron llegar 7,30 m\u00e1s all\u00e1 de enojarse, lo que tienen que hacer es pedir disculpas, no decir que nosotros estamos haciendo campa\u00f1a y tenemos el reglamento abajo del brazo, me parece a m\u00ed. Y yo si me lo dicen, y bueno, no pudimos llegar, bueno b\u00e1rbaro, no pudimos sesionar, nos estamos juntando hoy. Nosotros el expediente igualmente hoy lo aprobamos a la ma\u00f1ana, el expediente que ten\u00edamos que aprobar anoche, lo firmamos y  lo aprobamos, o sea no es que dijimos tenemos el reglamento y no lo vamos a tratar. Porque si no siempre le tiramos la culpa al otro, a ver, llego una hora y media tarde y es culpa del otro. No, a ver, ponete en tu lugar, si el otro te dijo que no se pod\u00eda quedar hasta cierto horario, nos ponemos de acuerdo con cierto horario para venir, y bueno, no pudiste venir por cierto motivo, \u201cmira, la verdad no pude venir\u201d, nosotros no tenemos ning\u00fan tipo de problema, igual lo aprobamos al expediente, lo que pasa es que ayer no pod\u00edamos, hoy estamos de vuelta ac\u00e1, y estamos todos, nadie tiene apuro por irse y podemos tratar todo lo que quieran durante todo el tiempo, pero cuando uno ya ten\u00eda programado algo no lo podes cancelar, hay cosas que uno no puede cancelar. Nada m\u00e1s se\u00f1ora Presidente\u201d.<br \/>\nConcejal Skolak Mar\u00eda Ofelia:<br \/>\n\u201cSe\u00f1ora Presidente quer\u00eda adherirme a lo que dijeron mis compa\u00f1eros.  Esto es indignante, es vergonzoso porque sabe se\u00f1ora Presidente ac\u00e1 se  arregla todo y se cocina todo entre algunos, y nosotros estamos por estar para el Intendente Municipal. Porque voy a reiterar algunas cosas que han dicho mis compa\u00f1eros. Esto estaba aprobado,  el contrato es a partir del primero de abril, es decir, cuando sube al Concejo Deliberante ya estaba todo cocinado. Cocinadito, $22000 por mes, total el Municipio paga y dice Concejal Bassi que es eminente alquilar el local, la casa. Eminente la palabra, me quedo ac\u00e1,  la anot\u00e9. Mientras tanto no es eminente atender y darle asistencia social a los que lo necesitan. \u00bfA cuanta  gente le est\u00e1n diciendo que no pueden ayudar porque no hay recursos? \u00bfPor qu\u00e9 no se ponen a analizar eso y a reconocerlo, estamos discutiendo por un alquiler de $22000 que es una locura, y no hay asistencia social en muchos casos. Y sabemos que no lo hay y lo hemos presentado ac\u00e1 y lo hemos mencionado y siguen esquivando el pozo, que  est\u00e1 todo bien, que est\u00e1 todo el mundo atendido, haciendo pol\u00edtica campa\u00f1a que todo el mundo est\u00e1 bien cuando hay gente que no tiene nada, que no tiene frazadas,  que no tiene colchones porque los est\u00e1n guardando para largarlos dentro de un mes y medio o dos,  cu\u00e1ndo fr\u00edo va a pasar. Se\u00f1ora Presidente hay gente que no le dan medicamentos,  y no es invento,  hemos estado en varias reuniones en Villa Ventana, en Sierra de la Ventana, y en Saldungaray, y la gente declara eso. No le dan Paracetamol a los chicos se\u00f1ora Presidente, se lo niegan porque no tiene los a\u00f1os de antig\u00fcedad en Tornquist, en el distrito, por ejemplo. Y ac\u00e1 estamos discutiendo por qu\u00e9 no aprobamos 22.000 pesos por mes y presentando documentaci\u00f3n y anexando. \u00a1Que me importa la documentaci\u00f3n si nos est\u00e1n robando la plata con $22000 por mes! Un lugar para 4 personas, es eminente, cuando hay lugares por todos lados ac\u00e1 dentro del Municipio. Estamos cansados que no pasen por arriba se\u00f1ora Presidente, y justamente el Intendente Municipal Sergio Bordoni, que se digna a decir que es   transparente y que iba administrar bien el Municipio. El peor gobierno de la historia, lo voy a recalcar c\u00f3mo lo dijo mi compa\u00f1ero. Cero administraci\u00f3n,  plata  para todos lados. Y despu\u00e9s en el  dictamen del ejercicio ponen que est\u00e1n excedidos por salud, cuando despu\u00e9s nos enteramos que no est\u00e1n asistiendo a mucha gente. La verdad que estoy indignada, esto es vergonzoso me da verg\u00fcenza ver que aprueban por mayor\u00eda el alquiler de una vivienda en $22.000, y despu\u00e9s me dicen: \u201csal\u00ed a averiguar cu\u00e1nto vale un alquiler\u201d S\u00ed,  $10.500 15,000, pero no  22.000. \u00bfPero para qu\u00e9 me dicen que salga a averiguar si ya tiene todo cocinado? Nada m\u00e1s se\u00f1ora Presidente\u201d.<br \/>\nConcejal Bassi Sebasti\u00e1n:<br \/>\n\u201cQuiero hacer primero una aclaraci\u00f3n, cuando dije inminente, es el riesgo, ya hubo derrumbe, se cay\u00f3 parte del cielorraso, y reitero, hay personal, una de las compa\u00f1eras est\u00e1 embarazada, a ese riesgo inminente me refer\u00eda. Y podemos estar debatiendo toda la noche el costo y lo que hay, el asunto concreto es que no hay viviendas Pero bueno, tenemos diferentes miradas. Y con respecto a los casos de acci\u00f3n social estamos en conocimiento que est\u00e1n siendo atendidos, pero bueno, tambi\u00e9n, ah\u00ed tenemos una gran diferencia. Est\u00e1n siendo atendidos, el Intendente Interino en estos d\u00edas tambi\u00e9n se ha hecho presente y bueno, y ha estado al tanto as\u00ed que discrepo y seguimos teniendo esa diferencia. Reitero, quiz\u00e1 se canalice por la v\u00eda que no corresponda. Quer\u00eda dejar esa aclaraci\u00f3n, nada m\u00e1s se\u00f1ora Presidente\u201d.<br \/>\nConcejal Salerno Ra\u00fal:<br \/>\n\u201cYo lo que dijo ac\u00e1 la Concejal Skolak de Villa Ventana yo no creo eso, porque  yo no he visto a los Concejales andar en Villa Ventana, y la Unidad Sanitaria atiende a toda la gente. Yo estoy seguro porque estoy muy cerca siempre de la gente que trabaja, m\u00e9dico enfermeras, y les vas a pedir  lo que vayas a pedir est\u00e1 la atenci\u00f3n,  la atenci\u00f3n m\u00e9dica, la atenci\u00f3n de las enfermeras y se atiende a toda la gente, as\u00ed que no hablemos, no hagamos una,  divulgar algo que no es verdad porque yo vivo en el lugar y conozco el lugar. Inclusive yo tengo al se\u00f1or Delegado en forma permanente, y charlamos temas y conversamos.  Villa Ventana, yo no veo necesidad,  la gente que no est\u00e1 tendida, porque Villa Ventana en su lugar, yo no digo especial porque yo sea de Villa Ventana, pero est\u00e1 toda la gente atendida, as\u00ed que habr\u00eda que ver bien eso.  Y si un d\u00eda recorren o van a Villa Ventana, que me vean, vamos y miramos, averiguamos pero s\u00e9 que la Unidad Sanitaria atiende de primera, y no hay gente que necesite, yo estoy seguro que Villa Ventana no necesita asistencia social, puede ser tal vez alguien que pida trabajo, bueno perfecto, perfecto,  eso est\u00e1 muy bien, pero no hay necesidad en la parte social, estoy muy seguro y me gustar\u00eda que los Concejales recorrieran un poquito m\u00e1s y que charlen con la gente del lugar, no que venga gente de afuera,  y la gente de afuera uhh, hacen un mundo,  y llegaron ayer, esa gente no sabe, no conoce, y para eso tenemos un Delegado Municipal y les va a explicar,  les va a decir, estamos  la gente que estamos de toda la vida y conocemos el lugar conocemos la gente As\u00ed que yo dir\u00eda que cuando vayan se comuniquen y recorremos, pero la Unidad Sanitaria hoy de Villa Ventana est\u00e1 en primer nivel, tenemos m\u00e9dicos, han llegado nuevos y atenciones, hay m\u00e9dico permanente, m\u00e9dico permanente que ahora vive en Villa Ventana,  inclusive hoy tenemos ya la farmacia que la atiende una farmac\u00e9utica y va a atender todas las obras sociales, as\u00ed que yo dir\u00eda que hoy Villa Ventana estamos bien atendidos y yo dir\u00eda que ser\u00eda lindo que recorran y tanto los Concejales de m\u00ed Bancada como los de enfrente que yo les digo los amigos de enfrente que tambi\u00e9n recorran porque no vayamos ahora que va a haber elecciones,  \u201cy si vamos,  recorremos, che mir\u00e1\u201d. Hay necesidades en Villa Ventana, pero la parte y reci\u00e9n dec\u00eda la Concejal Skolak,  est\u00e1n tendidas con seguridad. Gracias se\u00f1ora Presidente\u201d.<br \/>\nConcejal Skolak Mar\u00eda Ofelia:<br \/>\n\u201cBueno yo respeto mucho lo que acaba de decir el Concejal Salerno. Nosotros hemos estado en todas las localidades y cada una muestra su diferencia y cada una est\u00e1 pasando distintas dificultades. Lo que estamos diciendo es cierto. Tal vez Villa Ventana espec\u00edficamente no sea el \u00e1rea de salud y sean otras las necesidades.  Pero en general del Distrito de Tornquist est\u00e1 conformado por varias localidades, y de lo que hemos visto y de lo que hemos compartido con vecinos de las distintas localidades nos a llegado y hemos visto y hemos podido comprobar esa situaci\u00f3n. Nada m\u00e1s se\u00f1ora Presidente\u201d.<br \/>\nConcejal L\u00f6ffler Guillermo:<br \/>\n\u201cLas Actas de las Sesiones siempre se tienen que publicar, o sea no es que uno elija  siempre se publican. O sea que por ah\u00ed no tomarlo como una moci\u00f3n sino siempre se publican, hay que  publicarla\u201d.<br \/>\nHONORABLE CONCEJO DELIBERANTE<\/p>\n","protected":false},"excerpt":{"rendered":"<p>El d\u00eda jueves 30 de mayo por Decreto N\u00ba 07\/19 se Convoca a Sesi\u00f3n Extraordinaria para tratar el siguiente tema: \u2022 Expte. N\u00ba 082\/19: D.E. Convalida la firma del Contrato de locaci\u00f3n celebrado e\/la Sra. Silvia Guieu y el Municipio de Tornquist. Este Expediente tiene dos dict\u00e1menes:<\/p>\n","protected":false},"author":3,"featured_media":0,"comment_status":"closed","ping_status":"open","sticky":false,"template":"","format":"standard","meta":{"footnotes":""},"categories":[28],"tags":[],"class_list":["post-31968","post","type-post","status-publish","format-standard","hentry","category-municipales"],"yoast_head":"<!-- This site is optimized with the Yoast SEO plugin v25.9 - https:\/\/yoast.com\/wordpress\/plugins\/seo\/ -->\n<title>Informe Sesi\u00f3n Extraordinaria del 30 de mayo. - Noticias Radio Reflejos<\/title>\n<meta name=\"robots\" content=\"index, follow, max-snippet:-1, max-image-preview:large, max-video-preview:-1\" \/>\n<link rel=\"canonical\" href=\"https:\/\/www.noticiasradioreflejos.com.ar\/2021\/informe-sesion-extraordinaria-del-30-de-mayo\/\" \/>\n<meta property=\"og:locale\" content=\"es_ES\" \/>\n<meta property=\"og:type\" content=\"article\" \/>\n<meta property=\"og:title\" content=\"Informe Sesi\u00f3n Extraordinaria del 30 de mayo. - Noticias Radio Reflejos\" \/>\n<meta property=\"og:description\" content=\"El d\u00eda jueves 30 de mayo por Decreto N\u00ba 07\/19 se Convoca a Sesi\u00f3n Extraordinaria para tratar el siguiente tema: \u2022 Expte. N\u00ba 082\/19: D.E. Convalida la firma del Contrato de locaci\u00f3n celebrado e\/la Sra. Silvia Guieu y el Municipio de Tornquist. Este Expediente tiene dos dict\u00e1menes:\" \/>\n<meta property=\"og:url\" content=\"https:\/\/www.noticiasradioreflejos.com.ar\/2021\/informe-sesion-extraordinaria-del-30-de-mayo\/\" \/>\n<meta property=\"og:site_name\" content=\"Noticias Radio Reflejos\" \/>\n<meta property=\"article:published_time\" content=\"2019-06-06T15:14:27+00:00\" \/>\n<meta property=\"og:image\" content=\"https:\/\/www.noticiasradioreflejos.com.ar\/2021\/wp-content\/uploads\/2021\/07\/logosol300x200.png\" \/>\n\t<meta property=\"og:image:width\" content=\"300\" \/>\n\t<meta property=\"og:image:height\" content=\"200\" \/>\n\t<meta property=\"og:image:type\" content=\"image\/png\" \/>\n<meta name=\"author\" content=\"Arnaldo Botto\" \/>\n<meta name=\"twitter:card\" content=\"summary_large_image\" \/>\n<script type=\"application\/ld+json\" class=\"yoast-schema-graph\">{\"@context\":\"https:\/\/schema.org\",\"@graph\":[{\"@type\":\"WebPage\",\"@id\":\"https:\/\/www.noticiasradioreflejos.com.ar\/2021\/informe-sesion-extraordinaria-del-30-de-mayo\/\",\"url\":\"https:\/\/www.noticiasradioreflejos.com.ar\/2021\/informe-sesion-extraordinaria-del-30-de-mayo\/\",\"name\":\"Informe Sesi\u00f3n Extraordinaria del 30 de mayo. - Noticias Radio Reflejos\",\"isPartOf\":{\"@id\":\"https:\/\/www.noticiasradioreflejos.com.ar\/2021\/#website\"},\"datePublished\":\"2019-06-06T15:14:27+00:00\",\"author\":{\"@id\":\"https:\/\/www.noticiasradioreflejos.com.ar\/2021\/#\/schema\/person\/ad82545263dcc5ec0996818884fd5fb1\"},\"breadcrumb\":{\"@id\":\"https:\/\/www.noticiasradioreflejos.com.ar\/2021\/informe-sesion-extraordinaria-del-30-de-mayo\/#breadcrumb\"},\"inLanguage\":\"es\",\"potentialAction\":[{\"@type\":\"ReadAction\",\"target\":[\"https:\/\/www.noticiasradioreflejos.com.ar\/2021\/informe-sesion-extraordinaria-del-30-de-mayo\/\"]}]},{\"@type\":\"BreadcrumbList\",\"@id\":\"https:\/\/www.noticiasradioreflejos.com.ar\/2021\/informe-sesion-extraordinaria-del-30-de-mayo\/#breadcrumb\",\"itemListElement\":[{\"@type\":\"ListItem\",\"position\":1,\"name\":\"Portada\",\"item\":\"https:\/\/www.noticiasradioreflejos.com.ar\/2021\/\"},{\"@type\":\"ListItem\",\"position\":2,\"name\":\"Informe Sesi\u00f3n Extraordinaria del 30 de mayo.\"}]},{\"@type\":\"WebSite\",\"@id\":\"https:\/\/www.noticiasradioreflejos.com.ar\/2021\/#website\",\"url\":\"https:\/\/www.noticiasradioreflejos.com.ar\/2021\/\",\"name\":\"Noticias Radio Reflejos\",\"description\":\"Las noticias de mi comarca\",\"potentialAction\":[{\"@type\":\"SearchAction\",\"target\":{\"@type\":\"EntryPoint\",\"urlTemplate\":\"https:\/\/www.noticiasradioreflejos.com.ar\/2021\/?s={search_term_string}\"},\"query-input\":{\"@type\":\"PropertyValueSpecification\",\"valueRequired\":true,\"valueName\":\"search_term_string\"}}],\"inLanguage\":\"es\"},{\"@type\":\"Person\",\"@id\":\"https:\/\/www.noticiasradioreflejos.com.ar\/2021\/#\/schema\/person\/ad82545263dcc5ec0996818884fd5fb1\",\"name\":\"Arnaldo Botto\",\"image\":{\"@type\":\"ImageObject\",\"inLanguage\":\"es\",\"@id\":\"https:\/\/www.noticiasradioreflejos.com.ar\/2021\/#\/schema\/person\/image\/\",\"url\":\"https:\/\/secure.gravatar.com\/avatar\/55cb5e37c1efa326397366e6974cb338056df65cb50e7d64d1cf314e87504837?s=96&d=mm&r=g\",\"contentUrl\":\"https:\/\/secure.gravatar.com\/avatar\/55cb5e37c1efa326397366e6974cb338056df65cb50e7d64d1cf314e87504837?s=96&d=mm&r=g\",\"caption\":\"Arnaldo Botto\"},\"url\":\"https:\/\/www.noticiasradioreflejos.com.ar\/2021\/author\/arnaldo\/\"}]}<\/script>\n<!-- \/ Yoast SEO plugin. -->","yoast_head_json":{"title":"Informe Sesi\u00f3n Extraordinaria del 30 de mayo. - Noticias Radio Reflejos","robots":{"index":"index","follow":"follow","max-snippet":"max-snippet:-1","max-image-preview":"max-image-preview:large","max-video-preview":"max-video-preview:-1"},"canonical":"https:\/\/www.noticiasradioreflejos.com.ar\/2021\/informe-sesion-extraordinaria-del-30-de-mayo\/","og_locale":"es_ES","og_type":"article","og_title":"Informe Sesi\u00f3n Extraordinaria del 30 de mayo. - Noticias Radio Reflejos","og_description":"El d\u00eda jueves 30 de mayo por Decreto N\u00ba 07\/19 se Convoca a Sesi\u00f3n Extraordinaria para tratar el siguiente tema: \u2022 Expte. N\u00ba 082\/19: D.E. Convalida la firma del Contrato de locaci\u00f3n celebrado e\/la Sra. Silvia Guieu y el Municipio de Tornquist. Este Expediente tiene dos dict\u00e1menes:","og_url":"https:\/\/www.noticiasradioreflejos.com.ar\/2021\/informe-sesion-extraordinaria-del-30-de-mayo\/","og_site_name":"Noticias Radio Reflejos","article_published_time":"2019-06-06T15:14:27+00:00","og_image":[{"width":300,"height":200,"url":"https:\/\/www.noticiasradioreflejos.com.ar\/2021\/wp-content\/uploads\/2021\/07\/logosol300x200.png","type":"image\/png"}],"author":"Arnaldo Botto","twitter_card":"summary_large_image","schema":{"@context":"https:\/\/schema.org","@graph":[{"@type":"WebPage","@id":"https:\/\/www.noticiasradioreflejos.com.ar\/2021\/informe-sesion-extraordinaria-del-30-de-mayo\/","url":"https:\/\/www.noticiasradioreflejos.com.ar\/2021\/informe-sesion-extraordinaria-del-30-de-mayo\/","name":"Informe Sesi\u00f3n Extraordinaria del 30 de mayo. - Noticias Radio Reflejos","isPartOf":{"@id":"https:\/\/www.noticiasradioreflejos.com.ar\/2021\/#website"},"datePublished":"2019-06-06T15:14:27+00:00","author":{"@id":"https:\/\/www.noticiasradioreflejos.com.ar\/2021\/#\/schema\/person\/ad82545263dcc5ec0996818884fd5fb1"},"breadcrumb":{"@id":"https:\/\/www.noticiasradioreflejos.com.ar\/2021\/informe-sesion-extraordinaria-del-30-de-mayo\/#breadcrumb"},"inLanguage":"es","potentialAction":[{"@type":"ReadAction","target":["https:\/\/www.noticiasradioreflejos.com.ar\/2021\/informe-sesion-extraordinaria-del-30-de-mayo\/"]}]},{"@type":"BreadcrumbList","@id":"https:\/\/www.noticiasradioreflejos.com.ar\/2021\/informe-sesion-extraordinaria-del-30-de-mayo\/#breadcrumb","itemListElement":[{"@type":"ListItem","position":1,"name":"Portada","item":"https:\/\/www.noticiasradioreflejos.com.ar\/2021\/"},{"@type":"ListItem","position":2,"name":"Informe Sesi\u00f3n Extraordinaria del 30 de mayo."}]},{"@type":"WebSite","@id":"https:\/\/www.noticiasradioreflejos.com.ar\/2021\/#website","url":"https:\/\/www.noticiasradioreflejos.com.ar\/2021\/","name":"Noticias Radio Reflejos","description":"Las noticias de mi comarca","potentialAction":[{"@type":"SearchAction","target":{"@type":"EntryPoint","urlTemplate":"https:\/\/www.noticiasradioreflejos.com.ar\/2021\/?s={search_term_string}"},"query-input":{"@type":"PropertyValueSpecification","valueRequired":true,"valueName":"search_term_string"}}],"inLanguage":"es"},{"@type":"Person","@id":"https:\/\/www.noticiasradioreflejos.com.ar\/2021\/#\/schema\/person\/ad82545263dcc5ec0996818884fd5fb1","name":"Arnaldo Botto","image":{"@type":"ImageObject","inLanguage":"es","@id":"https:\/\/www.noticiasradioreflejos.com.ar\/2021\/#\/schema\/person\/image\/","url":"https:\/\/secure.gravatar.com\/avatar\/55cb5e37c1efa326397366e6974cb338056df65cb50e7d64d1cf314e87504837?s=96&d=mm&r=g","contentUrl":"https:\/\/secure.gravatar.com\/avatar\/55cb5e37c1efa326397366e6974cb338056df65cb50e7d64d1cf314e87504837?s=96&d=mm&r=g","caption":"Arnaldo Botto"},"url":"https:\/\/www.noticiasradioreflejos.com.ar\/2021\/author\/arnaldo\/"}]}},"_links":{"self":[{"href":"https:\/\/www.noticiasradioreflejos.com.ar\/2021\/wp-json\/wp\/v2\/posts\/31968","targetHints":{"allow":["GET"]}}],"collection":[{"href":"https:\/\/www.noticiasradioreflejos.com.ar\/2021\/wp-json\/wp\/v2\/posts"}],"about":[{"href":"https:\/\/www.noticiasradioreflejos.com.ar\/2021\/wp-json\/wp\/v2\/types\/post"}],"author":[{"embeddable":true,"href":"https:\/\/www.noticiasradioreflejos.com.ar\/2021\/wp-json\/wp\/v2\/users\/3"}],"replies":[{"embeddable":true,"href":"https:\/\/www.noticiasradioreflejos.com.ar\/2021\/wp-json\/wp\/v2\/comments?post=31968"}],"version-history":[{"count":0,"href":"https:\/\/www.noticiasradioreflejos.com.ar\/2021\/wp-json\/wp\/v2\/posts\/31968\/revisions"}],"wp:attachment":[{"href":"https:\/\/www.noticiasradioreflejos.com.ar\/2021\/wp-json\/wp\/v2\/media?parent=31968"}],"wp:term":[{"taxonomy":"category","embeddable":true,"href":"https:\/\/www.noticiasradioreflejos.com.ar\/2021\/wp-json\/wp\/v2\/categories?post=31968"},{"taxonomy":"post_tag","embeddable":true,"href":"https:\/\/www.noticiasradioreflejos.com.ar\/2021\/wp-json\/wp\/v2\/tags?post=31968"}],"curies":[{"name":"wp","href":"https:\/\/api.w.org\/{rel}","templated":true}]}}