{"id":31964,"date":"2019-06-06T12:45:08","date_gmt":"2019-06-06T15:45:08","guid":{"rendered":"http:\/\/www.noticiasradioreflejos.com.ar\/noticias\/?p=31964"},"modified":"2019-06-06T12:45:08","modified_gmt":"2019-06-06T15:45:08","slug":"vamos-a-avanzar-en-la-atencion-y-la-complejidad-de-la-salud-en-sierra-de-la-ventana-ezequiel-gabella","status":"publish","type":"post","link":"https:\/\/www.noticiasradioreflejos.com.ar\/2021\/vamos-a-avanzar-en-la-atencion-y-la-complejidad-de-la-salud-en-sierra-de-la-ventana-ezequiel-gabella\/","title":{"rendered":"&quot;Vamos a avanzar en la atenci\u00f3n y la complejidad de la salud en Sierra de la Ventana&quot;  &#8211; Ezequiel Gabella."},"content":{"rendered":"<p>El Secretario de Gobierno de Tornquist Municipio<strong> Ezequiel Gabella<\/strong>, se encuentra en la Ciudad de La Plata, junto al Intendente Sergio Bordoni y el Secretario de Planificaci\u00f3n Gonzalo Iparraguirre realizando gestiones en diferentes dependencias gubernamentales.<br \/>\nEn comunicaci\u00f3n telef\u00f3nica nos informa sobre todas las reuniones que mantuvieron, generando una serie de<strong> \u00abBuenas Noticias\u00bb<\/strong> para el distrito.<!--more--><br \/>\nSergio Bordoni, viaj\u00f3 esta semana a la ciudad de La Plata para mantener distintas reuniones con autoridades de organismos provinciales con el fin de abordar y avanzar sobre varias tem\u00e1ticas referentes a nuestro distrito. Gabella nos brind\u00f3 un detalle del desarrollo y las definiciones logradas en cada reuni\u00f3n. Una agenda muy cargada de actividades, oblig\u00f3 a los tres funcionarios a instalarse en la capital\u00a0 provincial desde el lunes, y esta ma\u00f1ana, antes de ingresar a una reuni\u00f3n al\u00a0 ministerio, el secretario respondi\u00f3 a las consultas que le realizamos.<br \/>\n\u00abVamos a avanzar en la atenci\u00f3n y la complejidad de la salud en Sierra de la Ventana\u00bb destac\u00f3 el secretario en el comienzo de la nota,\u00a0explicando posteriormente que de la reuni\u00f3n con la Lic. Silvia Prieri, Directora de Recuperaci\u00f3n de Costos del Ministerio de Salud; perteneciente a SAMO (Sistema de Atenci\u00f3n M\u00e9dico Organizado) del Ministerio de Salud;\u00a0se convers\u00f3 sobre la posibilidad de acceder a equipamiento tecnol\u00f3gico y mobiliario para la futura ampliaci\u00f3n de la sala m\u00e9dica \u201cDr. Emilio Aldaya\u201d, de la localidad de Sierra de la Ventana.<br \/>\nEn el\u00a0\u00a0Ministro de Producci\u00f3n de la Provincia de Buenos Aires, Javier Tizado,\u00a0 los recibi\u00f3 y trataron los avances para la habilitaci\u00f3n del Parque Industrial, situado en la localidad de Tornquist. \u00abEntre 5 y 10 empresas se interesan en instalarse ac\u00e1\u00bb asegur\u00f3 Gabella, adelantando que un sector del Parque ser\u00e1 habilitado, permitiendo que estas empresas comiencen con los trabajos de instalaci\u00f3n para mejorar la oferta laboral del distrito, la mayor parte de estas, se vinculan a los parques e\u00f3licos en construcci\u00f3n.<br \/>\nTambi\u00e9n se abord\u00f3 el tema del\u00a0avance de obra de las viviendas que se est\u00e1n construyendo en la localidad de Chasic\u00f3 y el anuncio de la inminente construcci\u00f3n de 24 viviendas en Saldungaray.<br \/>\nGabella describi\u00f3 el compromiso del\u00a0\u00a0Administrador General Dr. Ismael Passaglia que los recibi\u00f3 en el d\u00eda de ayer, mostr\u00e1ndose\u00a0 satisfecho por la celeridad de la obra y\u00a0confirmando\u00a0 al intendente, la inmediata construcci\u00f3n de 24 viviendas en la localidad de Saldungaray, una vez finalizada las 17 unidades familiares en la zona oeste.<br \/>\nLas viviendas ser\u00e1n emplazadas. 10 en la manzana 67 y las 14 restantes en la manzana 56.<br \/>\nFinalmente, el Secretario de Gobierno adelant\u00f3 que \u00abEl proceso de licitaci\u00f3n est\u00e1 avanzado en la erradicaci\u00f3n de los basurales a cielo Abierto del Distrito\u00bb, puntualizando las tareas que se llevan adelante y los tiemposque demandar\u00e1 la finalizaci\u00f3n de la obra y puesta en marcha del proyecto.<br \/>\n&nbsp;<br \/>\n<iframe loading=\"lazy\" src=\"https:\/\/w.soundcloud.com\/player\/?url=https%3A\/\/api.soundcloud.com\/tracks\/632615991&amp;color=%23ff5500&amp;auto_play=false&amp;hide_related=false&amp;show_comments=true&amp;show_user=true&amp;show_reposts=false&amp;show_teaser=true\" width=\"100%\" height=\"166\" frameborder=\"no\" scrolling=\"no\"><\/iframe><\/p>\n","protected":false},"excerpt":{"rendered":"<p>El Secretario de Gobierno de Tornquist Municipio Ezequiel Gabella, se encuentra en la Ciudad de La Plata, junto al Intendente Sergio Bordoni y el Secretario de Planificaci\u00f3n Gonzalo Iparraguirre realizando gestiones en diferentes dependencias gubernamentales. En comunicaci\u00f3n telef\u00f3nica nos informa sobre todas las reuniones que mantuvieron, generando una serie de \u00abBuenas Noticias\u00bb para el distrito.<\/p>\n","protected":false},"author":3,"featured_media":0,"comment_status":"closed","ping_status":"open","sticky":false,"template":"","format":"standard","meta":{"footnotes":""},"categories":[28],"tags":[],"class_list":["post-31964","post","type-post","status-publish","format-standard","hentry","category-municipales"],"yoast_head":"<!-- This site is optimized with the Yoast SEO plugin v25.9 - https:\/\/yoast.com\/wordpress\/plugins\/seo\/ -->\n<title>&quot;Vamos a avanzar en la atenci\u00f3n y la complejidad de la salud en Sierra de la Ventana&quot; - Ezequiel Gabella. - Noticias Radio Reflejos<\/title>\n<meta name=\"robots\" content=\"index, follow, max-snippet:-1, max-image-preview:large, max-video-preview:-1\" \/>\n<link rel=\"canonical\" href=\"https:\/\/www.noticiasradioreflejos.com.ar\/2021\/vamos-a-avanzar-en-la-atencion-y-la-complejidad-de-la-salud-en-sierra-de-la-ventana-ezequiel-gabella\/\" \/>\n<meta property=\"og:locale\" content=\"es_ES\" \/>\n<meta property=\"og:type\" content=\"article\" \/>\n<meta property=\"og:title\" content=\"&quot;Vamos a avanzar en la atenci\u00f3n y la complejidad de la salud en Sierra de la Ventana&quot; - Ezequiel Gabella. - Noticias Radio Reflejos\" \/>\n<meta property=\"og:description\" content=\"El Secretario de Gobierno de Tornquist Municipio Ezequiel Gabella, se encuentra en la Ciudad de La Plata, junto al Intendente Sergio Bordoni y el Secretario de Planificaci\u00f3n Gonzalo Iparraguirre realizando gestiones en diferentes dependencias gubernamentales. En comunicaci\u00f3n telef\u00f3nica nos informa sobre todas las reuniones que mantuvieron, generando una serie de \u00abBuenas Noticias\u00bb para el distrito.\" \/>\n<meta property=\"og:url\" content=\"https:\/\/www.noticiasradioreflejos.com.ar\/2021\/vamos-a-avanzar-en-la-atencion-y-la-complejidad-de-la-salud-en-sierra-de-la-ventana-ezequiel-gabella\/\" \/>\n<meta property=\"og:site_name\" content=\"Noticias Radio Reflejos\" \/>\n<meta property=\"article:published_time\" content=\"2019-06-06T15:45:08+00:00\" \/>\n<meta property=\"og:image\" content=\"https:\/\/www.noticiasradioreflejos.com.ar\/2021\/wp-content\/uploads\/2021\/07\/logosol300x200.png\" \/>\n\t<meta property=\"og:image:width\" content=\"300\" \/>\n\t<meta property=\"og:image:height\" content=\"200\" \/>\n\t<meta property=\"og:image:type\" content=\"image\/png\" \/>\n<meta name=\"author\" content=\"Arnaldo Botto\" \/>\n<meta name=\"twitter:card\" content=\"summary_large_image\" \/>\n<script type=\"application\/ld+json\" class=\"yoast-schema-graph\">{\"@context\":\"https:\/\/schema.org\",\"@graph\":[{\"@type\":\"WebPage\",\"@id\":\"https:\/\/www.noticiasradioreflejos.com.ar\/2021\/vamos-a-avanzar-en-la-atencion-y-la-complejidad-de-la-salud-en-sierra-de-la-ventana-ezequiel-gabella\/\",\"url\":\"https:\/\/www.noticiasradioreflejos.com.ar\/2021\/vamos-a-avanzar-en-la-atencion-y-la-complejidad-de-la-salud-en-sierra-de-la-ventana-ezequiel-gabella\/\",\"name\":\"&quot;Vamos a avanzar en la atenci\u00f3n y la complejidad de la salud en Sierra de la Ventana&quot; - Ezequiel Gabella. - Noticias Radio Reflejos\",\"isPartOf\":{\"@id\":\"https:\/\/www.noticiasradioreflejos.com.ar\/2021\/#website\"},\"datePublished\":\"2019-06-06T15:45:08+00:00\",\"author\":{\"@id\":\"https:\/\/www.noticiasradioreflejos.com.ar\/2021\/#\/schema\/person\/ad82545263dcc5ec0996818884fd5fb1\"},\"breadcrumb\":{\"@id\":\"https:\/\/www.noticiasradioreflejos.com.ar\/2021\/vamos-a-avanzar-en-la-atencion-y-la-complejidad-de-la-salud-en-sierra-de-la-ventana-ezequiel-gabella\/#breadcrumb\"},\"inLanguage\":\"es\",\"potentialAction\":[{\"@type\":\"ReadAction\",\"target\":[\"https:\/\/www.noticiasradioreflejos.com.ar\/2021\/vamos-a-avanzar-en-la-atencion-y-la-complejidad-de-la-salud-en-sierra-de-la-ventana-ezequiel-gabella\/\"]}]},{\"@type\":\"BreadcrumbList\",\"@id\":\"https:\/\/www.noticiasradioreflejos.com.ar\/2021\/vamos-a-avanzar-en-la-atencion-y-la-complejidad-de-la-salud-en-sierra-de-la-ventana-ezequiel-gabella\/#breadcrumb\",\"itemListElement\":[{\"@type\":\"ListItem\",\"position\":1,\"name\":\"Portada\",\"item\":\"https:\/\/www.noticiasradioreflejos.com.ar\/2021\/\"},{\"@type\":\"ListItem\",\"position\":2,\"name\":\"&quot;Vamos a avanzar en la atenci\u00f3n y la complejidad de la salud en Sierra de la Ventana&quot; &#8211; Ezequiel Gabella.\"}]},{\"@type\":\"WebSite\",\"@id\":\"https:\/\/www.noticiasradioreflejos.com.ar\/2021\/#website\",\"url\":\"https:\/\/www.noticiasradioreflejos.com.ar\/2021\/\",\"name\":\"Noticias Radio Reflejos\",\"description\":\"Las noticias de mi comarca\",\"potentialAction\":[{\"@type\":\"SearchAction\",\"target\":{\"@type\":\"EntryPoint\",\"urlTemplate\":\"https:\/\/www.noticiasradioreflejos.com.ar\/2021\/?s={search_term_string}\"},\"query-input\":{\"@type\":\"PropertyValueSpecification\",\"valueRequired\":true,\"valueName\":\"search_term_string\"}}],\"inLanguage\":\"es\"},{\"@type\":\"Person\",\"@id\":\"https:\/\/www.noticiasradioreflejos.com.ar\/2021\/#\/schema\/person\/ad82545263dcc5ec0996818884fd5fb1\",\"name\":\"Arnaldo Botto\",\"image\":{\"@type\":\"ImageObject\",\"inLanguage\":\"es\",\"@id\":\"https:\/\/www.noticiasradioreflejos.com.ar\/2021\/#\/schema\/person\/image\/\",\"url\":\"https:\/\/secure.gravatar.com\/avatar\/55cb5e37c1efa326397366e6974cb338056df65cb50e7d64d1cf314e87504837?s=96&d=mm&r=g\",\"contentUrl\":\"https:\/\/secure.gravatar.com\/avatar\/55cb5e37c1efa326397366e6974cb338056df65cb50e7d64d1cf314e87504837?s=96&d=mm&r=g\",\"caption\":\"Arnaldo Botto\"},\"url\":\"https:\/\/www.noticiasradioreflejos.com.ar\/2021\/author\/arnaldo\/\"}]}<\/script>\n<!-- \/ Yoast SEO plugin. -->","yoast_head_json":{"title":"&quot;Vamos a avanzar en la atenci\u00f3n y la complejidad de la salud en Sierra de la Ventana&quot; - Ezequiel Gabella. - Noticias Radio Reflejos","robots":{"index":"index","follow":"follow","max-snippet":"max-snippet:-1","max-image-preview":"max-image-preview:large","max-video-preview":"max-video-preview:-1"},"canonical":"https:\/\/www.noticiasradioreflejos.com.ar\/2021\/vamos-a-avanzar-en-la-atencion-y-la-complejidad-de-la-salud-en-sierra-de-la-ventana-ezequiel-gabella\/","og_locale":"es_ES","og_type":"article","og_title":"&quot;Vamos a avanzar en la atenci\u00f3n y la complejidad de la salud en Sierra de la Ventana&quot; - Ezequiel Gabella. - Noticias Radio Reflejos","og_description":"El Secretario de Gobierno de Tornquist Municipio Ezequiel Gabella, se encuentra en la Ciudad de La Plata, junto al Intendente Sergio Bordoni y el Secretario de Planificaci\u00f3n Gonzalo Iparraguirre realizando gestiones en diferentes dependencias gubernamentales. En comunicaci\u00f3n telef\u00f3nica nos informa sobre todas las reuniones que mantuvieron, generando una serie de \u00abBuenas Noticias\u00bb para el distrito.","og_url":"https:\/\/www.noticiasradioreflejos.com.ar\/2021\/vamos-a-avanzar-en-la-atencion-y-la-complejidad-de-la-salud-en-sierra-de-la-ventana-ezequiel-gabella\/","og_site_name":"Noticias Radio Reflejos","article_published_time":"2019-06-06T15:45:08+00:00","og_image":[{"width":300,"height":200,"url":"https:\/\/www.noticiasradioreflejos.com.ar\/2021\/wp-content\/uploads\/2021\/07\/logosol300x200.png","type":"image\/png"}],"author":"Arnaldo Botto","twitter_card":"summary_large_image","schema":{"@context":"https:\/\/schema.org","@graph":[{"@type":"WebPage","@id":"https:\/\/www.noticiasradioreflejos.com.ar\/2021\/vamos-a-avanzar-en-la-atencion-y-la-complejidad-de-la-salud-en-sierra-de-la-ventana-ezequiel-gabella\/","url":"https:\/\/www.noticiasradioreflejos.com.ar\/2021\/vamos-a-avanzar-en-la-atencion-y-la-complejidad-de-la-salud-en-sierra-de-la-ventana-ezequiel-gabella\/","name":"&quot;Vamos a avanzar en la atenci\u00f3n y la complejidad de la salud en Sierra de la Ventana&quot; - Ezequiel Gabella. - Noticias Radio Reflejos","isPartOf":{"@id":"https:\/\/www.noticiasradioreflejos.com.ar\/2021\/#website"},"datePublished":"2019-06-06T15:45:08+00:00","author":{"@id":"https:\/\/www.noticiasradioreflejos.com.ar\/2021\/#\/schema\/person\/ad82545263dcc5ec0996818884fd5fb1"},"breadcrumb":{"@id":"https:\/\/www.noticiasradioreflejos.com.ar\/2021\/vamos-a-avanzar-en-la-atencion-y-la-complejidad-de-la-salud-en-sierra-de-la-ventana-ezequiel-gabella\/#breadcrumb"},"inLanguage":"es","potentialAction":[{"@type":"ReadAction","target":["https:\/\/www.noticiasradioreflejos.com.ar\/2021\/vamos-a-avanzar-en-la-atencion-y-la-complejidad-de-la-salud-en-sierra-de-la-ventana-ezequiel-gabella\/"]}]},{"@type":"BreadcrumbList","@id":"https:\/\/www.noticiasradioreflejos.com.ar\/2021\/vamos-a-avanzar-en-la-atencion-y-la-complejidad-de-la-salud-en-sierra-de-la-ventana-ezequiel-gabella\/#breadcrumb","itemListElement":[{"@type":"ListItem","position":1,"name":"Portada","item":"https:\/\/www.noticiasradioreflejos.com.ar\/2021\/"},{"@type":"ListItem","position":2,"name":"&quot;Vamos a avanzar en la atenci\u00f3n y la complejidad de la salud en Sierra de la Ventana&quot; &#8211; Ezequiel Gabella."}]},{"@type":"WebSite","@id":"https:\/\/www.noticiasradioreflejos.com.ar\/2021\/#website","url":"https:\/\/www.noticiasradioreflejos.com.ar\/2021\/","name":"Noticias Radio Reflejos","description":"Las noticias de mi comarca","potentialAction":[{"@type":"SearchAction","target":{"@type":"EntryPoint","urlTemplate":"https:\/\/www.noticiasradioreflejos.com.ar\/2021\/?s={search_term_string}"},"query-input":{"@type":"PropertyValueSpecification","valueRequired":true,"valueName":"search_term_string"}}],"inLanguage":"es"},{"@type":"Person","@id":"https:\/\/www.noticiasradioreflejos.com.ar\/2021\/#\/schema\/person\/ad82545263dcc5ec0996818884fd5fb1","name":"Arnaldo Botto","image":{"@type":"ImageObject","inLanguage":"es","@id":"https:\/\/www.noticiasradioreflejos.com.ar\/2021\/#\/schema\/person\/image\/","url":"https:\/\/secure.gravatar.com\/avatar\/55cb5e37c1efa326397366e6974cb338056df65cb50e7d64d1cf314e87504837?s=96&d=mm&r=g","contentUrl":"https:\/\/secure.gravatar.com\/avatar\/55cb5e37c1efa326397366e6974cb338056df65cb50e7d64d1cf314e87504837?s=96&d=mm&r=g","caption":"Arnaldo Botto"},"url":"https:\/\/www.noticiasradioreflejos.com.ar\/2021\/author\/arnaldo\/"}]}},"_links":{"self":[{"href":"https:\/\/www.noticiasradioreflejos.com.ar\/2021\/wp-json\/wp\/v2\/posts\/31964","targetHints":{"allow":["GET"]}}],"collection":[{"href":"https:\/\/www.noticiasradioreflejos.com.ar\/2021\/wp-json\/wp\/v2\/posts"}],"about":[{"href":"https:\/\/www.noticiasradioreflejos.com.ar\/2021\/wp-json\/wp\/v2\/types\/post"}],"author":[{"embeddable":true,"href":"https:\/\/www.noticiasradioreflejos.com.ar\/2021\/wp-json\/wp\/v2\/users\/3"}],"replies":[{"embeddable":true,"href":"https:\/\/www.noticiasradioreflejos.com.ar\/2021\/wp-json\/wp\/v2\/comments?post=31964"}],"version-history":[{"count":0,"href":"https:\/\/www.noticiasradioreflejos.com.ar\/2021\/wp-json\/wp\/v2\/posts\/31964\/revisions"}],"wp:attachment":[{"href":"https:\/\/www.noticiasradioreflejos.com.ar\/2021\/wp-json\/wp\/v2\/media?parent=31964"}],"wp:term":[{"taxonomy":"category","embeddable":true,"href":"https:\/\/www.noticiasradioreflejos.com.ar\/2021\/wp-json\/wp\/v2\/categories?post=31964"},{"taxonomy":"post_tag","embeddable":true,"href":"https:\/\/www.noticiasradioreflejos.com.ar\/2021\/wp-json\/wp\/v2\/tags?post=31964"}],"curies":[{"name":"wp","href":"https:\/\/api.w.org\/{rel}","templated":true}]}}