{"id":31952,"date":"2019-06-06T07:32:16","date_gmt":"2019-06-06T10:32:16","guid":{"rendered":"http:\/\/www.noticiasradioreflejos.com.ar\/noticias\/?p=31952"},"modified":"2019-06-06T07:32:16","modified_gmt":"2019-06-06T10:32:16","slug":"amigos-son-los-amigos","status":"publish","type":"post","link":"https:\/\/www.noticiasradioreflejos.com.ar\/2021\/amigos-son-los-amigos\/","title":{"rendered":"&quot;Amigos son los Amigos&quot;"},"content":{"rendered":"<p><strong>Carta de lectores del Sr. Jos\u00e8 Luis Medina:<\/strong><br \/>\n\u00a1Mira! \u00a1Yo puedo negar todo! \u00a1Vos podes negar todo! \u00a1Todos podemos negar todo!<br \/>\nPero hay algo que no se puede negar LA EVIDENCIA .-Y vos sabes que es la EVIDENCIA  es la PRUEBA.<!--more--><br \/>\nLa EVIDENCIA es lo que est\u00e1 ah\u00ed ,lo que te hace se\u00f1as para que lo veas ,lo que te grita para que lo oigas&#8230;Claro que si vos cerras los ojos y cerras los o\u00eddos ,ni escuchas ni ves nada \u00a1NO VES ,NO ESCUCHAS vos &#8230;.pero la EVIDENCIA SIGUE AH\u00cd .- Estas palabras de Enrique Santos Disc\u00e9polo me traen  lo sucedido anoche en la Sesi\u00f3n Ordinaria del Honorable Concejo Deliberante  ,la EVIDENCIA estaba ah\u00ed en el dictamen que dieron los Concejales de los Bloques de Cumplir &#8211; Frente Para La Victoria -PJ ,en informar a los Concejales de CAMBIEMOS  que el ALQUILER DEL INMUEBLE por parte del Municipio (BORDONI) era y es INNECESARIO ,LEONINO y PERJUDICIAL para las arcas del Municipio ,pero NO ESCUCHAN ,NO OYEN  ,DESESTIMAN ,aunque LA EVIDENCIA est\u00e1 a la vista de todos .- Son tan SOBERBIOS ,que se terminan convirtiendo en IGNORANTES CONSCIENTES ,de que aunque es EVIDENTE que es un desprop\u00f3sito ,una BURLA EN LA CARA del ciudadano de a pie que la est\u00e1 pasando MUY MAL (Palabras del Intendente BORDONI) dichas muchas veces c\u00ednicamente .-<br \/>\nLa gente tiene que saber que hay una maquinaria PERVERSA por parte de BORDONI y SUS CONCEJALES en ENDEUDAR al Municipio con tal de favorecer a sus AMIGUITOS ,por que esos $22.000 mensuales los vas a pagar VOS ,yo y TODOS solo por un capricho del Intendente y sus concejales (Dan mucha pena por su labor legislativa) de hacerle un FAVOR A SUS AMIGUITOS ,es EVIDENTE.-  A ese GASTO INNECESARIO hay que sumarle que una reparaci\u00f3n de un techo de 254 mts cuadrados el MUNICIPIO va pagar UN MILL\u00d3N DE PESOS ,ahora para VOS NO HAY UN MANGO .-Como dice V\u00edctor Heredia \u00abParece ser un TEMPORAL trajo tambi\u00e9n la calamidad de cierto tipo de langosta ,que come grande y a NUESTRA COSTA&#8230;.\u00bb ,quiz\u00e1s en alg\u00fan momento le cabe el delito de ABUSO DE AUTORIDAD .-<br \/>\nNO TE OLVIDES ,MACRI-VIDAL-BORDONI Y SUS AMIGUITOS SON LO MISMO ,QUE NO TE ENGA\u00d1EN!!!!<br \/>\nMEDINA JOSE LUIS<br \/>\nJOSELO1662@HOTMAIL.COM<br \/>\nVILLA VENTANA<\/p>\n","protected":false},"excerpt":{"rendered":"<p>Carta de lectores del Sr. Jos\u00e8 Luis Medina: \u00a1Mira! \u00a1Yo puedo negar todo! \u00a1Vos podes negar todo! \u00a1Todos podemos negar todo! Pero hay algo que no se puede negar LA EVIDENCIA .-Y vos sabes que es la EVIDENCIA es la PRUEBA.<\/p>\n","protected":false},"author":3,"featured_media":0,"comment_status":"closed","ping_status":"open","sticky":false,"template":"","format":"standard","meta":{"footnotes":""},"categories":[26],"tags":[],"class_list":["post-31952","post","type-post","status-publish","format-standard","hentry","category-sociedad"],"yoast_head":"<!-- This site is optimized with the Yoast SEO plugin v25.9 - https:\/\/yoast.com\/wordpress\/plugins\/seo\/ -->\n<title>&quot;Amigos son los Amigos&quot; - Noticias Radio Reflejos<\/title>\n<meta name=\"robots\" content=\"index, follow, max-snippet:-1, max-image-preview:large, max-video-preview:-1\" \/>\n<link rel=\"canonical\" href=\"https:\/\/www.noticiasradioreflejos.com.ar\/2021\/amigos-son-los-amigos\/\" \/>\n<meta property=\"og:locale\" content=\"es_ES\" \/>\n<meta property=\"og:type\" content=\"article\" \/>\n<meta property=\"og:title\" content=\"&quot;Amigos son los Amigos&quot; - Noticias Radio Reflejos\" \/>\n<meta property=\"og:description\" content=\"Carta de lectores del Sr. Jos\u00e8 Luis Medina: \u00a1Mira! \u00a1Yo puedo negar todo! \u00a1Vos podes negar todo! \u00a1Todos podemos negar todo! Pero hay algo que no se puede negar LA EVIDENCIA .-Y vos sabes que es la EVIDENCIA es la PRUEBA.\" \/>\n<meta property=\"og:url\" content=\"https:\/\/www.noticiasradioreflejos.com.ar\/2021\/amigos-son-los-amigos\/\" \/>\n<meta property=\"og:site_name\" content=\"Noticias Radio Reflejos\" \/>\n<meta property=\"article:published_time\" content=\"2019-06-06T10:32:16+00:00\" \/>\n<meta property=\"og:image\" content=\"https:\/\/www.noticiasradioreflejos.com.ar\/2021\/wp-content\/uploads\/2018\/04\/carta_lector_1.jpg\" \/>\n\t<meta property=\"og:image:width\" content=\"935\" \/>\n\t<meta property=\"og:image:height\" content=\"595\" \/>\n\t<meta property=\"og:image:type\" content=\"image\/jpeg\" \/>\n<meta name=\"author\" content=\"Arnaldo Botto\" \/>\n<meta name=\"twitter:card\" content=\"summary_large_image\" \/>\n<script type=\"application\/ld+json\" class=\"yoast-schema-graph\">{\"@context\":\"https:\/\/schema.org\",\"@graph\":[{\"@type\":\"WebPage\",\"@id\":\"https:\/\/www.noticiasradioreflejos.com.ar\/2021\/amigos-son-los-amigos\/\",\"url\":\"https:\/\/www.noticiasradioreflejos.com.ar\/2021\/amigos-son-los-amigos\/\",\"name\":\"&quot;Amigos son los Amigos&quot; - Noticias Radio Reflejos\",\"isPartOf\":{\"@id\":\"https:\/\/www.noticiasradioreflejos.com.ar\/2021\/#website\"},\"datePublished\":\"2019-06-06T10:32:16+00:00\",\"author\":{\"@id\":\"https:\/\/www.noticiasradioreflejos.com.ar\/2021\/#\/schema\/person\/ad82545263dcc5ec0996818884fd5fb1\"},\"breadcrumb\":{\"@id\":\"https:\/\/www.noticiasradioreflejos.com.ar\/2021\/amigos-son-los-amigos\/#breadcrumb\"},\"inLanguage\":\"es\",\"potentialAction\":[{\"@type\":\"ReadAction\",\"target\":[\"https:\/\/www.noticiasradioreflejos.com.ar\/2021\/amigos-son-los-amigos\/\"]}]},{\"@type\":\"BreadcrumbList\",\"@id\":\"https:\/\/www.noticiasradioreflejos.com.ar\/2021\/amigos-son-los-amigos\/#breadcrumb\",\"itemListElement\":[{\"@type\":\"ListItem\",\"position\":1,\"name\":\"Portada\",\"item\":\"https:\/\/www.noticiasradioreflejos.com.ar\/2021\/\"},{\"@type\":\"ListItem\",\"position\":2,\"name\":\"&quot;Amigos son los Amigos&quot;\"}]},{\"@type\":\"WebSite\",\"@id\":\"https:\/\/www.noticiasradioreflejos.com.ar\/2021\/#website\",\"url\":\"https:\/\/www.noticiasradioreflejos.com.ar\/2021\/\",\"name\":\"Noticias Radio Reflejos\",\"description\":\"Las noticias de mi comarca\",\"potentialAction\":[{\"@type\":\"SearchAction\",\"target\":{\"@type\":\"EntryPoint\",\"urlTemplate\":\"https:\/\/www.noticiasradioreflejos.com.ar\/2021\/?s={search_term_string}\"},\"query-input\":{\"@type\":\"PropertyValueSpecification\",\"valueRequired\":true,\"valueName\":\"search_term_string\"}}],\"inLanguage\":\"es\"},{\"@type\":\"Person\",\"@id\":\"https:\/\/www.noticiasradioreflejos.com.ar\/2021\/#\/schema\/person\/ad82545263dcc5ec0996818884fd5fb1\",\"name\":\"Arnaldo Botto\",\"image\":{\"@type\":\"ImageObject\",\"inLanguage\":\"es\",\"@id\":\"https:\/\/www.noticiasradioreflejos.com.ar\/2021\/#\/schema\/person\/image\/\",\"url\":\"https:\/\/secure.gravatar.com\/avatar\/55cb5e37c1efa326397366e6974cb338056df65cb50e7d64d1cf314e87504837?s=96&d=mm&r=g\",\"contentUrl\":\"https:\/\/secure.gravatar.com\/avatar\/55cb5e37c1efa326397366e6974cb338056df65cb50e7d64d1cf314e87504837?s=96&d=mm&r=g\",\"caption\":\"Arnaldo Botto\"},\"url\":\"https:\/\/www.noticiasradioreflejos.com.ar\/2021\/author\/arnaldo\/\"}]}<\/script>\n<!-- \/ Yoast SEO plugin. -->","yoast_head_json":{"title":"&quot;Amigos son los Amigos&quot; - Noticias Radio Reflejos","robots":{"index":"index","follow":"follow","max-snippet":"max-snippet:-1","max-image-preview":"max-image-preview:large","max-video-preview":"max-video-preview:-1"},"canonical":"https:\/\/www.noticiasradioreflejos.com.ar\/2021\/amigos-son-los-amigos\/","og_locale":"es_ES","og_type":"article","og_title":"&quot;Amigos son los Amigos&quot; - Noticias Radio Reflejos","og_description":"Carta de lectores del Sr. Jos\u00e8 Luis Medina: \u00a1Mira! \u00a1Yo puedo negar todo! \u00a1Vos podes negar todo! \u00a1Todos podemos negar todo! Pero hay algo que no se puede negar LA EVIDENCIA .-Y vos sabes que es la EVIDENCIA es la PRUEBA.","og_url":"https:\/\/www.noticiasradioreflejos.com.ar\/2021\/amigos-son-los-amigos\/","og_site_name":"Noticias Radio Reflejos","article_published_time":"2019-06-06T10:32:16+00:00","og_image":[{"width":935,"height":595,"url":"https:\/\/www.noticiasradioreflejos.com.ar\/2021\/wp-content\/uploads\/2018\/04\/carta_lector_1.jpg","type":"image\/jpeg"}],"author":"Arnaldo Botto","twitter_card":"summary_large_image","schema":{"@context":"https:\/\/schema.org","@graph":[{"@type":"WebPage","@id":"https:\/\/www.noticiasradioreflejos.com.ar\/2021\/amigos-son-los-amigos\/","url":"https:\/\/www.noticiasradioreflejos.com.ar\/2021\/amigos-son-los-amigos\/","name":"&quot;Amigos son los Amigos&quot; - Noticias Radio Reflejos","isPartOf":{"@id":"https:\/\/www.noticiasradioreflejos.com.ar\/2021\/#website"},"datePublished":"2019-06-06T10:32:16+00:00","author":{"@id":"https:\/\/www.noticiasradioreflejos.com.ar\/2021\/#\/schema\/person\/ad82545263dcc5ec0996818884fd5fb1"},"breadcrumb":{"@id":"https:\/\/www.noticiasradioreflejos.com.ar\/2021\/amigos-son-los-amigos\/#breadcrumb"},"inLanguage":"es","potentialAction":[{"@type":"ReadAction","target":["https:\/\/www.noticiasradioreflejos.com.ar\/2021\/amigos-son-los-amigos\/"]}]},{"@type":"BreadcrumbList","@id":"https:\/\/www.noticiasradioreflejos.com.ar\/2021\/amigos-son-los-amigos\/#breadcrumb","itemListElement":[{"@type":"ListItem","position":1,"name":"Portada","item":"https:\/\/www.noticiasradioreflejos.com.ar\/2021\/"},{"@type":"ListItem","position":2,"name":"&quot;Amigos son los Amigos&quot;"}]},{"@type":"WebSite","@id":"https:\/\/www.noticiasradioreflejos.com.ar\/2021\/#website","url":"https:\/\/www.noticiasradioreflejos.com.ar\/2021\/","name":"Noticias Radio Reflejos","description":"Las noticias de mi comarca","potentialAction":[{"@type":"SearchAction","target":{"@type":"EntryPoint","urlTemplate":"https:\/\/www.noticiasradioreflejos.com.ar\/2021\/?s={search_term_string}"},"query-input":{"@type":"PropertyValueSpecification","valueRequired":true,"valueName":"search_term_string"}}],"inLanguage":"es"},{"@type":"Person","@id":"https:\/\/www.noticiasradioreflejos.com.ar\/2021\/#\/schema\/person\/ad82545263dcc5ec0996818884fd5fb1","name":"Arnaldo Botto","image":{"@type":"ImageObject","inLanguage":"es","@id":"https:\/\/www.noticiasradioreflejos.com.ar\/2021\/#\/schema\/person\/image\/","url":"https:\/\/secure.gravatar.com\/avatar\/55cb5e37c1efa326397366e6974cb338056df65cb50e7d64d1cf314e87504837?s=96&d=mm&r=g","contentUrl":"https:\/\/secure.gravatar.com\/avatar\/55cb5e37c1efa326397366e6974cb338056df65cb50e7d64d1cf314e87504837?s=96&d=mm&r=g","caption":"Arnaldo Botto"},"url":"https:\/\/www.noticiasradioreflejos.com.ar\/2021\/author\/arnaldo\/"}]}},"_links":{"self":[{"href":"https:\/\/www.noticiasradioreflejos.com.ar\/2021\/wp-json\/wp\/v2\/posts\/31952","targetHints":{"allow":["GET"]}}],"collection":[{"href":"https:\/\/www.noticiasradioreflejos.com.ar\/2021\/wp-json\/wp\/v2\/posts"}],"about":[{"href":"https:\/\/www.noticiasradioreflejos.com.ar\/2021\/wp-json\/wp\/v2\/types\/post"}],"author":[{"embeddable":true,"href":"https:\/\/www.noticiasradioreflejos.com.ar\/2021\/wp-json\/wp\/v2\/users\/3"}],"replies":[{"embeddable":true,"href":"https:\/\/www.noticiasradioreflejos.com.ar\/2021\/wp-json\/wp\/v2\/comments?post=31952"}],"version-history":[{"count":0,"href":"https:\/\/www.noticiasradioreflejos.com.ar\/2021\/wp-json\/wp\/v2\/posts\/31952\/revisions"}],"wp:attachment":[{"href":"https:\/\/www.noticiasradioreflejos.com.ar\/2021\/wp-json\/wp\/v2\/media?parent=31952"}],"wp:term":[{"taxonomy":"category","embeddable":true,"href":"https:\/\/www.noticiasradioreflejos.com.ar\/2021\/wp-json\/wp\/v2\/categories?post=31952"},{"taxonomy":"post_tag","embeddable":true,"href":"https:\/\/www.noticiasradioreflejos.com.ar\/2021\/wp-json\/wp\/v2\/tags?post=31952"}],"curies":[{"name":"wp","href":"https:\/\/api.w.org\/{rel}","templated":true}]}}