{"id":31947,"date":"2019-06-06T07:23:51","date_gmt":"2019-06-06T10:23:51","guid":{"rendered":"http:\/\/www.noticiasradioreflejos.com.ar\/noticias\/?p=31947"},"modified":"2019-06-06T07:23:51","modified_gmt":"2019-06-06T10:23:51","slug":"gestiones-del-intendente-y-funcionarios-en-la-plata","status":"publish","type":"post","link":"https:\/\/www.noticiasradioreflejos.com.ar\/2021\/gestiones-del-intendente-y-funcionarios-en-la-plata\/","title":{"rendered":"Gestiones del intendente y funcionarios en La Plata"},"content":{"rendered":"<p><a href=\"http:\/\/www.noticiasradioreflejos.com.ar\/noticias\/wp-content\/uploads\/2019\/06\/Bordoni-la-plata.jpeg\"><img loading=\"lazy\" decoding=\"async\" class=\"alignleft size-medium wp-image-31950\" src=\"http:\/\/www.noticiasradioreflejos.com.ar\/noticias\/wp-content\/uploads\/2019\/06\/Bordoni-la-plata-300x169.jpeg\" alt=\"Bordoni - la plata\" width=\"300\" height=\"169\" \/><\/a>El intendente municipal Sergio Bordoni, viaj\u00f3 esta semana a la ciudad de La Plata para mantener distintas reuniones con autoridades de organismos provinciales con el fin de abordar y avanzar sobre varias tem\u00e1ticas referentes a nuestro distrito.<!--more--><br \/>\nUno de los encuentros lo mantuvo junto al Ministro de Producci\u00f3n de la Provincia de Buenos Aires, Javier Tizado, con quien convers\u00f3 y analiz\u00f3 los avances para la habilitaci\u00f3n del Parque Industrial, situado en la localidad de Tornquist. Durante la jornada se profundizaron las distintas opciones para la concreci\u00f3n de acciones en pos de la habilitaci\u00f3n de dicho sector y la radicaci\u00f3n de empresas.<br \/>\nPor otro lado, se reuni\u00f3 con la Lic. Silvia Prieri, Directora de Recuperaci\u00f3n de Costos del Ministerio de Salud; perteneciente a SAMO (Sistema de Atenci\u00f3n Medico Organizado) del Ministerio de Salud; con quien convers\u00f3 sobre la posibilidad de acceder a equipamiento tecnol\u00f3gico y mobiliario para la futura ampliaci\u00f3n de la sala medica \u201cDr. Emilio Aldaya\u201d, de la localidad de Sierra de la Ventana.<br \/>\nEn este viaje, lo acompa\u00f1aron el Secretario de Gobierno, Ezequiel Gabella y el Secretario de Desarrollo, Gonzalo Iparraguirre.<br \/>\nEn tanto, el secretario al frente de Agencia de Desarrollo, mantuvo encuentros en la Direcci\u00f3n de Ordenamiento Territorial, y en la Subsecretaria de Tierras, para analizar los avances en los expedientes para las reformas del c\u00f3digo de ordenamiento territorial.<\/p>\n","protected":false},"excerpt":{"rendered":"<p>El intendente municipal Sergio Bordoni, viaj\u00f3 esta semana a la ciudad de La Plata para mantener distintas reuniones con autoridades de organismos provinciales con el fin de abordar y avanzar sobre varias tem\u00e1ticas referentes a nuestro distrito.<\/p>\n","protected":false},"author":3,"featured_media":0,"comment_status":"closed","ping_status":"open","sticky":false,"template":"","format":"standard","meta":{"footnotes":""},"categories":[28],"tags":[],"class_list":["post-31947","post","type-post","status-publish","format-standard","hentry","category-municipales"],"yoast_head":"<!-- This site is optimized with the Yoast SEO plugin v25.9 - https:\/\/yoast.com\/wordpress\/plugins\/seo\/ -->\n<title>Gestiones del intendente y funcionarios en La Plata - Noticias Radio Reflejos<\/title>\n<meta name=\"robots\" content=\"index, follow, max-snippet:-1, max-image-preview:large, max-video-preview:-1\" \/>\n<link rel=\"canonical\" href=\"https:\/\/www.noticiasradioreflejos.com.ar\/2021\/gestiones-del-intendente-y-funcionarios-en-la-plata\/\" \/>\n<meta property=\"og:locale\" content=\"es_ES\" \/>\n<meta property=\"og:type\" content=\"article\" \/>\n<meta property=\"og:title\" content=\"Gestiones del intendente y funcionarios en La Plata - Noticias Radio Reflejos\" \/>\n<meta property=\"og:description\" content=\"El intendente municipal Sergio Bordoni, viaj\u00f3 esta semana a la ciudad de La Plata para mantener distintas reuniones con autoridades de organismos provinciales con el fin de abordar y avanzar sobre varias tem\u00e1ticas referentes a nuestro distrito.\" \/>\n<meta property=\"og:url\" content=\"https:\/\/www.noticiasradioreflejos.com.ar\/2021\/gestiones-del-intendente-y-funcionarios-en-la-plata\/\" \/>\n<meta property=\"og:site_name\" content=\"Noticias Radio Reflejos\" \/>\n<meta property=\"article:published_time\" content=\"2019-06-06T10:23:51+00:00\" \/>\n<meta property=\"og:image\" content=\"https:\/\/www.noticiasradioreflejos.com.ar\/2021\/wp-content\/uploads\/2021\/07\/logosol300x200.png\" \/>\n\t<meta property=\"og:image:width\" content=\"300\" \/>\n\t<meta property=\"og:image:height\" content=\"200\" \/>\n\t<meta property=\"og:image:type\" content=\"image\/png\" \/>\n<meta name=\"author\" content=\"Arnaldo Botto\" \/>\n<meta name=\"twitter:card\" content=\"summary_large_image\" \/>\n<script type=\"application\/ld+json\" class=\"yoast-schema-graph\">{\"@context\":\"https:\/\/schema.org\",\"@graph\":[{\"@type\":\"WebPage\",\"@id\":\"https:\/\/www.noticiasradioreflejos.com.ar\/2021\/gestiones-del-intendente-y-funcionarios-en-la-plata\/\",\"url\":\"https:\/\/www.noticiasradioreflejos.com.ar\/2021\/gestiones-del-intendente-y-funcionarios-en-la-plata\/\",\"name\":\"Gestiones del intendente y funcionarios en La Plata - Noticias Radio Reflejos\",\"isPartOf\":{\"@id\":\"https:\/\/www.noticiasradioreflejos.com.ar\/2021\/#website\"},\"primaryImageOfPage\":{\"@id\":\"https:\/\/www.noticiasradioreflejos.com.ar\/2021\/gestiones-del-intendente-y-funcionarios-en-la-plata\/#primaryimage\"},\"image\":{\"@id\":\"https:\/\/www.noticiasradioreflejos.com.ar\/2021\/gestiones-del-intendente-y-funcionarios-en-la-plata\/#primaryimage\"},\"thumbnailUrl\":\"http:\/\/www.noticiasradioreflejos.com.ar\/noticias\/wp-content\/uploads\/2019\/06\/Bordoni-la-plata-300x169.jpeg\",\"datePublished\":\"2019-06-06T10:23:51+00:00\",\"author\":{\"@id\":\"https:\/\/www.noticiasradioreflejos.com.ar\/2021\/#\/schema\/person\/ad82545263dcc5ec0996818884fd5fb1\"},\"breadcrumb\":{\"@id\":\"https:\/\/www.noticiasradioreflejos.com.ar\/2021\/gestiones-del-intendente-y-funcionarios-en-la-plata\/#breadcrumb\"},\"inLanguage\":\"es\",\"potentialAction\":[{\"@type\":\"ReadAction\",\"target\":[\"https:\/\/www.noticiasradioreflejos.com.ar\/2021\/gestiones-del-intendente-y-funcionarios-en-la-plata\/\"]}]},{\"@type\":\"ImageObject\",\"inLanguage\":\"es\",\"@id\":\"https:\/\/www.noticiasradioreflejos.com.ar\/2021\/gestiones-del-intendente-y-funcionarios-en-la-plata\/#primaryimage\",\"url\":\"http:\/\/www.noticiasradioreflejos.com.ar\/noticias\/wp-content\/uploads\/2019\/06\/Bordoni-la-plata-300x169.jpeg\",\"contentUrl\":\"http:\/\/www.noticiasradioreflejos.com.ar\/noticias\/wp-content\/uploads\/2019\/06\/Bordoni-la-plata-300x169.jpeg\"},{\"@type\":\"BreadcrumbList\",\"@id\":\"https:\/\/www.noticiasradioreflejos.com.ar\/2021\/gestiones-del-intendente-y-funcionarios-en-la-plata\/#breadcrumb\",\"itemListElement\":[{\"@type\":\"ListItem\",\"position\":1,\"name\":\"Portada\",\"item\":\"https:\/\/www.noticiasradioreflejos.com.ar\/2021\/\"},{\"@type\":\"ListItem\",\"position\":2,\"name\":\"Gestiones del intendente y funcionarios en La Plata\"}]},{\"@type\":\"WebSite\",\"@id\":\"https:\/\/www.noticiasradioreflejos.com.ar\/2021\/#website\",\"url\":\"https:\/\/www.noticiasradioreflejos.com.ar\/2021\/\",\"name\":\"Noticias Radio Reflejos\",\"description\":\"Las noticias de mi comarca\",\"potentialAction\":[{\"@type\":\"SearchAction\",\"target\":{\"@type\":\"EntryPoint\",\"urlTemplate\":\"https:\/\/www.noticiasradioreflejos.com.ar\/2021\/?s={search_term_string}\"},\"query-input\":{\"@type\":\"PropertyValueSpecification\",\"valueRequired\":true,\"valueName\":\"search_term_string\"}}],\"inLanguage\":\"es\"},{\"@type\":\"Person\",\"@id\":\"https:\/\/www.noticiasradioreflejos.com.ar\/2021\/#\/schema\/person\/ad82545263dcc5ec0996818884fd5fb1\",\"name\":\"Arnaldo Botto\",\"image\":{\"@type\":\"ImageObject\",\"inLanguage\":\"es\",\"@id\":\"https:\/\/www.noticiasradioreflejos.com.ar\/2021\/#\/schema\/person\/image\/\",\"url\":\"https:\/\/secure.gravatar.com\/avatar\/55cb5e37c1efa326397366e6974cb338056df65cb50e7d64d1cf314e87504837?s=96&d=mm&r=g\",\"contentUrl\":\"https:\/\/secure.gravatar.com\/avatar\/55cb5e37c1efa326397366e6974cb338056df65cb50e7d64d1cf314e87504837?s=96&d=mm&r=g\",\"caption\":\"Arnaldo Botto\"},\"url\":\"https:\/\/www.noticiasradioreflejos.com.ar\/2021\/author\/arnaldo\/\"}]}<\/script>\n<!-- \/ Yoast SEO plugin. -->","yoast_head_json":{"title":"Gestiones del intendente y funcionarios en La Plata - Noticias Radio Reflejos","robots":{"index":"index","follow":"follow","max-snippet":"max-snippet:-1","max-image-preview":"max-image-preview:large","max-video-preview":"max-video-preview:-1"},"canonical":"https:\/\/www.noticiasradioreflejos.com.ar\/2021\/gestiones-del-intendente-y-funcionarios-en-la-plata\/","og_locale":"es_ES","og_type":"article","og_title":"Gestiones del intendente y funcionarios en La Plata - Noticias Radio Reflejos","og_description":"El intendente municipal Sergio Bordoni, viaj\u00f3 esta semana a la ciudad de La Plata para mantener distintas reuniones con autoridades de organismos provinciales con el fin de abordar y avanzar sobre varias tem\u00e1ticas referentes a nuestro distrito.","og_url":"https:\/\/www.noticiasradioreflejos.com.ar\/2021\/gestiones-del-intendente-y-funcionarios-en-la-plata\/","og_site_name":"Noticias Radio Reflejos","article_published_time":"2019-06-06T10:23:51+00:00","og_image":[{"width":300,"height":200,"url":"https:\/\/www.noticiasradioreflejos.com.ar\/2021\/wp-content\/uploads\/2021\/07\/logosol300x200.png","type":"image\/png"}],"author":"Arnaldo Botto","twitter_card":"summary_large_image","schema":{"@context":"https:\/\/schema.org","@graph":[{"@type":"WebPage","@id":"https:\/\/www.noticiasradioreflejos.com.ar\/2021\/gestiones-del-intendente-y-funcionarios-en-la-plata\/","url":"https:\/\/www.noticiasradioreflejos.com.ar\/2021\/gestiones-del-intendente-y-funcionarios-en-la-plata\/","name":"Gestiones del intendente y funcionarios en La Plata - Noticias Radio Reflejos","isPartOf":{"@id":"https:\/\/www.noticiasradioreflejos.com.ar\/2021\/#website"},"primaryImageOfPage":{"@id":"https:\/\/www.noticiasradioreflejos.com.ar\/2021\/gestiones-del-intendente-y-funcionarios-en-la-plata\/#primaryimage"},"image":{"@id":"https:\/\/www.noticiasradioreflejos.com.ar\/2021\/gestiones-del-intendente-y-funcionarios-en-la-plata\/#primaryimage"},"thumbnailUrl":"http:\/\/www.noticiasradioreflejos.com.ar\/noticias\/wp-content\/uploads\/2019\/06\/Bordoni-la-plata-300x169.jpeg","datePublished":"2019-06-06T10:23:51+00:00","author":{"@id":"https:\/\/www.noticiasradioreflejos.com.ar\/2021\/#\/schema\/person\/ad82545263dcc5ec0996818884fd5fb1"},"breadcrumb":{"@id":"https:\/\/www.noticiasradioreflejos.com.ar\/2021\/gestiones-del-intendente-y-funcionarios-en-la-plata\/#breadcrumb"},"inLanguage":"es","potentialAction":[{"@type":"ReadAction","target":["https:\/\/www.noticiasradioreflejos.com.ar\/2021\/gestiones-del-intendente-y-funcionarios-en-la-plata\/"]}]},{"@type":"ImageObject","inLanguage":"es","@id":"https:\/\/www.noticiasradioreflejos.com.ar\/2021\/gestiones-del-intendente-y-funcionarios-en-la-plata\/#primaryimage","url":"http:\/\/www.noticiasradioreflejos.com.ar\/noticias\/wp-content\/uploads\/2019\/06\/Bordoni-la-plata-300x169.jpeg","contentUrl":"http:\/\/www.noticiasradioreflejos.com.ar\/noticias\/wp-content\/uploads\/2019\/06\/Bordoni-la-plata-300x169.jpeg"},{"@type":"BreadcrumbList","@id":"https:\/\/www.noticiasradioreflejos.com.ar\/2021\/gestiones-del-intendente-y-funcionarios-en-la-plata\/#breadcrumb","itemListElement":[{"@type":"ListItem","position":1,"name":"Portada","item":"https:\/\/www.noticiasradioreflejos.com.ar\/2021\/"},{"@type":"ListItem","position":2,"name":"Gestiones del intendente y funcionarios en La Plata"}]},{"@type":"WebSite","@id":"https:\/\/www.noticiasradioreflejos.com.ar\/2021\/#website","url":"https:\/\/www.noticiasradioreflejos.com.ar\/2021\/","name":"Noticias Radio Reflejos","description":"Las noticias de mi comarca","potentialAction":[{"@type":"SearchAction","target":{"@type":"EntryPoint","urlTemplate":"https:\/\/www.noticiasradioreflejos.com.ar\/2021\/?s={search_term_string}"},"query-input":{"@type":"PropertyValueSpecification","valueRequired":true,"valueName":"search_term_string"}}],"inLanguage":"es"},{"@type":"Person","@id":"https:\/\/www.noticiasradioreflejos.com.ar\/2021\/#\/schema\/person\/ad82545263dcc5ec0996818884fd5fb1","name":"Arnaldo Botto","image":{"@type":"ImageObject","inLanguage":"es","@id":"https:\/\/www.noticiasradioreflejos.com.ar\/2021\/#\/schema\/person\/image\/","url":"https:\/\/secure.gravatar.com\/avatar\/55cb5e37c1efa326397366e6974cb338056df65cb50e7d64d1cf314e87504837?s=96&d=mm&r=g","contentUrl":"https:\/\/secure.gravatar.com\/avatar\/55cb5e37c1efa326397366e6974cb338056df65cb50e7d64d1cf314e87504837?s=96&d=mm&r=g","caption":"Arnaldo Botto"},"url":"https:\/\/www.noticiasradioreflejos.com.ar\/2021\/author\/arnaldo\/"}]}},"_links":{"self":[{"href":"https:\/\/www.noticiasradioreflejos.com.ar\/2021\/wp-json\/wp\/v2\/posts\/31947","targetHints":{"allow":["GET"]}}],"collection":[{"href":"https:\/\/www.noticiasradioreflejos.com.ar\/2021\/wp-json\/wp\/v2\/posts"}],"about":[{"href":"https:\/\/www.noticiasradioreflejos.com.ar\/2021\/wp-json\/wp\/v2\/types\/post"}],"author":[{"embeddable":true,"href":"https:\/\/www.noticiasradioreflejos.com.ar\/2021\/wp-json\/wp\/v2\/users\/3"}],"replies":[{"embeddable":true,"href":"https:\/\/www.noticiasradioreflejos.com.ar\/2021\/wp-json\/wp\/v2\/comments?post=31947"}],"version-history":[{"count":0,"href":"https:\/\/www.noticiasradioreflejos.com.ar\/2021\/wp-json\/wp\/v2\/posts\/31947\/revisions"}],"wp:attachment":[{"href":"https:\/\/www.noticiasradioreflejos.com.ar\/2021\/wp-json\/wp\/v2\/media?parent=31947"}],"wp:term":[{"taxonomy":"category","embeddable":true,"href":"https:\/\/www.noticiasradioreflejos.com.ar\/2021\/wp-json\/wp\/v2\/categories?post=31947"},{"taxonomy":"post_tag","embeddable":true,"href":"https:\/\/www.noticiasradioreflejos.com.ar\/2021\/wp-json\/wp\/v2\/tags?post=31947"}],"curies":[{"name":"wp","href":"https:\/\/api.w.org\/{rel}","templated":true}]}}