{"id":31943,"date":"2019-06-05T16:37:11","date_gmt":"2019-06-05T19:37:11","guid":{"rendered":"http:\/\/www.noticiasradioreflejos.com.ar\/noticias\/?p=31943"},"modified":"2019-06-05T16:37:11","modified_gmt":"2019-06-05T19:37:11","slug":"intensa-actividad-en-el-marco-del-dia-internacional-de-accion-por-la-salud-de-las-mujeres-y-ni-una-menos","status":"publish","type":"post","link":"https:\/\/www.noticiasradioreflejos.com.ar\/2021\/intensa-actividad-en-el-marco-del-dia-internacional-de-accion-por-la-salud-de-las-mujeres-y-ni-una-menos\/","title":{"rendered":"Intensa actividad en el marco del D\u00eda Internacional de Acci\u00f3n por la Salud de las Mujeres y Ni una Menos."},"content":{"rendered":"<p><a title=\"image (2)\" href=\"http:\/\/live.staticflickr.com\/65535\/48009342577_61a81ee6a6_s.jpg\" rel=\"\"><img loading=\"lazy\" decoding=\"async\" class=\"alignleft\" style=\"float: left;\" title=\"image (2)\" src=\"http:\/\/live.staticflickr.com\/65535\/48009342577_61a81ee6a6.jpg\" alt=\"image (2)\" width=\"500\" height=\"375\" \/><\/a>El <strong>Consejo Municipal de las Mujeres Tornquist<\/strong> ha organizado y desarrollado una intensa actividad en el marco del D\u00eda Internacional de Acci\u00f3n por la Salud de las Mujeres y Ni una Menos.<!--more--><br \/>\nEl mi\u00e9rcoles 29\/5, en el Centro Cultural Sierra de la Ventana, se presentaron talleres y conversatorios dise\u00f1ados con gran solvencia profesional por un equipo de consejeras con el prop\u00f3sito de conversar y construir saberes buscando respuesta para las preguntas: \u00bfQu\u00e9 es la salud? \u00bfCu\u00e1les son mis derechos? \u00bfDe qu\u00e9 hablamos cuando hablamos de g\u00e9nero?, etc., lo que despert\u00f3 sumo inter\u00e9s en las mujeres presentes y convoc\u00f3 a su participaci\u00f3n activa durante las tres horas de duraci\u00f3n del evento.<br \/>\nEl lunes 3 de junio, en el Banco Rojo de la Plaza Independencia de Saldungaray, se realiz\u00f3 un acto consistente en palabras de inicio, lectura de texto alusivo y marcha a su alrededor. Tambi\u00e9n, a trav\u00e9s de la Delegaci\u00f3n de la localidad, presentamos al Intendente Municipal se\u00f1or Sergio Bordoni, una nota-petitorio solicitando que se tomen con URGENCIA decisiones que articulen pol\u00edticas p\u00fablicas en favor de las mujeres que son v\u00edctimas de violencia de g\u00e9nero para que, efectivamente, podamos decir \u201cNI UNA MENOS\u201d en nuestro distrito.<br \/>\nSiguiendo con el cronograma, nos trasladamos a Villa Ventana para pintar el Banco Rojo que hace un tiempo hab\u00eda sufrido un inconveniente clim\u00e1tico, el que qued\u00f3 listo para ser escrito pr\u00f3ximamente.<br \/>\nM\u00e1s tarde, en la plazoleta central \u2013 plaza del reloj \u2013 de Sierra de la Ventana se realiz\u00f3 un acto con la asistencia de mujeres que, despu\u00e9s, se sumaron a la marcha desde el banco rojo hasta la YPF con cintas y pa\u00f1uelos violeta, instrumentos de percusi\u00f3n y carteles con leyendas sobre la violencia de g\u00e9nero.<br \/>\nEl martes 4 de junio, se realiz\u00f3 un acto frente a la Oficina de Violencia Familiar de Tornquist y una marcha alrededor de la plaza central con gran asistencia, en especial de j\u00f3venes mujeres comprometidas con esta lucha de la que son protagonistas.<br \/>\nEn todas las localidades se juntaron firmas solicitando la urgente sanci\u00f3n de una ordenanza contra el acoso callejero.<br \/>\nSi te interesa ser parte, envianos un mensaje a la p\u00e1gina del Consejo Municipal de las Mujeres Tornquist en facebook.<br \/>\n<a title=\"61823127_2372377973031668_1861602984031420416_n\" href=\"http:\/\/live.staticflickr.com\/65535\/48001107481_a0fda039b2_s.jpg\" rel=\"\"><img loading=\"lazy\" decoding=\"async\" class=\"aligncenter\" title=\"61823127_2372377973031668_1861602984031420416_n\" src=\"http:\/\/live.staticflickr.com\/65535\/48001107481_a0fda039b2_z.jpg\" alt=\"61823127_2372377973031668_1861602984031420416_n\" width=\"640\" height=\"427\" \/><\/a><\/p>\n","protected":false},"excerpt":{"rendered":"<p>El Consejo Municipal de las Mujeres Tornquist ha organizado y desarrollado una intensa actividad en el marco del D\u00eda Internacional de Acci\u00f3n por la Salud de las Mujeres y Ni una Menos.<\/p>\n","protected":false},"author":3,"featured_media":0,"comment_status":"closed","ping_status":"open","sticky":false,"template":"","format":"standard","meta":{"footnotes":""},"categories":[24],"tags":[],"class_list":["post-31943","post","type-post","status-publish","format-standard","hentry","category-politica"],"yoast_head":"<!-- This site is optimized with the Yoast SEO plugin v25.9 - https:\/\/yoast.com\/wordpress\/plugins\/seo\/ -->\n<title>Intensa actividad en el marco del D\u00eda Internacional de Acci\u00f3n por la Salud de las Mujeres y Ni una Menos. - Noticias Radio Reflejos<\/title>\n<meta name=\"robots\" content=\"index, follow, max-snippet:-1, max-image-preview:large, max-video-preview:-1\" \/>\n<link rel=\"canonical\" href=\"https:\/\/www.noticiasradioreflejos.com.ar\/2021\/intensa-actividad-en-el-marco-del-dia-internacional-de-accion-por-la-salud-de-las-mujeres-y-ni-una-menos\/\" \/>\n<meta property=\"og:locale\" content=\"es_ES\" \/>\n<meta property=\"og:type\" content=\"article\" \/>\n<meta property=\"og:title\" content=\"Intensa actividad en el marco del D\u00eda Internacional de Acci\u00f3n por la Salud de las Mujeres y Ni una Menos. - Noticias Radio Reflejos\" \/>\n<meta property=\"og:description\" content=\"El Consejo Municipal de las Mujeres Tornquist ha organizado y desarrollado una intensa actividad en el marco del D\u00eda Internacional de Acci\u00f3n por la Salud de las Mujeres y Ni una Menos.\" \/>\n<meta property=\"og:url\" content=\"https:\/\/www.noticiasradioreflejos.com.ar\/2021\/intensa-actividad-en-el-marco-del-dia-internacional-de-accion-por-la-salud-de-las-mujeres-y-ni-una-menos\/\" \/>\n<meta property=\"og:site_name\" content=\"Noticias Radio Reflejos\" \/>\n<meta property=\"article:published_time\" content=\"2019-06-05T19:37:11+00:00\" \/>\n<meta property=\"og:image\" content=\"http:\/\/live.staticflickr.com\/65535\/48009342577_61a81ee6a6.jpg\" \/>\n<meta name=\"author\" content=\"Arnaldo Botto\" \/>\n<meta name=\"twitter:card\" content=\"summary_large_image\" \/>\n<script type=\"application\/ld+json\" class=\"yoast-schema-graph\">{\"@context\":\"https:\/\/schema.org\",\"@graph\":[{\"@type\":\"WebPage\",\"@id\":\"https:\/\/www.noticiasradioreflejos.com.ar\/2021\/intensa-actividad-en-el-marco-del-dia-internacional-de-accion-por-la-salud-de-las-mujeres-y-ni-una-menos\/\",\"url\":\"https:\/\/www.noticiasradioreflejos.com.ar\/2021\/intensa-actividad-en-el-marco-del-dia-internacional-de-accion-por-la-salud-de-las-mujeres-y-ni-una-menos\/\",\"name\":\"Intensa actividad en el marco del D\u00eda Internacional de Acci\u00f3n por la Salud de las Mujeres y Ni una Menos. - Noticias Radio Reflejos\",\"isPartOf\":{\"@id\":\"https:\/\/www.noticiasradioreflejos.com.ar\/2021\/#website\"},\"primaryImageOfPage\":{\"@id\":\"https:\/\/www.noticiasradioreflejos.com.ar\/2021\/intensa-actividad-en-el-marco-del-dia-internacional-de-accion-por-la-salud-de-las-mujeres-y-ni-una-menos\/#primaryimage\"},\"image\":{\"@id\":\"https:\/\/www.noticiasradioreflejos.com.ar\/2021\/intensa-actividad-en-el-marco-del-dia-internacional-de-accion-por-la-salud-de-las-mujeres-y-ni-una-menos\/#primaryimage\"},\"thumbnailUrl\":\"http:\/\/live.staticflickr.com\/65535\/48009342577_61a81ee6a6.jpg\",\"datePublished\":\"2019-06-05T19:37:11+00:00\",\"author\":{\"@id\":\"https:\/\/www.noticiasradioreflejos.com.ar\/2021\/#\/schema\/person\/ad82545263dcc5ec0996818884fd5fb1\"},\"breadcrumb\":{\"@id\":\"https:\/\/www.noticiasradioreflejos.com.ar\/2021\/intensa-actividad-en-el-marco-del-dia-internacional-de-accion-por-la-salud-de-las-mujeres-y-ni-una-menos\/#breadcrumb\"},\"inLanguage\":\"es\",\"potentialAction\":[{\"@type\":\"ReadAction\",\"target\":[\"https:\/\/www.noticiasradioreflejos.com.ar\/2021\/intensa-actividad-en-el-marco-del-dia-internacional-de-accion-por-la-salud-de-las-mujeres-y-ni-una-menos\/\"]}]},{\"@type\":\"ImageObject\",\"inLanguage\":\"es\",\"@id\":\"https:\/\/www.noticiasradioreflejos.com.ar\/2021\/intensa-actividad-en-el-marco-del-dia-internacional-de-accion-por-la-salud-de-las-mujeres-y-ni-una-menos\/#primaryimage\",\"url\":\"http:\/\/live.staticflickr.com\/65535\/48009342577_61a81ee6a6.jpg\",\"contentUrl\":\"http:\/\/live.staticflickr.com\/65535\/48009342577_61a81ee6a6.jpg\"},{\"@type\":\"BreadcrumbList\",\"@id\":\"https:\/\/www.noticiasradioreflejos.com.ar\/2021\/intensa-actividad-en-el-marco-del-dia-internacional-de-accion-por-la-salud-de-las-mujeres-y-ni-una-menos\/#breadcrumb\",\"itemListElement\":[{\"@type\":\"ListItem\",\"position\":1,\"name\":\"Portada\",\"item\":\"https:\/\/www.noticiasradioreflejos.com.ar\/2021\/\"},{\"@type\":\"ListItem\",\"position\":2,\"name\":\"Intensa actividad en el marco del D\u00eda Internacional de Acci\u00f3n por la Salud de las Mujeres y Ni una Menos.\"}]},{\"@type\":\"WebSite\",\"@id\":\"https:\/\/www.noticiasradioreflejos.com.ar\/2021\/#website\",\"url\":\"https:\/\/www.noticiasradioreflejos.com.ar\/2021\/\",\"name\":\"Noticias Radio Reflejos\",\"description\":\"Las noticias de mi comarca\",\"potentialAction\":[{\"@type\":\"SearchAction\",\"target\":{\"@type\":\"EntryPoint\",\"urlTemplate\":\"https:\/\/www.noticiasradioreflejos.com.ar\/2021\/?s={search_term_string}\"},\"query-input\":{\"@type\":\"PropertyValueSpecification\",\"valueRequired\":true,\"valueName\":\"search_term_string\"}}],\"inLanguage\":\"es\"},{\"@type\":\"Person\",\"@id\":\"https:\/\/www.noticiasradioreflejos.com.ar\/2021\/#\/schema\/person\/ad82545263dcc5ec0996818884fd5fb1\",\"name\":\"Arnaldo Botto\",\"image\":{\"@type\":\"ImageObject\",\"inLanguage\":\"es\",\"@id\":\"https:\/\/www.noticiasradioreflejos.com.ar\/2021\/#\/schema\/person\/image\/\",\"url\":\"https:\/\/secure.gravatar.com\/avatar\/55cb5e37c1efa326397366e6974cb338056df65cb50e7d64d1cf314e87504837?s=96&d=mm&r=g\",\"contentUrl\":\"https:\/\/secure.gravatar.com\/avatar\/55cb5e37c1efa326397366e6974cb338056df65cb50e7d64d1cf314e87504837?s=96&d=mm&r=g\",\"caption\":\"Arnaldo Botto\"},\"url\":\"https:\/\/www.noticiasradioreflejos.com.ar\/2021\/author\/arnaldo\/\"}]}<\/script>\n<!-- \/ Yoast SEO plugin. -->","yoast_head_json":{"title":"Intensa actividad en el marco del D\u00eda Internacional de Acci\u00f3n por la Salud de las Mujeres y Ni una Menos. - Noticias Radio Reflejos","robots":{"index":"index","follow":"follow","max-snippet":"max-snippet:-1","max-image-preview":"max-image-preview:large","max-video-preview":"max-video-preview:-1"},"canonical":"https:\/\/www.noticiasradioreflejos.com.ar\/2021\/intensa-actividad-en-el-marco-del-dia-internacional-de-accion-por-la-salud-de-las-mujeres-y-ni-una-menos\/","og_locale":"es_ES","og_type":"article","og_title":"Intensa actividad en el marco del D\u00eda Internacional de Acci\u00f3n por la Salud de las Mujeres y Ni una Menos. - Noticias Radio Reflejos","og_description":"El Consejo Municipal de las Mujeres Tornquist ha organizado y desarrollado una intensa actividad en el marco del D\u00eda Internacional de Acci\u00f3n por la Salud de las Mujeres y Ni una Menos.","og_url":"https:\/\/www.noticiasradioreflejos.com.ar\/2021\/intensa-actividad-en-el-marco-del-dia-internacional-de-accion-por-la-salud-de-las-mujeres-y-ni-una-menos\/","og_site_name":"Noticias Radio Reflejos","article_published_time":"2019-06-05T19:37:11+00:00","og_image":[{"url":"http:\/\/live.staticflickr.com\/65535\/48009342577_61a81ee6a6.jpg","type":"","width":"","height":""}],"author":"Arnaldo Botto","twitter_card":"summary_large_image","schema":{"@context":"https:\/\/schema.org","@graph":[{"@type":"WebPage","@id":"https:\/\/www.noticiasradioreflejos.com.ar\/2021\/intensa-actividad-en-el-marco-del-dia-internacional-de-accion-por-la-salud-de-las-mujeres-y-ni-una-menos\/","url":"https:\/\/www.noticiasradioreflejos.com.ar\/2021\/intensa-actividad-en-el-marco-del-dia-internacional-de-accion-por-la-salud-de-las-mujeres-y-ni-una-menos\/","name":"Intensa actividad en el marco del D\u00eda Internacional de Acci\u00f3n por la Salud de las Mujeres y Ni una Menos. - Noticias Radio Reflejos","isPartOf":{"@id":"https:\/\/www.noticiasradioreflejos.com.ar\/2021\/#website"},"primaryImageOfPage":{"@id":"https:\/\/www.noticiasradioreflejos.com.ar\/2021\/intensa-actividad-en-el-marco-del-dia-internacional-de-accion-por-la-salud-de-las-mujeres-y-ni-una-menos\/#primaryimage"},"image":{"@id":"https:\/\/www.noticiasradioreflejos.com.ar\/2021\/intensa-actividad-en-el-marco-del-dia-internacional-de-accion-por-la-salud-de-las-mujeres-y-ni-una-menos\/#primaryimage"},"thumbnailUrl":"http:\/\/live.staticflickr.com\/65535\/48009342577_61a81ee6a6.jpg","datePublished":"2019-06-05T19:37:11+00:00","author":{"@id":"https:\/\/www.noticiasradioreflejos.com.ar\/2021\/#\/schema\/person\/ad82545263dcc5ec0996818884fd5fb1"},"breadcrumb":{"@id":"https:\/\/www.noticiasradioreflejos.com.ar\/2021\/intensa-actividad-en-el-marco-del-dia-internacional-de-accion-por-la-salud-de-las-mujeres-y-ni-una-menos\/#breadcrumb"},"inLanguage":"es","potentialAction":[{"@type":"ReadAction","target":["https:\/\/www.noticiasradioreflejos.com.ar\/2021\/intensa-actividad-en-el-marco-del-dia-internacional-de-accion-por-la-salud-de-las-mujeres-y-ni-una-menos\/"]}]},{"@type":"ImageObject","inLanguage":"es","@id":"https:\/\/www.noticiasradioreflejos.com.ar\/2021\/intensa-actividad-en-el-marco-del-dia-internacional-de-accion-por-la-salud-de-las-mujeres-y-ni-una-menos\/#primaryimage","url":"http:\/\/live.staticflickr.com\/65535\/48009342577_61a81ee6a6.jpg","contentUrl":"http:\/\/live.staticflickr.com\/65535\/48009342577_61a81ee6a6.jpg"},{"@type":"BreadcrumbList","@id":"https:\/\/www.noticiasradioreflejos.com.ar\/2021\/intensa-actividad-en-el-marco-del-dia-internacional-de-accion-por-la-salud-de-las-mujeres-y-ni-una-menos\/#breadcrumb","itemListElement":[{"@type":"ListItem","position":1,"name":"Portada","item":"https:\/\/www.noticiasradioreflejos.com.ar\/2021\/"},{"@type":"ListItem","position":2,"name":"Intensa actividad en el marco del D\u00eda Internacional de Acci\u00f3n por la Salud de las Mujeres y Ni una Menos."}]},{"@type":"WebSite","@id":"https:\/\/www.noticiasradioreflejos.com.ar\/2021\/#website","url":"https:\/\/www.noticiasradioreflejos.com.ar\/2021\/","name":"Noticias Radio Reflejos","description":"Las noticias de mi comarca","potentialAction":[{"@type":"SearchAction","target":{"@type":"EntryPoint","urlTemplate":"https:\/\/www.noticiasradioreflejos.com.ar\/2021\/?s={search_term_string}"},"query-input":{"@type":"PropertyValueSpecification","valueRequired":true,"valueName":"search_term_string"}}],"inLanguage":"es"},{"@type":"Person","@id":"https:\/\/www.noticiasradioreflejos.com.ar\/2021\/#\/schema\/person\/ad82545263dcc5ec0996818884fd5fb1","name":"Arnaldo Botto","image":{"@type":"ImageObject","inLanguage":"es","@id":"https:\/\/www.noticiasradioreflejos.com.ar\/2021\/#\/schema\/person\/image\/","url":"https:\/\/secure.gravatar.com\/avatar\/55cb5e37c1efa326397366e6974cb338056df65cb50e7d64d1cf314e87504837?s=96&d=mm&r=g","contentUrl":"https:\/\/secure.gravatar.com\/avatar\/55cb5e37c1efa326397366e6974cb338056df65cb50e7d64d1cf314e87504837?s=96&d=mm&r=g","caption":"Arnaldo Botto"},"url":"https:\/\/www.noticiasradioreflejos.com.ar\/2021\/author\/arnaldo\/"}]}},"_links":{"self":[{"href":"https:\/\/www.noticiasradioreflejos.com.ar\/2021\/wp-json\/wp\/v2\/posts\/31943","targetHints":{"allow":["GET"]}}],"collection":[{"href":"https:\/\/www.noticiasradioreflejos.com.ar\/2021\/wp-json\/wp\/v2\/posts"}],"about":[{"href":"https:\/\/www.noticiasradioreflejos.com.ar\/2021\/wp-json\/wp\/v2\/types\/post"}],"author":[{"embeddable":true,"href":"https:\/\/www.noticiasradioreflejos.com.ar\/2021\/wp-json\/wp\/v2\/users\/3"}],"replies":[{"embeddable":true,"href":"https:\/\/www.noticiasradioreflejos.com.ar\/2021\/wp-json\/wp\/v2\/comments?post=31943"}],"version-history":[{"count":0,"href":"https:\/\/www.noticiasradioreflejos.com.ar\/2021\/wp-json\/wp\/v2\/posts\/31943\/revisions"}],"wp:attachment":[{"href":"https:\/\/www.noticiasradioreflejos.com.ar\/2021\/wp-json\/wp\/v2\/media?parent=31943"}],"wp:term":[{"taxonomy":"category","embeddable":true,"href":"https:\/\/www.noticiasradioreflejos.com.ar\/2021\/wp-json\/wp\/v2\/categories?post=31943"},{"taxonomy":"post_tag","embeddable":true,"href":"https:\/\/www.noticiasradioreflejos.com.ar\/2021\/wp-json\/wp\/v2\/tags?post=31943"}],"curies":[{"name":"wp","href":"https:\/\/api.w.org\/{rel}","templated":true}]}}