{"id":31935,"date":"2019-06-05T12:46:25","date_gmt":"2019-06-05T15:46:25","guid":{"rendered":"http:\/\/www.noticiasradioreflejos.com.ar\/noticias\/?p=31935"},"modified":"2019-06-05T12:46:25","modified_gmt":"2019-06-05T15:46:25","slug":"dia-mundial-del-medio-ambiente-3","status":"publish","type":"post","link":"https:\/\/www.noticiasradioreflejos.com.ar\/2021\/dia-mundial-del-medio-ambiente-3\/","title":{"rendered":"D\u00eda Mundial del Medio Ambiente"},"content":{"rendered":"<p>En el D\u00eda Mundial del Medio Ambiente, el \u00e1rea correspondiente nos recuerda que el tema para 2019 gira en torno a la \u00abContaminaci\u00f3n del aire\u00bb.<br \/>\nChina, pa\u00eds anfitri\u00f3n del D\u00eda Mundial del Medio Ambiente, nos invita a considerar los cambios que podemos hacer en nuestro d\u00eda a d\u00eda para reducir la contaminaci\u00f3n del aire que generamos en nuestra vida cotidiana.<br \/>\n\u00bfQu\u00e9 causa la contaminaci\u00f3n del aire?<!--more--><br \/>\n\u2022\tHogar: La principal fuente de contaminaci\u00f3n en el ambiente de las casas es la quema en interiores de combustibles f\u00f3siles, madera y otros combustibles de biomasa para cocinar, calentar y encender fuegos.<br \/>\n\u2022\tIndustria: En muchos pa\u00edses la producci\u00f3n de energ\u00eda es una fuente importante de contaminaci\u00f3n del aire. Las centrales el\u00e9ctricas que queman carb\u00f3n son un emisor importante, mientras que los generadores diesel suponen una preocupaci\u00f3n creciente en \u00e1reas desconectadas de la red el\u00e9ctrica.<br \/>\n\u2022\tTransporte:  representa casi un cuarto de las emisiones de di\u00f3xido de carbono relacionadas con la energ\u00eda, una proporci\u00f3n que est\u00e1 aumentando. Las emisiones del transporte se han relacionado con casi 400,000 muertes prematuras.<br \/>\n\u2022\tAgricultura: Hay dos fuentes principales de contaminaci\u00f3n del aire proveniente de la agricultura: el ganado, que produce metano y amon\u00edaco, y la quema de residuos agr\u00edcolas. Alrededor del 24% de todos los gases de efecto invernadero emitidos en todo el mundo provienen de la agricultura, la silvicultura y otros usos del suelo.<br \/>\n\u2022\tResiduos: La quema de residuos a cielo abierto y los desechos org\u00e1nicos en los vertederos liberan a la atm\u00f3sfera dioxinas nocivas, furanos, metano y carbono negro. A nivel mundial, se estima que 40% de los residuos se quema al aire libre, un problema que resulta m\u00e1s grave en las regiones que se est\u00e1n urbanizando y en los pa\u00edses en desarrollo.<br \/>\nSumando las acciones individuales, se puede generar un impacto positivo en el planeta. El cuidado de la Tierra tambi\u00e9n es responsabilidad de todos.<\/p>\n","protected":false},"excerpt":{"rendered":"<p>En el D\u00eda Mundial del Medio Ambiente, el \u00e1rea correspondiente nos recuerda que el tema para 2019 gira en torno a la \u00abContaminaci\u00f3n del aire\u00bb. China, pa\u00eds anfitri\u00f3n del D\u00eda Mundial del Medio Ambiente, nos invita a considerar los cambios que podemos hacer en nuestro d\u00eda a d\u00eda para reducir la contaminaci\u00f3n del aire que [&hellip;]<\/p>\n","protected":false},"author":3,"featured_media":0,"comment_status":"closed","ping_status":"open","sticky":false,"template":"","format":"standard","meta":{"footnotes":""},"categories":[28],"tags":[],"class_list":["post-31935","post","type-post","status-publish","format-standard","hentry","category-municipales"],"yoast_head":"<!-- This site is optimized with the Yoast SEO plugin v25.9 - https:\/\/yoast.com\/wordpress\/plugins\/seo\/ -->\n<title>D\u00eda Mundial del Medio Ambiente - Noticias Radio Reflejos<\/title>\n<meta name=\"robots\" content=\"index, follow, max-snippet:-1, max-image-preview:large, max-video-preview:-1\" \/>\n<link rel=\"canonical\" href=\"https:\/\/www.noticiasradioreflejos.com.ar\/2021\/dia-mundial-del-medio-ambiente-3\/\" \/>\n<meta property=\"og:locale\" content=\"es_ES\" \/>\n<meta property=\"og:type\" content=\"article\" \/>\n<meta property=\"og:title\" content=\"D\u00eda Mundial del Medio Ambiente - Noticias Radio Reflejos\" \/>\n<meta property=\"og:description\" content=\"En el D\u00eda Mundial del Medio Ambiente, el \u00e1rea correspondiente nos recuerda que el tema para 2019 gira en torno a la \u00abContaminaci\u00f3n del aire\u00bb. China, pa\u00eds anfitri\u00f3n del D\u00eda Mundial del Medio Ambiente, nos invita a considerar los cambios que podemos hacer en nuestro d\u00eda a d\u00eda para reducir la contaminaci\u00f3n del aire que [&hellip;]\" \/>\n<meta property=\"og:url\" content=\"https:\/\/www.noticiasradioreflejos.com.ar\/2021\/dia-mundial-del-medio-ambiente-3\/\" \/>\n<meta property=\"og:site_name\" content=\"Noticias Radio Reflejos\" \/>\n<meta property=\"article:published_time\" content=\"2019-06-05T15:46:25+00:00\" \/>\n<meta property=\"og:image\" content=\"https:\/\/www.noticiasradioreflejos.com.ar\/2021\/wp-content\/uploads\/2021\/07\/logosol300x200.png\" \/>\n\t<meta property=\"og:image:width\" content=\"300\" \/>\n\t<meta property=\"og:image:height\" content=\"200\" \/>\n\t<meta property=\"og:image:type\" content=\"image\/png\" \/>\n<meta name=\"author\" content=\"Arnaldo Botto\" \/>\n<meta name=\"twitter:card\" content=\"summary_large_image\" \/>\n<script type=\"application\/ld+json\" class=\"yoast-schema-graph\">{\"@context\":\"https:\/\/schema.org\",\"@graph\":[{\"@type\":\"WebPage\",\"@id\":\"https:\/\/www.noticiasradioreflejos.com.ar\/2021\/dia-mundial-del-medio-ambiente-3\/\",\"url\":\"https:\/\/www.noticiasradioreflejos.com.ar\/2021\/dia-mundial-del-medio-ambiente-3\/\",\"name\":\"D\u00eda Mundial del Medio Ambiente - Noticias Radio Reflejos\",\"isPartOf\":{\"@id\":\"https:\/\/www.noticiasradioreflejos.com.ar\/2021\/#website\"},\"datePublished\":\"2019-06-05T15:46:25+00:00\",\"author\":{\"@id\":\"https:\/\/www.noticiasradioreflejos.com.ar\/2021\/#\/schema\/person\/ad82545263dcc5ec0996818884fd5fb1\"},\"breadcrumb\":{\"@id\":\"https:\/\/www.noticiasradioreflejos.com.ar\/2021\/dia-mundial-del-medio-ambiente-3\/#breadcrumb\"},\"inLanguage\":\"es\",\"potentialAction\":[{\"@type\":\"ReadAction\",\"target\":[\"https:\/\/www.noticiasradioreflejos.com.ar\/2021\/dia-mundial-del-medio-ambiente-3\/\"]}]},{\"@type\":\"BreadcrumbList\",\"@id\":\"https:\/\/www.noticiasradioreflejos.com.ar\/2021\/dia-mundial-del-medio-ambiente-3\/#breadcrumb\",\"itemListElement\":[{\"@type\":\"ListItem\",\"position\":1,\"name\":\"Portada\",\"item\":\"https:\/\/www.noticiasradioreflejos.com.ar\/2021\/\"},{\"@type\":\"ListItem\",\"position\":2,\"name\":\"D\u00eda Mundial del Medio Ambiente\"}]},{\"@type\":\"WebSite\",\"@id\":\"https:\/\/www.noticiasradioreflejos.com.ar\/2021\/#website\",\"url\":\"https:\/\/www.noticiasradioreflejos.com.ar\/2021\/\",\"name\":\"Noticias Radio Reflejos\",\"description\":\"Las noticias de mi comarca\",\"potentialAction\":[{\"@type\":\"SearchAction\",\"target\":{\"@type\":\"EntryPoint\",\"urlTemplate\":\"https:\/\/www.noticiasradioreflejos.com.ar\/2021\/?s={search_term_string}\"},\"query-input\":{\"@type\":\"PropertyValueSpecification\",\"valueRequired\":true,\"valueName\":\"search_term_string\"}}],\"inLanguage\":\"es\"},{\"@type\":\"Person\",\"@id\":\"https:\/\/www.noticiasradioreflejos.com.ar\/2021\/#\/schema\/person\/ad82545263dcc5ec0996818884fd5fb1\",\"name\":\"Arnaldo Botto\",\"image\":{\"@type\":\"ImageObject\",\"inLanguage\":\"es\",\"@id\":\"https:\/\/www.noticiasradioreflejos.com.ar\/2021\/#\/schema\/person\/image\/\",\"url\":\"https:\/\/secure.gravatar.com\/avatar\/55cb5e37c1efa326397366e6974cb338056df65cb50e7d64d1cf314e87504837?s=96&d=mm&r=g\",\"contentUrl\":\"https:\/\/secure.gravatar.com\/avatar\/55cb5e37c1efa326397366e6974cb338056df65cb50e7d64d1cf314e87504837?s=96&d=mm&r=g\",\"caption\":\"Arnaldo Botto\"},\"url\":\"https:\/\/www.noticiasradioreflejos.com.ar\/2021\/author\/arnaldo\/\"}]}<\/script>\n<!-- \/ Yoast SEO plugin. -->","yoast_head_json":{"title":"D\u00eda Mundial del Medio Ambiente - Noticias Radio Reflejos","robots":{"index":"index","follow":"follow","max-snippet":"max-snippet:-1","max-image-preview":"max-image-preview:large","max-video-preview":"max-video-preview:-1"},"canonical":"https:\/\/www.noticiasradioreflejos.com.ar\/2021\/dia-mundial-del-medio-ambiente-3\/","og_locale":"es_ES","og_type":"article","og_title":"D\u00eda Mundial del Medio Ambiente - Noticias Radio Reflejos","og_description":"En el D\u00eda Mundial del Medio Ambiente, el \u00e1rea correspondiente nos recuerda que el tema para 2019 gira en torno a la \u00abContaminaci\u00f3n del aire\u00bb. China, pa\u00eds anfitri\u00f3n del D\u00eda Mundial del Medio Ambiente, nos invita a considerar los cambios que podemos hacer en nuestro d\u00eda a d\u00eda para reducir la contaminaci\u00f3n del aire que [&hellip;]","og_url":"https:\/\/www.noticiasradioreflejos.com.ar\/2021\/dia-mundial-del-medio-ambiente-3\/","og_site_name":"Noticias Radio Reflejos","article_published_time":"2019-06-05T15:46:25+00:00","og_image":[{"width":300,"height":200,"url":"https:\/\/www.noticiasradioreflejos.com.ar\/2021\/wp-content\/uploads\/2021\/07\/logosol300x200.png","type":"image\/png"}],"author":"Arnaldo Botto","twitter_card":"summary_large_image","schema":{"@context":"https:\/\/schema.org","@graph":[{"@type":"WebPage","@id":"https:\/\/www.noticiasradioreflejos.com.ar\/2021\/dia-mundial-del-medio-ambiente-3\/","url":"https:\/\/www.noticiasradioreflejos.com.ar\/2021\/dia-mundial-del-medio-ambiente-3\/","name":"D\u00eda Mundial del Medio Ambiente - Noticias Radio Reflejos","isPartOf":{"@id":"https:\/\/www.noticiasradioreflejos.com.ar\/2021\/#website"},"datePublished":"2019-06-05T15:46:25+00:00","author":{"@id":"https:\/\/www.noticiasradioreflejos.com.ar\/2021\/#\/schema\/person\/ad82545263dcc5ec0996818884fd5fb1"},"breadcrumb":{"@id":"https:\/\/www.noticiasradioreflejos.com.ar\/2021\/dia-mundial-del-medio-ambiente-3\/#breadcrumb"},"inLanguage":"es","potentialAction":[{"@type":"ReadAction","target":["https:\/\/www.noticiasradioreflejos.com.ar\/2021\/dia-mundial-del-medio-ambiente-3\/"]}]},{"@type":"BreadcrumbList","@id":"https:\/\/www.noticiasradioreflejos.com.ar\/2021\/dia-mundial-del-medio-ambiente-3\/#breadcrumb","itemListElement":[{"@type":"ListItem","position":1,"name":"Portada","item":"https:\/\/www.noticiasradioreflejos.com.ar\/2021\/"},{"@type":"ListItem","position":2,"name":"D\u00eda Mundial del Medio Ambiente"}]},{"@type":"WebSite","@id":"https:\/\/www.noticiasradioreflejos.com.ar\/2021\/#website","url":"https:\/\/www.noticiasradioreflejos.com.ar\/2021\/","name":"Noticias Radio Reflejos","description":"Las noticias de mi comarca","potentialAction":[{"@type":"SearchAction","target":{"@type":"EntryPoint","urlTemplate":"https:\/\/www.noticiasradioreflejos.com.ar\/2021\/?s={search_term_string}"},"query-input":{"@type":"PropertyValueSpecification","valueRequired":true,"valueName":"search_term_string"}}],"inLanguage":"es"},{"@type":"Person","@id":"https:\/\/www.noticiasradioreflejos.com.ar\/2021\/#\/schema\/person\/ad82545263dcc5ec0996818884fd5fb1","name":"Arnaldo Botto","image":{"@type":"ImageObject","inLanguage":"es","@id":"https:\/\/www.noticiasradioreflejos.com.ar\/2021\/#\/schema\/person\/image\/","url":"https:\/\/secure.gravatar.com\/avatar\/55cb5e37c1efa326397366e6974cb338056df65cb50e7d64d1cf314e87504837?s=96&d=mm&r=g","contentUrl":"https:\/\/secure.gravatar.com\/avatar\/55cb5e37c1efa326397366e6974cb338056df65cb50e7d64d1cf314e87504837?s=96&d=mm&r=g","caption":"Arnaldo Botto"},"url":"https:\/\/www.noticiasradioreflejos.com.ar\/2021\/author\/arnaldo\/"}]}},"_links":{"self":[{"href":"https:\/\/www.noticiasradioreflejos.com.ar\/2021\/wp-json\/wp\/v2\/posts\/31935","targetHints":{"allow":["GET"]}}],"collection":[{"href":"https:\/\/www.noticiasradioreflejos.com.ar\/2021\/wp-json\/wp\/v2\/posts"}],"about":[{"href":"https:\/\/www.noticiasradioreflejos.com.ar\/2021\/wp-json\/wp\/v2\/types\/post"}],"author":[{"embeddable":true,"href":"https:\/\/www.noticiasradioreflejos.com.ar\/2021\/wp-json\/wp\/v2\/users\/3"}],"replies":[{"embeddable":true,"href":"https:\/\/www.noticiasradioreflejos.com.ar\/2021\/wp-json\/wp\/v2\/comments?post=31935"}],"version-history":[{"count":0,"href":"https:\/\/www.noticiasradioreflejos.com.ar\/2021\/wp-json\/wp\/v2\/posts\/31935\/revisions"}],"wp:attachment":[{"href":"https:\/\/www.noticiasradioreflejos.com.ar\/2021\/wp-json\/wp\/v2\/media?parent=31935"}],"wp:term":[{"taxonomy":"category","embeddable":true,"href":"https:\/\/www.noticiasradioreflejos.com.ar\/2021\/wp-json\/wp\/v2\/categories?post=31935"},{"taxonomy":"post_tag","embeddable":true,"href":"https:\/\/www.noticiasradioreflejos.com.ar\/2021\/wp-json\/wp\/v2\/tags?post=31935"}],"curies":[{"name":"wp","href":"https:\/\/api.w.org\/{rel}","templated":true}]}}