{"id":31912,"date":"2019-06-05T09:25:09","date_gmt":"2019-06-05T12:25:09","guid":{"rendered":"http:\/\/www.noticiasradioreflejos.com.ar\/noticias\/?p=31912"},"modified":"2019-06-05T09:25:09","modified_gmt":"2019-06-05T12:25:09","slug":"teatro-en-la-biblioteca-de-villa-ventana-2","status":"publish","type":"post","link":"https:\/\/www.noticiasradioreflejos.com.ar\/2021\/teatro-en-la-biblioteca-de-villa-ventana-2\/","title":{"rendered":"Teatro en la biblioteca de Villa Ventana."},"content":{"rendered":"<p>Este S\u00e1bado 8 de junio desde las 20 hs. se presentar\u00e1 \u00abAstor\u00bb en la biblioteca Macedonio Fernandez. La obra de Rodrigo de Miguel, contar\u00e1 con la actuaci\u00f3n de Fernando Santiago y la Direcci\u00f3n de Viviana Ruiz.<br \/>\nEntrada socios y jubilados $100.- No socios $200.-<!--more--><br \/>\nRecientemente estrenada en Mar del Plata, adjuntamos la cr\u00edtica de Gabriel Cabrejas*<br \/>\n<strong>Con la m\u00fasica, a otra parte<\/strong><br \/>\nLa vida de Astor Piazzolla, marplatense nativo y argentino universal, es escasamente conocida, y su viuda y heredera, Laura Escalada, logr\u00f3 prohibir, bajo posibilidad de demanda, la difusi\u00f3n de su intimidad y el uso de su apellido, as\u00ed que aventurarse a escribir sobre \u00e9l puede redundar en peligro. Sin embargo, la poes\u00eda y el teatro ha atravesado censuras peores sin debilitarse, y El S\u00e9ptimo Fuego tiene experiencia en desplegar las velas en cualquier tormenta. Hasta ahora no ha naufragado y ya no suceder\u00e1.<br \/>\nAstor la redacta un dramaturgo bahiense, Rodrigo de Miguel, y la interpreta un actor bahiense, Fernando Santiago, con quien la directora Viviana Ruiz trabaj\u00f3 en la puesta, memorable, de Sacco y Vanzetti, de Mauricio Kartun. Conocerse no es suficiente: cada nueva puesta en conjunto implica re-conocerse. Y ambos, actor y directora, desde un lado y desde el otro de la provincia, Mar del Plata y Bah\u00eda Blanca, concertaron la forma de escenificar un texto poderoso, que se permite entornar la puerta al misterio sagrado del m\u00fasico m\u00e1s importante de nuestra historia.<br \/>\nSantiago se parece a Astor, de tanto encarnar(se), viste de negro como el compositor cuando sub\u00eda al escenario, domina su espacio como un gato \u2014as\u00ed lo apodaban\u2014y tiene algo de acr\u00f3bata, pero no de la botonera, s\u00ed de la cuerda pendiente en el vac\u00edo de todo actor solo arriba de un discurso, de su propia partitura corporal en la pronunciaci\u00f3n de la an\u00e9cdota. Astor llega de ning\u00fan lado a ning\u00fan otro arrastrando su maleta de ruedas, y es el argentino eterno sin ra\u00edces que las lleva adentro hasta el dolor, transpira Buenos Aires anclado en los pa\u00edses cuyas banderas decoran el foro, rioplatense en Jap\u00f3n y en Estados Unidos, gaviota mec\u00e1nica y desarmable en busca del sonido perfecto en el extra\u00f1amiento. Astor obra, en realidad, es esa historia de amor inconclusa como la vida de un exiliado, a medias voluntaria para formarse y a medias obligada para escapar del ruido de una Argentina terca en incomprenderlo, despreciarlo, negar de \u00e9l. La soledad del artista, la tirantez entre la entrega al amor y el amor a la m\u00fasica, tan desmedidos ambos, tan absolutos que, como sea el resultado, siempre derivar\u00e1 en p\u00e9rdida. \u00bfEl arte tiene sentido?, se pregunta el programa de mano. Podr\u00eda haber sido \u00bfel amor tiene sentido? Variantes de la misma ret\u00f3rica, no otra cosa sino la interrogaci\u00f3n por el destino del arte y del vivir, el arte de vivir en s\u00ed mismo. Famoso y solo, el Astor hecho de teatro nunca dejar\u00e1 de lamentar a su amada Melanie, a sabiendas de que si la hubiera elegido, nunca dejar\u00eda de lamentar a su amada m\u00fasica.<br \/>\nBreve y a la vez suficiente, Astor no se sostiene sin la pregnancia fuerte y personal de Santiago, aunque no le falten m\u00e9ritos al texto; un unipersonal solamente respira en la presentificaci\u00f3n de su traductor vivencial, conducido con el tono medido, reflexivo, casi ensay\u00edstico que supo darle Ruiz. Un ensayo sobre Astor que importa una meditaci\u00f3n acerca de varias cosas: la vocaci\u00f3n del arte frente a la realizaci\u00f3n afectiva, ser un errante exitoso e infeliz o quedarse en el barrio protector y frustrarse. Los s\u00edmbolos objetuales \u2014la gaviota con hilos hechura de H\u00e9ctor Martiarena como artesano, el barquito de papel que recuerda a un tiempo infancia y trashumancia fr\u00e1gil, el lengue blanco capaz de adornar un cuello o rodear un cuchillo\u2014contornean este paisaje del alma transido de sentimiento y raz\u00f3n en partes iguales.<br \/>\nS\u00ed, el arte tiene sentido. Pero debe concebirse, parirse con dolor, y hacerlo crecer y desarrollarse. Entonces el p\u00fablico decidir\u00e1 qu\u00e9 le parece y cu\u00e1nto se le parece. De eso, nada menos, trata Astor.<br \/>\nGabriel Cabrejas*<br \/>\n2019<br \/>\n*Gabriel Cabrejas es Magister y Doctor en Historia por la Universidad de Mar del Plata. Miembro del GETEA (Grupo de Estudios del teatro Argentino) del GIE (Grupo de Investigaciones Est\u00e9ticas) del IECE (Instituto de Estudios Culturales y Est\u00e9ticos). Profesor adjunto del Departamento de Historia de la Facultad de Humanidades.<br \/>\nDescargar todos los archivos adjuntos en un archivo zip<\/p>\n","protected":false},"excerpt":{"rendered":"<p>Este S\u00e1bado 8 de junio desde las 20 hs. se presentar\u00e1 \u00abAstor\u00bb en la biblioteca Macedonio Fernandez. La obra de Rodrigo de Miguel, contar\u00e1 con la actuaci\u00f3n de Fernando Santiago y la Direcci\u00f3n de Viviana Ruiz. Entrada socios y jubilados $100.- No socios $200.-<\/p>\n","protected":false},"author":3,"featured_media":0,"comment_status":"closed","ping_status":"open","sticky":false,"template":"","format":"standard","meta":{"footnotes":""},"categories":[35],"tags":[],"class_list":["post-31912","post","type-post","status-publish","format-standard","hentry","category-cultura"],"yoast_head":"<!-- This site is optimized with the Yoast SEO plugin v25.9 - https:\/\/yoast.com\/wordpress\/plugins\/seo\/ -->\n<title>Teatro en la biblioteca de Villa Ventana. - Noticias Radio Reflejos<\/title>\n<meta name=\"robots\" content=\"index, follow, max-snippet:-1, max-image-preview:large, max-video-preview:-1\" \/>\n<link rel=\"canonical\" href=\"https:\/\/www.noticiasradioreflejos.com.ar\/2021\/teatro-en-la-biblioteca-de-villa-ventana-2\/\" \/>\n<meta property=\"og:locale\" content=\"es_ES\" \/>\n<meta property=\"og:type\" content=\"article\" \/>\n<meta property=\"og:title\" content=\"Teatro en la biblioteca de Villa Ventana. - Noticias Radio Reflejos\" \/>\n<meta property=\"og:description\" content=\"Este S\u00e1bado 8 de junio desde las 20 hs. se presentar\u00e1 \u00abAstor\u00bb en la biblioteca Macedonio Fernandez. La obra de Rodrigo de Miguel, contar\u00e1 con la actuaci\u00f3n de Fernando Santiago y la Direcci\u00f3n de Viviana Ruiz. Entrada socios y jubilados $100.- No socios $200.-\" \/>\n<meta property=\"og:url\" content=\"https:\/\/www.noticiasradioreflejos.com.ar\/2021\/teatro-en-la-biblioteca-de-villa-ventana-2\/\" \/>\n<meta property=\"og:site_name\" content=\"Noticias Radio Reflejos\" \/>\n<meta property=\"article:published_time\" content=\"2019-06-05T12:25:09+00:00\" \/>\n<meta property=\"og:image\" content=\"https:\/\/www.noticiasradioreflejos.com.ar\/2021\/wp-content\/uploads\/2021\/07\/logosol300x200.png\" \/>\n\t<meta property=\"og:image:width\" content=\"300\" \/>\n\t<meta property=\"og:image:height\" content=\"200\" \/>\n\t<meta property=\"og:image:type\" content=\"image\/png\" \/>\n<meta name=\"author\" content=\"Arnaldo Botto\" \/>\n<meta name=\"twitter:card\" content=\"summary_large_image\" \/>\n<script type=\"application\/ld+json\" class=\"yoast-schema-graph\">{\"@context\":\"https:\/\/schema.org\",\"@graph\":[{\"@type\":\"WebPage\",\"@id\":\"https:\/\/www.noticiasradioreflejos.com.ar\/2021\/teatro-en-la-biblioteca-de-villa-ventana-2\/\",\"url\":\"https:\/\/www.noticiasradioreflejos.com.ar\/2021\/teatro-en-la-biblioteca-de-villa-ventana-2\/\",\"name\":\"Teatro en la biblioteca de Villa Ventana. - Noticias Radio Reflejos\",\"isPartOf\":{\"@id\":\"https:\/\/www.noticiasradioreflejos.com.ar\/2021\/#website\"},\"datePublished\":\"2019-06-05T12:25:09+00:00\",\"author\":{\"@id\":\"https:\/\/www.noticiasradioreflejos.com.ar\/2021\/#\/schema\/person\/ad82545263dcc5ec0996818884fd5fb1\"},\"breadcrumb\":{\"@id\":\"https:\/\/www.noticiasradioreflejos.com.ar\/2021\/teatro-en-la-biblioteca-de-villa-ventana-2\/#breadcrumb\"},\"inLanguage\":\"es\",\"potentialAction\":[{\"@type\":\"ReadAction\",\"target\":[\"https:\/\/www.noticiasradioreflejos.com.ar\/2021\/teatro-en-la-biblioteca-de-villa-ventana-2\/\"]}]},{\"@type\":\"BreadcrumbList\",\"@id\":\"https:\/\/www.noticiasradioreflejos.com.ar\/2021\/teatro-en-la-biblioteca-de-villa-ventana-2\/#breadcrumb\",\"itemListElement\":[{\"@type\":\"ListItem\",\"position\":1,\"name\":\"Portada\",\"item\":\"https:\/\/www.noticiasradioreflejos.com.ar\/2021\/\"},{\"@type\":\"ListItem\",\"position\":2,\"name\":\"Teatro en la biblioteca de Villa Ventana.\"}]},{\"@type\":\"WebSite\",\"@id\":\"https:\/\/www.noticiasradioreflejos.com.ar\/2021\/#website\",\"url\":\"https:\/\/www.noticiasradioreflejos.com.ar\/2021\/\",\"name\":\"Noticias Radio Reflejos\",\"description\":\"Las noticias de mi comarca\",\"potentialAction\":[{\"@type\":\"SearchAction\",\"target\":{\"@type\":\"EntryPoint\",\"urlTemplate\":\"https:\/\/www.noticiasradioreflejos.com.ar\/2021\/?s={search_term_string}\"},\"query-input\":{\"@type\":\"PropertyValueSpecification\",\"valueRequired\":true,\"valueName\":\"search_term_string\"}}],\"inLanguage\":\"es\"},{\"@type\":\"Person\",\"@id\":\"https:\/\/www.noticiasradioreflejos.com.ar\/2021\/#\/schema\/person\/ad82545263dcc5ec0996818884fd5fb1\",\"name\":\"Arnaldo Botto\",\"image\":{\"@type\":\"ImageObject\",\"inLanguage\":\"es\",\"@id\":\"https:\/\/www.noticiasradioreflejos.com.ar\/2021\/#\/schema\/person\/image\/\",\"url\":\"https:\/\/secure.gravatar.com\/avatar\/55cb5e37c1efa326397366e6974cb338056df65cb50e7d64d1cf314e87504837?s=96&d=mm&r=g\",\"contentUrl\":\"https:\/\/secure.gravatar.com\/avatar\/55cb5e37c1efa326397366e6974cb338056df65cb50e7d64d1cf314e87504837?s=96&d=mm&r=g\",\"caption\":\"Arnaldo Botto\"},\"url\":\"https:\/\/www.noticiasradioreflejos.com.ar\/2021\/author\/arnaldo\/\"}]}<\/script>\n<!-- \/ Yoast SEO plugin. -->","yoast_head_json":{"title":"Teatro en la biblioteca de Villa Ventana. - Noticias Radio Reflejos","robots":{"index":"index","follow":"follow","max-snippet":"max-snippet:-1","max-image-preview":"max-image-preview:large","max-video-preview":"max-video-preview:-1"},"canonical":"https:\/\/www.noticiasradioreflejos.com.ar\/2021\/teatro-en-la-biblioteca-de-villa-ventana-2\/","og_locale":"es_ES","og_type":"article","og_title":"Teatro en la biblioteca de Villa Ventana. - Noticias Radio Reflejos","og_description":"Este S\u00e1bado 8 de junio desde las 20 hs. se presentar\u00e1 \u00abAstor\u00bb en la biblioteca Macedonio Fernandez. La obra de Rodrigo de Miguel, contar\u00e1 con la actuaci\u00f3n de Fernando Santiago y la Direcci\u00f3n de Viviana Ruiz. Entrada socios y jubilados $100.- No socios $200.-","og_url":"https:\/\/www.noticiasradioreflejos.com.ar\/2021\/teatro-en-la-biblioteca-de-villa-ventana-2\/","og_site_name":"Noticias Radio Reflejos","article_published_time":"2019-06-05T12:25:09+00:00","og_image":[{"width":300,"height":200,"url":"https:\/\/www.noticiasradioreflejos.com.ar\/2021\/wp-content\/uploads\/2021\/07\/logosol300x200.png","type":"image\/png"}],"author":"Arnaldo Botto","twitter_card":"summary_large_image","schema":{"@context":"https:\/\/schema.org","@graph":[{"@type":"WebPage","@id":"https:\/\/www.noticiasradioreflejos.com.ar\/2021\/teatro-en-la-biblioteca-de-villa-ventana-2\/","url":"https:\/\/www.noticiasradioreflejos.com.ar\/2021\/teatro-en-la-biblioteca-de-villa-ventana-2\/","name":"Teatro en la biblioteca de Villa Ventana. - Noticias Radio Reflejos","isPartOf":{"@id":"https:\/\/www.noticiasradioreflejos.com.ar\/2021\/#website"},"datePublished":"2019-06-05T12:25:09+00:00","author":{"@id":"https:\/\/www.noticiasradioreflejos.com.ar\/2021\/#\/schema\/person\/ad82545263dcc5ec0996818884fd5fb1"},"breadcrumb":{"@id":"https:\/\/www.noticiasradioreflejos.com.ar\/2021\/teatro-en-la-biblioteca-de-villa-ventana-2\/#breadcrumb"},"inLanguage":"es","potentialAction":[{"@type":"ReadAction","target":["https:\/\/www.noticiasradioreflejos.com.ar\/2021\/teatro-en-la-biblioteca-de-villa-ventana-2\/"]}]},{"@type":"BreadcrumbList","@id":"https:\/\/www.noticiasradioreflejos.com.ar\/2021\/teatro-en-la-biblioteca-de-villa-ventana-2\/#breadcrumb","itemListElement":[{"@type":"ListItem","position":1,"name":"Portada","item":"https:\/\/www.noticiasradioreflejos.com.ar\/2021\/"},{"@type":"ListItem","position":2,"name":"Teatro en la biblioteca de Villa Ventana."}]},{"@type":"WebSite","@id":"https:\/\/www.noticiasradioreflejos.com.ar\/2021\/#website","url":"https:\/\/www.noticiasradioreflejos.com.ar\/2021\/","name":"Noticias Radio Reflejos","description":"Las noticias de mi comarca","potentialAction":[{"@type":"SearchAction","target":{"@type":"EntryPoint","urlTemplate":"https:\/\/www.noticiasradioreflejos.com.ar\/2021\/?s={search_term_string}"},"query-input":{"@type":"PropertyValueSpecification","valueRequired":true,"valueName":"search_term_string"}}],"inLanguage":"es"},{"@type":"Person","@id":"https:\/\/www.noticiasradioreflejos.com.ar\/2021\/#\/schema\/person\/ad82545263dcc5ec0996818884fd5fb1","name":"Arnaldo Botto","image":{"@type":"ImageObject","inLanguage":"es","@id":"https:\/\/www.noticiasradioreflejos.com.ar\/2021\/#\/schema\/person\/image\/","url":"https:\/\/secure.gravatar.com\/avatar\/55cb5e37c1efa326397366e6974cb338056df65cb50e7d64d1cf314e87504837?s=96&d=mm&r=g","contentUrl":"https:\/\/secure.gravatar.com\/avatar\/55cb5e37c1efa326397366e6974cb338056df65cb50e7d64d1cf314e87504837?s=96&d=mm&r=g","caption":"Arnaldo Botto"},"url":"https:\/\/www.noticiasradioreflejos.com.ar\/2021\/author\/arnaldo\/"}]}},"_links":{"self":[{"href":"https:\/\/www.noticiasradioreflejos.com.ar\/2021\/wp-json\/wp\/v2\/posts\/31912","targetHints":{"allow":["GET"]}}],"collection":[{"href":"https:\/\/www.noticiasradioreflejos.com.ar\/2021\/wp-json\/wp\/v2\/posts"}],"about":[{"href":"https:\/\/www.noticiasradioreflejos.com.ar\/2021\/wp-json\/wp\/v2\/types\/post"}],"author":[{"embeddable":true,"href":"https:\/\/www.noticiasradioreflejos.com.ar\/2021\/wp-json\/wp\/v2\/users\/3"}],"replies":[{"embeddable":true,"href":"https:\/\/www.noticiasradioreflejos.com.ar\/2021\/wp-json\/wp\/v2\/comments?post=31912"}],"version-history":[{"count":0,"href":"https:\/\/www.noticiasradioreflejos.com.ar\/2021\/wp-json\/wp\/v2\/posts\/31912\/revisions"}],"wp:attachment":[{"href":"https:\/\/www.noticiasradioreflejos.com.ar\/2021\/wp-json\/wp\/v2\/media?parent=31912"}],"wp:term":[{"taxonomy":"category","embeddable":true,"href":"https:\/\/www.noticiasradioreflejos.com.ar\/2021\/wp-json\/wp\/v2\/categories?post=31912"},{"taxonomy":"post_tag","embeddable":true,"href":"https:\/\/www.noticiasradioreflejos.com.ar\/2021\/wp-json\/wp\/v2\/tags?post=31912"}],"curies":[{"name":"wp","href":"https:\/\/api.w.org\/{rel}","templated":true}]}}