{"id":31906,"date":"2019-06-05T07:54:07","date_gmt":"2019-06-05T10:54:07","guid":{"rendered":"http:\/\/www.noticiasradioreflejos.com.ar\/noticias\/?p=31906"},"modified":"2019-06-05T07:54:07","modified_gmt":"2019-06-05T10:54:07","slug":"bordoni-firmo-convenio-para-la-adhesion-al-sistema-de-atencion-primaria-de-emergencias-para-victimas-de-violencia-de-genero","status":"publish","type":"post","link":"https:\/\/www.noticiasradioreflejos.com.ar\/2021\/bordoni-firmo-convenio-para-la-adhesion-al-sistema-de-atencion-primaria-de-emergencias-para-victimas-de-violencia-de-genero\/","title":{"rendered":"Bordoni firm\u00f3 convenio para la adhesi\u00f3n al Sistema de Atenci\u00f3n Primaria de Emergencias para v\u00edctimas de Violencia de G\u00e9nero"},"content":{"rendered":"<p>El intendente municipal Sergio Bordoni firm\u00f3, con la Secretaria de Derechos Humanos, un convenio de adhesi\u00f3n al Sistema de Atenci\u00f3n Primaria de Emergencias para la v\u00edctimas de Violencia de G\u00e9nero, en el marco del Decreto 586\/05. <!--more--><br \/>\nDicho convenio facilitar\u00e1 el acceso a recursos econ\u00f3micos destinados a situaciones que impliquen resolver emergencias personales o de un grupo familiar de v\u00edctimas de violencia de g\u00e9nero. El sistema ofrecer\u00e1 una mayor eficacia y celeridad en la obtenci\u00f3n de fondos provinciales para solventar gastos en casos que impliquen intervenci\u00f3n inmediata.<br \/>\nLa incorporaci\u00f3n a dicho sistema genera un avance a nivel distrital, en la implementaci\u00f3n de pol\u00edticas de genero.<\/p>\n","protected":false},"excerpt":{"rendered":"<p>El intendente municipal Sergio Bordoni firm\u00f3, con la Secretaria de Derechos Humanos, un convenio de adhesi\u00f3n al Sistema de Atenci\u00f3n Primaria de Emergencias para la v\u00edctimas de Violencia de G\u00e9nero, en el marco del Decreto 586\/05.<\/p>\n","protected":false},"author":3,"featured_media":0,"comment_status":"closed","ping_status":"open","sticky":false,"template":"","format":"standard","meta":{"footnotes":""},"categories":[28],"tags":[],"class_list":["post-31906","post","type-post","status-publish","format-standard","hentry","category-municipales"],"yoast_head":"<!-- This site is optimized with the Yoast SEO plugin v25.9 - https:\/\/yoast.com\/wordpress\/plugins\/seo\/ -->\n<title>Bordoni firm\u00f3 convenio para la adhesi\u00f3n al Sistema de Atenci\u00f3n Primaria de Emergencias para v\u00edctimas de Violencia de G\u00e9nero - Noticias Radio Reflejos<\/title>\n<meta name=\"robots\" content=\"index, follow, max-snippet:-1, max-image-preview:large, max-video-preview:-1\" \/>\n<link rel=\"canonical\" href=\"https:\/\/www.noticiasradioreflejos.com.ar\/2021\/bordoni-firmo-convenio-para-la-adhesion-al-sistema-de-atencion-primaria-de-emergencias-para-victimas-de-violencia-de-genero\/\" \/>\n<meta property=\"og:locale\" content=\"es_ES\" \/>\n<meta property=\"og:type\" content=\"article\" \/>\n<meta property=\"og:title\" content=\"Bordoni firm\u00f3 convenio para la adhesi\u00f3n al Sistema de Atenci\u00f3n Primaria de Emergencias para v\u00edctimas de Violencia de G\u00e9nero - Noticias Radio Reflejos\" \/>\n<meta property=\"og:description\" content=\"El intendente municipal Sergio Bordoni firm\u00f3, con la Secretaria de Derechos Humanos, un convenio de adhesi\u00f3n al Sistema de Atenci\u00f3n Primaria de Emergencias para la v\u00edctimas de Violencia de G\u00e9nero, en el marco del Decreto 586\/05.\" \/>\n<meta property=\"og:url\" content=\"https:\/\/www.noticiasradioreflejos.com.ar\/2021\/bordoni-firmo-convenio-para-la-adhesion-al-sistema-de-atencion-primaria-de-emergencias-para-victimas-de-violencia-de-genero\/\" \/>\n<meta property=\"og:site_name\" content=\"Noticias Radio Reflejos\" \/>\n<meta property=\"article:published_time\" content=\"2019-06-05T10:54:07+00:00\" \/>\n<meta property=\"og:image\" content=\"https:\/\/www.noticiasradioreflejos.com.ar\/2021\/wp-content\/uploads\/2021\/07\/logosol300x200.png\" \/>\n\t<meta property=\"og:image:width\" content=\"300\" \/>\n\t<meta property=\"og:image:height\" content=\"200\" \/>\n\t<meta property=\"og:image:type\" content=\"image\/png\" \/>\n<meta name=\"author\" content=\"Arnaldo Botto\" \/>\n<meta name=\"twitter:card\" content=\"summary_large_image\" \/>\n<script type=\"application\/ld+json\" class=\"yoast-schema-graph\">{\"@context\":\"https:\/\/schema.org\",\"@graph\":[{\"@type\":\"WebPage\",\"@id\":\"https:\/\/www.noticiasradioreflejos.com.ar\/2021\/bordoni-firmo-convenio-para-la-adhesion-al-sistema-de-atencion-primaria-de-emergencias-para-victimas-de-violencia-de-genero\/\",\"url\":\"https:\/\/www.noticiasradioreflejos.com.ar\/2021\/bordoni-firmo-convenio-para-la-adhesion-al-sistema-de-atencion-primaria-de-emergencias-para-victimas-de-violencia-de-genero\/\",\"name\":\"Bordoni firm\u00f3 convenio para la adhesi\u00f3n al Sistema de Atenci\u00f3n Primaria de Emergencias para v\u00edctimas de Violencia de G\u00e9nero - Noticias Radio Reflejos\",\"isPartOf\":{\"@id\":\"https:\/\/www.noticiasradioreflejos.com.ar\/2021\/#website\"},\"datePublished\":\"2019-06-05T10:54:07+00:00\",\"author\":{\"@id\":\"https:\/\/www.noticiasradioreflejos.com.ar\/2021\/#\/schema\/person\/ad82545263dcc5ec0996818884fd5fb1\"},\"breadcrumb\":{\"@id\":\"https:\/\/www.noticiasradioreflejos.com.ar\/2021\/bordoni-firmo-convenio-para-la-adhesion-al-sistema-de-atencion-primaria-de-emergencias-para-victimas-de-violencia-de-genero\/#breadcrumb\"},\"inLanguage\":\"es\",\"potentialAction\":[{\"@type\":\"ReadAction\",\"target\":[\"https:\/\/www.noticiasradioreflejos.com.ar\/2021\/bordoni-firmo-convenio-para-la-adhesion-al-sistema-de-atencion-primaria-de-emergencias-para-victimas-de-violencia-de-genero\/\"]}]},{\"@type\":\"BreadcrumbList\",\"@id\":\"https:\/\/www.noticiasradioreflejos.com.ar\/2021\/bordoni-firmo-convenio-para-la-adhesion-al-sistema-de-atencion-primaria-de-emergencias-para-victimas-de-violencia-de-genero\/#breadcrumb\",\"itemListElement\":[{\"@type\":\"ListItem\",\"position\":1,\"name\":\"Portada\",\"item\":\"https:\/\/www.noticiasradioreflejos.com.ar\/2021\/\"},{\"@type\":\"ListItem\",\"position\":2,\"name\":\"Bordoni firm\u00f3 convenio para la adhesi\u00f3n al Sistema de Atenci\u00f3n Primaria de Emergencias para v\u00edctimas de Violencia de G\u00e9nero\"}]},{\"@type\":\"WebSite\",\"@id\":\"https:\/\/www.noticiasradioreflejos.com.ar\/2021\/#website\",\"url\":\"https:\/\/www.noticiasradioreflejos.com.ar\/2021\/\",\"name\":\"Noticias Radio Reflejos\",\"description\":\"Las noticias de mi comarca\",\"potentialAction\":[{\"@type\":\"SearchAction\",\"target\":{\"@type\":\"EntryPoint\",\"urlTemplate\":\"https:\/\/www.noticiasradioreflejos.com.ar\/2021\/?s={search_term_string}\"},\"query-input\":{\"@type\":\"PropertyValueSpecification\",\"valueRequired\":true,\"valueName\":\"search_term_string\"}}],\"inLanguage\":\"es\"},{\"@type\":\"Person\",\"@id\":\"https:\/\/www.noticiasradioreflejos.com.ar\/2021\/#\/schema\/person\/ad82545263dcc5ec0996818884fd5fb1\",\"name\":\"Arnaldo Botto\",\"image\":{\"@type\":\"ImageObject\",\"inLanguage\":\"es\",\"@id\":\"https:\/\/www.noticiasradioreflejos.com.ar\/2021\/#\/schema\/person\/image\/\",\"url\":\"https:\/\/secure.gravatar.com\/avatar\/55cb5e37c1efa326397366e6974cb338056df65cb50e7d64d1cf314e87504837?s=96&d=mm&r=g\",\"contentUrl\":\"https:\/\/secure.gravatar.com\/avatar\/55cb5e37c1efa326397366e6974cb338056df65cb50e7d64d1cf314e87504837?s=96&d=mm&r=g\",\"caption\":\"Arnaldo Botto\"},\"url\":\"https:\/\/www.noticiasradioreflejos.com.ar\/2021\/author\/arnaldo\/\"}]}<\/script>\n<!-- \/ Yoast SEO plugin. -->","yoast_head_json":{"title":"Bordoni firm\u00f3 convenio para la adhesi\u00f3n al Sistema de Atenci\u00f3n Primaria de Emergencias para v\u00edctimas de Violencia de G\u00e9nero - Noticias Radio Reflejos","robots":{"index":"index","follow":"follow","max-snippet":"max-snippet:-1","max-image-preview":"max-image-preview:large","max-video-preview":"max-video-preview:-1"},"canonical":"https:\/\/www.noticiasradioreflejos.com.ar\/2021\/bordoni-firmo-convenio-para-la-adhesion-al-sistema-de-atencion-primaria-de-emergencias-para-victimas-de-violencia-de-genero\/","og_locale":"es_ES","og_type":"article","og_title":"Bordoni firm\u00f3 convenio para la adhesi\u00f3n al Sistema de Atenci\u00f3n Primaria de Emergencias para v\u00edctimas de Violencia de G\u00e9nero - Noticias Radio Reflejos","og_description":"El intendente municipal Sergio Bordoni firm\u00f3, con la Secretaria de Derechos Humanos, un convenio de adhesi\u00f3n al Sistema de Atenci\u00f3n Primaria de Emergencias para la v\u00edctimas de Violencia de G\u00e9nero, en el marco del Decreto 586\/05.","og_url":"https:\/\/www.noticiasradioreflejos.com.ar\/2021\/bordoni-firmo-convenio-para-la-adhesion-al-sistema-de-atencion-primaria-de-emergencias-para-victimas-de-violencia-de-genero\/","og_site_name":"Noticias Radio Reflejos","article_published_time":"2019-06-05T10:54:07+00:00","og_image":[{"width":300,"height":200,"url":"https:\/\/www.noticiasradioreflejos.com.ar\/2021\/wp-content\/uploads\/2021\/07\/logosol300x200.png","type":"image\/png"}],"author":"Arnaldo Botto","twitter_card":"summary_large_image","schema":{"@context":"https:\/\/schema.org","@graph":[{"@type":"WebPage","@id":"https:\/\/www.noticiasradioreflejos.com.ar\/2021\/bordoni-firmo-convenio-para-la-adhesion-al-sistema-de-atencion-primaria-de-emergencias-para-victimas-de-violencia-de-genero\/","url":"https:\/\/www.noticiasradioreflejos.com.ar\/2021\/bordoni-firmo-convenio-para-la-adhesion-al-sistema-de-atencion-primaria-de-emergencias-para-victimas-de-violencia-de-genero\/","name":"Bordoni firm\u00f3 convenio para la adhesi\u00f3n al Sistema de Atenci\u00f3n Primaria de Emergencias para v\u00edctimas de Violencia de G\u00e9nero - Noticias Radio Reflejos","isPartOf":{"@id":"https:\/\/www.noticiasradioreflejos.com.ar\/2021\/#website"},"datePublished":"2019-06-05T10:54:07+00:00","author":{"@id":"https:\/\/www.noticiasradioreflejos.com.ar\/2021\/#\/schema\/person\/ad82545263dcc5ec0996818884fd5fb1"},"breadcrumb":{"@id":"https:\/\/www.noticiasradioreflejos.com.ar\/2021\/bordoni-firmo-convenio-para-la-adhesion-al-sistema-de-atencion-primaria-de-emergencias-para-victimas-de-violencia-de-genero\/#breadcrumb"},"inLanguage":"es","potentialAction":[{"@type":"ReadAction","target":["https:\/\/www.noticiasradioreflejos.com.ar\/2021\/bordoni-firmo-convenio-para-la-adhesion-al-sistema-de-atencion-primaria-de-emergencias-para-victimas-de-violencia-de-genero\/"]}]},{"@type":"BreadcrumbList","@id":"https:\/\/www.noticiasradioreflejos.com.ar\/2021\/bordoni-firmo-convenio-para-la-adhesion-al-sistema-de-atencion-primaria-de-emergencias-para-victimas-de-violencia-de-genero\/#breadcrumb","itemListElement":[{"@type":"ListItem","position":1,"name":"Portada","item":"https:\/\/www.noticiasradioreflejos.com.ar\/2021\/"},{"@type":"ListItem","position":2,"name":"Bordoni firm\u00f3 convenio para la adhesi\u00f3n al Sistema de Atenci\u00f3n Primaria de Emergencias para v\u00edctimas de Violencia de G\u00e9nero"}]},{"@type":"WebSite","@id":"https:\/\/www.noticiasradioreflejos.com.ar\/2021\/#website","url":"https:\/\/www.noticiasradioreflejos.com.ar\/2021\/","name":"Noticias Radio Reflejos","description":"Las noticias de mi comarca","potentialAction":[{"@type":"SearchAction","target":{"@type":"EntryPoint","urlTemplate":"https:\/\/www.noticiasradioreflejos.com.ar\/2021\/?s={search_term_string}"},"query-input":{"@type":"PropertyValueSpecification","valueRequired":true,"valueName":"search_term_string"}}],"inLanguage":"es"},{"@type":"Person","@id":"https:\/\/www.noticiasradioreflejos.com.ar\/2021\/#\/schema\/person\/ad82545263dcc5ec0996818884fd5fb1","name":"Arnaldo Botto","image":{"@type":"ImageObject","inLanguage":"es","@id":"https:\/\/www.noticiasradioreflejos.com.ar\/2021\/#\/schema\/person\/image\/","url":"https:\/\/secure.gravatar.com\/avatar\/55cb5e37c1efa326397366e6974cb338056df65cb50e7d64d1cf314e87504837?s=96&d=mm&r=g","contentUrl":"https:\/\/secure.gravatar.com\/avatar\/55cb5e37c1efa326397366e6974cb338056df65cb50e7d64d1cf314e87504837?s=96&d=mm&r=g","caption":"Arnaldo Botto"},"url":"https:\/\/www.noticiasradioreflejos.com.ar\/2021\/author\/arnaldo\/"}]}},"_links":{"self":[{"href":"https:\/\/www.noticiasradioreflejos.com.ar\/2021\/wp-json\/wp\/v2\/posts\/31906","targetHints":{"allow":["GET"]}}],"collection":[{"href":"https:\/\/www.noticiasradioreflejos.com.ar\/2021\/wp-json\/wp\/v2\/posts"}],"about":[{"href":"https:\/\/www.noticiasradioreflejos.com.ar\/2021\/wp-json\/wp\/v2\/types\/post"}],"author":[{"embeddable":true,"href":"https:\/\/www.noticiasradioreflejos.com.ar\/2021\/wp-json\/wp\/v2\/users\/3"}],"replies":[{"embeddable":true,"href":"https:\/\/www.noticiasradioreflejos.com.ar\/2021\/wp-json\/wp\/v2\/comments?post=31906"}],"version-history":[{"count":0,"href":"https:\/\/www.noticiasradioreflejos.com.ar\/2021\/wp-json\/wp\/v2\/posts\/31906\/revisions"}],"wp:attachment":[{"href":"https:\/\/www.noticiasradioreflejos.com.ar\/2021\/wp-json\/wp\/v2\/media?parent=31906"}],"wp:term":[{"taxonomy":"category","embeddable":true,"href":"https:\/\/www.noticiasradioreflejos.com.ar\/2021\/wp-json\/wp\/v2\/categories?post=31906"},{"taxonomy":"post_tag","embeddable":true,"href":"https:\/\/www.noticiasradioreflejos.com.ar\/2021\/wp-json\/wp\/v2\/tags?post=31906"}],"curies":[{"name":"wp","href":"https:\/\/api.w.org\/{rel}","templated":true}]}}