{"id":31882,"date":"2019-06-04T12:58:46","date_gmt":"2019-06-04T15:58:46","guid":{"rendered":"http:\/\/www.noticiasradioreflejos.com.ar\/noticias\/?p=31882"},"modified":"2019-06-04T12:58:46","modified_gmt":"2019-06-04T15:58:46","slug":"tornquist-municipio-formo-parte-del-trailer-turistico-itinerante-de-la-provincia","status":"publish","type":"post","link":"https:\/\/www.noticiasradioreflejos.com.ar\/2021\/tornquist-municipio-formo-parte-del-trailer-turistico-itinerante-de-la-provincia\/","title":{"rendered":"Tornquist Municipio form\u00f3 parte del Tr\u00e1iler Tur\u00edstico Itinerante de la Provincia."},"content":{"rendered":"<p>Tornquist Municipio fue parte del Tr\u00e1iler Tur\u00edstico Itinerante de la Provincia de Buenos Aires, en la ciudad de La Plata.<br \/>\nCon el objetivo de promocionar una vez m\u00e1s los atractivos naturales del distrito, el Director de la cartera de Turismo, Martin Olhaberry, estuvo presente en el espacio que sirvi\u00f3 para que distintos municipios, productores y cocineros ofrezcan las distintas propuestas gastron\u00f3micas y culturales a todos los vecinos que se acercaron. <!--more--><br \/>\nLas actividades de acceso libre y gratuito, fueron organizadas por la Subsecretar\u00eda de Turismo del Ministerio de Producci\u00f3n de la provincia y se desarrollaron en la Plaza Moreno de la localidad platense.<br \/>\nEl Tr\u00e1iler Tur\u00edstico Itinerante acerc\u00f3 a los vecinos degustaciones, cocina en vivo, microcine y variados espect\u00e1culos.<\/p>\n","protected":false},"excerpt":{"rendered":"<p>Tornquist Municipio fue parte del Tr\u00e1iler Tur\u00edstico Itinerante de la Provincia de Buenos Aires, en la ciudad de La Plata. Con el objetivo de promocionar una vez m\u00e1s los atractivos naturales del distrito, el Director de la cartera de Turismo, Martin Olhaberry, estuvo presente en el espacio que sirvi\u00f3 para que distintos municipios, productores y [&hellip;]<\/p>\n","protected":false},"author":3,"featured_media":0,"comment_status":"closed","ping_status":"open","sticky":false,"template":"","format":"standard","meta":{"footnotes":""},"categories":[33],"tags":[],"class_list":["post-31882","post","type-post","status-publish","format-standard","hentry","category-turismo"],"yoast_head":"<!-- This site is optimized with the Yoast SEO plugin v25.9 - https:\/\/yoast.com\/wordpress\/plugins\/seo\/ -->\n<title>Tornquist Municipio form\u00f3 parte del Tr\u00e1iler Tur\u00edstico Itinerante de la Provincia. - Noticias Radio Reflejos<\/title>\n<meta name=\"robots\" content=\"index, follow, max-snippet:-1, max-image-preview:large, max-video-preview:-1\" \/>\n<link rel=\"canonical\" href=\"https:\/\/www.noticiasradioreflejos.com.ar\/2021\/tornquist-municipio-formo-parte-del-trailer-turistico-itinerante-de-la-provincia\/\" \/>\n<meta property=\"og:locale\" content=\"es_ES\" \/>\n<meta property=\"og:type\" content=\"article\" \/>\n<meta property=\"og:title\" content=\"Tornquist Municipio form\u00f3 parte del Tr\u00e1iler Tur\u00edstico Itinerante de la Provincia. - Noticias Radio Reflejos\" \/>\n<meta property=\"og:description\" content=\"Tornquist Municipio fue parte del Tr\u00e1iler Tur\u00edstico Itinerante de la Provincia de Buenos Aires, en la ciudad de La Plata. Con el objetivo de promocionar una vez m\u00e1s los atractivos naturales del distrito, el Director de la cartera de Turismo, Martin Olhaberry, estuvo presente en el espacio que sirvi\u00f3 para que distintos municipios, productores y [&hellip;]\" \/>\n<meta property=\"og:url\" content=\"https:\/\/www.noticiasradioreflejos.com.ar\/2021\/tornquist-municipio-formo-parte-del-trailer-turistico-itinerante-de-la-provincia\/\" \/>\n<meta property=\"og:site_name\" content=\"Noticias Radio Reflejos\" \/>\n<meta property=\"article:published_time\" content=\"2019-06-04T15:58:46+00:00\" \/>\n<meta property=\"og:image\" content=\"https:\/\/www.noticiasradioreflejos.com.ar\/2021\/wp-content\/uploads\/2021\/07\/logosol300x200.png\" \/>\n\t<meta property=\"og:image:width\" content=\"300\" \/>\n\t<meta property=\"og:image:height\" content=\"200\" \/>\n\t<meta property=\"og:image:type\" content=\"image\/png\" \/>\n<meta name=\"author\" content=\"Arnaldo Botto\" \/>\n<meta name=\"twitter:card\" content=\"summary_large_image\" \/>\n<script type=\"application\/ld+json\" class=\"yoast-schema-graph\">{\"@context\":\"https:\/\/schema.org\",\"@graph\":[{\"@type\":\"WebPage\",\"@id\":\"https:\/\/www.noticiasradioreflejos.com.ar\/2021\/tornquist-municipio-formo-parte-del-trailer-turistico-itinerante-de-la-provincia\/\",\"url\":\"https:\/\/www.noticiasradioreflejos.com.ar\/2021\/tornquist-municipio-formo-parte-del-trailer-turistico-itinerante-de-la-provincia\/\",\"name\":\"Tornquist Municipio form\u00f3 parte del Tr\u00e1iler Tur\u00edstico Itinerante de la Provincia. - Noticias Radio Reflejos\",\"isPartOf\":{\"@id\":\"https:\/\/www.noticiasradioreflejos.com.ar\/2021\/#website\"},\"datePublished\":\"2019-06-04T15:58:46+00:00\",\"author\":{\"@id\":\"https:\/\/www.noticiasradioreflejos.com.ar\/2021\/#\/schema\/person\/ad82545263dcc5ec0996818884fd5fb1\"},\"breadcrumb\":{\"@id\":\"https:\/\/www.noticiasradioreflejos.com.ar\/2021\/tornquist-municipio-formo-parte-del-trailer-turistico-itinerante-de-la-provincia\/#breadcrumb\"},\"inLanguage\":\"es\",\"potentialAction\":[{\"@type\":\"ReadAction\",\"target\":[\"https:\/\/www.noticiasradioreflejos.com.ar\/2021\/tornquist-municipio-formo-parte-del-trailer-turistico-itinerante-de-la-provincia\/\"]}]},{\"@type\":\"BreadcrumbList\",\"@id\":\"https:\/\/www.noticiasradioreflejos.com.ar\/2021\/tornquist-municipio-formo-parte-del-trailer-turistico-itinerante-de-la-provincia\/#breadcrumb\",\"itemListElement\":[{\"@type\":\"ListItem\",\"position\":1,\"name\":\"Portada\",\"item\":\"https:\/\/www.noticiasradioreflejos.com.ar\/2021\/\"},{\"@type\":\"ListItem\",\"position\":2,\"name\":\"Tornquist Municipio form\u00f3 parte del Tr\u00e1iler Tur\u00edstico Itinerante de la Provincia.\"}]},{\"@type\":\"WebSite\",\"@id\":\"https:\/\/www.noticiasradioreflejos.com.ar\/2021\/#website\",\"url\":\"https:\/\/www.noticiasradioreflejos.com.ar\/2021\/\",\"name\":\"Noticias Radio Reflejos\",\"description\":\"Las noticias de mi comarca\",\"potentialAction\":[{\"@type\":\"SearchAction\",\"target\":{\"@type\":\"EntryPoint\",\"urlTemplate\":\"https:\/\/www.noticiasradioreflejos.com.ar\/2021\/?s={search_term_string}\"},\"query-input\":{\"@type\":\"PropertyValueSpecification\",\"valueRequired\":true,\"valueName\":\"search_term_string\"}}],\"inLanguage\":\"es\"},{\"@type\":\"Person\",\"@id\":\"https:\/\/www.noticiasradioreflejos.com.ar\/2021\/#\/schema\/person\/ad82545263dcc5ec0996818884fd5fb1\",\"name\":\"Arnaldo Botto\",\"image\":{\"@type\":\"ImageObject\",\"inLanguage\":\"es\",\"@id\":\"https:\/\/www.noticiasradioreflejos.com.ar\/2021\/#\/schema\/person\/image\/\",\"url\":\"https:\/\/secure.gravatar.com\/avatar\/55cb5e37c1efa326397366e6974cb338056df65cb50e7d64d1cf314e87504837?s=96&d=mm&r=g\",\"contentUrl\":\"https:\/\/secure.gravatar.com\/avatar\/55cb5e37c1efa326397366e6974cb338056df65cb50e7d64d1cf314e87504837?s=96&d=mm&r=g\",\"caption\":\"Arnaldo Botto\"},\"url\":\"https:\/\/www.noticiasradioreflejos.com.ar\/2021\/author\/arnaldo\/\"}]}<\/script>\n<!-- \/ Yoast SEO plugin. -->","yoast_head_json":{"title":"Tornquist Municipio form\u00f3 parte del Tr\u00e1iler Tur\u00edstico Itinerante de la Provincia. - Noticias Radio Reflejos","robots":{"index":"index","follow":"follow","max-snippet":"max-snippet:-1","max-image-preview":"max-image-preview:large","max-video-preview":"max-video-preview:-1"},"canonical":"https:\/\/www.noticiasradioreflejos.com.ar\/2021\/tornquist-municipio-formo-parte-del-trailer-turistico-itinerante-de-la-provincia\/","og_locale":"es_ES","og_type":"article","og_title":"Tornquist Municipio form\u00f3 parte del Tr\u00e1iler Tur\u00edstico Itinerante de la Provincia. - Noticias Radio Reflejos","og_description":"Tornquist Municipio fue parte del Tr\u00e1iler Tur\u00edstico Itinerante de la Provincia de Buenos Aires, en la ciudad de La Plata. Con el objetivo de promocionar una vez m\u00e1s los atractivos naturales del distrito, el Director de la cartera de Turismo, Martin Olhaberry, estuvo presente en el espacio que sirvi\u00f3 para que distintos municipios, productores y [&hellip;]","og_url":"https:\/\/www.noticiasradioreflejos.com.ar\/2021\/tornquist-municipio-formo-parte-del-trailer-turistico-itinerante-de-la-provincia\/","og_site_name":"Noticias Radio Reflejos","article_published_time":"2019-06-04T15:58:46+00:00","og_image":[{"width":300,"height":200,"url":"https:\/\/www.noticiasradioreflejos.com.ar\/2021\/wp-content\/uploads\/2021\/07\/logosol300x200.png","type":"image\/png"}],"author":"Arnaldo Botto","twitter_card":"summary_large_image","schema":{"@context":"https:\/\/schema.org","@graph":[{"@type":"WebPage","@id":"https:\/\/www.noticiasradioreflejos.com.ar\/2021\/tornquist-municipio-formo-parte-del-trailer-turistico-itinerante-de-la-provincia\/","url":"https:\/\/www.noticiasradioreflejos.com.ar\/2021\/tornquist-municipio-formo-parte-del-trailer-turistico-itinerante-de-la-provincia\/","name":"Tornquist Municipio form\u00f3 parte del Tr\u00e1iler Tur\u00edstico Itinerante de la Provincia. - Noticias Radio Reflejos","isPartOf":{"@id":"https:\/\/www.noticiasradioreflejos.com.ar\/2021\/#website"},"datePublished":"2019-06-04T15:58:46+00:00","author":{"@id":"https:\/\/www.noticiasradioreflejos.com.ar\/2021\/#\/schema\/person\/ad82545263dcc5ec0996818884fd5fb1"},"breadcrumb":{"@id":"https:\/\/www.noticiasradioreflejos.com.ar\/2021\/tornquist-municipio-formo-parte-del-trailer-turistico-itinerante-de-la-provincia\/#breadcrumb"},"inLanguage":"es","potentialAction":[{"@type":"ReadAction","target":["https:\/\/www.noticiasradioreflejos.com.ar\/2021\/tornquist-municipio-formo-parte-del-trailer-turistico-itinerante-de-la-provincia\/"]}]},{"@type":"BreadcrumbList","@id":"https:\/\/www.noticiasradioreflejos.com.ar\/2021\/tornquist-municipio-formo-parte-del-trailer-turistico-itinerante-de-la-provincia\/#breadcrumb","itemListElement":[{"@type":"ListItem","position":1,"name":"Portada","item":"https:\/\/www.noticiasradioreflejos.com.ar\/2021\/"},{"@type":"ListItem","position":2,"name":"Tornquist Municipio form\u00f3 parte del Tr\u00e1iler Tur\u00edstico Itinerante de la Provincia."}]},{"@type":"WebSite","@id":"https:\/\/www.noticiasradioreflejos.com.ar\/2021\/#website","url":"https:\/\/www.noticiasradioreflejos.com.ar\/2021\/","name":"Noticias Radio Reflejos","description":"Las noticias de mi comarca","potentialAction":[{"@type":"SearchAction","target":{"@type":"EntryPoint","urlTemplate":"https:\/\/www.noticiasradioreflejos.com.ar\/2021\/?s={search_term_string}"},"query-input":{"@type":"PropertyValueSpecification","valueRequired":true,"valueName":"search_term_string"}}],"inLanguage":"es"},{"@type":"Person","@id":"https:\/\/www.noticiasradioreflejos.com.ar\/2021\/#\/schema\/person\/ad82545263dcc5ec0996818884fd5fb1","name":"Arnaldo Botto","image":{"@type":"ImageObject","inLanguage":"es","@id":"https:\/\/www.noticiasradioreflejos.com.ar\/2021\/#\/schema\/person\/image\/","url":"https:\/\/secure.gravatar.com\/avatar\/55cb5e37c1efa326397366e6974cb338056df65cb50e7d64d1cf314e87504837?s=96&d=mm&r=g","contentUrl":"https:\/\/secure.gravatar.com\/avatar\/55cb5e37c1efa326397366e6974cb338056df65cb50e7d64d1cf314e87504837?s=96&d=mm&r=g","caption":"Arnaldo Botto"},"url":"https:\/\/www.noticiasradioreflejos.com.ar\/2021\/author\/arnaldo\/"}]}},"_links":{"self":[{"href":"https:\/\/www.noticiasradioreflejos.com.ar\/2021\/wp-json\/wp\/v2\/posts\/31882","targetHints":{"allow":["GET"]}}],"collection":[{"href":"https:\/\/www.noticiasradioreflejos.com.ar\/2021\/wp-json\/wp\/v2\/posts"}],"about":[{"href":"https:\/\/www.noticiasradioreflejos.com.ar\/2021\/wp-json\/wp\/v2\/types\/post"}],"author":[{"embeddable":true,"href":"https:\/\/www.noticiasradioreflejos.com.ar\/2021\/wp-json\/wp\/v2\/users\/3"}],"replies":[{"embeddable":true,"href":"https:\/\/www.noticiasradioreflejos.com.ar\/2021\/wp-json\/wp\/v2\/comments?post=31882"}],"version-history":[{"count":0,"href":"https:\/\/www.noticiasradioreflejos.com.ar\/2021\/wp-json\/wp\/v2\/posts\/31882\/revisions"}],"wp:attachment":[{"href":"https:\/\/www.noticiasradioreflejos.com.ar\/2021\/wp-json\/wp\/v2\/media?parent=31882"}],"wp:term":[{"taxonomy":"category","embeddable":true,"href":"https:\/\/www.noticiasradioreflejos.com.ar\/2021\/wp-json\/wp\/v2\/categories?post=31882"},{"taxonomy":"post_tag","embeddable":true,"href":"https:\/\/www.noticiasradioreflejos.com.ar\/2021\/wp-json\/wp\/v2\/tags?post=31882"}],"curies":[{"name":"wp","href":"https:\/\/api.w.org\/{rel}","templated":true}]}}