{"id":31879,"date":"2019-06-04T12:56:18","date_gmt":"2019-06-04T15:56:18","guid":{"rendered":"http:\/\/www.noticiasradioreflejos.com.ar\/noticias\/?p=31879"},"modified":"2019-06-04T12:56:18","modified_gmt":"2019-06-04T15:56:18","slug":"semana-del-medio-ambiente-reciclado-de-cajas-de-tetrabrik","status":"publish","type":"post","link":"https:\/\/www.noticiasradioreflejos.com.ar\/2021\/semana-del-medio-ambiente-reciclado-de-cajas-de-tetrabrik\/","title":{"rendered":"Semana del Medio Ambiente: reciclado de cajas de tetrabrik"},"content":{"rendered":"<p>Sab\u00edas que en nuestro distrito, a partir de las cajas tetrabrik  que llevamos a los puntos limpios se producen las chapas recicladas?<br \/>\nExisten industrias que se ocupan del reciclado; aprovechemos esta oportunidad y evitemos que estos residuos vayan a los basurales.<br \/>\nEntonces, como podemos colaborar?<!--more--><br \/>\nUna vez consumidos todos aquellos productos que vienen en envases de tetrabrik (salsas de tomate, vino, leche, yogurt, etc), enju\u00e1galos y reduc\u00ed su volumen, y ll\u00e9valos al punto limpio m\u00e1s cercano.<br \/>\nLos mismos recolectados por empleados municipales y separados del resto de los residuos en el Galp\u00f3n de Reciclado, Taller Protegido o Planta de Separaci\u00f3n 3R.<br \/>\nLuego, una vez enfardados son vendidos a las industriales locales que utilizan la materia prima para generar productos.<br \/>\nRecuerda que Reducir, Reutilizar y Reciclar nos beneficia a todos.<\/p>\n","protected":false},"excerpt":{"rendered":"<p>Sab\u00edas que en nuestro distrito, a partir de las cajas tetrabrik que llevamos a los puntos limpios se producen las chapas recicladas? Existen industrias que se ocupan del reciclado; aprovechemos esta oportunidad y evitemos que estos residuos vayan a los basurales. Entonces, como podemos colaborar?<\/p>\n","protected":false},"author":3,"featured_media":0,"comment_status":"closed","ping_status":"open","sticky":false,"template":"","format":"standard","meta":{"footnotes":""},"categories":[28],"tags":[],"class_list":["post-31879","post","type-post","status-publish","format-standard","hentry","category-municipales"],"yoast_head":"<!-- This site is optimized with the Yoast SEO plugin v25.9 - https:\/\/yoast.com\/wordpress\/plugins\/seo\/ -->\n<title>Semana del Medio Ambiente: reciclado de cajas de tetrabrik - Noticias Radio Reflejos<\/title>\n<meta name=\"robots\" content=\"index, follow, max-snippet:-1, max-image-preview:large, max-video-preview:-1\" \/>\n<link rel=\"canonical\" href=\"https:\/\/www.noticiasradioreflejos.com.ar\/2021\/semana-del-medio-ambiente-reciclado-de-cajas-de-tetrabrik\/\" \/>\n<meta property=\"og:locale\" content=\"es_ES\" \/>\n<meta property=\"og:type\" content=\"article\" \/>\n<meta property=\"og:title\" content=\"Semana del Medio Ambiente: reciclado de cajas de tetrabrik - Noticias Radio Reflejos\" \/>\n<meta property=\"og:description\" content=\"Sab\u00edas que en nuestro distrito, a partir de las cajas tetrabrik que llevamos a los puntos limpios se producen las chapas recicladas? Existen industrias que se ocupan del reciclado; aprovechemos esta oportunidad y evitemos que estos residuos vayan a los basurales. Entonces, como podemos colaborar?\" \/>\n<meta property=\"og:url\" content=\"https:\/\/www.noticiasradioreflejos.com.ar\/2021\/semana-del-medio-ambiente-reciclado-de-cajas-de-tetrabrik\/\" \/>\n<meta property=\"og:site_name\" content=\"Noticias Radio Reflejos\" \/>\n<meta property=\"article:published_time\" content=\"2019-06-04T15:56:18+00:00\" \/>\n<meta property=\"og:image\" content=\"https:\/\/www.noticiasradioreflejos.com.ar\/2021\/wp-content\/uploads\/2021\/07\/logosol300x200.png\" \/>\n\t<meta property=\"og:image:width\" content=\"300\" \/>\n\t<meta property=\"og:image:height\" content=\"200\" \/>\n\t<meta property=\"og:image:type\" content=\"image\/png\" \/>\n<meta name=\"author\" content=\"Arnaldo Botto\" \/>\n<meta name=\"twitter:card\" content=\"summary_large_image\" \/>\n<script type=\"application\/ld+json\" class=\"yoast-schema-graph\">{\"@context\":\"https:\/\/schema.org\",\"@graph\":[{\"@type\":\"WebPage\",\"@id\":\"https:\/\/www.noticiasradioreflejos.com.ar\/2021\/semana-del-medio-ambiente-reciclado-de-cajas-de-tetrabrik\/\",\"url\":\"https:\/\/www.noticiasradioreflejos.com.ar\/2021\/semana-del-medio-ambiente-reciclado-de-cajas-de-tetrabrik\/\",\"name\":\"Semana del Medio Ambiente: reciclado de cajas de tetrabrik - Noticias Radio Reflejos\",\"isPartOf\":{\"@id\":\"https:\/\/www.noticiasradioreflejos.com.ar\/2021\/#website\"},\"datePublished\":\"2019-06-04T15:56:18+00:00\",\"author\":{\"@id\":\"https:\/\/www.noticiasradioreflejos.com.ar\/2021\/#\/schema\/person\/ad82545263dcc5ec0996818884fd5fb1\"},\"breadcrumb\":{\"@id\":\"https:\/\/www.noticiasradioreflejos.com.ar\/2021\/semana-del-medio-ambiente-reciclado-de-cajas-de-tetrabrik\/#breadcrumb\"},\"inLanguage\":\"es\",\"potentialAction\":[{\"@type\":\"ReadAction\",\"target\":[\"https:\/\/www.noticiasradioreflejos.com.ar\/2021\/semana-del-medio-ambiente-reciclado-de-cajas-de-tetrabrik\/\"]}]},{\"@type\":\"BreadcrumbList\",\"@id\":\"https:\/\/www.noticiasradioreflejos.com.ar\/2021\/semana-del-medio-ambiente-reciclado-de-cajas-de-tetrabrik\/#breadcrumb\",\"itemListElement\":[{\"@type\":\"ListItem\",\"position\":1,\"name\":\"Portada\",\"item\":\"https:\/\/www.noticiasradioreflejos.com.ar\/2021\/\"},{\"@type\":\"ListItem\",\"position\":2,\"name\":\"Semana del Medio Ambiente: reciclado de cajas de tetrabrik\"}]},{\"@type\":\"WebSite\",\"@id\":\"https:\/\/www.noticiasradioreflejos.com.ar\/2021\/#website\",\"url\":\"https:\/\/www.noticiasradioreflejos.com.ar\/2021\/\",\"name\":\"Noticias Radio Reflejos\",\"description\":\"Las noticias de mi comarca\",\"potentialAction\":[{\"@type\":\"SearchAction\",\"target\":{\"@type\":\"EntryPoint\",\"urlTemplate\":\"https:\/\/www.noticiasradioreflejos.com.ar\/2021\/?s={search_term_string}\"},\"query-input\":{\"@type\":\"PropertyValueSpecification\",\"valueRequired\":true,\"valueName\":\"search_term_string\"}}],\"inLanguage\":\"es\"},{\"@type\":\"Person\",\"@id\":\"https:\/\/www.noticiasradioreflejos.com.ar\/2021\/#\/schema\/person\/ad82545263dcc5ec0996818884fd5fb1\",\"name\":\"Arnaldo Botto\",\"image\":{\"@type\":\"ImageObject\",\"inLanguage\":\"es\",\"@id\":\"https:\/\/www.noticiasradioreflejos.com.ar\/2021\/#\/schema\/person\/image\/\",\"url\":\"https:\/\/secure.gravatar.com\/avatar\/55cb5e37c1efa326397366e6974cb338056df65cb50e7d64d1cf314e87504837?s=96&d=mm&r=g\",\"contentUrl\":\"https:\/\/secure.gravatar.com\/avatar\/55cb5e37c1efa326397366e6974cb338056df65cb50e7d64d1cf314e87504837?s=96&d=mm&r=g\",\"caption\":\"Arnaldo Botto\"},\"url\":\"https:\/\/www.noticiasradioreflejos.com.ar\/2021\/author\/arnaldo\/\"}]}<\/script>\n<!-- \/ Yoast SEO plugin. -->","yoast_head_json":{"title":"Semana del Medio Ambiente: reciclado de cajas de tetrabrik - Noticias Radio Reflejos","robots":{"index":"index","follow":"follow","max-snippet":"max-snippet:-1","max-image-preview":"max-image-preview:large","max-video-preview":"max-video-preview:-1"},"canonical":"https:\/\/www.noticiasradioreflejos.com.ar\/2021\/semana-del-medio-ambiente-reciclado-de-cajas-de-tetrabrik\/","og_locale":"es_ES","og_type":"article","og_title":"Semana del Medio Ambiente: reciclado de cajas de tetrabrik - Noticias Radio Reflejos","og_description":"Sab\u00edas que en nuestro distrito, a partir de las cajas tetrabrik que llevamos a los puntos limpios se producen las chapas recicladas? Existen industrias que se ocupan del reciclado; aprovechemos esta oportunidad y evitemos que estos residuos vayan a los basurales. Entonces, como podemos colaborar?","og_url":"https:\/\/www.noticiasradioreflejos.com.ar\/2021\/semana-del-medio-ambiente-reciclado-de-cajas-de-tetrabrik\/","og_site_name":"Noticias Radio Reflejos","article_published_time":"2019-06-04T15:56:18+00:00","og_image":[{"width":300,"height":200,"url":"https:\/\/www.noticiasradioreflejos.com.ar\/2021\/wp-content\/uploads\/2021\/07\/logosol300x200.png","type":"image\/png"}],"author":"Arnaldo Botto","twitter_card":"summary_large_image","schema":{"@context":"https:\/\/schema.org","@graph":[{"@type":"WebPage","@id":"https:\/\/www.noticiasradioreflejos.com.ar\/2021\/semana-del-medio-ambiente-reciclado-de-cajas-de-tetrabrik\/","url":"https:\/\/www.noticiasradioreflejos.com.ar\/2021\/semana-del-medio-ambiente-reciclado-de-cajas-de-tetrabrik\/","name":"Semana del Medio Ambiente: reciclado de cajas de tetrabrik - Noticias Radio Reflejos","isPartOf":{"@id":"https:\/\/www.noticiasradioreflejos.com.ar\/2021\/#website"},"datePublished":"2019-06-04T15:56:18+00:00","author":{"@id":"https:\/\/www.noticiasradioreflejos.com.ar\/2021\/#\/schema\/person\/ad82545263dcc5ec0996818884fd5fb1"},"breadcrumb":{"@id":"https:\/\/www.noticiasradioreflejos.com.ar\/2021\/semana-del-medio-ambiente-reciclado-de-cajas-de-tetrabrik\/#breadcrumb"},"inLanguage":"es","potentialAction":[{"@type":"ReadAction","target":["https:\/\/www.noticiasradioreflejos.com.ar\/2021\/semana-del-medio-ambiente-reciclado-de-cajas-de-tetrabrik\/"]}]},{"@type":"BreadcrumbList","@id":"https:\/\/www.noticiasradioreflejos.com.ar\/2021\/semana-del-medio-ambiente-reciclado-de-cajas-de-tetrabrik\/#breadcrumb","itemListElement":[{"@type":"ListItem","position":1,"name":"Portada","item":"https:\/\/www.noticiasradioreflejos.com.ar\/2021\/"},{"@type":"ListItem","position":2,"name":"Semana del Medio Ambiente: reciclado de cajas de tetrabrik"}]},{"@type":"WebSite","@id":"https:\/\/www.noticiasradioreflejos.com.ar\/2021\/#website","url":"https:\/\/www.noticiasradioreflejos.com.ar\/2021\/","name":"Noticias Radio Reflejos","description":"Las noticias de mi comarca","potentialAction":[{"@type":"SearchAction","target":{"@type":"EntryPoint","urlTemplate":"https:\/\/www.noticiasradioreflejos.com.ar\/2021\/?s={search_term_string}"},"query-input":{"@type":"PropertyValueSpecification","valueRequired":true,"valueName":"search_term_string"}}],"inLanguage":"es"},{"@type":"Person","@id":"https:\/\/www.noticiasradioreflejos.com.ar\/2021\/#\/schema\/person\/ad82545263dcc5ec0996818884fd5fb1","name":"Arnaldo Botto","image":{"@type":"ImageObject","inLanguage":"es","@id":"https:\/\/www.noticiasradioreflejos.com.ar\/2021\/#\/schema\/person\/image\/","url":"https:\/\/secure.gravatar.com\/avatar\/55cb5e37c1efa326397366e6974cb338056df65cb50e7d64d1cf314e87504837?s=96&d=mm&r=g","contentUrl":"https:\/\/secure.gravatar.com\/avatar\/55cb5e37c1efa326397366e6974cb338056df65cb50e7d64d1cf314e87504837?s=96&d=mm&r=g","caption":"Arnaldo Botto"},"url":"https:\/\/www.noticiasradioreflejos.com.ar\/2021\/author\/arnaldo\/"}]}},"_links":{"self":[{"href":"https:\/\/www.noticiasradioreflejos.com.ar\/2021\/wp-json\/wp\/v2\/posts\/31879","targetHints":{"allow":["GET"]}}],"collection":[{"href":"https:\/\/www.noticiasradioreflejos.com.ar\/2021\/wp-json\/wp\/v2\/posts"}],"about":[{"href":"https:\/\/www.noticiasradioreflejos.com.ar\/2021\/wp-json\/wp\/v2\/types\/post"}],"author":[{"embeddable":true,"href":"https:\/\/www.noticiasradioreflejos.com.ar\/2021\/wp-json\/wp\/v2\/users\/3"}],"replies":[{"embeddable":true,"href":"https:\/\/www.noticiasradioreflejos.com.ar\/2021\/wp-json\/wp\/v2\/comments?post=31879"}],"version-history":[{"count":0,"href":"https:\/\/www.noticiasradioreflejos.com.ar\/2021\/wp-json\/wp\/v2\/posts\/31879\/revisions"}],"wp:attachment":[{"href":"https:\/\/www.noticiasradioreflejos.com.ar\/2021\/wp-json\/wp\/v2\/media?parent=31879"}],"wp:term":[{"taxonomy":"category","embeddable":true,"href":"https:\/\/www.noticiasradioreflejos.com.ar\/2021\/wp-json\/wp\/v2\/categories?post=31879"},{"taxonomy":"post_tag","embeddable":true,"href":"https:\/\/www.noticiasradioreflejos.com.ar\/2021\/wp-json\/wp\/v2\/tags?post=31879"}],"curies":[{"name":"wp","href":"https:\/\/api.w.org\/{rel}","templated":true}]}}