{"id":31872,"date":"2019-06-04T12:42:45","date_gmt":"2019-06-04T15:42:45","guid":{"rendered":"http:\/\/www.noticiasradioreflejos.com.ar\/noticias\/?p=31872"},"modified":"2019-06-04T12:42:45","modified_gmt":"2019-06-04T15:42:45","slug":"sierra-de-la-ventana-se-movilizo-por-ni-una-menos","status":"publish","type":"post","link":"https:\/\/www.noticiasradioreflejos.com.ar\/2021\/sierra-de-la-ventana-se-movilizo-por-ni-una-menos\/","title":{"rendered":"Sierra de la Ventana se moviliz\u00f3 por &quot;Ni una Menos&quot;."},"content":{"rendered":"<p><a title=\"Ni una menos Sierra (5)\" href=\"http:\/\/live.staticflickr.com\/65535\/48000879103_d60d0c9c58_s.jpg\" rel=\"\"><img loading=\"lazy\" decoding=\"async\" class=\"alignleft\" style=\"float: left;\" title=\"Ni una menos Sierra (5)\" src=\"http:\/\/live.staticflickr.com\/65535\/48000879103_d60d0c9c58.jpg\" alt=\"Ni una menos Sierra (5)\" width=\"500\" height=\"281\" \/><\/a>El acto tuvo lugar en le boulevard de Av. San Mart\u00edn junto al banco rojo. All\u00ed se leyeron consignas, hicieron uso de la palabra varios participantes y posteriormente se inici\u00f3 una marcha donde se entonaron c\u00e1nticos alusivos acompa\u00f1ados de redoblantes y bombos.<!--more--><br \/>\nLa convocatoria estuvo a cargo del Consejo Municipal de las Mujeres de Tornquist, iniciando a las 12 hs las actividades en la Plaza Independencia de Saldungaray, continuando por la tarde de este lunes en Sierra de la Ventana y finalizando este martes en Tornquist, acto que se realizar\u00e1 en la plaza de la ciudad.<br \/>\nFinalizado el acto y previo a iniciar la marcha, dialogamos con Silvia Zabala, Presidenta del Consejo, que nos detall\u00f3 todo el programa de actividades y la presentaci\u00f3n de una nota-pedido de definiciones y acciones a nivel municipal.<br \/>\n<iframe loading=\"lazy\" src=\"https:\/\/w.soundcloud.com\/player\/?url=https%3A\/\/api.soundcloud.com\/tracks\/631579617&amp;color=%23ff5500&amp;auto_play=false&amp;hide_related=false&amp;show_comments=true&amp;show_user=true&amp;show_reposts=false&amp;show_teaser=true\" width=\"100%\" height=\"166\" frameborder=\"no\" scrolling=\"no\"><\/iframe><br \/>\n<a title=\"Ni una menos Sierra (9)\" href=\"http:\/\/live.staticflickr.com\/65535\/48000878378_561ccb411a_s.jpg\" rel=\"\"><img loading=\"lazy\" decoding=\"async\" class=\"aligncenter\" title=\"Ni una menos Sierra (9)\" src=\"http:\/\/live.staticflickr.com\/65535\/48000878378_561ccb411a_z.jpg\" alt=\"Ni una menos Sierra (9)\" width=\"640\" height=\"360\" \/><\/a><br \/>\n<a title=\"61823127_2372377973031668_1861602984031420416_n\" href=\"http:\/\/live.staticflickr.com\/65535\/48001107481_a0fda039b2_s.jpg\" rel=\"\"><img loading=\"lazy\" decoding=\"async\" class=\"aligncenter\" title=\"61823127_2372377973031668_1861602984031420416_n\" src=\"http:\/\/live.staticflickr.com\/65535\/48001107481_a0fda039b2_z.jpg\" alt=\"61823127_2372377973031668_1861602984031420416_n\" width=\"640\" height=\"427\" \/><\/a><br \/>\n&nbsp;<\/p>\n","protected":false},"excerpt":{"rendered":"<p>El acto tuvo lugar en le boulevard de Av. San Mart\u00edn junto al banco rojo. All\u00ed se leyeron consignas, hicieron uso de la palabra varios participantes y posteriormente se inici\u00f3 una marcha donde se entonaron c\u00e1nticos alusivos acompa\u00f1ados de redoblantes y bombos.<\/p>\n","protected":false},"author":3,"featured_media":0,"comment_status":"closed","ping_status":"open","sticky":false,"template":"","format":"standard","meta":{"footnotes":""},"categories":[24],"tags":[],"class_list":["post-31872","post","type-post","status-publish","format-standard","hentry","category-politica"],"yoast_head":"<!-- This site is optimized with the Yoast SEO plugin v25.9 - https:\/\/yoast.com\/wordpress\/plugins\/seo\/ -->\n<title>Sierra de la Ventana se moviliz\u00f3 por &quot;Ni una Menos&quot;. - Noticias Radio Reflejos<\/title>\n<meta name=\"robots\" content=\"index, follow, max-snippet:-1, max-image-preview:large, max-video-preview:-1\" \/>\n<link rel=\"canonical\" href=\"https:\/\/www.noticiasradioreflejos.com.ar\/2021\/sierra-de-la-ventana-se-movilizo-por-ni-una-menos\/\" \/>\n<meta property=\"og:locale\" content=\"es_ES\" \/>\n<meta property=\"og:type\" content=\"article\" \/>\n<meta property=\"og:title\" content=\"Sierra de la Ventana se moviliz\u00f3 por &quot;Ni una Menos&quot;. - Noticias Radio Reflejos\" \/>\n<meta property=\"og:description\" content=\"El acto tuvo lugar en le boulevard de Av. San Mart\u00edn junto al banco rojo. All\u00ed se leyeron consignas, hicieron uso de la palabra varios participantes y posteriormente se inici\u00f3 una marcha donde se entonaron c\u00e1nticos alusivos acompa\u00f1ados de redoblantes y bombos.\" \/>\n<meta property=\"og:url\" content=\"https:\/\/www.noticiasradioreflejos.com.ar\/2021\/sierra-de-la-ventana-se-movilizo-por-ni-una-menos\/\" \/>\n<meta property=\"og:site_name\" content=\"Noticias Radio Reflejos\" \/>\n<meta property=\"article:published_time\" content=\"2019-06-04T15:42:45+00:00\" \/>\n<meta property=\"og:image\" content=\"http:\/\/live.staticflickr.com\/65535\/48000879103_d60d0c9c58.jpg\" \/>\n<meta name=\"author\" content=\"Arnaldo Botto\" \/>\n<meta name=\"twitter:card\" content=\"summary_large_image\" \/>\n<script type=\"application\/ld+json\" class=\"yoast-schema-graph\">{\"@context\":\"https:\/\/schema.org\",\"@graph\":[{\"@type\":\"WebPage\",\"@id\":\"https:\/\/www.noticiasradioreflejos.com.ar\/2021\/sierra-de-la-ventana-se-movilizo-por-ni-una-menos\/\",\"url\":\"https:\/\/www.noticiasradioreflejos.com.ar\/2021\/sierra-de-la-ventana-se-movilizo-por-ni-una-menos\/\",\"name\":\"Sierra de la Ventana se moviliz\u00f3 por &quot;Ni una Menos&quot;. - Noticias Radio Reflejos\",\"isPartOf\":{\"@id\":\"https:\/\/www.noticiasradioreflejos.com.ar\/2021\/#website\"},\"primaryImageOfPage\":{\"@id\":\"https:\/\/www.noticiasradioreflejos.com.ar\/2021\/sierra-de-la-ventana-se-movilizo-por-ni-una-menos\/#primaryimage\"},\"image\":{\"@id\":\"https:\/\/www.noticiasradioreflejos.com.ar\/2021\/sierra-de-la-ventana-se-movilizo-por-ni-una-menos\/#primaryimage\"},\"thumbnailUrl\":\"http:\/\/live.staticflickr.com\/65535\/48000879103_d60d0c9c58.jpg\",\"datePublished\":\"2019-06-04T15:42:45+00:00\",\"author\":{\"@id\":\"https:\/\/www.noticiasradioreflejos.com.ar\/2021\/#\/schema\/person\/ad82545263dcc5ec0996818884fd5fb1\"},\"breadcrumb\":{\"@id\":\"https:\/\/www.noticiasradioreflejos.com.ar\/2021\/sierra-de-la-ventana-se-movilizo-por-ni-una-menos\/#breadcrumb\"},\"inLanguage\":\"es\",\"potentialAction\":[{\"@type\":\"ReadAction\",\"target\":[\"https:\/\/www.noticiasradioreflejos.com.ar\/2021\/sierra-de-la-ventana-se-movilizo-por-ni-una-menos\/\"]}]},{\"@type\":\"ImageObject\",\"inLanguage\":\"es\",\"@id\":\"https:\/\/www.noticiasradioreflejos.com.ar\/2021\/sierra-de-la-ventana-se-movilizo-por-ni-una-menos\/#primaryimage\",\"url\":\"http:\/\/live.staticflickr.com\/65535\/48000879103_d60d0c9c58.jpg\",\"contentUrl\":\"http:\/\/live.staticflickr.com\/65535\/48000879103_d60d0c9c58.jpg\"},{\"@type\":\"BreadcrumbList\",\"@id\":\"https:\/\/www.noticiasradioreflejos.com.ar\/2021\/sierra-de-la-ventana-se-movilizo-por-ni-una-menos\/#breadcrumb\",\"itemListElement\":[{\"@type\":\"ListItem\",\"position\":1,\"name\":\"Portada\",\"item\":\"https:\/\/www.noticiasradioreflejos.com.ar\/2021\/\"},{\"@type\":\"ListItem\",\"position\":2,\"name\":\"Sierra de la Ventana se moviliz\u00f3 por &quot;Ni una Menos&quot;.\"}]},{\"@type\":\"WebSite\",\"@id\":\"https:\/\/www.noticiasradioreflejos.com.ar\/2021\/#website\",\"url\":\"https:\/\/www.noticiasradioreflejos.com.ar\/2021\/\",\"name\":\"Noticias Radio Reflejos\",\"description\":\"Las noticias de mi comarca\",\"potentialAction\":[{\"@type\":\"SearchAction\",\"target\":{\"@type\":\"EntryPoint\",\"urlTemplate\":\"https:\/\/www.noticiasradioreflejos.com.ar\/2021\/?s={search_term_string}\"},\"query-input\":{\"@type\":\"PropertyValueSpecification\",\"valueRequired\":true,\"valueName\":\"search_term_string\"}}],\"inLanguage\":\"es\"},{\"@type\":\"Person\",\"@id\":\"https:\/\/www.noticiasradioreflejos.com.ar\/2021\/#\/schema\/person\/ad82545263dcc5ec0996818884fd5fb1\",\"name\":\"Arnaldo Botto\",\"image\":{\"@type\":\"ImageObject\",\"inLanguage\":\"es\",\"@id\":\"https:\/\/www.noticiasradioreflejos.com.ar\/2021\/#\/schema\/person\/image\/\",\"url\":\"https:\/\/secure.gravatar.com\/avatar\/55cb5e37c1efa326397366e6974cb338056df65cb50e7d64d1cf314e87504837?s=96&d=mm&r=g\",\"contentUrl\":\"https:\/\/secure.gravatar.com\/avatar\/55cb5e37c1efa326397366e6974cb338056df65cb50e7d64d1cf314e87504837?s=96&d=mm&r=g\",\"caption\":\"Arnaldo Botto\"},\"url\":\"https:\/\/www.noticiasradioreflejos.com.ar\/2021\/author\/arnaldo\/\"}]}<\/script>\n<!-- \/ Yoast SEO plugin. -->","yoast_head_json":{"title":"Sierra de la Ventana se moviliz\u00f3 por &quot;Ni una Menos&quot;. - Noticias Radio Reflejos","robots":{"index":"index","follow":"follow","max-snippet":"max-snippet:-1","max-image-preview":"max-image-preview:large","max-video-preview":"max-video-preview:-1"},"canonical":"https:\/\/www.noticiasradioreflejos.com.ar\/2021\/sierra-de-la-ventana-se-movilizo-por-ni-una-menos\/","og_locale":"es_ES","og_type":"article","og_title":"Sierra de la Ventana se moviliz\u00f3 por &quot;Ni una Menos&quot;. - Noticias Radio Reflejos","og_description":"El acto tuvo lugar en le boulevard de Av. San Mart\u00edn junto al banco rojo. All\u00ed se leyeron consignas, hicieron uso de la palabra varios participantes y posteriormente se inici\u00f3 una marcha donde se entonaron c\u00e1nticos alusivos acompa\u00f1ados de redoblantes y bombos.","og_url":"https:\/\/www.noticiasradioreflejos.com.ar\/2021\/sierra-de-la-ventana-se-movilizo-por-ni-una-menos\/","og_site_name":"Noticias Radio Reflejos","article_published_time":"2019-06-04T15:42:45+00:00","og_image":[{"url":"http:\/\/live.staticflickr.com\/65535\/48000879103_d60d0c9c58.jpg","type":"","width":"","height":""}],"author":"Arnaldo Botto","twitter_card":"summary_large_image","schema":{"@context":"https:\/\/schema.org","@graph":[{"@type":"WebPage","@id":"https:\/\/www.noticiasradioreflejos.com.ar\/2021\/sierra-de-la-ventana-se-movilizo-por-ni-una-menos\/","url":"https:\/\/www.noticiasradioreflejos.com.ar\/2021\/sierra-de-la-ventana-se-movilizo-por-ni-una-menos\/","name":"Sierra de la Ventana se moviliz\u00f3 por &quot;Ni una Menos&quot;. - Noticias Radio Reflejos","isPartOf":{"@id":"https:\/\/www.noticiasradioreflejos.com.ar\/2021\/#website"},"primaryImageOfPage":{"@id":"https:\/\/www.noticiasradioreflejos.com.ar\/2021\/sierra-de-la-ventana-se-movilizo-por-ni-una-menos\/#primaryimage"},"image":{"@id":"https:\/\/www.noticiasradioreflejos.com.ar\/2021\/sierra-de-la-ventana-se-movilizo-por-ni-una-menos\/#primaryimage"},"thumbnailUrl":"http:\/\/live.staticflickr.com\/65535\/48000879103_d60d0c9c58.jpg","datePublished":"2019-06-04T15:42:45+00:00","author":{"@id":"https:\/\/www.noticiasradioreflejos.com.ar\/2021\/#\/schema\/person\/ad82545263dcc5ec0996818884fd5fb1"},"breadcrumb":{"@id":"https:\/\/www.noticiasradioreflejos.com.ar\/2021\/sierra-de-la-ventana-se-movilizo-por-ni-una-menos\/#breadcrumb"},"inLanguage":"es","potentialAction":[{"@type":"ReadAction","target":["https:\/\/www.noticiasradioreflejos.com.ar\/2021\/sierra-de-la-ventana-se-movilizo-por-ni-una-menos\/"]}]},{"@type":"ImageObject","inLanguage":"es","@id":"https:\/\/www.noticiasradioreflejos.com.ar\/2021\/sierra-de-la-ventana-se-movilizo-por-ni-una-menos\/#primaryimage","url":"http:\/\/live.staticflickr.com\/65535\/48000879103_d60d0c9c58.jpg","contentUrl":"http:\/\/live.staticflickr.com\/65535\/48000879103_d60d0c9c58.jpg"},{"@type":"BreadcrumbList","@id":"https:\/\/www.noticiasradioreflejos.com.ar\/2021\/sierra-de-la-ventana-se-movilizo-por-ni-una-menos\/#breadcrumb","itemListElement":[{"@type":"ListItem","position":1,"name":"Portada","item":"https:\/\/www.noticiasradioreflejos.com.ar\/2021\/"},{"@type":"ListItem","position":2,"name":"Sierra de la Ventana se moviliz\u00f3 por &quot;Ni una Menos&quot;."}]},{"@type":"WebSite","@id":"https:\/\/www.noticiasradioreflejos.com.ar\/2021\/#website","url":"https:\/\/www.noticiasradioreflejos.com.ar\/2021\/","name":"Noticias Radio Reflejos","description":"Las noticias de mi comarca","potentialAction":[{"@type":"SearchAction","target":{"@type":"EntryPoint","urlTemplate":"https:\/\/www.noticiasradioreflejos.com.ar\/2021\/?s={search_term_string}"},"query-input":{"@type":"PropertyValueSpecification","valueRequired":true,"valueName":"search_term_string"}}],"inLanguage":"es"},{"@type":"Person","@id":"https:\/\/www.noticiasradioreflejos.com.ar\/2021\/#\/schema\/person\/ad82545263dcc5ec0996818884fd5fb1","name":"Arnaldo Botto","image":{"@type":"ImageObject","inLanguage":"es","@id":"https:\/\/www.noticiasradioreflejos.com.ar\/2021\/#\/schema\/person\/image\/","url":"https:\/\/secure.gravatar.com\/avatar\/55cb5e37c1efa326397366e6974cb338056df65cb50e7d64d1cf314e87504837?s=96&d=mm&r=g","contentUrl":"https:\/\/secure.gravatar.com\/avatar\/55cb5e37c1efa326397366e6974cb338056df65cb50e7d64d1cf314e87504837?s=96&d=mm&r=g","caption":"Arnaldo Botto"},"url":"https:\/\/www.noticiasradioreflejos.com.ar\/2021\/author\/arnaldo\/"}]}},"_links":{"self":[{"href":"https:\/\/www.noticiasradioreflejos.com.ar\/2021\/wp-json\/wp\/v2\/posts\/31872","targetHints":{"allow":["GET"]}}],"collection":[{"href":"https:\/\/www.noticiasradioreflejos.com.ar\/2021\/wp-json\/wp\/v2\/posts"}],"about":[{"href":"https:\/\/www.noticiasradioreflejos.com.ar\/2021\/wp-json\/wp\/v2\/types\/post"}],"author":[{"embeddable":true,"href":"https:\/\/www.noticiasradioreflejos.com.ar\/2021\/wp-json\/wp\/v2\/users\/3"}],"replies":[{"embeddable":true,"href":"https:\/\/www.noticiasradioreflejos.com.ar\/2021\/wp-json\/wp\/v2\/comments?post=31872"}],"version-history":[{"count":0,"href":"https:\/\/www.noticiasradioreflejos.com.ar\/2021\/wp-json\/wp\/v2\/posts\/31872\/revisions"}],"wp:attachment":[{"href":"https:\/\/www.noticiasradioreflejos.com.ar\/2021\/wp-json\/wp\/v2\/media?parent=31872"}],"wp:term":[{"taxonomy":"category","embeddable":true,"href":"https:\/\/www.noticiasradioreflejos.com.ar\/2021\/wp-json\/wp\/v2\/categories?post=31872"},{"taxonomy":"post_tag","embeddable":true,"href":"https:\/\/www.noticiasradioreflejos.com.ar\/2021\/wp-json\/wp\/v2\/tags?post=31872"}],"curies":[{"name":"wp","href":"https:\/\/api.w.org\/{rel}","templated":true}]}}