{"id":31750,"date":"2019-05-30T14:29:21","date_gmt":"2019-05-30T17:29:21","guid":{"rendered":"http:\/\/www.noticiasradioreflejos.com.ar\/noticias\/?p=31750"},"modified":"2019-05-30T14:29:21","modified_gmt":"2019-05-30T17:29:21","slug":"turismo-informa-los-datos-arrojados-por-las-encuestas-de-caracterizacion-del-turista","status":"publish","type":"post","link":"https:\/\/www.noticiasradioreflejos.com.ar\/2021\/turismo-informa-los-datos-arrojados-por-las-encuestas-de-caracterizacion-del-turista\/","title":{"rendered":"Turismo informa los datos arrojados por las encuestas de caracterizaci\u00f3n del turista"},"content":{"rendered":"<p>La Secretar\u00eda de Turismo municipal, a trav\u00e9s de las oficinas de Informes tur\u00edsticos, durante el 2018 y 2019 viene realizando un trabajando de investigaci\u00f3n en conjunto con la Direcci\u00f3n de Turismo provincial, que consiste en encuestas de caracterizaci\u00f3n del turista. El estudio tiene como objetivo definir el volumen y la demanda tur\u00edstica de la Comarca durante las vacaciones y los fines de semanas largos.<!--more--><br \/>\nLa base de datos efectiva es elaborada a partir de la informaci\u00f3n proporcionada por las Oficinas de Informes Tur\u00edsticos con los datos recogidos a turistas durante los a\u00f1os 2018\/2019.<br \/>\nDel an\u00e1lisis del informe se desprenden los siguientes datos:<br \/>\nUna de las referencias obtenidas, y que es para destacar, es el notable aumento de turistas provenientes de la provincia de Buenos Aires (constituyen la mayor\u00eda de los que visitan la comarca), producto del trabajo de promoci\u00f3n que la Secretar\u00eda viene realizando. En cuanto a quienes eligen nuestro destino siguen en porcentaje los provenientes de la CABA.<br \/>\nEn cuanto al alojamiento la opci\u00f3n m\u00e1s elegida son las caba\u00f1as. Seg\u00fan se extrajo del an\u00e1lisis la estad\u00eda promedio es de 4 a 7 d\u00edas.<br \/>\nLa totalidad de los datos analizados se pueden encontrar ingresando a http:\/\/sierrasdelaventana.tur.ar\/institucional\/estadisticas\/<br \/>\nPara mayor informaci\u00f3n comunicarse a la Direcci\u00f3n de Turismo (291) 4940811,o v\u00eda e-mail dttornquist@gmail.com.ar.<br \/>\n<strong><a href=\"https:\/\/es.scribd.com\/document\/411952181\/Comparativo-Registro-Anual-OI\">Comparativo Registro Anual OI<\/a><br \/>\n<\/strong><br \/>\n<a href=\"https:\/\/es.scribd.com\/document\/411952409\/Perfil-Turista-Febrero-2019\"><strong>Perfil Turista Febrero 2019<\/strong><\/a><br \/>\n<a href=\"https:\/\/es.scribd.com\/document\/411952482\/Perfil-Turista-Marzo-2019-Comarca\"><strong>Perfil Turista Marzo 2019 Comarca<\/strong><\/a><br \/>\n<a href=\"https:\/\/es.scribd.com\/document\/411952581\/Perfil-Turista-Abril-2019-Comarca\"><strong>Perfil Turista Abril 2019 Comarca<\/strong><\/a><br \/>\n<a href=\"https:\/\/es.scribd.com\/document\/411952627\/Perfil-Turista-Semana-Santa2019-Comarca\"><strong>Perfil Turista Semana Santa 2019 Comarca<\/strong><\/a><\/p>\n","protected":false},"excerpt":{"rendered":"<p>La Secretar\u00eda de Turismo municipal, a trav\u00e9s de las oficinas de Informes tur\u00edsticos, durante el 2018 y 2019 viene realizando un trabajando de investigaci\u00f3n en conjunto con la Direcci\u00f3n de Turismo provincial, que consiste en encuestas de caracterizaci\u00f3n del turista. El estudio tiene como objetivo definir el volumen y la demanda tur\u00edstica de la Comarca [&hellip;]<\/p>\n","protected":false},"author":3,"featured_media":23492,"comment_status":"closed","ping_status":"open","sticky":false,"template":"","format":"standard","meta":{"footnotes":""},"categories":[33],"tags":[],"class_list":["post-31750","post","type-post","status-publish","format-standard","has-post-thumbnail","hentry","category-turismo"],"yoast_head":"<!-- This site is optimized with the Yoast SEO plugin v25.9 - https:\/\/yoast.com\/wordpress\/plugins\/seo\/ -->\n<title>Turismo informa los datos arrojados por las encuestas de caracterizaci\u00f3n del turista - Noticias Radio Reflejos<\/title>\n<meta name=\"robots\" content=\"index, follow, max-snippet:-1, max-image-preview:large, max-video-preview:-1\" \/>\n<link rel=\"canonical\" href=\"https:\/\/www.noticiasradioreflejos.com.ar\/2021\/turismo-informa-los-datos-arrojados-por-las-encuestas-de-caracterizacion-del-turista\/\" \/>\n<meta property=\"og:locale\" content=\"es_ES\" \/>\n<meta property=\"og:type\" content=\"article\" \/>\n<meta property=\"og:title\" content=\"Turismo informa los datos arrojados por las encuestas de caracterizaci\u00f3n del turista - Noticias Radio Reflejos\" \/>\n<meta property=\"og:description\" content=\"La Secretar\u00eda de Turismo municipal, a trav\u00e9s de las oficinas de Informes tur\u00edsticos, durante el 2018 y 2019 viene realizando un trabajando de investigaci\u00f3n en conjunto con la Direcci\u00f3n de Turismo provincial, que consiste en encuestas de caracterizaci\u00f3n del turista. El estudio tiene como objetivo definir el volumen y la demanda tur\u00edstica de la Comarca [&hellip;]\" \/>\n<meta property=\"og:url\" content=\"https:\/\/www.noticiasradioreflejos.com.ar\/2021\/turismo-informa-los-datos-arrojados-por-las-encuestas-de-caracterizacion-del-turista\/\" \/>\n<meta property=\"og:site_name\" content=\"Noticias Radio Reflejos\" \/>\n<meta property=\"article:published_time\" content=\"2019-05-30T17:29:21+00:00\" \/>\n<meta property=\"og:image\" content=\"https:\/\/www.noticiasradioreflejos.com.ar\/2021\/wp-content\/uploads\/2018\/07\/IMG_20180722_165822722_HDR-scaled.jpg\" \/>\n\t<meta property=\"og:image:width\" content=\"2560\" \/>\n\t<meta property=\"og:image:height\" content=\"1440\" \/>\n\t<meta property=\"og:image:type\" content=\"image\/jpeg\" \/>\n<meta name=\"author\" content=\"Arnaldo Botto\" \/>\n<meta name=\"twitter:card\" content=\"summary_large_image\" \/>\n<script type=\"application\/ld+json\" class=\"yoast-schema-graph\">{\"@context\":\"https:\/\/schema.org\",\"@graph\":[{\"@type\":\"WebPage\",\"@id\":\"https:\/\/www.noticiasradioreflejos.com.ar\/2021\/turismo-informa-los-datos-arrojados-por-las-encuestas-de-caracterizacion-del-turista\/\",\"url\":\"https:\/\/www.noticiasradioreflejos.com.ar\/2021\/turismo-informa-los-datos-arrojados-por-las-encuestas-de-caracterizacion-del-turista\/\",\"name\":\"Turismo informa los datos arrojados por las encuestas de caracterizaci\u00f3n del turista - Noticias Radio Reflejos\",\"isPartOf\":{\"@id\":\"https:\/\/www.noticiasradioreflejos.com.ar\/2021\/#website\"},\"primaryImageOfPage\":{\"@id\":\"https:\/\/www.noticiasradioreflejos.com.ar\/2021\/turismo-informa-los-datos-arrojados-por-las-encuestas-de-caracterizacion-del-turista\/#primaryimage\"},\"image\":{\"@id\":\"https:\/\/www.noticiasradioreflejos.com.ar\/2021\/turismo-informa-los-datos-arrojados-por-las-encuestas-de-caracterizacion-del-turista\/#primaryimage\"},\"thumbnailUrl\":\"https:\/\/www.noticiasradioreflejos.com.ar\/2021\/wp-content\/uploads\/2018\/07\/IMG_20180722_165822722_HDR-scaled.jpg\",\"datePublished\":\"2019-05-30T17:29:21+00:00\",\"author\":{\"@id\":\"https:\/\/www.noticiasradioreflejos.com.ar\/2021\/#\/schema\/person\/ad82545263dcc5ec0996818884fd5fb1\"},\"breadcrumb\":{\"@id\":\"https:\/\/www.noticiasradioreflejos.com.ar\/2021\/turismo-informa-los-datos-arrojados-por-las-encuestas-de-caracterizacion-del-turista\/#breadcrumb\"},\"inLanguage\":\"es\",\"potentialAction\":[{\"@type\":\"ReadAction\",\"target\":[\"https:\/\/www.noticiasradioreflejos.com.ar\/2021\/turismo-informa-los-datos-arrojados-por-las-encuestas-de-caracterizacion-del-turista\/\"]}]},{\"@type\":\"ImageObject\",\"inLanguage\":\"es\",\"@id\":\"https:\/\/www.noticiasradioreflejos.com.ar\/2021\/turismo-informa-los-datos-arrojados-por-las-encuestas-de-caracterizacion-del-turista\/#primaryimage\",\"url\":\"https:\/\/www.noticiasradioreflejos.com.ar\/2021\/wp-content\/uploads\/2018\/07\/IMG_20180722_165822722_HDR-scaled.jpg\",\"contentUrl\":\"https:\/\/www.noticiasradioreflejos.com.ar\/2021\/wp-content\/uploads\/2018\/07\/IMG_20180722_165822722_HDR-scaled.jpg\",\"width\":2560,\"height\":1440},{\"@type\":\"BreadcrumbList\",\"@id\":\"https:\/\/www.noticiasradioreflejos.com.ar\/2021\/turismo-informa-los-datos-arrojados-por-las-encuestas-de-caracterizacion-del-turista\/#breadcrumb\",\"itemListElement\":[{\"@type\":\"ListItem\",\"position\":1,\"name\":\"Portada\",\"item\":\"https:\/\/www.noticiasradioreflejos.com.ar\/2021\/\"},{\"@type\":\"ListItem\",\"position\":2,\"name\":\"Turismo informa los datos arrojados por las encuestas de caracterizaci\u00f3n del turista\"}]},{\"@type\":\"WebSite\",\"@id\":\"https:\/\/www.noticiasradioreflejos.com.ar\/2021\/#website\",\"url\":\"https:\/\/www.noticiasradioreflejos.com.ar\/2021\/\",\"name\":\"Noticias Radio Reflejos\",\"description\":\"Las noticias de mi comarca\",\"potentialAction\":[{\"@type\":\"SearchAction\",\"target\":{\"@type\":\"EntryPoint\",\"urlTemplate\":\"https:\/\/www.noticiasradioreflejos.com.ar\/2021\/?s={search_term_string}\"},\"query-input\":{\"@type\":\"PropertyValueSpecification\",\"valueRequired\":true,\"valueName\":\"search_term_string\"}}],\"inLanguage\":\"es\"},{\"@type\":\"Person\",\"@id\":\"https:\/\/www.noticiasradioreflejos.com.ar\/2021\/#\/schema\/person\/ad82545263dcc5ec0996818884fd5fb1\",\"name\":\"Arnaldo Botto\",\"image\":{\"@type\":\"ImageObject\",\"inLanguage\":\"es\",\"@id\":\"https:\/\/www.noticiasradioreflejos.com.ar\/2021\/#\/schema\/person\/image\/\",\"url\":\"https:\/\/secure.gravatar.com\/avatar\/55cb5e37c1efa326397366e6974cb338056df65cb50e7d64d1cf314e87504837?s=96&d=mm&r=g\",\"contentUrl\":\"https:\/\/secure.gravatar.com\/avatar\/55cb5e37c1efa326397366e6974cb338056df65cb50e7d64d1cf314e87504837?s=96&d=mm&r=g\",\"caption\":\"Arnaldo Botto\"},\"url\":\"https:\/\/www.noticiasradioreflejos.com.ar\/2021\/author\/arnaldo\/\"}]}<\/script>\n<!-- \/ Yoast SEO plugin. -->","yoast_head_json":{"title":"Turismo informa los datos arrojados por las encuestas de caracterizaci\u00f3n del turista - Noticias Radio Reflejos","robots":{"index":"index","follow":"follow","max-snippet":"max-snippet:-1","max-image-preview":"max-image-preview:large","max-video-preview":"max-video-preview:-1"},"canonical":"https:\/\/www.noticiasradioreflejos.com.ar\/2021\/turismo-informa-los-datos-arrojados-por-las-encuestas-de-caracterizacion-del-turista\/","og_locale":"es_ES","og_type":"article","og_title":"Turismo informa los datos arrojados por las encuestas de caracterizaci\u00f3n del turista - Noticias Radio Reflejos","og_description":"La Secretar\u00eda de Turismo municipal, a trav\u00e9s de las oficinas de Informes tur\u00edsticos, durante el 2018 y 2019 viene realizando un trabajando de investigaci\u00f3n en conjunto con la Direcci\u00f3n de Turismo provincial, que consiste en encuestas de caracterizaci\u00f3n del turista. El estudio tiene como objetivo definir el volumen y la demanda tur\u00edstica de la Comarca [&hellip;]","og_url":"https:\/\/www.noticiasradioreflejos.com.ar\/2021\/turismo-informa-los-datos-arrojados-por-las-encuestas-de-caracterizacion-del-turista\/","og_site_name":"Noticias Radio Reflejos","article_published_time":"2019-05-30T17:29:21+00:00","og_image":[{"width":2560,"height":1440,"url":"https:\/\/www.noticiasradioreflejos.com.ar\/2021\/wp-content\/uploads\/2018\/07\/IMG_20180722_165822722_HDR-scaled.jpg","type":"image\/jpeg"}],"author":"Arnaldo Botto","twitter_card":"summary_large_image","schema":{"@context":"https:\/\/schema.org","@graph":[{"@type":"WebPage","@id":"https:\/\/www.noticiasradioreflejos.com.ar\/2021\/turismo-informa-los-datos-arrojados-por-las-encuestas-de-caracterizacion-del-turista\/","url":"https:\/\/www.noticiasradioreflejos.com.ar\/2021\/turismo-informa-los-datos-arrojados-por-las-encuestas-de-caracterizacion-del-turista\/","name":"Turismo informa los datos arrojados por las encuestas de caracterizaci\u00f3n del turista - Noticias Radio Reflejos","isPartOf":{"@id":"https:\/\/www.noticiasradioreflejos.com.ar\/2021\/#website"},"primaryImageOfPage":{"@id":"https:\/\/www.noticiasradioreflejos.com.ar\/2021\/turismo-informa-los-datos-arrojados-por-las-encuestas-de-caracterizacion-del-turista\/#primaryimage"},"image":{"@id":"https:\/\/www.noticiasradioreflejos.com.ar\/2021\/turismo-informa-los-datos-arrojados-por-las-encuestas-de-caracterizacion-del-turista\/#primaryimage"},"thumbnailUrl":"https:\/\/www.noticiasradioreflejos.com.ar\/2021\/wp-content\/uploads\/2018\/07\/IMG_20180722_165822722_HDR-scaled.jpg","datePublished":"2019-05-30T17:29:21+00:00","author":{"@id":"https:\/\/www.noticiasradioreflejos.com.ar\/2021\/#\/schema\/person\/ad82545263dcc5ec0996818884fd5fb1"},"breadcrumb":{"@id":"https:\/\/www.noticiasradioreflejos.com.ar\/2021\/turismo-informa-los-datos-arrojados-por-las-encuestas-de-caracterizacion-del-turista\/#breadcrumb"},"inLanguage":"es","potentialAction":[{"@type":"ReadAction","target":["https:\/\/www.noticiasradioreflejos.com.ar\/2021\/turismo-informa-los-datos-arrojados-por-las-encuestas-de-caracterizacion-del-turista\/"]}]},{"@type":"ImageObject","inLanguage":"es","@id":"https:\/\/www.noticiasradioreflejos.com.ar\/2021\/turismo-informa-los-datos-arrojados-por-las-encuestas-de-caracterizacion-del-turista\/#primaryimage","url":"https:\/\/www.noticiasradioreflejos.com.ar\/2021\/wp-content\/uploads\/2018\/07\/IMG_20180722_165822722_HDR-scaled.jpg","contentUrl":"https:\/\/www.noticiasradioreflejos.com.ar\/2021\/wp-content\/uploads\/2018\/07\/IMG_20180722_165822722_HDR-scaled.jpg","width":2560,"height":1440},{"@type":"BreadcrumbList","@id":"https:\/\/www.noticiasradioreflejos.com.ar\/2021\/turismo-informa-los-datos-arrojados-por-las-encuestas-de-caracterizacion-del-turista\/#breadcrumb","itemListElement":[{"@type":"ListItem","position":1,"name":"Portada","item":"https:\/\/www.noticiasradioreflejos.com.ar\/2021\/"},{"@type":"ListItem","position":2,"name":"Turismo informa los datos arrojados por las encuestas de caracterizaci\u00f3n del turista"}]},{"@type":"WebSite","@id":"https:\/\/www.noticiasradioreflejos.com.ar\/2021\/#website","url":"https:\/\/www.noticiasradioreflejos.com.ar\/2021\/","name":"Noticias Radio Reflejos","description":"Las noticias de mi comarca","potentialAction":[{"@type":"SearchAction","target":{"@type":"EntryPoint","urlTemplate":"https:\/\/www.noticiasradioreflejos.com.ar\/2021\/?s={search_term_string}"},"query-input":{"@type":"PropertyValueSpecification","valueRequired":true,"valueName":"search_term_string"}}],"inLanguage":"es"},{"@type":"Person","@id":"https:\/\/www.noticiasradioreflejos.com.ar\/2021\/#\/schema\/person\/ad82545263dcc5ec0996818884fd5fb1","name":"Arnaldo Botto","image":{"@type":"ImageObject","inLanguage":"es","@id":"https:\/\/www.noticiasradioreflejos.com.ar\/2021\/#\/schema\/person\/image\/","url":"https:\/\/secure.gravatar.com\/avatar\/55cb5e37c1efa326397366e6974cb338056df65cb50e7d64d1cf314e87504837?s=96&d=mm&r=g","contentUrl":"https:\/\/secure.gravatar.com\/avatar\/55cb5e37c1efa326397366e6974cb338056df65cb50e7d64d1cf314e87504837?s=96&d=mm&r=g","caption":"Arnaldo Botto"},"url":"https:\/\/www.noticiasradioreflejos.com.ar\/2021\/author\/arnaldo\/"}]}},"_links":{"self":[{"href":"https:\/\/www.noticiasradioreflejos.com.ar\/2021\/wp-json\/wp\/v2\/posts\/31750","targetHints":{"allow":["GET"]}}],"collection":[{"href":"https:\/\/www.noticiasradioreflejos.com.ar\/2021\/wp-json\/wp\/v2\/posts"}],"about":[{"href":"https:\/\/www.noticiasradioreflejos.com.ar\/2021\/wp-json\/wp\/v2\/types\/post"}],"author":[{"embeddable":true,"href":"https:\/\/www.noticiasradioreflejos.com.ar\/2021\/wp-json\/wp\/v2\/users\/3"}],"replies":[{"embeddable":true,"href":"https:\/\/www.noticiasradioreflejos.com.ar\/2021\/wp-json\/wp\/v2\/comments?post=31750"}],"version-history":[{"count":0,"href":"https:\/\/www.noticiasradioreflejos.com.ar\/2021\/wp-json\/wp\/v2\/posts\/31750\/revisions"}],"wp:featuredmedia":[{"embeddable":true,"href":"https:\/\/www.noticiasradioreflejos.com.ar\/2021\/wp-json\/wp\/v2\/media\/23492"}],"wp:attachment":[{"href":"https:\/\/www.noticiasradioreflejos.com.ar\/2021\/wp-json\/wp\/v2\/media?parent=31750"}],"wp:term":[{"taxonomy":"category","embeddable":true,"href":"https:\/\/www.noticiasradioreflejos.com.ar\/2021\/wp-json\/wp\/v2\/categories?post=31750"},{"taxonomy":"post_tag","embeddable":true,"href":"https:\/\/www.noticiasradioreflejos.com.ar\/2021\/wp-json\/wp\/v2\/tags?post=31750"}],"curies":[{"name":"wp","href":"https:\/\/api.w.org\/{rel}","templated":true}]}}