{"id":31748,"date":"2019-05-30T14:26:34","date_gmt":"2019-05-30T17:26:34","guid":{"rendered":"http:\/\/www.noticiasradioreflejos.com.ar\/noticias\/?p=31748"},"modified":"2019-05-30T14:26:34","modified_gmt":"2019-05-30T17:26:34","slug":"inscripcion-de-docentes-tutores","status":"publish","type":"post","link":"https:\/\/www.noticiasradioreflejos.com.ar\/2021\/inscripcion-de-docentes-tutores\/","title":{"rendered":"Inscripci\u00f3n de Docentes tutores."},"content":{"rendered":"<p>Secretaria de Asuntos Docentes de Tornquist a pedido de la Directora del CENS 451 Profesora Roc\u00edo V\u00e1zquez  llama a INSCRIPCI\u00d3N DE DOCENTES TUTORES para la cobertura de los espacios curriculares de: \u201cEducaci\u00f3n a Distancia\u201d dependiente de la Direcci\u00f3n de Educaci\u00f3n de Adultos, en el marco de la Disposici\u00f3n Conjunta 04\/18 y las Resoluciones 737\/07 y 106\/18 GDEBA DGCYE.<!--more--><br \/>\nDESDE EL LUNES 3 AL VIERNES 7 DE JUNIO DE 2019 \u2013 DE 10 A 14:00 HS. EN LA SAD<br \/>\nPara la inscripci\u00f3n, los aspirantes deber\u00e1n cumplimentar:<br \/>\n-1. Solicitud de inscripci\u00f3n (PLANILLA de Inscripci\u00f3n Educaci\u00f3n a Distancia). Se haya para fotocopiar en Casa Vallucci.<br \/>\n-2.Curr\u00edculum Vitae: con los siguientes \u00edtems:<br \/>\nA) T\u00cdTULOS: con indicaciones de la Universidad o Escuela y \/o Instituto Superior que lo otorg\u00f3 y fecha en que fueron otorgados, con documentaci\u00f3n que lo acredite.}<br \/>\nB) DNI<br \/>\nC) ANTECEDENTES DOCENTES Y LABORALES que complementen la Planilla de Inscripci\u00f3n: Desempe\u00f1o en la Docencia (COULI, Formulario 354 y\/o Certificaci\u00f3n de Servicios), Certificaci\u00f3n de Servicios en la Modalidad Adultos, Certificaci\u00f3n de Servicios en propuestas educativas con Modalidad Semipresencial o a Distancia, Calificaciones en la Modalidad Adultos, Cursos y\/o t\u00edtulos que bonifican a la Modalidad (L) de acuerdo a la \u00faltima N\u00f3mina del Nomenclador de T\u00edtulos y Cursos de la Jurisdicci\u00f3n de la Provincia de Buenos Aires, Capacitaci\u00f3n en semipresencialidad o Educaci\u00f3n a Distancia, Cursos relacionados con herramientas inform\u00e1ticas, internet, plataforma virtual, que implique un dominio de la tecnolog\u00eda, caracter\u00edstica de esta Modalidad a Distancia.<br \/>\n(Toda la documentaci\u00f3n Certificada por Autoridad Competente, o acercarse a SAD con los originales para proceder a la certificaci\u00f3n correspondiente).<br \/>\n-3.Propuesta pedag\u00f3gica: con las pautas establecidas en el ANEXO II y en el marco de la Res. 737.07 (Contenidos)<br \/>\na) Fundamentaci\u00f3n pedag\u00f3gica de la propuesta<br \/>\nb) Prop\u00f3sitos\/Objetivos<br \/>\nc) Actividades tutoriales del docente: &#8211; Presenciales &#8211; No presenciales.<br \/>\nd) Criterios de evaluaci\u00f3n.<br \/>\ne) Bibliograf\u00eda.<br \/>\nLOS INTERESADOS DEBER\u00c1N PRESENTAR UN \u00daNICO CURR\u00cdCULUM VITAE, Y UNA PROPUESTA PEDAG\u00d3GICA PARA CADA ESPACIO CURRICULAR EN LOS QUE SE INSCRIBA Y ASPIRE SER EVALUADO, correspondientes a las Orientaci\u00f3n:<br \/>\n&#8211; Humanidades y Ciencias Sociales con Especialidad Gesti\u00f3n de Pol\u00edticas P\u00fablicas<br \/>\nLa Comisi\u00f3n Evaluadora estar\u00e1 integrada por:<br \/>\n1. Inspector de Ense\u00f1anza de la Modalidad de la Direcci\u00f3n de Adultos.<br \/>\n2. Director de CENS.<br \/>\n3. Coordinador pedag\u00f3gico.<br \/>\n4. Un representante de la Secretar\u00eda de Asuntos Docentes.<br \/>\nEl Listado resultante de la Evaluaci\u00f3n de los Antecedentes de los Docentes Merituados tendr\u00e1 vigencia por un plazo de dos a\u00f1os, en los Perfiles (C\u00f3digos) para la Designaci\u00f3n de los Espacios Curriculares de la Modalidad a Distancia.<br \/>\nPor consultas comunicarse con el CENS N\u00b0 451 \/ Tel: 4 916263 en el horario de 18.30 a 22.30 hs<br \/>\nAtentamente:<br \/>\nSilvana Vittori<br \/>\nSAD<\/p>\n","protected":false},"excerpt":{"rendered":"<p>Secretaria de Asuntos Docentes de Tornquist a pedido de la Directora del CENS 451 Profesora Roc\u00edo V\u00e1zquez llama a INSCRIPCI\u00d3N DE DOCENTES TUTORES para la cobertura de los espacios curriculares de: \u201cEducaci\u00f3n a Distancia\u201d dependiente de la Direcci\u00f3n de Educaci\u00f3n de Adultos, en el marco de la Disposici\u00f3n Conjunta 04\/18 y las Resoluciones 737\/07 y [&hellip;]<\/p>\n","protected":false},"author":3,"featured_media":0,"comment_status":"closed","ping_status":"open","sticky":false,"template":"","format":"standard","meta":{"footnotes":""},"categories":[34],"tags":[],"class_list":["post-31748","post","type-post","status-publish","format-standard","hentry","category-educacion"],"yoast_head":"<!-- This site is optimized with the Yoast SEO plugin v25.9 - https:\/\/yoast.com\/wordpress\/plugins\/seo\/ -->\n<title>Inscripci\u00f3n de Docentes tutores. - Noticias Radio Reflejos<\/title>\n<meta name=\"robots\" content=\"index, follow, max-snippet:-1, max-image-preview:large, max-video-preview:-1\" \/>\n<link rel=\"canonical\" href=\"https:\/\/www.noticiasradioreflejos.com.ar\/2021\/inscripcion-de-docentes-tutores\/\" \/>\n<meta property=\"og:locale\" content=\"es_ES\" \/>\n<meta property=\"og:type\" content=\"article\" \/>\n<meta property=\"og:title\" content=\"Inscripci\u00f3n de Docentes tutores. - Noticias Radio Reflejos\" \/>\n<meta property=\"og:description\" content=\"Secretaria de Asuntos Docentes de Tornquist a pedido de la Directora del CENS 451 Profesora Roc\u00edo V\u00e1zquez llama a INSCRIPCI\u00d3N DE DOCENTES TUTORES para la cobertura de los espacios curriculares de: \u201cEducaci\u00f3n a Distancia\u201d dependiente de la Direcci\u00f3n de Educaci\u00f3n de Adultos, en el marco de la Disposici\u00f3n Conjunta 04\/18 y las Resoluciones 737\/07 y [&hellip;]\" \/>\n<meta property=\"og:url\" content=\"https:\/\/www.noticiasradioreflejos.com.ar\/2021\/inscripcion-de-docentes-tutores\/\" \/>\n<meta property=\"og:site_name\" content=\"Noticias Radio Reflejos\" \/>\n<meta property=\"article:published_time\" content=\"2019-05-30T17:26:34+00:00\" \/>\n<meta property=\"og:image\" content=\"https:\/\/www.noticiasradioreflejos.com.ar\/2021\/wp-content\/uploads\/2021\/07\/logosol300x200.png\" \/>\n\t<meta property=\"og:image:width\" content=\"300\" \/>\n\t<meta property=\"og:image:height\" content=\"200\" \/>\n\t<meta property=\"og:image:type\" content=\"image\/png\" \/>\n<meta name=\"author\" content=\"Arnaldo Botto\" \/>\n<meta name=\"twitter:card\" content=\"summary_large_image\" \/>\n<script type=\"application\/ld+json\" class=\"yoast-schema-graph\">{\"@context\":\"https:\/\/schema.org\",\"@graph\":[{\"@type\":\"WebPage\",\"@id\":\"https:\/\/www.noticiasradioreflejos.com.ar\/2021\/inscripcion-de-docentes-tutores\/\",\"url\":\"https:\/\/www.noticiasradioreflejos.com.ar\/2021\/inscripcion-de-docentes-tutores\/\",\"name\":\"Inscripci\u00f3n de Docentes tutores. - Noticias Radio Reflejos\",\"isPartOf\":{\"@id\":\"https:\/\/www.noticiasradioreflejos.com.ar\/2021\/#website\"},\"datePublished\":\"2019-05-30T17:26:34+00:00\",\"author\":{\"@id\":\"https:\/\/www.noticiasradioreflejos.com.ar\/2021\/#\/schema\/person\/ad82545263dcc5ec0996818884fd5fb1\"},\"breadcrumb\":{\"@id\":\"https:\/\/www.noticiasradioreflejos.com.ar\/2021\/inscripcion-de-docentes-tutores\/#breadcrumb\"},\"inLanguage\":\"es\",\"potentialAction\":[{\"@type\":\"ReadAction\",\"target\":[\"https:\/\/www.noticiasradioreflejos.com.ar\/2021\/inscripcion-de-docentes-tutores\/\"]}]},{\"@type\":\"BreadcrumbList\",\"@id\":\"https:\/\/www.noticiasradioreflejos.com.ar\/2021\/inscripcion-de-docentes-tutores\/#breadcrumb\",\"itemListElement\":[{\"@type\":\"ListItem\",\"position\":1,\"name\":\"Portada\",\"item\":\"https:\/\/www.noticiasradioreflejos.com.ar\/2021\/\"},{\"@type\":\"ListItem\",\"position\":2,\"name\":\"Inscripci\u00f3n de Docentes tutores.\"}]},{\"@type\":\"WebSite\",\"@id\":\"https:\/\/www.noticiasradioreflejos.com.ar\/2021\/#website\",\"url\":\"https:\/\/www.noticiasradioreflejos.com.ar\/2021\/\",\"name\":\"Noticias Radio Reflejos\",\"description\":\"Las noticias de mi comarca\",\"potentialAction\":[{\"@type\":\"SearchAction\",\"target\":{\"@type\":\"EntryPoint\",\"urlTemplate\":\"https:\/\/www.noticiasradioreflejos.com.ar\/2021\/?s={search_term_string}\"},\"query-input\":{\"@type\":\"PropertyValueSpecification\",\"valueRequired\":true,\"valueName\":\"search_term_string\"}}],\"inLanguage\":\"es\"},{\"@type\":\"Person\",\"@id\":\"https:\/\/www.noticiasradioreflejos.com.ar\/2021\/#\/schema\/person\/ad82545263dcc5ec0996818884fd5fb1\",\"name\":\"Arnaldo Botto\",\"image\":{\"@type\":\"ImageObject\",\"inLanguage\":\"es\",\"@id\":\"https:\/\/www.noticiasradioreflejos.com.ar\/2021\/#\/schema\/person\/image\/\",\"url\":\"https:\/\/secure.gravatar.com\/avatar\/55cb5e37c1efa326397366e6974cb338056df65cb50e7d64d1cf314e87504837?s=96&d=mm&r=g\",\"contentUrl\":\"https:\/\/secure.gravatar.com\/avatar\/55cb5e37c1efa326397366e6974cb338056df65cb50e7d64d1cf314e87504837?s=96&d=mm&r=g\",\"caption\":\"Arnaldo Botto\"},\"url\":\"https:\/\/www.noticiasradioreflejos.com.ar\/2021\/author\/arnaldo\/\"}]}<\/script>\n<!-- \/ Yoast SEO plugin. -->","yoast_head_json":{"title":"Inscripci\u00f3n de Docentes tutores. - Noticias Radio Reflejos","robots":{"index":"index","follow":"follow","max-snippet":"max-snippet:-1","max-image-preview":"max-image-preview:large","max-video-preview":"max-video-preview:-1"},"canonical":"https:\/\/www.noticiasradioreflejos.com.ar\/2021\/inscripcion-de-docentes-tutores\/","og_locale":"es_ES","og_type":"article","og_title":"Inscripci\u00f3n de Docentes tutores. - Noticias Radio Reflejos","og_description":"Secretaria de Asuntos Docentes de Tornquist a pedido de la Directora del CENS 451 Profesora Roc\u00edo V\u00e1zquez llama a INSCRIPCI\u00d3N DE DOCENTES TUTORES para la cobertura de los espacios curriculares de: \u201cEducaci\u00f3n a Distancia\u201d dependiente de la Direcci\u00f3n de Educaci\u00f3n de Adultos, en el marco de la Disposici\u00f3n Conjunta 04\/18 y las Resoluciones 737\/07 y [&hellip;]","og_url":"https:\/\/www.noticiasradioreflejos.com.ar\/2021\/inscripcion-de-docentes-tutores\/","og_site_name":"Noticias Radio Reflejos","article_published_time":"2019-05-30T17:26:34+00:00","og_image":[{"width":300,"height":200,"url":"https:\/\/www.noticiasradioreflejos.com.ar\/2021\/wp-content\/uploads\/2021\/07\/logosol300x200.png","type":"image\/png"}],"author":"Arnaldo Botto","twitter_card":"summary_large_image","schema":{"@context":"https:\/\/schema.org","@graph":[{"@type":"WebPage","@id":"https:\/\/www.noticiasradioreflejos.com.ar\/2021\/inscripcion-de-docentes-tutores\/","url":"https:\/\/www.noticiasradioreflejos.com.ar\/2021\/inscripcion-de-docentes-tutores\/","name":"Inscripci\u00f3n de Docentes tutores. - Noticias Radio Reflejos","isPartOf":{"@id":"https:\/\/www.noticiasradioreflejos.com.ar\/2021\/#website"},"datePublished":"2019-05-30T17:26:34+00:00","author":{"@id":"https:\/\/www.noticiasradioreflejos.com.ar\/2021\/#\/schema\/person\/ad82545263dcc5ec0996818884fd5fb1"},"breadcrumb":{"@id":"https:\/\/www.noticiasradioreflejos.com.ar\/2021\/inscripcion-de-docentes-tutores\/#breadcrumb"},"inLanguage":"es","potentialAction":[{"@type":"ReadAction","target":["https:\/\/www.noticiasradioreflejos.com.ar\/2021\/inscripcion-de-docentes-tutores\/"]}]},{"@type":"BreadcrumbList","@id":"https:\/\/www.noticiasradioreflejos.com.ar\/2021\/inscripcion-de-docentes-tutores\/#breadcrumb","itemListElement":[{"@type":"ListItem","position":1,"name":"Portada","item":"https:\/\/www.noticiasradioreflejos.com.ar\/2021\/"},{"@type":"ListItem","position":2,"name":"Inscripci\u00f3n de Docentes tutores."}]},{"@type":"WebSite","@id":"https:\/\/www.noticiasradioreflejos.com.ar\/2021\/#website","url":"https:\/\/www.noticiasradioreflejos.com.ar\/2021\/","name":"Noticias Radio Reflejos","description":"Las noticias de mi comarca","potentialAction":[{"@type":"SearchAction","target":{"@type":"EntryPoint","urlTemplate":"https:\/\/www.noticiasradioreflejos.com.ar\/2021\/?s={search_term_string}"},"query-input":{"@type":"PropertyValueSpecification","valueRequired":true,"valueName":"search_term_string"}}],"inLanguage":"es"},{"@type":"Person","@id":"https:\/\/www.noticiasradioreflejos.com.ar\/2021\/#\/schema\/person\/ad82545263dcc5ec0996818884fd5fb1","name":"Arnaldo Botto","image":{"@type":"ImageObject","inLanguage":"es","@id":"https:\/\/www.noticiasradioreflejos.com.ar\/2021\/#\/schema\/person\/image\/","url":"https:\/\/secure.gravatar.com\/avatar\/55cb5e37c1efa326397366e6974cb338056df65cb50e7d64d1cf314e87504837?s=96&d=mm&r=g","contentUrl":"https:\/\/secure.gravatar.com\/avatar\/55cb5e37c1efa326397366e6974cb338056df65cb50e7d64d1cf314e87504837?s=96&d=mm&r=g","caption":"Arnaldo Botto"},"url":"https:\/\/www.noticiasradioreflejos.com.ar\/2021\/author\/arnaldo\/"}]}},"_links":{"self":[{"href":"https:\/\/www.noticiasradioreflejos.com.ar\/2021\/wp-json\/wp\/v2\/posts\/31748","targetHints":{"allow":["GET"]}}],"collection":[{"href":"https:\/\/www.noticiasradioreflejos.com.ar\/2021\/wp-json\/wp\/v2\/posts"}],"about":[{"href":"https:\/\/www.noticiasradioreflejos.com.ar\/2021\/wp-json\/wp\/v2\/types\/post"}],"author":[{"embeddable":true,"href":"https:\/\/www.noticiasradioreflejos.com.ar\/2021\/wp-json\/wp\/v2\/users\/3"}],"replies":[{"embeddable":true,"href":"https:\/\/www.noticiasradioreflejos.com.ar\/2021\/wp-json\/wp\/v2\/comments?post=31748"}],"version-history":[{"count":0,"href":"https:\/\/www.noticiasradioreflejos.com.ar\/2021\/wp-json\/wp\/v2\/posts\/31748\/revisions"}],"wp:attachment":[{"href":"https:\/\/www.noticiasradioreflejos.com.ar\/2021\/wp-json\/wp\/v2\/media?parent=31748"}],"wp:term":[{"taxonomy":"category","embeddable":true,"href":"https:\/\/www.noticiasradioreflejos.com.ar\/2021\/wp-json\/wp\/v2\/categories?post=31748"},{"taxonomy":"post_tag","embeddable":true,"href":"https:\/\/www.noticiasradioreflejos.com.ar\/2021\/wp-json\/wp\/v2\/tags?post=31748"}],"curies":[{"name":"wp","href":"https:\/\/api.w.org\/{rel}","templated":true}]}}