{"id":31740,"date":"2019-05-30T12:23:39","date_gmt":"2019-05-30T15:23:39","guid":{"rendered":"http:\/\/www.noticiasradioreflejos.com.ar\/noticias\/?p=31740"},"modified":"2019-05-30T12:23:39","modified_gmt":"2019-05-30T15:23:39","slug":"recoleccion-de-bolsa-verde-en-san-bernardo-se-realizara-manana-31-de-mayo","status":"publish","type":"post","link":"https:\/\/www.noticiasradioreflejos.com.ar\/2021\/recoleccion-de-bolsa-verde-en-san-bernardo-se-realizara-manana-31-de-mayo\/","title":{"rendered":"Recolecci\u00f3n de Bolsa Verde en San Bernardo se realizar\u00e1 ma\u00f1ana 31 de Mayo."},"content":{"rendered":"<p>La Direcci\u00f3n de Medio Ambiente, informa a los vecinos del Barrio San Bernardo de la localidad de Sierra de la Ventana, que por \u00fanica vez, la recolecci\u00f3n de la bolsa verde se realizar\u00e1 ma\u00f1ana viernes 31 de mayo por la ma\u00f1ana. Debido a que las condiciones clim\u00e1ticas del d\u00eda de hoy impiden que la tarea se realice con normalidad. <!--more--><br \/>\nRecordamos utilizar la bolsa verde solo para material reciclable (papel y cart\u00f3n limpio, pl\u00e1sticos, vidrio, latas y aerosoles)<br \/>\nEn el caso de existir bolsas verdes contaminadas con material org\u00e1nico o sucio, las mismas ser\u00e1n recolectadas por el cami\u00f3n compactador de bolsas negras.<br \/>\nReciclar no es tu obligaci\u00f3n es tu responsabilidad.<\/p>\n","protected":false},"excerpt":{"rendered":"<p>La Direcci\u00f3n de Medio Ambiente, informa a los vecinos del Barrio San Bernardo de la localidad de Sierra de la Ventana, que por \u00fanica vez, la recolecci\u00f3n de la bolsa verde se realizar\u00e1 ma\u00f1ana viernes 31 de mayo por la ma\u00f1ana. Debido a que las condiciones clim\u00e1ticas del d\u00eda de hoy impiden que la tarea [&hellip;]<\/p>\n","protected":false},"author":3,"featured_media":0,"comment_status":"closed","ping_status":"open","sticky":false,"template":"","format":"standard","meta":{"footnotes":""},"categories":[28,25],"tags":[],"class_list":["post-31740","post","type-post","status-publish","format-standard","hentry","category-municipales","category-uncategorized"],"yoast_head":"<!-- This site is optimized with the Yoast SEO plugin v25.9 - https:\/\/yoast.com\/wordpress\/plugins\/seo\/ -->\n<title>Recolecci\u00f3n de Bolsa Verde en San Bernardo se realizar\u00e1 ma\u00f1ana 31 de Mayo. - Noticias Radio Reflejos<\/title>\n<meta name=\"robots\" content=\"index, follow, max-snippet:-1, max-image-preview:large, max-video-preview:-1\" \/>\n<link rel=\"canonical\" href=\"https:\/\/www.noticiasradioreflejos.com.ar\/2021\/recoleccion-de-bolsa-verde-en-san-bernardo-se-realizara-manana-31-de-mayo\/\" \/>\n<meta property=\"og:locale\" content=\"es_ES\" \/>\n<meta property=\"og:type\" content=\"article\" \/>\n<meta property=\"og:title\" content=\"Recolecci\u00f3n de Bolsa Verde en San Bernardo se realizar\u00e1 ma\u00f1ana 31 de Mayo. - Noticias Radio Reflejos\" \/>\n<meta property=\"og:description\" content=\"La Direcci\u00f3n de Medio Ambiente, informa a los vecinos del Barrio San Bernardo de la localidad de Sierra de la Ventana, que por \u00fanica vez, la recolecci\u00f3n de la bolsa verde se realizar\u00e1 ma\u00f1ana viernes 31 de mayo por la ma\u00f1ana. Debido a que las condiciones clim\u00e1ticas del d\u00eda de hoy impiden que la tarea [&hellip;]\" \/>\n<meta property=\"og:url\" content=\"https:\/\/www.noticiasradioreflejos.com.ar\/2021\/recoleccion-de-bolsa-verde-en-san-bernardo-se-realizara-manana-31-de-mayo\/\" \/>\n<meta property=\"og:site_name\" content=\"Noticias Radio Reflejos\" \/>\n<meta property=\"article:published_time\" content=\"2019-05-30T15:23:39+00:00\" \/>\n<meta property=\"og:image\" content=\"https:\/\/www.noticiasradioreflejos.com.ar\/2021\/wp-content\/uploads\/2021\/07\/logosol300x200.png\" \/>\n\t<meta property=\"og:image:width\" content=\"300\" \/>\n\t<meta property=\"og:image:height\" content=\"200\" \/>\n\t<meta property=\"og:image:type\" content=\"image\/png\" \/>\n<meta name=\"author\" content=\"Arnaldo Botto\" \/>\n<meta name=\"twitter:card\" content=\"summary_large_image\" \/>\n<script type=\"application\/ld+json\" class=\"yoast-schema-graph\">{\"@context\":\"https:\/\/schema.org\",\"@graph\":[{\"@type\":\"WebPage\",\"@id\":\"https:\/\/www.noticiasradioreflejos.com.ar\/2021\/recoleccion-de-bolsa-verde-en-san-bernardo-se-realizara-manana-31-de-mayo\/\",\"url\":\"https:\/\/www.noticiasradioreflejos.com.ar\/2021\/recoleccion-de-bolsa-verde-en-san-bernardo-se-realizara-manana-31-de-mayo\/\",\"name\":\"Recolecci\u00f3n de Bolsa Verde en San Bernardo se realizar\u00e1 ma\u00f1ana 31 de Mayo. - Noticias Radio Reflejos\",\"isPartOf\":{\"@id\":\"https:\/\/www.noticiasradioreflejos.com.ar\/2021\/#website\"},\"datePublished\":\"2019-05-30T15:23:39+00:00\",\"author\":{\"@id\":\"https:\/\/www.noticiasradioreflejos.com.ar\/2021\/#\/schema\/person\/ad82545263dcc5ec0996818884fd5fb1\"},\"breadcrumb\":{\"@id\":\"https:\/\/www.noticiasradioreflejos.com.ar\/2021\/recoleccion-de-bolsa-verde-en-san-bernardo-se-realizara-manana-31-de-mayo\/#breadcrumb\"},\"inLanguage\":\"es\",\"potentialAction\":[{\"@type\":\"ReadAction\",\"target\":[\"https:\/\/www.noticiasradioreflejos.com.ar\/2021\/recoleccion-de-bolsa-verde-en-san-bernardo-se-realizara-manana-31-de-mayo\/\"]}]},{\"@type\":\"BreadcrumbList\",\"@id\":\"https:\/\/www.noticiasradioreflejos.com.ar\/2021\/recoleccion-de-bolsa-verde-en-san-bernardo-se-realizara-manana-31-de-mayo\/#breadcrumb\",\"itemListElement\":[{\"@type\":\"ListItem\",\"position\":1,\"name\":\"Portada\",\"item\":\"https:\/\/www.noticiasradioreflejos.com.ar\/2021\/\"},{\"@type\":\"ListItem\",\"position\":2,\"name\":\"Recolecci\u00f3n de Bolsa Verde en San Bernardo se realizar\u00e1 ma\u00f1ana 31 de Mayo.\"}]},{\"@type\":\"WebSite\",\"@id\":\"https:\/\/www.noticiasradioreflejos.com.ar\/2021\/#website\",\"url\":\"https:\/\/www.noticiasradioreflejos.com.ar\/2021\/\",\"name\":\"Noticias Radio Reflejos\",\"description\":\"Las noticias de mi comarca\",\"potentialAction\":[{\"@type\":\"SearchAction\",\"target\":{\"@type\":\"EntryPoint\",\"urlTemplate\":\"https:\/\/www.noticiasradioreflejos.com.ar\/2021\/?s={search_term_string}\"},\"query-input\":{\"@type\":\"PropertyValueSpecification\",\"valueRequired\":true,\"valueName\":\"search_term_string\"}}],\"inLanguage\":\"es\"},{\"@type\":\"Person\",\"@id\":\"https:\/\/www.noticiasradioreflejos.com.ar\/2021\/#\/schema\/person\/ad82545263dcc5ec0996818884fd5fb1\",\"name\":\"Arnaldo Botto\",\"image\":{\"@type\":\"ImageObject\",\"inLanguage\":\"es\",\"@id\":\"https:\/\/www.noticiasradioreflejos.com.ar\/2021\/#\/schema\/person\/image\/\",\"url\":\"https:\/\/secure.gravatar.com\/avatar\/55cb5e37c1efa326397366e6974cb338056df65cb50e7d64d1cf314e87504837?s=96&d=mm&r=g\",\"contentUrl\":\"https:\/\/secure.gravatar.com\/avatar\/55cb5e37c1efa326397366e6974cb338056df65cb50e7d64d1cf314e87504837?s=96&d=mm&r=g\",\"caption\":\"Arnaldo Botto\"},\"url\":\"https:\/\/www.noticiasradioreflejos.com.ar\/2021\/author\/arnaldo\/\"}]}<\/script>\n<!-- \/ Yoast SEO plugin. -->","yoast_head_json":{"title":"Recolecci\u00f3n de Bolsa Verde en San Bernardo se realizar\u00e1 ma\u00f1ana 31 de Mayo. - Noticias Radio Reflejos","robots":{"index":"index","follow":"follow","max-snippet":"max-snippet:-1","max-image-preview":"max-image-preview:large","max-video-preview":"max-video-preview:-1"},"canonical":"https:\/\/www.noticiasradioreflejos.com.ar\/2021\/recoleccion-de-bolsa-verde-en-san-bernardo-se-realizara-manana-31-de-mayo\/","og_locale":"es_ES","og_type":"article","og_title":"Recolecci\u00f3n de Bolsa Verde en San Bernardo se realizar\u00e1 ma\u00f1ana 31 de Mayo. - Noticias Radio Reflejos","og_description":"La Direcci\u00f3n de Medio Ambiente, informa a los vecinos del Barrio San Bernardo de la localidad de Sierra de la Ventana, que por \u00fanica vez, la recolecci\u00f3n de la bolsa verde se realizar\u00e1 ma\u00f1ana viernes 31 de mayo por la ma\u00f1ana. Debido a que las condiciones clim\u00e1ticas del d\u00eda de hoy impiden que la tarea [&hellip;]","og_url":"https:\/\/www.noticiasradioreflejos.com.ar\/2021\/recoleccion-de-bolsa-verde-en-san-bernardo-se-realizara-manana-31-de-mayo\/","og_site_name":"Noticias Radio Reflejos","article_published_time":"2019-05-30T15:23:39+00:00","og_image":[{"width":300,"height":200,"url":"https:\/\/www.noticiasradioreflejos.com.ar\/2021\/wp-content\/uploads\/2021\/07\/logosol300x200.png","type":"image\/png"}],"author":"Arnaldo Botto","twitter_card":"summary_large_image","schema":{"@context":"https:\/\/schema.org","@graph":[{"@type":"WebPage","@id":"https:\/\/www.noticiasradioreflejos.com.ar\/2021\/recoleccion-de-bolsa-verde-en-san-bernardo-se-realizara-manana-31-de-mayo\/","url":"https:\/\/www.noticiasradioreflejos.com.ar\/2021\/recoleccion-de-bolsa-verde-en-san-bernardo-se-realizara-manana-31-de-mayo\/","name":"Recolecci\u00f3n de Bolsa Verde en San Bernardo se realizar\u00e1 ma\u00f1ana 31 de Mayo. - Noticias Radio Reflejos","isPartOf":{"@id":"https:\/\/www.noticiasradioreflejos.com.ar\/2021\/#website"},"datePublished":"2019-05-30T15:23:39+00:00","author":{"@id":"https:\/\/www.noticiasradioreflejos.com.ar\/2021\/#\/schema\/person\/ad82545263dcc5ec0996818884fd5fb1"},"breadcrumb":{"@id":"https:\/\/www.noticiasradioreflejos.com.ar\/2021\/recoleccion-de-bolsa-verde-en-san-bernardo-se-realizara-manana-31-de-mayo\/#breadcrumb"},"inLanguage":"es","potentialAction":[{"@type":"ReadAction","target":["https:\/\/www.noticiasradioreflejos.com.ar\/2021\/recoleccion-de-bolsa-verde-en-san-bernardo-se-realizara-manana-31-de-mayo\/"]}]},{"@type":"BreadcrumbList","@id":"https:\/\/www.noticiasradioreflejos.com.ar\/2021\/recoleccion-de-bolsa-verde-en-san-bernardo-se-realizara-manana-31-de-mayo\/#breadcrumb","itemListElement":[{"@type":"ListItem","position":1,"name":"Portada","item":"https:\/\/www.noticiasradioreflejos.com.ar\/2021\/"},{"@type":"ListItem","position":2,"name":"Recolecci\u00f3n de Bolsa Verde en San Bernardo se realizar\u00e1 ma\u00f1ana 31 de Mayo."}]},{"@type":"WebSite","@id":"https:\/\/www.noticiasradioreflejos.com.ar\/2021\/#website","url":"https:\/\/www.noticiasradioreflejos.com.ar\/2021\/","name":"Noticias Radio Reflejos","description":"Las noticias de mi comarca","potentialAction":[{"@type":"SearchAction","target":{"@type":"EntryPoint","urlTemplate":"https:\/\/www.noticiasradioreflejos.com.ar\/2021\/?s={search_term_string}"},"query-input":{"@type":"PropertyValueSpecification","valueRequired":true,"valueName":"search_term_string"}}],"inLanguage":"es"},{"@type":"Person","@id":"https:\/\/www.noticiasradioreflejos.com.ar\/2021\/#\/schema\/person\/ad82545263dcc5ec0996818884fd5fb1","name":"Arnaldo Botto","image":{"@type":"ImageObject","inLanguage":"es","@id":"https:\/\/www.noticiasradioreflejos.com.ar\/2021\/#\/schema\/person\/image\/","url":"https:\/\/secure.gravatar.com\/avatar\/55cb5e37c1efa326397366e6974cb338056df65cb50e7d64d1cf314e87504837?s=96&d=mm&r=g","contentUrl":"https:\/\/secure.gravatar.com\/avatar\/55cb5e37c1efa326397366e6974cb338056df65cb50e7d64d1cf314e87504837?s=96&d=mm&r=g","caption":"Arnaldo Botto"},"url":"https:\/\/www.noticiasradioreflejos.com.ar\/2021\/author\/arnaldo\/"}]}},"_links":{"self":[{"href":"https:\/\/www.noticiasradioreflejos.com.ar\/2021\/wp-json\/wp\/v2\/posts\/31740","targetHints":{"allow":["GET"]}}],"collection":[{"href":"https:\/\/www.noticiasradioreflejos.com.ar\/2021\/wp-json\/wp\/v2\/posts"}],"about":[{"href":"https:\/\/www.noticiasradioreflejos.com.ar\/2021\/wp-json\/wp\/v2\/types\/post"}],"author":[{"embeddable":true,"href":"https:\/\/www.noticiasradioreflejos.com.ar\/2021\/wp-json\/wp\/v2\/users\/3"}],"replies":[{"embeddable":true,"href":"https:\/\/www.noticiasradioreflejos.com.ar\/2021\/wp-json\/wp\/v2\/comments?post=31740"}],"version-history":[{"count":0,"href":"https:\/\/www.noticiasradioreflejos.com.ar\/2021\/wp-json\/wp\/v2\/posts\/31740\/revisions"}],"wp:attachment":[{"href":"https:\/\/www.noticiasradioreflejos.com.ar\/2021\/wp-json\/wp\/v2\/media?parent=31740"}],"wp:term":[{"taxonomy":"category","embeddable":true,"href":"https:\/\/www.noticiasradioreflejos.com.ar\/2021\/wp-json\/wp\/v2\/categories?post=31740"},{"taxonomy":"post_tag","embeddable":true,"href":"https:\/\/www.noticiasradioreflejos.com.ar\/2021\/wp-json\/wp\/v2\/tags?post=31740"}],"curies":[{"name":"wp","href":"https:\/\/api.w.org\/{rel}","templated":true}]}}