{"id":31713,"date":"2019-05-29T17:11:29","date_gmt":"2019-05-29T20:11:29","guid":{"rendered":"http:\/\/www.noticiasradioreflejos.com.ar\/noticias\/?p=31713"},"modified":"2019-05-29T17:11:29","modified_gmt":"2019-05-29T20:11:29","slug":"agradecimiento-al-municipio-de-coronel-suarez","status":"publish","type":"post","link":"https:\/\/www.noticiasradioreflejos.com.ar\/2021\/agradecimiento-al-municipio-de-coronel-suarez\/","title":{"rendered":"Agradecimiento al Municipio de Coronel Su\u00e1rez."},"content":{"rendered":"<p>Hoy por la ma\u00f1ana, en instalaciones de la Unidad Sanitaria \u201cDr. Emilio Aldaya\u201d de Sierra de la Ventana, la Subsecretaria Administrativa de la cartera de salud Noelia Baier, y el Jefe de Sala Dr. Gustavo D\u00edaz, recibieron de manos del Dr. Rogelio Urizar, Secretario de Salud y Desarrollo Social del Municipio de Coronel Su\u00e1rez, la donaci\u00f3n de una incubadora electr\u00f3nica que ser\u00e1 utilizada en el lugar.<!--more--><br \/>\nLa incubadora neonatal ocupar\u00e1 un lugar de importancia en la cobertura de necesidades de los recien nacidos en dicho centro de atenci\u00f3n.<br \/>\nDesde la Secretaria de Salud, agradecemos la solidaridad del municipio vecino, y destacamos que, estas acciones no hacen mas que corroborar que trabajando mancomunadamente es posible hacer crecer nuestros distritos, y sobretodo, en este caso, nos permitir\u00e1 brindar una mayor contenci\u00f3n y un ambiente adecuado y seguro para los beb\u00e9s.  Tambi\u00e9n agradecemos al Dr. Daniel Barca, quien permiti\u00f3 que esta donaci\u00f3n llegue a concretarse.<\/p>\n","protected":false},"excerpt":{"rendered":"<p>Hoy por la ma\u00f1ana, en instalaciones de la Unidad Sanitaria \u201cDr. Emilio Aldaya\u201d de Sierra de la Ventana, la Subsecretaria Administrativa de la cartera de salud Noelia Baier, y el Jefe de Sala Dr. Gustavo D\u00edaz, recibieron de manos del Dr. Rogelio Urizar, Secretario de Salud y Desarrollo Social del Municipio de Coronel Su\u00e1rez, la [&hellip;]<\/p>\n","protected":false},"author":3,"featured_media":0,"comment_status":"closed","ping_status":"open","sticky":false,"template":"","format":"standard","meta":{"footnotes":""},"categories":[30],"tags":[],"class_list":["post-31713","post","type-post","status-publish","format-standard","hentry","category-salud"],"yoast_head":"<!-- This site is optimized with the Yoast SEO plugin v25.9 - https:\/\/yoast.com\/wordpress\/plugins\/seo\/ -->\n<title>Agradecimiento al Municipio de Coronel Su\u00e1rez. - Noticias Radio Reflejos<\/title>\n<meta name=\"robots\" content=\"index, follow, max-snippet:-1, max-image-preview:large, max-video-preview:-1\" \/>\n<link rel=\"canonical\" href=\"https:\/\/www.noticiasradioreflejos.com.ar\/2021\/agradecimiento-al-municipio-de-coronel-suarez\/\" \/>\n<meta property=\"og:locale\" content=\"es_ES\" \/>\n<meta property=\"og:type\" content=\"article\" \/>\n<meta property=\"og:title\" content=\"Agradecimiento al Municipio de Coronel Su\u00e1rez. - Noticias Radio Reflejos\" \/>\n<meta property=\"og:description\" content=\"Hoy por la ma\u00f1ana, en instalaciones de la Unidad Sanitaria \u201cDr. Emilio Aldaya\u201d de Sierra de la Ventana, la Subsecretaria Administrativa de la cartera de salud Noelia Baier, y el Jefe de Sala Dr. Gustavo D\u00edaz, recibieron de manos del Dr. Rogelio Urizar, Secretario de Salud y Desarrollo Social del Municipio de Coronel Su\u00e1rez, la [&hellip;]\" \/>\n<meta property=\"og:url\" content=\"https:\/\/www.noticiasradioreflejos.com.ar\/2021\/agradecimiento-al-municipio-de-coronel-suarez\/\" \/>\n<meta property=\"og:site_name\" content=\"Noticias Radio Reflejos\" \/>\n<meta property=\"article:published_time\" content=\"2019-05-29T20:11:29+00:00\" \/>\n<meta property=\"og:image\" content=\"https:\/\/www.noticiasradioreflejos.com.ar\/2021\/wp-content\/uploads\/2021\/07\/logosol300x200.png\" \/>\n\t<meta property=\"og:image:width\" content=\"300\" \/>\n\t<meta property=\"og:image:height\" content=\"200\" \/>\n\t<meta property=\"og:image:type\" content=\"image\/png\" \/>\n<meta name=\"author\" content=\"Arnaldo Botto\" \/>\n<meta name=\"twitter:card\" content=\"summary_large_image\" \/>\n<script type=\"application\/ld+json\" class=\"yoast-schema-graph\">{\"@context\":\"https:\/\/schema.org\",\"@graph\":[{\"@type\":\"WebPage\",\"@id\":\"https:\/\/www.noticiasradioreflejos.com.ar\/2021\/agradecimiento-al-municipio-de-coronel-suarez\/\",\"url\":\"https:\/\/www.noticiasradioreflejos.com.ar\/2021\/agradecimiento-al-municipio-de-coronel-suarez\/\",\"name\":\"Agradecimiento al Municipio de Coronel Su\u00e1rez. - Noticias Radio Reflejos\",\"isPartOf\":{\"@id\":\"https:\/\/www.noticiasradioreflejos.com.ar\/2021\/#website\"},\"datePublished\":\"2019-05-29T20:11:29+00:00\",\"author\":{\"@id\":\"https:\/\/www.noticiasradioreflejos.com.ar\/2021\/#\/schema\/person\/ad82545263dcc5ec0996818884fd5fb1\"},\"breadcrumb\":{\"@id\":\"https:\/\/www.noticiasradioreflejos.com.ar\/2021\/agradecimiento-al-municipio-de-coronel-suarez\/#breadcrumb\"},\"inLanguage\":\"es\",\"potentialAction\":[{\"@type\":\"ReadAction\",\"target\":[\"https:\/\/www.noticiasradioreflejos.com.ar\/2021\/agradecimiento-al-municipio-de-coronel-suarez\/\"]}]},{\"@type\":\"BreadcrumbList\",\"@id\":\"https:\/\/www.noticiasradioreflejos.com.ar\/2021\/agradecimiento-al-municipio-de-coronel-suarez\/#breadcrumb\",\"itemListElement\":[{\"@type\":\"ListItem\",\"position\":1,\"name\":\"Portada\",\"item\":\"https:\/\/www.noticiasradioreflejos.com.ar\/2021\/\"},{\"@type\":\"ListItem\",\"position\":2,\"name\":\"Agradecimiento al Municipio de Coronel Su\u00e1rez.\"}]},{\"@type\":\"WebSite\",\"@id\":\"https:\/\/www.noticiasradioreflejos.com.ar\/2021\/#website\",\"url\":\"https:\/\/www.noticiasradioreflejos.com.ar\/2021\/\",\"name\":\"Noticias Radio Reflejos\",\"description\":\"Las noticias de mi comarca\",\"potentialAction\":[{\"@type\":\"SearchAction\",\"target\":{\"@type\":\"EntryPoint\",\"urlTemplate\":\"https:\/\/www.noticiasradioreflejos.com.ar\/2021\/?s={search_term_string}\"},\"query-input\":{\"@type\":\"PropertyValueSpecification\",\"valueRequired\":true,\"valueName\":\"search_term_string\"}}],\"inLanguage\":\"es\"},{\"@type\":\"Person\",\"@id\":\"https:\/\/www.noticiasradioreflejos.com.ar\/2021\/#\/schema\/person\/ad82545263dcc5ec0996818884fd5fb1\",\"name\":\"Arnaldo Botto\",\"image\":{\"@type\":\"ImageObject\",\"inLanguage\":\"es\",\"@id\":\"https:\/\/www.noticiasradioreflejos.com.ar\/2021\/#\/schema\/person\/image\/\",\"url\":\"https:\/\/secure.gravatar.com\/avatar\/55cb5e37c1efa326397366e6974cb338056df65cb50e7d64d1cf314e87504837?s=96&d=mm&r=g\",\"contentUrl\":\"https:\/\/secure.gravatar.com\/avatar\/55cb5e37c1efa326397366e6974cb338056df65cb50e7d64d1cf314e87504837?s=96&d=mm&r=g\",\"caption\":\"Arnaldo Botto\"},\"url\":\"https:\/\/www.noticiasradioreflejos.com.ar\/2021\/author\/arnaldo\/\"}]}<\/script>\n<!-- \/ Yoast SEO plugin. -->","yoast_head_json":{"title":"Agradecimiento al Municipio de Coronel Su\u00e1rez. - Noticias Radio Reflejos","robots":{"index":"index","follow":"follow","max-snippet":"max-snippet:-1","max-image-preview":"max-image-preview:large","max-video-preview":"max-video-preview:-1"},"canonical":"https:\/\/www.noticiasradioreflejos.com.ar\/2021\/agradecimiento-al-municipio-de-coronel-suarez\/","og_locale":"es_ES","og_type":"article","og_title":"Agradecimiento al Municipio de Coronel Su\u00e1rez. - Noticias Radio Reflejos","og_description":"Hoy por la ma\u00f1ana, en instalaciones de la Unidad Sanitaria \u201cDr. Emilio Aldaya\u201d de Sierra de la Ventana, la Subsecretaria Administrativa de la cartera de salud Noelia Baier, y el Jefe de Sala Dr. Gustavo D\u00edaz, recibieron de manos del Dr. Rogelio Urizar, Secretario de Salud y Desarrollo Social del Municipio de Coronel Su\u00e1rez, la [&hellip;]","og_url":"https:\/\/www.noticiasradioreflejos.com.ar\/2021\/agradecimiento-al-municipio-de-coronel-suarez\/","og_site_name":"Noticias Radio Reflejos","article_published_time":"2019-05-29T20:11:29+00:00","og_image":[{"width":300,"height":200,"url":"https:\/\/www.noticiasradioreflejos.com.ar\/2021\/wp-content\/uploads\/2021\/07\/logosol300x200.png","type":"image\/png"}],"author":"Arnaldo Botto","twitter_card":"summary_large_image","schema":{"@context":"https:\/\/schema.org","@graph":[{"@type":"WebPage","@id":"https:\/\/www.noticiasradioreflejos.com.ar\/2021\/agradecimiento-al-municipio-de-coronel-suarez\/","url":"https:\/\/www.noticiasradioreflejos.com.ar\/2021\/agradecimiento-al-municipio-de-coronel-suarez\/","name":"Agradecimiento al Municipio de Coronel Su\u00e1rez. - Noticias Radio Reflejos","isPartOf":{"@id":"https:\/\/www.noticiasradioreflejos.com.ar\/2021\/#website"},"datePublished":"2019-05-29T20:11:29+00:00","author":{"@id":"https:\/\/www.noticiasradioreflejos.com.ar\/2021\/#\/schema\/person\/ad82545263dcc5ec0996818884fd5fb1"},"breadcrumb":{"@id":"https:\/\/www.noticiasradioreflejos.com.ar\/2021\/agradecimiento-al-municipio-de-coronel-suarez\/#breadcrumb"},"inLanguage":"es","potentialAction":[{"@type":"ReadAction","target":["https:\/\/www.noticiasradioreflejos.com.ar\/2021\/agradecimiento-al-municipio-de-coronel-suarez\/"]}]},{"@type":"BreadcrumbList","@id":"https:\/\/www.noticiasradioreflejos.com.ar\/2021\/agradecimiento-al-municipio-de-coronel-suarez\/#breadcrumb","itemListElement":[{"@type":"ListItem","position":1,"name":"Portada","item":"https:\/\/www.noticiasradioreflejos.com.ar\/2021\/"},{"@type":"ListItem","position":2,"name":"Agradecimiento al Municipio de Coronel Su\u00e1rez."}]},{"@type":"WebSite","@id":"https:\/\/www.noticiasradioreflejos.com.ar\/2021\/#website","url":"https:\/\/www.noticiasradioreflejos.com.ar\/2021\/","name":"Noticias Radio Reflejos","description":"Las noticias de mi comarca","potentialAction":[{"@type":"SearchAction","target":{"@type":"EntryPoint","urlTemplate":"https:\/\/www.noticiasradioreflejos.com.ar\/2021\/?s={search_term_string}"},"query-input":{"@type":"PropertyValueSpecification","valueRequired":true,"valueName":"search_term_string"}}],"inLanguage":"es"},{"@type":"Person","@id":"https:\/\/www.noticiasradioreflejos.com.ar\/2021\/#\/schema\/person\/ad82545263dcc5ec0996818884fd5fb1","name":"Arnaldo Botto","image":{"@type":"ImageObject","inLanguage":"es","@id":"https:\/\/www.noticiasradioreflejos.com.ar\/2021\/#\/schema\/person\/image\/","url":"https:\/\/secure.gravatar.com\/avatar\/55cb5e37c1efa326397366e6974cb338056df65cb50e7d64d1cf314e87504837?s=96&d=mm&r=g","contentUrl":"https:\/\/secure.gravatar.com\/avatar\/55cb5e37c1efa326397366e6974cb338056df65cb50e7d64d1cf314e87504837?s=96&d=mm&r=g","caption":"Arnaldo Botto"},"url":"https:\/\/www.noticiasradioreflejos.com.ar\/2021\/author\/arnaldo\/"}]}},"_links":{"self":[{"href":"https:\/\/www.noticiasradioreflejos.com.ar\/2021\/wp-json\/wp\/v2\/posts\/31713","targetHints":{"allow":["GET"]}}],"collection":[{"href":"https:\/\/www.noticiasradioreflejos.com.ar\/2021\/wp-json\/wp\/v2\/posts"}],"about":[{"href":"https:\/\/www.noticiasradioreflejos.com.ar\/2021\/wp-json\/wp\/v2\/types\/post"}],"author":[{"embeddable":true,"href":"https:\/\/www.noticiasradioreflejos.com.ar\/2021\/wp-json\/wp\/v2\/users\/3"}],"replies":[{"embeddable":true,"href":"https:\/\/www.noticiasradioreflejos.com.ar\/2021\/wp-json\/wp\/v2\/comments?post=31713"}],"version-history":[{"count":0,"href":"https:\/\/www.noticiasradioreflejos.com.ar\/2021\/wp-json\/wp\/v2\/posts\/31713\/revisions"}],"wp:attachment":[{"href":"https:\/\/www.noticiasradioreflejos.com.ar\/2021\/wp-json\/wp\/v2\/media?parent=31713"}],"wp:term":[{"taxonomy":"category","embeddable":true,"href":"https:\/\/www.noticiasradioreflejos.com.ar\/2021\/wp-json\/wp\/v2\/categories?post=31713"},{"taxonomy":"post_tag","embeddable":true,"href":"https:\/\/www.noticiasradioreflejos.com.ar\/2021\/wp-json\/wp\/v2\/tags?post=31713"}],"curies":[{"name":"wp","href":"https:\/\/api.w.org\/{rel}","templated":true}]}}