{"id":316,"date":"2016-09-01T03:01:11","date_gmt":"2016-09-01T03:01:11","guid":{"rendered":"http:\/\/noticiasradioreflejos.com.ar\/noticias\/?p=316"},"modified":"2016-09-01T03:01:11","modified_gmt":"2016-09-01T03:01:11","slug":"la-escuelita-azulgrana-jugo-un-partido-de-preoctava-frente-a-union","status":"publish","type":"post","link":"https:\/\/www.noticiasradioreflejos.com.ar\/2021\/la-escuelita-azulgrana-jugo-un-partido-de-preoctava-frente-a-union\/","title":{"rendered":"La Escuelita Azulgrana jug\u00f3 un partido de preoctava frente a Uni\u00f3n"},"content":{"rendered":"<p><a title=\"DSC_0312\" href=\"http:\/\/farm9.staticflickr.com\/8451\/28750847784_954a94ca7f_c.jpg\" rel=\"\"><img loading=\"lazy\" decoding=\"async\" class=\"aligncenter\" title=\"DSC_0312\" src=\"http:\/\/farm9.staticflickr.com\/8451\/28750847784_954a94ca7f_z.jpg\" alt=\"DSC_0312\" width=\"640\" height=\"491\" \/><\/a><br \/>\nUn nutrido grupo de chicos pertenecientes a las categor\u00edas 2005, 2006 y 2007 de la Escuelita Azulgrana particip\u00f3 de un partido de preoctava frente a Uni\u00f3n, como parte de la preparaci\u00f3n necesaria para afrontar a partir del pr\u00f3ximo a\u00f1o el torneo de divisiones inferiores que organiza la Liga Regional de F\u00fatbol de Coronel Su\u00e1rez.<!--more--><br \/>\nLos peque\u00f1os representantes de la instituci\u00f3n formaron tres equipos, que fueron cambiando a medida que fue avanzando el encuentro, disputada en cancha de la entidad verde, en la previa del choque de inferiores.<br \/>\nLos chicos de Automoto que concurrieron fueron: Mateo Toy (2007); Vladimir Ibarra, Rafael Molinero, Ger\u00f3nimo Kugler, Lautaro Sandoval, Nicol\u00e1s Klock, Lautaro Ferreira, El\u00edas Acu\u00f1a, Guido David y Thiago Jaramillo (2006); Sebasti\u00e1n Dobal, Franco Labat, Tom\u00e1s Oro\u00f1o, Tom\u00e1s Obando, Benjam\u00edn Schaffer, Ignacio Gonz\u00e1lez Aburto, Tom\u00e1s Fuhr, Juan Francisco C\u00f3nsoli, Genaro Gandini, Tom\u00e1s Aldecoa, Tom\u00e1s Graff, Dylan Rolhiezer, Juan Angel Mu\u00f1oz, Agust\u00edn Villarreal, Lucas Hekel, Joaqu\u00edn Cisternas, Axel Solano, Emiliano Rubio, Mariano Fern\u00e1ndez, Marcos Puca y Luis Barrios (2005).<br \/>\nLos profesores Hern\u00e1n Bilbao y Juli\u00e1n Toy estuvieron a cargo de los peque\u00f1os jugadores, que tuvieron la posibilidad de continuar evolucionando en su aprendizaje y disfrutar de otro d\u00eda de juego.<br \/>\n<a title=\"DSC_0227\" href=\"http:\/\/farm9.staticflickr.com\/8251\/28750849234_c32d3acca7_c.jpg\" rel=\"\"><img loading=\"lazy\" decoding=\"async\" class=\"aligncenter\" title=\"DSC_0227\" src=\"http:\/\/farm9.staticflickr.com\/8251\/28750849234_c32d3acca7_c.jpg\" alt=\"DSC_0227\" width=\"800\" height=\"494\" \/><\/a><br \/>\n<a title=\"DSC_0236\" href=\"http:\/\/farm9.staticflickr.com\/8308\/29295641661_e37fd2cca6_c.jpg\" rel=\"\"><img loading=\"lazy\" decoding=\"async\" class=\"aligncenter\" title=\"DSC_0236\" src=\"http:\/\/farm9.staticflickr.com\/8308\/29295641661_e37fd2cca6_c.jpg\" alt=\"DSC_0236\" width=\"800\" height=\"443\" \/><\/a><\/p>\n","protected":false},"excerpt":{"rendered":"<p>Un nutrido grupo de chicos pertenecientes a las categor\u00edas 2005, 2006 y 2007 de la Escuelita Azulgrana particip\u00f3 de un partido de preoctava frente a Uni\u00f3n, como parte de la preparaci\u00f3n necesaria para afrontar a partir del pr\u00f3ximo a\u00f1o el torneo de divisiones inferiores que organiza la Liga Regional de F\u00fatbol de Coronel Su\u00e1rez.<\/p>\n","protected":false},"author":3,"featured_media":0,"comment_status":"closed","ping_status":"open","sticky":false,"template":"","format":"standard","meta":{"footnotes":""},"categories":[27],"tags":[],"class_list":["post-316","post","type-post","status-publish","format-standard","hentry","category-deportes"],"yoast_head":"<!-- This site is optimized with the Yoast SEO plugin v25.9 - https:\/\/yoast.com\/wordpress\/plugins\/seo\/ -->\n<title>La Escuelita Azulgrana jug\u00f3 un partido de preoctava frente a Uni\u00f3n - Noticias Radio Reflejos<\/title>\n<meta name=\"robots\" content=\"index, follow, max-snippet:-1, max-image-preview:large, max-video-preview:-1\" \/>\n<link rel=\"canonical\" href=\"https:\/\/www.noticiasradioreflejos.com.ar\/2021\/la-escuelita-azulgrana-jugo-un-partido-de-preoctava-frente-a-union\/\" \/>\n<meta property=\"og:locale\" content=\"es_ES\" \/>\n<meta property=\"og:type\" content=\"article\" \/>\n<meta property=\"og:title\" content=\"La Escuelita Azulgrana jug\u00f3 un partido de preoctava frente a Uni\u00f3n - Noticias Radio Reflejos\" \/>\n<meta property=\"og:description\" content=\"Un nutrido grupo de chicos pertenecientes a las categor\u00edas 2005, 2006 y 2007 de la Escuelita Azulgrana particip\u00f3 de un partido de preoctava frente a Uni\u00f3n, como parte de la preparaci\u00f3n necesaria para afrontar a partir del pr\u00f3ximo a\u00f1o el torneo de divisiones inferiores que organiza la Liga Regional de F\u00fatbol de Coronel Su\u00e1rez.\" \/>\n<meta property=\"og:url\" content=\"https:\/\/www.noticiasradioreflejos.com.ar\/2021\/la-escuelita-azulgrana-jugo-un-partido-de-preoctava-frente-a-union\/\" \/>\n<meta property=\"og:site_name\" content=\"Noticias Radio Reflejos\" \/>\n<meta property=\"article:published_time\" content=\"2016-09-01T03:01:11+00:00\" \/>\n<meta property=\"og:image\" content=\"http:\/\/farm9.staticflickr.com\/8451\/28750847784_954a94ca7f_z.jpg\" \/>\n<meta name=\"author\" content=\"Arnaldo Botto\" \/>\n<meta name=\"twitter:card\" content=\"summary_large_image\" \/>\n<script type=\"application\/ld+json\" class=\"yoast-schema-graph\">{\"@context\":\"https:\/\/schema.org\",\"@graph\":[{\"@type\":\"WebPage\",\"@id\":\"https:\/\/www.noticiasradioreflejos.com.ar\/2021\/la-escuelita-azulgrana-jugo-un-partido-de-preoctava-frente-a-union\/\",\"url\":\"https:\/\/www.noticiasradioreflejos.com.ar\/2021\/la-escuelita-azulgrana-jugo-un-partido-de-preoctava-frente-a-union\/\",\"name\":\"La Escuelita Azulgrana jug\u00f3 un partido de preoctava frente a Uni\u00f3n - Noticias Radio Reflejos\",\"isPartOf\":{\"@id\":\"https:\/\/www.noticiasradioreflejos.com.ar\/2021\/#website\"},\"primaryImageOfPage\":{\"@id\":\"https:\/\/www.noticiasradioreflejos.com.ar\/2021\/la-escuelita-azulgrana-jugo-un-partido-de-preoctava-frente-a-union\/#primaryimage\"},\"image\":{\"@id\":\"https:\/\/www.noticiasradioreflejos.com.ar\/2021\/la-escuelita-azulgrana-jugo-un-partido-de-preoctava-frente-a-union\/#primaryimage\"},\"thumbnailUrl\":\"http:\/\/farm9.staticflickr.com\/8451\/28750847784_954a94ca7f_z.jpg\",\"datePublished\":\"2016-09-01T03:01:11+00:00\",\"author\":{\"@id\":\"https:\/\/www.noticiasradioreflejos.com.ar\/2021\/#\/schema\/person\/ad82545263dcc5ec0996818884fd5fb1\"},\"breadcrumb\":{\"@id\":\"https:\/\/www.noticiasradioreflejos.com.ar\/2021\/la-escuelita-azulgrana-jugo-un-partido-de-preoctava-frente-a-union\/#breadcrumb\"},\"inLanguage\":\"es\",\"potentialAction\":[{\"@type\":\"ReadAction\",\"target\":[\"https:\/\/www.noticiasradioreflejos.com.ar\/2021\/la-escuelita-azulgrana-jugo-un-partido-de-preoctava-frente-a-union\/\"]}]},{\"@type\":\"ImageObject\",\"inLanguage\":\"es\",\"@id\":\"https:\/\/www.noticiasradioreflejos.com.ar\/2021\/la-escuelita-azulgrana-jugo-un-partido-de-preoctava-frente-a-union\/#primaryimage\",\"url\":\"http:\/\/farm9.staticflickr.com\/8451\/28750847784_954a94ca7f_z.jpg\",\"contentUrl\":\"http:\/\/farm9.staticflickr.com\/8451\/28750847784_954a94ca7f_z.jpg\"},{\"@type\":\"BreadcrumbList\",\"@id\":\"https:\/\/www.noticiasradioreflejos.com.ar\/2021\/la-escuelita-azulgrana-jugo-un-partido-de-preoctava-frente-a-union\/#breadcrumb\",\"itemListElement\":[{\"@type\":\"ListItem\",\"position\":1,\"name\":\"Portada\",\"item\":\"https:\/\/www.noticiasradioreflejos.com.ar\/2021\/\"},{\"@type\":\"ListItem\",\"position\":2,\"name\":\"La Escuelita Azulgrana jug\u00f3 un partido de preoctava frente a Uni\u00f3n\"}]},{\"@type\":\"WebSite\",\"@id\":\"https:\/\/www.noticiasradioreflejos.com.ar\/2021\/#website\",\"url\":\"https:\/\/www.noticiasradioreflejos.com.ar\/2021\/\",\"name\":\"Noticias Radio Reflejos\",\"description\":\"Las noticias de mi comarca\",\"potentialAction\":[{\"@type\":\"SearchAction\",\"target\":{\"@type\":\"EntryPoint\",\"urlTemplate\":\"https:\/\/www.noticiasradioreflejos.com.ar\/2021\/?s={search_term_string}\"},\"query-input\":{\"@type\":\"PropertyValueSpecification\",\"valueRequired\":true,\"valueName\":\"search_term_string\"}}],\"inLanguage\":\"es\"},{\"@type\":\"Person\",\"@id\":\"https:\/\/www.noticiasradioreflejos.com.ar\/2021\/#\/schema\/person\/ad82545263dcc5ec0996818884fd5fb1\",\"name\":\"Arnaldo Botto\",\"image\":{\"@type\":\"ImageObject\",\"inLanguage\":\"es\",\"@id\":\"https:\/\/www.noticiasradioreflejos.com.ar\/2021\/#\/schema\/person\/image\/\",\"url\":\"https:\/\/secure.gravatar.com\/avatar\/55cb5e37c1efa326397366e6974cb338056df65cb50e7d64d1cf314e87504837?s=96&d=mm&r=g\",\"contentUrl\":\"https:\/\/secure.gravatar.com\/avatar\/55cb5e37c1efa326397366e6974cb338056df65cb50e7d64d1cf314e87504837?s=96&d=mm&r=g\",\"caption\":\"Arnaldo Botto\"},\"url\":\"https:\/\/www.noticiasradioreflejos.com.ar\/2021\/author\/arnaldo\/\"}]}<\/script>\n<!-- \/ Yoast SEO plugin. -->","yoast_head_json":{"title":"La Escuelita Azulgrana jug\u00f3 un partido de preoctava frente a Uni\u00f3n - Noticias Radio Reflejos","robots":{"index":"index","follow":"follow","max-snippet":"max-snippet:-1","max-image-preview":"max-image-preview:large","max-video-preview":"max-video-preview:-1"},"canonical":"https:\/\/www.noticiasradioreflejos.com.ar\/2021\/la-escuelita-azulgrana-jugo-un-partido-de-preoctava-frente-a-union\/","og_locale":"es_ES","og_type":"article","og_title":"La Escuelita Azulgrana jug\u00f3 un partido de preoctava frente a Uni\u00f3n - Noticias Radio Reflejos","og_description":"Un nutrido grupo de chicos pertenecientes a las categor\u00edas 2005, 2006 y 2007 de la Escuelita Azulgrana particip\u00f3 de un partido de preoctava frente a Uni\u00f3n, como parte de la preparaci\u00f3n necesaria para afrontar a partir del pr\u00f3ximo a\u00f1o el torneo de divisiones inferiores que organiza la Liga Regional de F\u00fatbol de Coronel Su\u00e1rez.","og_url":"https:\/\/www.noticiasradioreflejos.com.ar\/2021\/la-escuelita-azulgrana-jugo-un-partido-de-preoctava-frente-a-union\/","og_site_name":"Noticias Radio Reflejos","article_published_time":"2016-09-01T03:01:11+00:00","og_image":[{"url":"http:\/\/farm9.staticflickr.com\/8451\/28750847784_954a94ca7f_z.jpg","type":"","width":"","height":""}],"author":"Arnaldo Botto","twitter_card":"summary_large_image","schema":{"@context":"https:\/\/schema.org","@graph":[{"@type":"WebPage","@id":"https:\/\/www.noticiasradioreflejos.com.ar\/2021\/la-escuelita-azulgrana-jugo-un-partido-de-preoctava-frente-a-union\/","url":"https:\/\/www.noticiasradioreflejos.com.ar\/2021\/la-escuelita-azulgrana-jugo-un-partido-de-preoctava-frente-a-union\/","name":"La Escuelita Azulgrana jug\u00f3 un partido de preoctava frente a Uni\u00f3n - Noticias Radio Reflejos","isPartOf":{"@id":"https:\/\/www.noticiasradioreflejos.com.ar\/2021\/#website"},"primaryImageOfPage":{"@id":"https:\/\/www.noticiasradioreflejos.com.ar\/2021\/la-escuelita-azulgrana-jugo-un-partido-de-preoctava-frente-a-union\/#primaryimage"},"image":{"@id":"https:\/\/www.noticiasradioreflejos.com.ar\/2021\/la-escuelita-azulgrana-jugo-un-partido-de-preoctava-frente-a-union\/#primaryimage"},"thumbnailUrl":"http:\/\/farm9.staticflickr.com\/8451\/28750847784_954a94ca7f_z.jpg","datePublished":"2016-09-01T03:01:11+00:00","author":{"@id":"https:\/\/www.noticiasradioreflejos.com.ar\/2021\/#\/schema\/person\/ad82545263dcc5ec0996818884fd5fb1"},"breadcrumb":{"@id":"https:\/\/www.noticiasradioreflejos.com.ar\/2021\/la-escuelita-azulgrana-jugo-un-partido-de-preoctava-frente-a-union\/#breadcrumb"},"inLanguage":"es","potentialAction":[{"@type":"ReadAction","target":["https:\/\/www.noticiasradioreflejos.com.ar\/2021\/la-escuelita-azulgrana-jugo-un-partido-de-preoctava-frente-a-union\/"]}]},{"@type":"ImageObject","inLanguage":"es","@id":"https:\/\/www.noticiasradioreflejos.com.ar\/2021\/la-escuelita-azulgrana-jugo-un-partido-de-preoctava-frente-a-union\/#primaryimage","url":"http:\/\/farm9.staticflickr.com\/8451\/28750847784_954a94ca7f_z.jpg","contentUrl":"http:\/\/farm9.staticflickr.com\/8451\/28750847784_954a94ca7f_z.jpg"},{"@type":"BreadcrumbList","@id":"https:\/\/www.noticiasradioreflejos.com.ar\/2021\/la-escuelita-azulgrana-jugo-un-partido-de-preoctava-frente-a-union\/#breadcrumb","itemListElement":[{"@type":"ListItem","position":1,"name":"Portada","item":"https:\/\/www.noticiasradioreflejos.com.ar\/2021\/"},{"@type":"ListItem","position":2,"name":"La Escuelita Azulgrana jug\u00f3 un partido de preoctava frente a Uni\u00f3n"}]},{"@type":"WebSite","@id":"https:\/\/www.noticiasradioreflejos.com.ar\/2021\/#website","url":"https:\/\/www.noticiasradioreflejos.com.ar\/2021\/","name":"Noticias Radio Reflejos","description":"Las noticias de mi comarca","potentialAction":[{"@type":"SearchAction","target":{"@type":"EntryPoint","urlTemplate":"https:\/\/www.noticiasradioreflejos.com.ar\/2021\/?s={search_term_string}"},"query-input":{"@type":"PropertyValueSpecification","valueRequired":true,"valueName":"search_term_string"}}],"inLanguage":"es"},{"@type":"Person","@id":"https:\/\/www.noticiasradioreflejos.com.ar\/2021\/#\/schema\/person\/ad82545263dcc5ec0996818884fd5fb1","name":"Arnaldo Botto","image":{"@type":"ImageObject","inLanguage":"es","@id":"https:\/\/www.noticiasradioreflejos.com.ar\/2021\/#\/schema\/person\/image\/","url":"https:\/\/secure.gravatar.com\/avatar\/55cb5e37c1efa326397366e6974cb338056df65cb50e7d64d1cf314e87504837?s=96&d=mm&r=g","contentUrl":"https:\/\/secure.gravatar.com\/avatar\/55cb5e37c1efa326397366e6974cb338056df65cb50e7d64d1cf314e87504837?s=96&d=mm&r=g","caption":"Arnaldo Botto"},"url":"https:\/\/www.noticiasradioreflejos.com.ar\/2021\/author\/arnaldo\/"}]}},"_links":{"self":[{"href":"https:\/\/www.noticiasradioreflejos.com.ar\/2021\/wp-json\/wp\/v2\/posts\/316","targetHints":{"allow":["GET"]}}],"collection":[{"href":"https:\/\/www.noticiasradioreflejos.com.ar\/2021\/wp-json\/wp\/v2\/posts"}],"about":[{"href":"https:\/\/www.noticiasradioreflejos.com.ar\/2021\/wp-json\/wp\/v2\/types\/post"}],"author":[{"embeddable":true,"href":"https:\/\/www.noticiasradioreflejos.com.ar\/2021\/wp-json\/wp\/v2\/users\/3"}],"replies":[{"embeddable":true,"href":"https:\/\/www.noticiasradioreflejos.com.ar\/2021\/wp-json\/wp\/v2\/comments?post=316"}],"version-history":[{"count":0,"href":"https:\/\/www.noticiasradioreflejos.com.ar\/2021\/wp-json\/wp\/v2\/posts\/316\/revisions"}],"wp:attachment":[{"href":"https:\/\/www.noticiasradioreflejos.com.ar\/2021\/wp-json\/wp\/v2\/media?parent=316"}],"wp:term":[{"taxonomy":"category","embeddable":true,"href":"https:\/\/www.noticiasradioreflejos.com.ar\/2021\/wp-json\/wp\/v2\/categories?post=316"},{"taxonomy":"post_tag","embeddable":true,"href":"https:\/\/www.noticiasradioreflejos.com.ar\/2021\/wp-json\/wp\/v2\/tags?post=316"}],"curies":[{"name":"wp","href":"https:\/\/api.w.org\/{rel}","templated":true}]}}