{"id":31595,"date":"2019-05-24T09:09:21","date_gmt":"2019-05-24T12:09:21","guid":{"rendered":"http:\/\/www.noticiasradioreflejos.com.ar\/noticias\/?p=31595"},"modified":"2019-05-24T09:09:21","modified_gmt":"2019-05-24T12:09:21","slug":"el-fogon-de-enrique-gonzalez-festejara-su-primer-ano-de-radio-con-un-gran-festival-folclorico","status":"publish","type":"post","link":"https:\/\/www.noticiasradioreflejos.com.ar\/2021\/el-fogon-de-enrique-gonzalez-festejara-su-primer-ano-de-radio-con-un-gran-festival-folclorico\/","title":{"rendered":"\u201cEl fog\u00f3n de Enrique Gonz\u00e1lez\u201d festejar\u00e1 su primer a\u00f1o de radio con un gran Festival Folcl\u00f3rico."},"content":{"rendered":"<p>El programa que se emite todos los sabados en FM de la Ciudad 99.5 \u201cNuevo Aire\u201d, lo celebrar\u00e1 este s\u00e1bado en el Teatro Rodolfo Funke.<!--more-->El 12 de mayo \u00faltimo, \u2018El fog\u00f3n de Enrique Gonz\u00e1lez\u2019 cumpli\u00f3 su primer a\u00f1o en el aire de FM de la Ciudad 99.5 \u201cNuevo Aire\u201d y lo celebrar\u00e1 este s\u00e1bado en el Teatro Municipal \u2018Rodolfo Funke\u2019.<br \/>\n\u201cA trav\u00e9s de FM de la Ciudad, en este a\u00f1o pude cosechar un mont\u00f3n de amigos que espero el s\u00e1bado poder verlos y pasar un momento lindo\u201d, sostuvo el conductor y destac\u00f3 la audiencia que tiene el programa: \u201cNormalmente llegan muchos mensajes, pero cuando recorres la calle te encontrar con mucha gente que te dice que te escucha\u201d.<br \/>\n\u201cLa idea del programa es poder seguir con nuestras ra\u00edces, no olvidarse de donde viene uno y difundir aquella m\u00fasica que est\u00e1 olvidada\u201d, indic\u00f3.<br \/>\nRespecto al festival del s\u00e1bado, se\u00f1al\u00f3 que comenzar\u00e1 a las 20.30 hs y sobre el escenario se presentar\u00e1n Emilce y Osvaldo Visconti, el grupo Pe\u00f1i Hue, Mar\u00eda Luisa D\u2019Elia (de Bah\u00eda Blanca) y el cierre a su cargo con la interpretaci\u00f3n de versos.<br \/>\nDurante el evento, cuya entrada tiene un valor de $100, se realizar\u00e1 el sorteo de un poncho y de un pa\u00f1uelo, gentileza de Cimarr\u00f3n.<\/p>\n","protected":false},"excerpt":{"rendered":"<p>El programa que se emite todos los sabados en FM de la Ciudad 99.5 \u201cNuevo Aire\u201d, lo celebrar\u00e1 este s\u00e1bado en el Teatro Rodolfo Funke.<\/p>\n","protected":false},"author":3,"featured_media":0,"comment_status":"closed","ping_status":"open","sticky":false,"template":"","format":"standard","meta":{"footnotes":""},"categories":[35],"tags":[],"class_list":["post-31595","post","type-post","status-publish","format-standard","hentry","category-cultura"],"yoast_head":"<!-- This site is optimized with the Yoast SEO plugin v25.9 - https:\/\/yoast.com\/wordpress\/plugins\/seo\/ -->\n<title>\u201cEl fog\u00f3n de Enrique Gonz\u00e1lez\u201d festejar\u00e1 su primer a\u00f1o de radio con un gran Festival Folcl\u00f3rico. - Noticias Radio Reflejos<\/title>\n<meta name=\"robots\" content=\"index, follow, max-snippet:-1, max-image-preview:large, max-video-preview:-1\" \/>\n<link rel=\"canonical\" href=\"https:\/\/www.noticiasradioreflejos.com.ar\/2021\/el-fogon-de-enrique-gonzalez-festejara-su-primer-ano-de-radio-con-un-gran-festival-folclorico\/\" \/>\n<meta property=\"og:locale\" content=\"es_ES\" \/>\n<meta property=\"og:type\" content=\"article\" \/>\n<meta property=\"og:title\" content=\"\u201cEl fog\u00f3n de Enrique Gonz\u00e1lez\u201d festejar\u00e1 su primer a\u00f1o de radio con un gran Festival Folcl\u00f3rico. - Noticias Radio Reflejos\" \/>\n<meta property=\"og:description\" content=\"El programa que se emite todos los sabados en FM de la Ciudad 99.5 \u201cNuevo Aire\u201d, lo celebrar\u00e1 este s\u00e1bado en el Teatro Rodolfo Funke.\" \/>\n<meta property=\"og:url\" content=\"https:\/\/www.noticiasradioreflejos.com.ar\/2021\/el-fogon-de-enrique-gonzalez-festejara-su-primer-ano-de-radio-con-un-gran-festival-folclorico\/\" \/>\n<meta property=\"og:site_name\" content=\"Noticias Radio Reflejos\" \/>\n<meta property=\"article:published_time\" content=\"2019-05-24T12:09:21+00:00\" \/>\n<meta property=\"og:image\" content=\"https:\/\/www.noticiasradioreflejos.com.ar\/2021\/wp-content\/uploads\/2021\/07\/logosol300x200.png\" \/>\n\t<meta property=\"og:image:width\" content=\"300\" \/>\n\t<meta property=\"og:image:height\" content=\"200\" \/>\n\t<meta property=\"og:image:type\" content=\"image\/png\" \/>\n<meta name=\"author\" content=\"Arnaldo Botto\" \/>\n<meta name=\"twitter:card\" content=\"summary_large_image\" \/>\n<script type=\"application\/ld+json\" class=\"yoast-schema-graph\">{\"@context\":\"https:\/\/schema.org\",\"@graph\":[{\"@type\":\"WebPage\",\"@id\":\"https:\/\/www.noticiasradioreflejos.com.ar\/2021\/el-fogon-de-enrique-gonzalez-festejara-su-primer-ano-de-radio-con-un-gran-festival-folclorico\/\",\"url\":\"https:\/\/www.noticiasradioreflejos.com.ar\/2021\/el-fogon-de-enrique-gonzalez-festejara-su-primer-ano-de-radio-con-un-gran-festival-folclorico\/\",\"name\":\"\u201cEl fog\u00f3n de Enrique Gonz\u00e1lez\u201d festejar\u00e1 su primer a\u00f1o de radio con un gran Festival Folcl\u00f3rico. - Noticias Radio Reflejos\",\"isPartOf\":{\"@id\":\"https:\/\/www.noticiasradioreflejos.com.ar\/2021\/#website\"},\"datePublished\":\"2019-05-24T12:09:21+00:00\",\"author\":{\"@id\":\"https:\/\/www.noticiasradioreflejos.com.ar\/2021\/#\/schema\/person\/ad82545263dcc5ec0996818884fd5fb1\"},\"breadcrumb\":{\"@id\":\"https:\/\/www.noticiasradioreflejos.com.ar\/2021\/el-fogon-de-enrique-gonzalez-festejara-su-primer-ano-de-radio-con-un-gran-festival-folclorico\/#breadcrumb\"},\"inLanguage\":\"es\",\"potentialAction\":[{\"@type\":\"ReadAction\",\"target\":[\"https:\/\/www.noticiasradioreflejos.com.ar\/2021\/el-fogon-de-enrique-gonzalez-festejara-su-primer-ano-de-radio-con-un-gran-festival-folclorico\/\"]}]},{\"@type\":\"BreadcrumbList\",\"@id\":\"https:\/\/www.noticiasradioreflejos.com.ar\/2021\/el-fogon-de-enrique-gonzalez-festejara-su-primer-ano-de-radio-con-un-gran-festival-folclorico\/#breadcrumb\",\"itemListElement\":[{\"@type\":\"ListItem\",\"position\":1,\"name\":\"Portada\",\"item\":\"https:\/\/www.noticiasradioreflejos.com.ar\/2021\/\"},{\"@type\":\"ListItem\",\"position\":2,\"name\":\"\u201cEl fog\u00f3n de Enrique Gonz\u00e1lez\u201d festejar\u00e1 su primer a\u00f1o de radio con un gran Festival Folcl\u00f3rico.\"}]},{\"@type\":\"WebSite\",\"@id\":\"https:\/\/www.noticiasradioreflejos.com.ar\/2021\/#website\",\"url\":\"https:\/\/www.noticiasradioreflejos.com.ar\/2021\/\",\"name\":\"Noticias Radio Reflejos\",\"description\":\"Las noticias de mi comarca\",\"potentialAction\":[{\"@type\":\"SearchAction\",\"target\":{\"@type\":\"EntryPoint\",\"urlTemplate\":\"https:\/\/www.noticiasradioreflejos.com.ar\/2021\/?s={search_term_string}\"},\"query-input\":{\"@type\":\"PropertyValueSpecification\",\"valueRequired\":true,\"valueName\":\"search_term_string\"}}],\"inLanguage\":\"es\"},{\"@type\":\"Person\",\"@id\":\"https:\/\/www.noticiasradioreflejos.com.ar\/2021\/#\/schema\/person\/ad82545263dcc5ec0996818884fd5fb1\",\"name\":\"Arnaldo Botto\",\"image\":{\"@type\":\"ImageObject\",\"inLanguage\":\"es\",\"@id\":\"https:\/\/www.noticiasradioreflejos.com.ar\/2021\/#\/schema\/person\/image\/\",\"url\":\"https:\/\/secure.gravatar.com\/avatar\/55cb5e37c1efa326397366e6974cb338056df65cb50e7d64d1cf314e87504837?s=96&d=mm&r=g\",\"contentUrl\":\"https:\/\/secure.gravatar.com\/avatar\/55cb5e37c1efa326397366e6974cb338056df65cb50e7d64d1cf314e87504837?s=96&d=mm&r=g\",\"caption\":\"Arnaldo Botto\"},\"url\":\"https:\/\/www.noticiasradioreflejos.com.ar\/2021\/author\/arnaldo\/\"}]}<\/script>\n<!-- \/ Yoast SEO plugin. -->","yoast_head_json":{"title":"\u201cEl fog\u00f3n de Enrique Gonz\u00e1lez\u201d festejar\u00e1 su primer a\u00f1o de radio con un gran Festival Folcl\u00f3rico. - Noticias Radio Reflejos","robots":{"index":"index","follow":"follow","max-snippet":"max-snippet:-1","max-image-preview":"max-image-preview:large","max-video-preview":"max-video-preview:-1"},"canonical":"https:\/\/www.noticiasradioreflejos.com.ar\/2021\/el-fogon-de-enrique-gonzalez-festejara-su-primer-ano-de-radio-con-un-gran-festival-folclorico\/","og_locale":"es_ES","og_type":"article","og_title":"\u201cEl fog\u00f3n de Enrique Gonz\u00e1lez\u201d festejar\u00e1 su primer a\u00f1o de radio con un gran Festival Folcl\u00f3rico. - Noticias Radio Reflejos","og_description":"El programa que se emite todos los sabados en FM de la Ciudad 99.5 \u201cNuevo Aire\u201d, lo celebrar\u00e1 este s\u00e1bado en el Teatro Rodolfo Funke.","og_url":"https:\/\/www.noticiasradioreflejos.com.ar\/2021\/el-fogon-de-enrique-gonzalez-festejara-su-primer-ano-de-radio-con-un-gran-festival-folclorico\/","og_site_name":"Noticias Radio Reflejos","article_published_time":"2019-05-24T12:09:21+00:00","og_image":[{"width":300,"height":200,"url":"https:\/\/www.noticiasradioreflejos.com.ar\/2021\/wp-content\/uploads\/2021\/07\/logosol300x200.png","type":"image\/png"}],"author":"Arnaldo Botto","twitter_card":"summary_large_image","schema":{"@context":"https:\/\/schema.org","@graph":[{"@type":"WebPage","@id":"https:\/\/www.noticiasradioreflejos.com.ar\/2021\/el-fogon-de-enrique-gonzalez-festejara-su-primer-ano-de-radio-con-un-gran-festival-folclorico\/","url":"https:\/\/www.noticiasradioreflejos.com.ar\/2021\/el-fogon-de-enrique-gonzalez-festejara-su-primer-ano-de-radio-con-un-gran-festival-folclorico\/","name":"\u201cEl fog\u00f3n de Enrique Gonz\u00e1lez\u201d festejar\u00e1 su primer a\u00f1o de radio con un gran Festival Folcl\u00f3rico. - Noticias Radio Reflejos","isPartOf":{"@id":"https:\/\/www.noticiasradioreflejos.com.ar\/2021\/#website"},"datePublished":"2019-05-24T12:09:21+00:00","author":{"@id":"https:\/\/www.noticiasradioreflejos.com.ar\/2021\/#\/schema\/person\/ad82545263dcc5ec0996818884fd5fb1"},"breadcrumb":{"@id":"https:\/\/www.noticiasradioreflejos.com.ar\/2021\/el-fogon-de-enrique-gonzalez-festejara-su-primer-ano-de-radio-con-un-gran-festival-folclorico\/#breadcrumb"},"inLanguage":"es","potentialAction":[{"@type":"ReadAction","target":["https:\/\/www.noticiasradioreflejos.com.ar\/2021\/el-fogon-de-enrique-gonzalez-festejara-su-primer-ano-de-radio-con-un-gran-festival-folclorico\/"]}]},{"@type":"BreadcrumbList","@id":"https:\/\/www.noticiasradioreflejos.com.ar\/2021\/el-fogon-de-enrique-gonzalez-festejara-su-primer-ano-de-radio-con-un-gran-festival-folclorico\/#breadcrumb","itemListElement":[{"@type":"ListItem","position":1,"name":"Portada","item":"https:\/\/www.noticiasradioreflejos.com.ar\/2021\/"},{"@type":"ListItem","position":2,"name":"\u201cEl fog\u00f3n de Enrique Gonz\u00e1lez\u201d festejar\u00e1 su primer a\u00f1o de radio con un gran Festival Folcl\u00f3rico."}]},{"@type":"WebSite","@id":"https:\/\/www.noticiasradioreflejos.com.ar\/2021\/#website","url":"https:\/\/www.noticiasradioreflejos.com.ar\/2021\/","name":"Noticias Radio Reflejos","description":"Las noticias de mi comarca","potentialAction":[{"@type":"SearchAction","target":{"@type":"EntryPoint","urlTemplate":"https:\/\/www.noticiasradioreflejos.com.ar\/2021\/?s={search_term_string}"},"query-input":{"@type":"PropertyValueSpecification","valueRequired":true,"valueName":"search_term_string"}}],"inLanguage":"es"},{"@type":"Person","@id":"https:\/\/www.noticiasradioreflejos.com.ar\/2021\/#\/schema\/person\/ad82545263dcc5ec0996818884fd5fb1","name":"Arnaldo Botto","image":{"@type":"ImageObject","inLanguage":"es","@id":"https:\/\/www.noticiasradioreflejos.com.ar\/2021\/#\/schema\/person\/image\/","url":"https:\/\/secure.gravatar.com\/avatar\/55cb5e37c1efa326397366e6974cb338056df65cb50e7d64d1cf314e87504837?s=96&d=mm&r=g","contentUrl":"https:\/\/secure.gravatar.com\/avatar\/55cb5e37c1efa326397366e6974cb338056df65cb50e7d64d1cf314e87504837?s=96&d=mm&r=g","caption":"Arnaldo Botto"},"url":"https:\/\/www.noticiasradioreflejos.com.ar\/2021\/author\/arnaldo\/"}]}},"_links":{"self":[{"href":"https:\/\/www.noticiasradioreflejos.com.ar\/2021\/wp-json\/wp\/v2\/posts\/31595","targetHints":{"allow":["GET"]}}],"collection":[{"href":"https:\/\/www.noticiasradioreflejos.com.ar\/2021\/wp-json\/wp\/v2\/posts"}],"about":[{"href":"https:\/\/www.noticiasradioreflejos.com.ar\/2021\/wp-json\/wp\/v2\/types\/post"}],"author":[{"embeddable":true,"href":"https:\/\/www.noticiasradioreflejos.com.ar\/2021\/wp-json\/wp\/v2\/users\/3"}],"replies":[{"embeddable":true,"href":"https:\/\/www.noticiasradioreflejos.com.ar\/2021\/wp-json\/wp\/v2\/comments?post=31595"}],"version-history":[{"count":0,"href":"https:\/\/www.noticiasradioreflejos.com.ar\/2021\/wp-json\/wp\/v2\/posts\/31595\/revisions"}],"wp:attachment":[{"href":"https:\/\/www.noticiasradioreflejos.com.ar\/2021\/wp-json\/wp\/v2\/media?parent=31595"}],"wp:term":[{"taxonomy":"category","embeddable":true,"href":"https:\/\/www.noticiasradioreflejos.com.ar\/2021\/wp-json\/wp\/v2\/categories?post=31595"},{"taxonomy":"post_tag","embeddable":true,"href":"https:\/\/www.noticiasradioreflejos.com.ar\/2021\/wp-json\/wp\/v2\/tags?post=31595"}],"curies":[{"name":"wp","href":"https:\/\/api.w.org\/{rel}","templated":true}]}}