{"id":31592,"date":"2019-05-24T09:04:52","date_gmt":"2019-05-24T12:04:52","guid":{"rendered":"http:\/\/www.noticiasradioreflejos.com.ar\/noticias\/?p=31592"},"modified":"2019-05-24T09:04:52","modified_gmt":"2019-05-24T12:04:52","slug":"la-fiesta-del-25-en-villa-ventana","status":"publish","type":"post","link":"https:\/\/www.noticiasradioreflejos.com.ar\/2021\/la-fiesta-del-25-en-villa-ventana\/","title":{"rendered":"\u201cLA FIESTA DEL 25\u201d en Villa Ventana."},"content":{"rendered":"<p><a title=\"IMG-20190517-WA0016\" href=\"http:\/\/live.staticflickr.com\/65535\/47923647247_69675618c7_s.jpg\" rel=\"\"><img loading=\"lazy\" decoding=\"async\" class=\"alignleft\" style=\"float: left;\" title=\"IMG-20190517-WA0016\" src=\"http:\/\/live.staticflickr.com\/65535\/47923647247_69675618c7.jpg\" alt=\"IMG-20190517-WA0016\" width=\"500\" height=\"371\" \/><\/a>La Asociaci\u00f3n de Bomberos Voluntarios de Villa Ventana se encuentra ultimando los detalles de organizaci\u00f3n del evento previsto para ma\u00f1ana s\u00e1bado, para festejar el 25 de Mayo. El mismo se denomina \u201cLa Fiesta del 25\u201d, habr\u00e1 de realizarse en las instalaciones del nuevo Cuartel, en el horario de 12.30 a 15.30 horas aproximadamente.<!--more--><br \/>\nSe iniciar\u00e1 a las 12.30 horas entonando las estrofas del Himno Nacional, luego se leer\u00e1n una breves palabras alusivas a cargo de la Sra. Elisa Lofler, para alrededor de las 13 horas iniciar los espect\u00e1culos. El primer turno ser\u00e1 para los alumnos del taller de folklore que se realiza en la Biblioteca Macedonio Fern\u00e1ndez.<br \/>\nDurante el mismo se contar\u00e1 con diversos espect\u00e1culos folkl\u00f3ricos. Habr\u00e1 servicio de cantina, en el cual se servir\u00e1n empanadas y choripanes, adem\u00e1s de bebidas.<br \/>\nSe realiz\u00f3 una muy exitosa preventa de empanadas y choripanes, pero se invita a aquellos que no han comprado a que nos visiten, ya que se han elaborado muchas docenas m\u00e1s para vender al p\u00fablico que asista.<br \/>\nSe estuvo coordinando este evento con la Direcci\u00f3n de Cultura, y se cuenta con el apoyo del Municipio para su realizaci\u00f3n. La idea es instaurar esta fecha como propia, y todos los a\u00f1os realizar esta fiesta en Villa Ventana.<br \/>\nSe invita a toda la poblaci\u00f3n a participar y colaborar, los fondos recaudados en esta oportunidad ser\u00e1n destinados para continuar con las obras de los vestuarios para el Cuerpo Activo.<\/p>\n","protected":false},"excerpt":{"rendered":"<p>La Asociaci\u00f3n de Bomberos Voluntarios de Villa Ventana se encuentra ultimando los detalles de organizaci\u00f3n del evento previsto para ma\u00f1ana s\u00e1bado, para festejar el 25 de Mayo. El mismo se denomina \u201cLa Fiesta del 25\u201d, habr\u00e1 de realizarse en las instalaciones del nuevo Cuartel, en el horario de 12.30 a 15.30 horas aproximadamente.<\/p>\n","protected":false},"author":3,"featured_media":0,"comment_status":"closed","ping_status":"open","sticky":false,"template":"","format":"standard","meta":{"footnotes":""},"categories":[26],"tags":[],"class_list":["post-31592","post","type-post","status-publish","format-standard","hentry","category-sociedad"],"yoast_head":"<!-- This site is optimized with the Yoast SEO plugin v25.9 - https:\/\/yoast.com\/wordpress\/plugins\/seo\/ -->\n<title>\u201cLA FIESTA DEL 25\u201d en Villa Ventana. - Noticias Radio Reflejos<\/title>\n<meta name=\"robots\" content=\"index, follow, max-snippet:-1, max-image-preview:large, max-video-preview:-1\" \/>\n<link rel=\"canonical\" href=\"https:\/\/www.noticiasradioreflejos.com.ar\/2021\/la-fiesta-del-25-en-villa-ventana\/\" \/>\n<meta property=\"og:locale\" content=\"es_ES\" \/>\n<meta property=\"og:type\" content=\"article\" \/>\n<meta property=\"og:title\" content=\"\u201cLA FIESTA DEL 25\u201d en Villa Ventana. - Noticias Radio Reflejos\" \/>\n<meta property=\"og:description\" content=\"La Asociaci\u00f3n de Bomberos Voluntarios de Villa Ventana se encuentra ultimando los detalles de organizaci\u00f3n del evento previsto para ma\u00f1ana s\u00e1bado, para festejar el 25 de Mayo. El mismo se denomina \u201cLa Fiesta del 25\u201d, habr\u00e1 de realizarse en las instalaciones del nuevo Cuartel, en el horario de 12.30 a 15.30 horas aproximadamente.\" \/>\n<meta property=\"og:url\" content=\"https:\/\/www.noticiasradioreflejos.com.ar\/2021\/la-fiesta-del-25-en-villa-ventana\/\" \/>\n<meta property=\"og:site_name\" content=\"Noticias Radio Reflejos\" \/>\n<meta property=\"article:published_time\" content=\"2019-05-24T12:04:52+00:00\" \/>\n<meta property=\"og:image\" content=\"http:\/\/live.staticflickr.com\/65535\/47923647247_69675618c7.jpg\" \/>\n<meta name=\"author\" content=\"Arnaldo Botto\" \/>\n<meta name=\"twitter:card\" content=\"summary_large_image\" \/>\n<script type=\"application\/ld+json\" class=\"yoast-schema-graph\">{\"@context\":\"https:\/\/schema.org\",\"@graph\":[{\"@type\":\"WebPage\",\"@id\":\"https:\/\/www.noticiasradioreflejos.com.ar\/2021\/la-fiesta-del-25-en-villa-ventana\/\",\"url\":\"https:\/\/www.noticiasradioreflejos.com.ar\/2021\/la-fiesta-del-25-en-villa-ventana\/\",\"name\":\"\u201cLA FIESTA DEL 25\u201d en Villa Ventana. - Noticias Radio Reflejos\",\"isPartOf\":{\"@id\":\"https:\/\/www.noticiasradioreflejos.com.ar\/2021\/#website\"},\"primaryImageOfPage\":{\"@id\":\"https:\/\/www.noticiasradioreflejos.com.ar\/2021\/la-fiesta-del-25-en-villa-ventana\/#primaryimage\"},\"image\":{\"@id\":\"https:\/\/www.noticiasradioreflejos.com.ar\/2021\/la-fiesta-del-25-en-villa-ventana\/#primaryimage\"},\"thumbnailUrl\":\"http:\/\/live.staticflickr.com\/65535\/47923647247_69675618c7.jpg\",\"datePublished\":\"2019-05-24T12:04:52+00:00\",\"author\":{\"@id\":\"https:\/\/www.noticiasradioreflejos.com.ar\/2021\/#\/schema\/person\/ad82545263dcc5ec0996818884fd5fb1\"},\"breadcrumb\":{\"@id\":\"https:\/\/www.noticiasradioreflejos.com.ar\/2021\/la-fiesta-del-25-en-villa-ventana\/#breadcrumb\"},\"inLanguage\":\"es\",\"potentialAction\":[{\"@type\":\"ReadAction\",\"target\":[\"https:\/\/www.noticiasradioreflejos.com.ar\/2021\/la-fiesta-del-25-en-villa-ventana\/\"]}]},{\"@type\":\"ImageObject\",\"inLanguage\":\"es\",\"@id\":\"https:\/\/www.noticiasradioreflejos.com.ar\/2021\/la-fiesta-del-25-en-villa-ventana\/#primaryimage\",\"url\":\"http:\/\/live.staticflickr.com\/65535\/47923647247_69675618c7.jpg\",\"contentUrl\":\"http:\/\/live.staticflickr.com\/65535\/47923647247_69675618c7.jpg\"},{\"@type\":\"BreadcrumbList\",\"@id\":\"https:\/\/www.noticiasradioreflejos.com.ar\/2021\/la-fiesta-del-25-en-villa-ventana\/#breadcrumb\",\"itemListElement\":[{\"@type\":\"ListItem\",\"position\":1,\"name\":\"Portada\",\"item\":\"https:\/\/www.noticiasradioreflejos.com.ar\/2021\/\"},{\"@type\":\"ListItem\",\"position\":2,\"name\":\"\u201cLA FIESTA DEL 25\u201d en Villa Ventana.\"}]},{\"@type\":\"WebSite\",\"@id\":\"https:\/\/www.noticiasradioreflejos.com.ar\/2021\/#website\",\"url\":\"https:\/\/www.noticiasradioreflejos.com.ar\/2021\/\",\"name\":\"Noticias Radio Reflejos\",\"description\":\"Las noticias de mi comarca\",\"potentialAction\":[{\"@type\":\"SearchAction\",\"target\":{\"@type\":\"EntryPoint\",\"urlTemplate\":\"https:\/\/www.noticiasradioreflejos.com.ar\/2021\/?s={search_term_string}\"},\"query-input\":{\"@type\":\"PropertyValueSpecification\",\"valueRequired\":true,\"valueName\":\"search_term_string\"}}],\"inLanguage\":\"es\"},{\"@type\":\"Person\",\"@id\":\"https:\/\/www.noticiasradioreflejos.com.ar\/2021\/#\/schema\/person\/ad82545263dcc5ec0996818884fd5fb1\",\"name\":\"Arnaldo Botto\",\"image\":{\"@type\":\"ImageObject\",\"inLanguage\":\"es\",\"@id\":\"https:\/\/www.noticiasradioreflejos.com.ar\/2021\/#\/schema\/person\/image\/\",\"url\":\"https:\/\/secure.gravatar.com\/avatar\/55cb5e37c1efa326397366e6974cb338056df65cb50e7d64d1cf314e87504837?s=96&d=mm&r=g\",\"contentUrl\":\"https:\/\/secure.gravatar.com\/avatar\/55cb5e37c1efa326397366e6974cb338056df65cb50e7d64d1cf314e87504837?s=96&d=mm&r=g\",\"caption\":\"Arnaldo Botto\"},\"url\":\"https:\/\/www.noticiasradioreflejos.com.ar\/2021\/author\/arnaldo\/\"}]}<\/script>\n<!-- \/ Yoast SEO plugin. -->","yoast_head_json":{"title":"\u201cLA FIESTA DEL 25\u201d en Villa Ventana. - Noticias Radio Reflejos","robots":{"index":"index","follow":"follow","max-snippet":"max-snippet:-1","max-image-preview":"max-image-preview:large","max-video-preview":"max-video-preview:-1"},"canonical":"https:\/\/www.noticiasradioreflejos.com.ar\/2021\/la-fiesta-del-25-en-villa-ventana\/","og_locale":"es_ES","og_type":"article","og_title":"\u201cLA FIESTA DEL 25\u201d en Villa Ventana. - Noticias Radio Reflejos","og_description":"La Asociaci\u00f3n de Bomberos Voluntarios de Villa Ventana se encuentra ultimando los detalles de organizaci\u00f3n del evento previsto para ma\u00f1ana s\u00e1bado, para festejar el 25 de Mayo. El mismo se denomina \u201cLa Fiesta del 25\u201d, habr\u00e1 de realizarse en las instalaciones del nuevo Cuartel, en el horario de 12.30 a 15.30 horas aproximadamente.","og_url":"https:\/\/www.noticiasradioreflejos.com.ar\/2021\/la-fiesta-del-25-en-villa-ventana\/","og_site_name":"Noticias Radio Reflejos","article_published_time":"2019-05-24T12:04:52+00:00","og_image":[{"url":"http:\/\/live.staticflickr.com\/65535\/47923647247_69675618c7.jpg","type":"","width":"","height":""}],"author":"Arnaldo Botto","twitter_card":"summary_large_image","schema":{"@context":"https:\/\/schema.org","@graph":[{"@type":"WebPage","@id":"https:\/\/www.noticiasradioreflejos.com.ar\/2021\/la-fiesta-del-25-en-villa-ventana\/","url":"https:\/\/www.noticiasradioreflejos.com.ar\/2021\/la-fiesta-del-25-en-villa-ventana\/","name":"\u201cLA FIESTA DEL 25\u201d en Villa Ventana. - Noticias Radio Reflejos","isPartOf":{"@id":"https:\/\/www.noticiasradioreflejos.com.ar\/2021\/#website"},"primaryImageOfPage":{"@id":"https:\/\/www.noticiasradioreflejos.com.ar\/2021\/la-fiesta-del-25-en-villa-ventana\/#primaryimage"},"image":{"@id":"https:\/\/www.noticiasradioreflejos.com.ar\/2021\/la-fiesta-del-25-en-villa-ventana\/#primaryimage"},"thumbnailUrl":"http:\/\/live.staticflickr.com\/65535\/47923647247_69675618c7.jpg","datePublished":"2019-05-24T12:04:52+00:00","author":{"@id":"https:\/\/www.noticiasradioreflejos.com.ar\/2021\/#\/schema\/person\/ad82545263dcc5ec0996818884fd5fb1"},"breadcrumb":{"@id":"https:\/\/www.noticiasradioreflejos.com.ar\/2021\/la-fiesta-del-25-en-villa-ventana\/#breadcrumb"},"inLanguage":"es","potentialAction":[{"@type":"ReadAction","target":["https:\/\/www.noticiasradioreflejos.com.ar\/2021\/la-fiesta-del-25-en-villa-ventana\/"]}]},{"@type":"ImageObject","inLanguage":"es","@id":"https:\/\/www.noticiasradioreflejos.com.ar\/2021\/la-fiesta-del-25-en-villa-ventana\/#primaryimage","url":"http:\/\/live.staticflickr.com\/65535\/47923647247_69675618c7.jpg","contentUrl":"http:\/\/live.staticflickr.com\/65535\/47923647247_69675618c7.jpg"},{"@type":"BreadcrumbList","@id":"https:\/\/www.noticiasradioreflejos.com.ar\/2021\/la-fiesta-del-25-en-villa-ventana\/#breadcrumb","itemListElement":[{"@type":"ListItem","position":1,"name":"Portada","item":"https:\/\/www.noticiasradioreflejos.com.ar\/2021\/"},{"@type":"ListItem","position":2,"name":"\u201cLA FIESTA DEL 25\u201d en Villa Ventana."}]},{"@type":"WebSite","@id":"https:\/\/www.noticiasradioreflejos.com.ar\/2021\/#website","url":"https:\/\/www.noticiasradioreflejos.com.ar\/2021\/","name":"Noticias Radio Reflejos","description":"Las noticias de mi comarca","potentialAction":[{"@type":"SearchAction","target":{"@type":"EntryPoint","urlTemplate":"https:\/\/www.noticiasradioreflejos.com.ar\/2021\/?s={search_term_string}"},"query-input":{"@type":"PropertyValueSpecification","valueRequired":true,"valueName":"search_term_string"}}],"inLanguage":"es"},{"@type":"Person","@id":"https:\/\/www.noticiasradioreflejos.com.ar\/2021\/#\/schema\/person\/ad82545263dcc5ec0996818884fd5fb1","name":"Arnaldo Botto","image":{"@type":"ImageObject","inLanguage":"es","@id":"https:\/\/www.noticiasradioreflejos.com.ar\/2021\/#\/schema\/person\/image\/","url":"https:\/\/secure.gravatar.com\/avatar\/55cb5e37c1efa326397366e6974cb338056df65cb50e7d64d1cf314e87504837?s=96&d=mm&r=g","contentUrl":"https:\/\/secure.gravatar.com\/avatar\/55cb5e37c1efa326397366e6974cb338056df65cb50e7d64d1cf314e87504837?s=96&d=mm&r=g","caption":"Arnaldo Botto"},"url":"https:\/\/www.noticiasradioreflejos.com.ar\/2021\/author\/arnaldo\/"}]}},"_links":{"self":[{"href":"https:\/\/www.noticiasradioreflejos.com.ar\/2021\/wp-json\/wp\/v2\/posts\/31592","targetHints":{"allow":["GET"]}}],"collection":[{"href":"https:\/\/www.noticiasradioreflejos.com.ar\/2021\/wp-json\/wp\/v2\/posts"}],"about":[{"href":"https:\/\/www.noticiasradioreflejos.com.ar\/2021\/wp-json\/wp\/v2\/types\/post"}],"author":[{"embeddable":true,"href":"https:\/\/www.noticiasradioreflejos.com.ar\/2021\/wp-json\/wp\/v2\/users\/3"}],"replies":[{"embeddable":true,"href":"https:\/\/www.noticiasradioreflejos.com.ar\/2021\/wp-json\/wp\/v2\/comments?post=31592"}],"version-history":[{"count":0,"href":"https:\/\/www.noticiasradioreflejos.com.ar\/2021\/wp-json\/wp\/v2\/posts\/31592\/revisions"}],"wp:attachment":[{"href":"https:\/\/www.noticiasradioreflejos.com.ar\/2021\/wp-json\/wp\/v2\/media?parent=31592"}],"wp:term":[{"taxonomy":"category","embeddable":true,"href":"https:\/\/www.noticiasradioreflejos.com.ar\/2021\/wp-json\/wp\/v2\/categories?post=31592"},{"taxonomy":"post_tag","embeddable":true,"href":"https:\/\/www.noticiasradioreflejos.com.ar\/2021\/wp-json\/wp\/v2\/tags?post=31592"}],"curies":[{"name":"wp","href":"https:\/\/api.w.org\/{rel}","templated":true}]}}