{"id":31584,"date":"2019-05-23T13:10:16","date_gmt":"2019-05-23T16:10:16","guid":{"rendered":"http:\/\/www.noticiasradioreflejos.com.ar\/noticias\/?p=31584"},"modified":"2019-05-23T13:10:16","modified_gmt":"2019-05-23T16:10:16","slug":"informe-sesion-ordinaria-de-fecha-21-05-19","status":"publish","type":"post","link":"https:\/\/www.noticiasradioreflejos.com.ar\/2021\/informe-sesion-ordinaria-de-fecha-21-05-19\/","title":{"rendered":"Informe Sesi\u00f3n Ordinaria de fecha 21-05-19"},"content":{"rendered":"<p>El Honorable Concejo Deliberante de Tornquist se reuni\u00f3 en Sesi\u00f3n ordinaria este martes a partir de la hora 20 para tratar:<br \/>\nPor ausencia del Presidente del Honorable Concejo Deliberante Concejal Gustavo Moroncini, preside esta Sesi\u00f3n la Vicepresidente 1\u00ba, Concejal Laura Rosatelli. Al comienzo de la Sesi\u00f3n Ordinaria, realiza el juramento de rigor el Concejal Suplente Ra\u00fal C\u00e9sar Salerno, en reemplazo del Concejal Moroncini. <!--more--><br \/>\nComunicaciones Oficiales y dict\u00e1menes de las Comisiones:<br \/>\nExpte. N\u00ba 05854-303634 7\/2019 000: \u201cDirecci\u00f3n General de Cultura y Educaci\u00f3n: Solicitud de inmueble para Huerta Comunitaria\u201d.<br \/>\nSe solicita tratamiento sobre Tablas.<br \/>\nSe aprueba por unanimidad enviar el mismo al Departamento Ejecutivo para que por el \u00e1rea de Catastro se adjunte nomenclatura catastral, medidas y superficie del bien que se solicita.-<br \/>\nExpte. N\u00ba 067\/19: \u201cD.E. \u2013 Registro Especial de Mayores Contribuyentes A\u00f1o 2019\u201d.<br \/>\nExpediente que pasa a las Comisiones de Asuntos Municipales e Interpretaci\u00f3n y Reglamento.<br \/>\nExpte. N\u00ba 081\/19: \u201cD.E. \u2013 Secretar\u00eda de Turismo \u2013 Proyecto de Ordenanza: Declaratoria de Patrimonio Hist\u00f3rico Municipal cuatro bases de vagones pertenecientes al \u201cTrochita Angosta Sierra de la Ventana\u201d\u201d.<br \/>\nSe solicita tratamiento sobre Tablas.<br \/>\nSe aprueba por unanimidad la Ordenanza bajo el N\u00ba 3137\/19 por la que se declara Patrimonio Hist\u00f3rico Municipal las cuatro bases de vagones correspondientes a la Trochita Angosta. El Departamento Ejecutivo junto con la asociaci\u00f3n Civil Trochita Sierra de la Ventana, han firmado un convenio donde se comprometieron a realizar las restauraciones de dichos vagones, ubicados en el predio del centro cultural de Sierra de la Ventana. Se solicita a la Direcci\u00f3n de Museos, Monumentos y Sitios Hist\u00f3ricos de la Provincia de Buenos Aires, act\u00faen en la misma direcci\u00f3n. Prohibe toda supresi\u00f3n o reforma que pudiera afectar el valor cultural de dichas ruinas.<br \/>\nExpte. N\u00ba 082\/19: \u201cD.E. \u2013 Convalida la firma del Contrato de Locaci\u00f3n celebrado entre la Sra. Silvia Mabel Guieu y el Municipio de Tornquist &#8211;  inmueble V. Picado N\u00ba 111\u201d.<br \/>\nPasa a las Comisiones de Interpretaci\u00f3n y Reglamento, y Presupuesto y Hacienda.<br \/>\nExpte. N\u00ba 7108\/19: \u201cN.P. &#8211;  Alejandro Aiello: Solicita autorizaci\u00f3n incremento tarifas del transporte de l\u00ednea urbana Saldungaray \u2013 Tornquist\u201d.<br \/>\nPasa a la Comisi\u00f3n de Asuntos Municipales.<br \/>\nExpte. N\u00ba 046\/19: \u201cD.E. &#8211;  Cierre Ejercicio 2018\u201d.<br \/>\nEste Expediente tiene dos dict\u00e1menes:<br \/>\nEl primero dice:<br \/>\n\u201cLas Comisiones de PRESUPUESTO Y HACIENDA (en mayor\u00eda), INTERPRETACI\u00d3N Y REGLAMENTO (en mayor\u00eda) Y ASUNTOS MUNICIPALES (en minor\u00eda) habiendo analizado el Expte. N\u00ba 046\/19, y teniendo en cuenta las variables econ\u00f3micas nacionales, la situaci\u00f3n municipal en el a\u00f1o 2018 ha sido favorable, el d\u00f3lar el 1 de Enero de 2018 era de $ 18,73 y el 31 de Diciembre de 2018 fue de $ 39,23, un aumento del 109 %, y la inflaci\u00f3n anual fue del 50 %.<br \/>\nEl exceso presupuestario sin posibilidad de compensaci\u00f3n ha sido inferior al 1,5 % de los ingresos percibidos en el a\u00f1o.<br \/>\nLos mayores gastos han sido en el \u00e1rea de Salud y Obra P\u00fablica, reflejando la pol\u00edtica prioritaria en salud e infraestructura, necesaria para un desarrollo distrital sostenible.<br \/>\nPor todo lo expuesto, se aconseja aprobar el Proyecto de Resoluci\u00f3n obrante a fs. 2 y el Proyecto de Ordenanza obrante a fs. 3 con sus Anexos\u201d.<br \/>\nEl segundo dice:<br \/>\n\u201cLas Comisiones de ASUNTOS MUNICIPALES en mayor\u00eda, PRESUPUESTO Y HACIENDA en minor\u00eda, e INTERPRETACI\u00d3N Y REGLAMENTO en minor\u00eda, habiendo analizado el expediente N\u00b0046\/19 aconsejan no aprobar el mismo. Los fundamentos surgen mayoritariamente de nuestros dict\u00e1menes durante el a\u00f1o legislativo 2018, de las sesiones donde se trataron los temas, a saber:<br \/>\n&#8211; Derecho de Construcci\u00f3n: el 6 de Noviembre de 2018 se aprob\u00f3 por mayor\u00eda la ordenanza 3093\/18 la cu\u00e1l convalida el convenio firmado entre el municipio y la empresa Energ\u00e9tica Argentina S.A.(EASA), titular del proyecto e\u00f3lico denominado \u201cEnerg\u00e9tica I\u201d y la ordenanza 3092\/18, que convalida la firma del convenio celebrado entre Luz de Tres Picos S.A.(LTP) titular del proyecto e\u00f3lico denominado \u201cSan Jorge y el Mataco\u201d.<br \/>\nCon respecto a la empresa Energ\u00e9tica Argentina S.A. en el Anexo A del convenio firmado figura la inversi\u00f3n Total de la obra que asciende a U$S 120.194.823, con un tipo de cambio de $38 AR$\/U$S dar\u00eda una inversi\u00f3n final de $4.567.403.274 y; aplicando la ordenanza 3040\/18, la cual en su art\u00edculo 3 dice \u201cARTICULO 3\u00b0 Incorp\u00f3rese a continuaci\u00f3n del Art\u00edculo 212\u00b0, como Art\u00edculo 212\u00b0 bis, correspondiente a la Tasa por Derechos de Construcci\u00f3n, el siguiente texto: \u201cArt\u00edculo 212\u00b0 bis: Para el caso de obras vinculadas a la actividad  \u201c05-Parques e\u00f3licos, parques solares, sistemas de biog\u00e1s o similares\u201d y para otras obras de infraestructura, f\u00e1bricas o industrias, les corresponder\u00e1 tributar sobre la valuaci\u00f3n, para lo cual se aplicar\u00e1 por \u00fanica vez como al\u00edcuota el 2% (2\/100) del total de la inversi\u00f3n final requerida para afrontar la totalidad de la obra. El pago de esta tasa podr\u00e1 financiarse mediante un plan de pago a definir por el D.E. y para su c\u00e1lculo la empresa deber\u00e1 presentar previamente una declaraci\u00f3n jurada firmada indicando el valor de la inversi\u00f3n a realizar con su correspondiente desglose de materiales y servicios.\u201d da un importe a pagar de $91.348.065 y NO de $20.000.000 como se les cobr\u00f3 a dicha empresa.<br \/>\nEn relaci\u00f3n  a la empresa Luz de Tres Picos S.A. dicha empresa no presenta la documentaci\u00f3n completa indicando el valor total de la inversi\u00f3n a realizar con su correspondiente desglose de materiales y servicios, como se solicita en el Art.3 de la Ordenanza 3040\/18, entre otras cosas por ejemplo el valor de los aerogeneradores. Por lo que por nota del d\u00eda 14\/05 hemos solicitado a la contadora Municipal nos env\u00ede la declaraci\u00f3n jurada por parte de la empresa de la inversi\u00f3n total a realizar. La respuesta recibida no fue lo solicitado, por ello se reiter\u00f3 el pedido mediante nota enviada al secretario de Gobierno y Hacienda Sr. Ezequiel Gabella; sin recibir respuesta.<br \/>\n Viendo que la empresa EASA para realizar un proyecto e\u00f3lico de 100MW declara una inversi\u00f3n Total de $4.567.403.274 (U$S 120.194.823), es imposible que la empresa LTP para realizar un proyecto e\u00f3lico de 200 MW declare solamente una inversi\u00f3n de $2.001.213.232 (U$S 52.663.506)<br \/>\n Con respecto a lo anteriormente nombrado, el Intendente Municipal Sergio Bordoni en una nota con fecha 26 de noviembre de 2018 al medio La Nueva declara que \u201chizo lugar al principal reclamo de las empresas, que le exig\u00edan no pagar tributos por los componentes importados de su inversi\u00f3n. Como los aerogeneradores y palas que vendr\u00e1n desde B\u00e9lgica y Holanda, ellos ya pagan impuestos all\u00e1. Nos pareci\u00f3 razonable el reclamo, as\u00ed que dispusimos cobrar s\u00f3lo por aquello que se haga en nuestro pa\u00eds\u201d. (Cosa que NO contempla la Ordenanza 3040\/18 y difiere a la informaci\u00f3n entregada por la empresa PCR en folleter\u00eda durante la presentaci\u00f3n realizada en el Teatro Municipal Rodolfo Funke el 15 de mayo de 2018. Donde destacaba que el 89% de los componentes eran nacionales)<br \/>\n\u201cEsto nos daba, en el caso de PCR, que deb\u00edan pagar unos 24 millones de pesos por parque. Entonces les dimos dos opciones: abonar todo de inmediato, con una quita de 4 millones por parque; o pagar la mitad ahora y el resto en cuota hasta terminar la obra. Eligieron la primera opci\u00f3n\u201d<br \/>\nEstas declaraciones evidencian que no se ha cumplido con nada de lo que establece  la ordenanza 3040\/18, actuando como si se tratara de una empresa privada realizando acuerdos y no del Estado, el cual tiene que respetar las normativas vigentes.<br \/>\nAdem\u00e1s, cabe aclarar que a dichas empresas tambi\u00e9n se le han otorgado beneficios impositivos, por medio de la Ordenanzas  N\u00b0 3092\/18 y 3093\/18 sin haber adherido  nuestro Municipio a la ley provincial N\u00b014838.<br \/>\nAnexamos (Ordenanza 3040\/18, nota La Nueva, Expte N\u00b0  333\/18, Expte N\u00b0 334\/18, copia anexo A de dichos expedientes, nota  enviada al Secretario de Gobierno y Hacienda Sr. Ezequiel Gabella, sin respuesta).<br \/>\n&#8211;\tVemos un gasto exagerado debido a que se ha producido un exceso de $109.262.577,19, lo que deja en evidencia la p\u00e9sima administraci\u00f3n de los recursos de todos nuestros vecinos.<br \/>\n&#8211;\tSe observa una notable disminuci\u00f3n en la cobrabilidad de Alumbrado, Barrido y Limpieza d\/ej., recurso estimado era de $40.000.000 y solo se percibi\u00f3 $29.789.030. Diferencia de $10.210.969.<br \/>\n&#8211;\tTambi\u00e9n se observa una notable disminuci\u00f3n en la cobrabilidad de Servicios sanitarios d\/ej., recurso estimado era de $13.500.000 y solo se percibi\u00f3 $9.398.988. Diferencia de $4.101.011<br \/>\n&#8211;\tSe observa que la deuda flotante fue de $28.143.612,89  muy superior a lo presupuestado para el  2019, que fue de $14.900.000.<br \/>\n&#8211;\tEn el cierre de ejercicio 2017, se observ\u00f3 que el municipio no hab\u00eda realizado la escritura de las tierras adquiridas en la localidad de Tornquist, las cuales fueron abonadas en su totalidad el d\u00eda 14 de septiembre de 2017.Finalizado el cierre 2018, todav\u00eda no se cuenta con la misma.<br \/>\n&#8211;\tHemos observado que los fondos afectados de la cuenta Ampliaci\u00f3n de potencia y renovaci\u00f3n de la Red el\u00e9ctrica de $ 20.000.000, han sido utilizados para otros fines, perdiendo en estos  tres a\u00f1os, el valor real, quedando cada vez m\u00e1s lejos de poder concretar la obra\u201d.<br \/>\nSe aprueba por mayor\u00eda (votaci\u00f3n 7 a 5) la Ordenanza con el N\u00ba 3136\/19 por la que se compensan los  excesos de cr\u00e9dito presupuestario producidos al 31 de Diciembre de 2018, conforme al siguiente detalle:<br \/>\nExcesos del Presupuesto de Gastos\tF.F. 110\t(Anexo I)\t-$ 100.984.836,92<br \/>\nTOTAL EXCESOS\t-$ 100.984.836,92<br \/>\nPara permitir la compensaci\u00f3n dispuesta se aplicar\u00e1n los conceptos que se indican a continuaci\u00f3n:<br \/>\nSuper\u00e1vit de Recaudaci\u00f3n Ordinaria\tF.F. 110\t(Anexo II)\t$ 100.984.836,92<br \/>\nTOTAL ECONOM\u00cdAS\t$ 100.984.836,92<br \/>\nConval\u00eddense los excesos presupuestarios de fuente de financiamiento 110 producidos al 31 de diciembre de 2018 que no tienen posibilidad de compensaci\u00f3n, de acuerdo a lo que establece el art\u00edculo 32\u00ba de la Ley Provincial Nro.15.078.-<br \/>\nSe aprueba por mayor\u00eda (votaci\u00f3n 7 a 5) la Resoluci\u00f3n con el N\u00ba 08\/19 por la que se aprueba la compensaci\u00f3n de excesos del Presupuesto de Gastos del ejercicio 2018, solicitada por el Departamento Ejecutivo en el proyecto de Ordenanza agregado al Expediente N\u00ba 046\/19, remiti\u00e9ndose el mismo al HONORABLE TRIBUNAL DE CUENTAS, a los fines legales correspondientes.<br \/>\nSe aprueban las Cuentas del Ejercicio 2018, quedando las mismas y su documentaci\u00f3n a disposici\u00f3n del HONORABLE TRIBUNAL DE CUENTAS.<br \/>\nExpte. N\u00ba 068\/19: \u201cModificaci\u00f3n C\u00f3digo Tributario Municipal Tasa por Inspecci\u00f3n Seguridad e Higiene\u201d.<br \/>\nSe aprueba por unanimidad el dictamen de las Comisiones de ASUNTOS MUNICIPALES  INTERPRETACI\u00d3N Y REGLAMENTO Y PRESUPUESTO Y HACIENDA que aconseja enviar el mismo al Departamento Ejecutivo para que se realicen las modificaciones pertinentes al Proyecto de Ordenanza, seg\u00fan lo acordado en la reuni\u00f3n con los prestadores tur\u00edsticos el d\u00eda 3 de Abril de 2019.-<br \/>\nExpte. N\u00ba 7054\/18: \u201cN.P. \u2013 Cooperativa Permacol\u00f3gica de Villa Ventana: Ref. Cooperativa de Trabajo en Villa Ventana para desarrollo de Huerta Comunitaria\u201d.<br \/>\nDe acuerdo al dictamen de las Comisiones de ASUNTOS MUNICIPALES, OBRAS P\u00daBLICAS, ECOLOG\u00cdA Y MEDIO AMBIENTE Y PRODUCCI\u00d3N COMERCIO E INDUSTRIA se aprueba por unanimidad la Resoluci\u00f3n con el N\u00ba 09\/19 por la que se declara de Inter\u00e9s Municipal el Proyecto denominado \u201cHuerto Creciente &#8211; Cooperativa Permacol\u00f3gica de Villa Ventana\u201d. Se adjunta la presente al Expedientes                                                      N\u00b0 05854-303634 7\/2019 000 de la Direcci\u00f3n General de Escuelas y Educaci\u00f3n.-<br \/>\nExpte. N\u00ba 7110\/19: \u201cBloque Cambiemos Bs. As. \u2013 Proyecto de Ordenanza: Adhesi\u00f3n de la Municipalidad de Tornquist a la Ley Provincial N\u00ba 13074 y sus modificatorias, ref. creaci\u00f3n Registro de Deudores Alimentarios Morosos\u201d.<br \/>\nSe aprueba por unanimidad el dictamen de las Comisiones de INTERPRETACI\u00d3N Y REGLAMENTO Y ASUNTOS MUNICIPALES  que aconseja  enviar el mismo al \u00e1rea de Legales para que se expida al respecto.-<br \/>\nExpte. N\u00ba 7111\/19: \u201cBloques F.P.V. y F.J.C. \u2013 Proyecto de Resoluci\u00f3n: Ref. situaci\u00f3n que atraviesa el C.P.A. Tornquist\u201d.<br \/>\nSe aprueba por unanimidad el dictamen de las Comisiones de ASUNTOS MUNICIPALES, PRESUPUESTO Y HACIENDA Y SALUD P\u00daBLICA  que aconseja enviar el mismo al Departamento Ejecutivo para que se d\u00e9 respuesta por el \u00e1rea que corresponde a lo planteado en el Proyecto.-<br \/>\nExpte. N\u00ba 7112\/19: \u201cN.P. \u2013 Aero Club Saldungaray: Solicita colaboraci\u00f3n para realizar mejoras en la instituci\u00f3n\u201d.<br \/>\nSe aprueba por unanimidad el dictamen de la Comisi\u00f3n de ASUNTOS MUNICIPALES que aconseja enviar el mismo al \u00e1rea de Defensa Civil, para que se expida sobre lo solicitado por la instituci\u00f3n.-<br \/>\nExpte. N\u00ba 7113\/19: \u201cN.P. \u2013 Clarisa Lunansky y Gabriela Miller: Solicitan se declare de Inter\u00e9s Municipal el evento denominado \u201cPrimer Encuentro de Yoga en Sierra de la Ventana\u201d\u201d.<br \/>\nSeg\u00fan el dictamen de las Comisiones de ASUNTOS MUNICIPALES Y SALUD P\u00daBLICA  se aprueba por unanimidad la Resoluci\u00f3n con el N\u00ba 10\/19 por la que se declara de Inter\u00e9s Municipal el evento denominado \u201cPrimer Encuentro de Yoga en Sierra de la Ventana\u201d a realizarse el d\u00eda 23 de junio del corriente a\u00f1o en el Centro Cultural de Sierra de la Ventana. Se env\u00eda copia  de la presente a las Sras. Gabriela Miller y Clarisa Lunansky, Profesoras Formadoras de Yoga Integral.-<br \/>\nProyectos Presentados:<br \/>\nBloque Cambiemos Buenos Aires- Proyecto de Resoluci\u00f3n: Adhiere en  todos sus t\u00e9rminos al Proyecto de Resoluci\u00f3n, Expediente N\u00ba 1347\/19-20, presentado el 3 de mayo de 2019 por el Bloque Cambiemos Bs. As. en la Honorable C\u00e1mara de Diputados de la Provincia de Buenos Aires, que busca otorgar un reconocimiento simb\u00f3lico y homenajear a nuestros ex combatientes, por haber participado en la Guerra de 1982 por la recuperaci\u00f3n de las Islas Malvinas.-<br \/>\nSe solicita formaci\u00f3n de Expediente y pase a Comisi\u00f3n.<br \/>\nBloque Cambiemos Buenos Aires- Proyecto de Resoluci\u00f3n: Solicita al Vicegobernador y Presidente de la C\u00e1mara de Senadores de la Provincia de Buenos Aires y al Presidente de la C\u00e1mara de Diputados de la Provincia de Buenos Aires la pr\u00f3rroga de la Ley 12323 y modificatorias, cuya ampliaci\u00f3n vence el 31 de diciembre de 2019, que otorga los beneficios impositivos establecidos por dicha Ley en cuatro Distritos del sudoeste bonaerense por encontrarse dentro de la Zona Austral Desfavorable.<br \/>\nSe solicita formaci\u00f3n de Expediente y pase a Comisi\u00f3n.<br \/>\nBloque Cambiemos Buenos Aires- Proyecto de Ordenanza: Adhesi\u00f3n a la Ley N\u00ba 15000 que regula el sistema de Declaraciones Juradas Patrimoniales de los funcionarios y agentes del sector p\u00fablico de la Provincia de Buenos Aires.<br \/>\nSe solicita formaci\u00f3n de Expediente y pase a Comisi\u00f3n.-<br \/>\nAsuntos Particulares<br \/>\nN.P. Noelia Baier: Solicita renovar la licencia al cargo de Concejal desde el 1\u00ba de junio hasta el 10 de diciembre del corriente a\u00f1o.<br \/>\nSe aprueba por unanimidad la licencia solicitada.<br \/>\nN.P. Sergio Norberto Marto: Hace reclamo en referencia a Cannon sobre varios servicios de publicidad radial o virtual.<br \/>\nSe solicita tratamiento sobre Tablas.<br \/>\nSe forma el Expediente N\u00ba 7115\/19 y se aprueba por unanimidad enviar el mismo al Departamento Ejecutivo a fin de que por el \u00e1rea que corresponda se d\u00e9 respuesta  a lo solicitado.-<br \/>\nN.P. Noel\u00ed Kloster, Directora de Cultura: Solicita se declare de Inter\u00e9s Cultural el Proyecto \u201c12 km kil\u00f3metros\u201d de Mar\u00eda Soledad Laici.<br \/>\nSe solicita tratamiento sobre Tablas.<br \/>\nSe forma el Expediente N\u00ba 7114\/19 y se aprueba por unanimidad la Resoluci\u00f3n N\u00ba 11\/19 por la que se declara de Inter\u00e9s Cultural el Proyecto Titulado \u201c12 Kil\u00f3metros\u201d de M. Soledad Laici, ganador del Concurso \u201cHistorias breves 2017 del INCAA.\u201d Se env\u00eda copia a la Directora de Cultura de la Municipalidad de Tornquist  Sra. Noeli M. de Kloster, al Productor de la Obra Mariano Fern\u00e1ndez y a la Autora del Proyecto, Sra. M. Soledad Laici.<br \/>\nN.P. Ricardo Dorasio Establecimiento Rural Sierras Grandes-  Sierra de la Ventana: Solicitan renovar la eximici\u00f3n del 70% de la tasa por Conservaci\u00f3n, Reparaci\u00f3n y Mejorado de la Red Vial, a la superficie definida con la nomenclatura catastral: CIRCUNSCRIPCI\u00d3N VII, PARCELA 501, PARTIDA N\u00ba 424, correspondiente a la Reserva Natural Privada Sierras Grandes, por el per\u00edodo 2019. Cabe destacar que en el a\u00f1o 2017, este Concejo Deliberante produjo la Ordenanza N\u00ba 2984\/17 y la Intendencia acompa\u00f1\u00f3 por medio de su promulgaci\u00f3n por el Decreto N\u00ba 1021\/17.<br \/>\nSe solicita formaci\u00f3n de Expediente y pase a Comisi\u00f3n.<br \/>\nN.P. Asociaci\u00f3n Cooperadora de la Unidad Sanitaria de Villa Ventana: Solicita se declare de Inter\u00e9s Municipal  la \u201cXI CARRERA AVENTURA, CAMINATA AER\u00d3BICA DE SALUD Y SOLIDARIA\u201d que organiza la Asociaci\u00f3n Cooperadora de la Unidad Sanitaria de Villa Ventana, la cual se llevar\u00e1 a cabo el d\u00eda 10 de noviembre del corriente a\u00f1o.-<br \/>\nSe solicita formaci\u00f3n de Expediente y pase a Comisi\u00f3n.<br \/>\nN.P. Profesora Mar\u00eda Rosa Gonz\u00e1lez, Inspectora Jefe Distrital Tornquist: Remite respuesta en referencia al Expediente N\u00ba 7086\/18 caratulado \u201cN.P. Referentes Gremios Docentes locales- Solicitan explicaciones a autoridades educativas sobre aplicaci\u00f3n reforma para la Educaci\u00f3n T\u00e9cnica y Agraria para el a\u00f1o 2019\u201d.-<br \/>\nHONORABLE CONCEJO DELIBERANTE<\/p>\n","protected":false},"excerpt":{"rendered":"<p>El Honorable Concejo Deliberante de Tornquist se reuni\u00f3 en Sesi\u00f3n ordinaria este martes a partir de la hora 20 para tratar: Por ausencia del Presidente del Honorable Concejo Deliberante Concejal Gustavo Moroncini, preside esta Sesi\u00f3n la Vicepresidente 1\u00ba, Concejal Laura Rosatelli. Al comienzo de la Sesi\u00f3n Ordinaria, realiza el juramento de rigor el Concejal Suplente [&hellip;]<\/p>\n","protected":false},"author":3,"featured_media":0,"comment_status":"closed","ping_status":"open","sticky":false,"template":"","format":"standard","meta":{"footnotes":""},"categories":[28],"tags":[],"class_list":["post-31584","post","type-post","status-publish","format-standard","hentry","category-municipales"],"yoast_head":"<!-- This site is optimized with the Yoast SEO plugin v25.9 - https:\/\/yoast.com\/wordpress\/plugins\/seo\/ -->\n<title>Informe Sesi\u00f3n Ordinaria de fecha 21-05-19 - Noticias Radio Reflejos<\/title>\n<meta name=\"robots\" content=\"index, follow, max-snippet:-1, max-image-preview:large, max-video-preview:-1\" \/>\n<link rel=\"canonical\" href=\"https:\/\/www.noticiasradioreflejos.com.ar\/2021\/informe-sesion-ordinaria-de-fecha-21-05-19\/\" \/>\n<meta property=\"og:locale\" content=\"es_ES\" \/>\n<meta property=\"og:type\" content=\"article\" \/>\n<meta property=\"og:title\" content=\"Informe Sesi\u00f3n Ordinaria de fecha 21-05-19 - Noticias Radio Reflejos\" \/>\n<meta property=\"og:description\" content=\"El Honorable Concejo Deliberante de Tornquist se reuni\u00f3 en Sesi\u00f3n ordinaria este martes a partir de la hora 20 para tratar: Por ausencia del Presidente del Honorable Concejo Deliberante Concejal Gustavo Moroncini, preside esta Sesi\u00f3n la Vicepresidente 1\u00ba, Concejal Laura Rosatelli. Al comienzo de la Sesi\u00f3n Ordinaria, realiza el juramento de rigor el Concejal Suplente [&hellip;]\" \/>\n<meta property=\"og:url\" content=\"https:\/\/www.noticiasradioreflejos.com.ar\/2021\/informe-sesion-ordinaria-de-fecha-21-05-19\/\" \/>\n<meta property=\"og:site_name\" content=\"Noticias Radio Reflejos\" \/>\n<meta property=\"article:published_time\" content=\"2019-05-23T16:10:16+00:00\" \/>\n<meta property=\"og:image\" content=\"https:\/\/www.noticiasradioreflejos.com.ar\/2021\/wp-content\/uploads\/2021\/07\/logosol300x200.png\" \/>\n\t<meta property=\"og:image:width\" content=\"300\" \/>\n\t<meta property=\"og:image:height\" content=\"200\" \/>\n\t<meta property=\"og:image:type\" content=\"image\/png\" \/>\n<meta name=\"author\" content=\"Arnaldo Botto\" \/>\n<meta name=\"twitter:card\" content=\"summary_large_image\" \/>\n<script type=\"application\/ld+json\" class=\"yoast-schema-graph\">{\"@context\":\"https:\/\/schema.org\",\"@graph\":[{\"@type\":\"WebPage\",\"@id\":\"https:\/\/www.noticiasradioreflejos.com.ar\/2021\/informe-sesion-ordinaria-de-fecha-21-05-19\/\",\"url\":\"https:\/\/www.noticiasradioreflejos.com.ar\/2021\/informe-sesion-ordinaria-de-fecha-21-05-19\/\",\"name\":\"Informe Sesi\u00f3n Ordinaria de fecha 21-05-19 - Noticias Radio Reflejos\",\"isPartOf\":{\"@id\":\"https:\/\/www.noticiasradioreflejos.com.ar\/2021\/#website\"},\"datePublished\":\"2019-05-23T16:10:16+00:00\",\"author\":{\"@id\":\"https:\/\/www.noticiasradioreflejos.com.ar\/2021\/#\/schema\/person\/ad82545263dcc5ec0996818884fd5fb1\"},\"breadcrumb\":{\"@id\":\"https:\/\/www.noticiasradioreflejos.com.ar\/2021\/informe-sesion-ordinaria-de-fecha-21-05-19\/#breadcrumb\"},\"inLanguage\":\"es\",\"potentialAction\":[{\"@type\":\"ReadAction\",\"target\":[\"https:\/\/www.noticiasradioreflejos.com.ar\/2021\/informe-sesion-ordinaria-de-fecha-21-05-19\/\"]}]},{\"@type\":\"BreadcrumbList\",\"@id\":\"https:\/\/www.noticiasradioreflejos.com.ar\/2021\/informe-sesion-ordinaria-de-fecha-21-05-19\/#breadcrumb\",\"itemListElement\":[{\"@type\":\"ListItem\",\"position\":1,\"name\":\"Portada\",\"item\":\"https:\/\/www.noticiasradioreflejos.com.ar\/2021\/\"},{\"@type\":\"ListItem\",\"position\":2,\"name\":\"Informe Sesi\u00f3n Ordinaria de fecha 21-05-19\"}]},{\"@type\":\"WebSite\",\"@id\":\"https:\/\/www.noticiasradioreflejos.com.ar\/2021\/#website\",\"url\":\"https:\/\/www.noticiasradioreflejos.com.ar\/2021\/\",\"name\":\"Noticias Radio Reflejos\",\"description\":\"Las noticias de mi comarca\",\"potentialAction\":[{\"@type\":\"SearchAction\",\"target\":{\"@type\":\"EntryPoint\",\"urlTemplate\":\"https:\/\/www.noticiasradioreflejos.com.ar\/2021\/?s={search_term_string}\"},\"query-input\":{\"@type\":\"PropertyValueSpecification\",\"valueRequired\":true,\"valueName\":\"search_term_string\"}}],\"inLanguage\":\"es\"},{\"@type\":\"Person\",\"@id\":\"https:\/\/www.noticiasradioreflejos.com.ar\/2021\/#\/schema\/person\/ad82545263dcc5ec0996818884fd5fb1\",\"name\":\"Arnaldo Botto\",\"image\":{\"@type\":\"ImageObject\",\"inLanguage\":\"es\",\"@id\":\"https:\/\/www.noticiasradioreflejos.com.ar\/2021\/#\/schema\/person\/image\/\",\"url\":\"https:\/\/secure.gravatar.com\/avatar\/55cb5e37c1efa326397366e6974cb338056df65cb50e7d64d1cf314e87504837?s=96&d=mm&r=g\",\"contentUrl\":\"https:\/\/secure.gravatar.com\/avatar\/55cb5e37c1efa326397366e6974cb338056df65cb50e7d64d1cf314e87504837?s=96&d=mm&r=g\",\"caption\":\"Arnaldo Botto\"},\"url\":\"https:\/\/www.noticiasradioreflejos.com.ar\/2021\/author\/arnaldo\/\"}]}<\/script>\n<!-- \/ Yoast SEO plugin. -->","yoast_head_json":{"title":"Informe Sesi\u00f3n Ordinaria de fecha 21-05-19 - Noticias Radio Reflejos","robots":{"index":"index","follow":"follow","max-snippet":"max-snippet:-1","max-image-preview":"max-image-preview:large","max-video-preview":"max-video-preview:-1"},"canonical":"https:\/\/www.noticiasradioreflejos.com.ar\/2021\/informe-sesion-ordinaria-de-fecha-21-05-19\/","og_locale":"es_ES","og_type":"article","og_title":"Informe Sesi\u00f3n Ordinaria de fecha 21-05-19 - Noticias Radio Reflejos","og_description":"El Honorable Concejo Deliberante de Tornquist se reuni\u00f3 en Sesi\u00f3n ordinaria este martes a partir de la hora 20 para tratar: Por ausencia del Presidente del Honorable Concejo Deliberante Concejal Gustavo Moroncini, preside esta Sesi\u00f3n la Vicepresidente 1\u00ba, Concejal Laura Rosatelli. Al comienzo de la Sesi\u00f3n Ordinaria, realiza el juramento de rigor el Concejal Suplente [&hellip;]","og_url":"https:\/\/www.noticiasradioreflejos.com.ar\/2021\/informe-sesion-ordinaria-de-fecha-21-05-19\/","og_site_name":"Noticias Radio Reflejos","article_published_time":"2019-05-23T16:10:16+00:00","og_image":[{"width":300,"height":200,"url":"https:\/\/www.noticiasradioreflejos.com.ar\/2021\/wp-content\/uploads\/2021\/07\/logosol300x200.png","type":"image\/png"}],"author":"Arnaldo Botto","twitter_card":"summary_large_image","schema":{"@context":"https:\/\/schema.org","@graph":[{"@type":"WebPage","@id":"https:\/\/www.noticiasradioreflejos.com.ar\/2021\/informe-sesion-ordinaria-de-fecha-21-05-19\/","url":"https:\/\/www.noticiasradioreflejos.com.ar\/2021\/informe-sesion-ordinaria-de-fecha-21-05-19\/","name":"Informe Sesi\u00f3n Ordinaria de fecha 21-05-19 - Noticias Radio Reflejos","isPartOf":{"@id":"https:\/\/www.noticiasradioreflejos.com.ar\/2021\/#website"},"datePublished":"2019-05-23T16:10:16+00:00","author":{"@id":"https:\/\/www.noticiasradioreflejos.com.ar\/2021\/#\/schema\/person\/ad82545263dcc5ec0996818884fd5fb1"},"breadcrumb":{"@id":"https:\/\/www.noticiasradioreflejos.com.ar\/2021\/informe-sesion-ordinaria-de-fecha-21-05-19\/#breadcrumb"},"inLanguage":"es","potentialAction":[{"@type":"ReadAction","target":["https:\/\/www.noticiasradioreflejos.com.ar\/2021\/informe-sesion-ordinaria-de-fecha-21-05-19\/"]}]},{"@type":"BreadcrumbList","@id":"https:\/\/www.noticiasradioreflejos.com.ar\/2021\/informe-sesion-ordinaria-de-fecha-21-05-19\/#breadcrumb","itemListElement":[{"@type":"ListItem","position":1,"name":"Portada","item":"https:\/\/www.noticiasradioreflejos.com.ar\/2021\/"},{"@type":"ListItem","position":2,"name":"Informe Sesi\u00f3n Ordinaria de fecha 21-05-19"}]},{"@type":"WebSite","@id":"https:\/\/www.noticiasradioreflejos.com.ar\/2021\/#website","url":"https:\/\/www.noticiasradioreflejos.com.ar\/2021\/","name":"Noticias Radio Reflejos","description":"Las noticias de mi comarca","potentialAction":[{"@type":"SearchAction","target":{"@type":"EntryPoint","urlTemplate":"https:\/\/www.noticiasradioreflejos.com.ar\/2021\/?s={search_term_string}"},"query-input":{"@type":"PropertyValueSpecification","valueRequired":true,"valueName":"search_term_string"}}],"inLanguage":"es"},{"@type":"Person","@id":"https:\/\/www.noticiasradioreflejos.com.ar\/2021\/#\/schema\/person\/ad82545263dcc5ec0996818884fd5fb1","name":"Arnaldo Botto","image":{"@type":"ImageObject","inLanguage":"es","@id":"https:\/\/www.noticiasradioreflejos.com.ar\/2021\/#\/schema\/person\/image\/","url":"https:\/\/secure.gravatar.com\/avatar\/55cb5e37c1efa326397366e6974cb338056df65cb50e7d64d1cf314e87504837?s=96&d=mm&r=g","contentUrl":"https:\/\/secure.gravatar.com\/avatar\/55cb5e37c1efa326397366e6974cb338056df65cb50e7d64d1cf314e87504837?s=96&d=mm&r=g","caption":"Arnaldo Botto"},"url":"https:\/\/www.noticiasradioreflejos.com.ar\/2021\/author\/arnaldo\/"}]}},"_links":{"self":[{"href":"https:\/\/www.noticiasradioreflejos.com.ar\/2021\/wp-json\/wp\/v2\/posts\/31584","targetHints":{"allow":["GET"]}}],"collection":[{"href":"https:\/\/www.noticiasradioreflejos.com.ar\/2021\/wp-json\/wp\/v2\/posts"}],"about":[{"href":"https:\/\/www.noticiasradioreflejos.com.ar\/2021\/wp-json\/wp\/v2\/types\/post"}],"author":[{"embeddable":true,"href":"https:\/\/www.noticiasradioreflejos.com.ar\/2021\/wp-json\/wp\/v2\/users\/3"}],"replies":[{"embeddable":true,"href":"https:\/\/www.noticiasradioreflejos.com.ar\/2021\/wp-json\/wp\/v2\/comments?post=31584"}],"version-history":[{"count":0,"href":"https:\/\/www.noticiasradioreflejos.com.ar\/2021\/wp-json\/wp\/v2\/posts\/31584\/revisions"}],"wp:attachment":[{"href":"https:\/\/www.noticiasradioreflejos.com.ar\/2021\/wp-json\/wp\/v2\/media?parent=31584"}],"wp:term":[{"taxonomy":"category","embeddable":true,"href":"https:\/\/www.noticiasradioreflejos.com.ar\/2021\/wp-json\/wp\/v2\/categories?post=31584"},{"taxonomy":"post_tag","embeddable":true,"href":"https:\/\/www.noticiasradioreflejos.com.ar\/2021\/wp-json\/wp\/v2\/tags?post=31584"}],"curies":[{"name":"wp","href":"https:\/\/api.w.org\/{rel}","templated":true}]}}