{"id":31582,"date":"2019-05-23T13:02:22","date_gmt":"2019-05-23T16:02:22","guid":{"rendered":"http:\/\/www.noticiasradioreflejos.com.ar\/noticias\/?p=31582"},"modified":"2019-05-23T13:02:22","modified_gmt":"2019-05-23T16:02:22","slug":"atencion-jovenes-entre-16-y-18-anos-hasta-el-29-de-mayo-pueden-reclamar-si-no-fueron-incluidos-en-el-padron-electoral","status":"publish","type":"post","link":"https:\/\/www.noticiasradioreflejos.com.ar\/2021\/atencion-jovenes-entre-16-y-18-anos-hasta-el-29-de-mayo-pueden-reclamar-si-no-fueron-incluidos-en-el-padron-electoral\/","title":{"rendered":"Atenci\u00f3n j\u00f3venes entre 16 y 18 a\u00f1os: hasta el 29 de mayo pueden reclamar si no fueron incluidos en el padr\u00f3n electoral"},"content":{"rendered":"<p>La Direcci\u00f3n de Juventud municipal informa a los j\u00f3venes que tengan entre 16 y 18 a\u00f1os que, en caso de no figurar en el padr\u00f3n electoral, tienen tiempo hasta el 29 del corriente mes para hacer el reclamo correspondiente. Cabe aclarar que todos los j\u00f3venes que cumplan 16 a\u00f1os antes del 27 de octubre poden figurar en el padr\u00f3n.<!--more--><br \/>\nLas consultas pueden hacerse online entrando a <a href=\"https:\/\/www.padron.gob.ar\/ https:\/\/www.padron.gov.ar\/cne_reclamos\/\">https:\/\/www.padron.gob.ar\/ https:\/\/www.padron.gov.ar\/cne_reclamos\/ <\/a>, o telef\u00f3nicamente al 0800-999-7237. Tambi\u00e9n pueden acercarse a la oficina de Juventud en Gral. Paz 50, de 8hs a 14hs, o bien llamar a los tel\u00e9fonos 2914291934 &#8211; 4941068.<br \/>\nPor otro lado aquellos que figuren en el padr\u00f3n pueden corroborar que su nombre, apellido, domicilio y n\u00famero de documento est\u00e9n correctos.<\/p>\n","protected":false},"excerpt":{"rendered":"<p>La Direcci\u00f3n de Juventud municipal informa a los j\u00f3venes que tengan entre 16 y 18 a\u00f1os que, en caso de no figurar en el padr\u00f3n electoral, tienen tiempo hasta el 29 del corriente mes para hacer el reclamo correspondiente. Cabe aclarar que todos los j\u00f3venes que cumplan 16 a\u00f1os antes del 27 de octubre poden [&hellip;]<\/p>\n","protected":false},"author":3,"featured_media":0,"comment_status":"closed","ping_status":"open","sticky":false,"template":"","format":"standard","meta":{"footnotes":""},"categories":[24],"tags":[],"class_list":["post-31582","post","type-post","status-publish","format-standard","hentry","category-politica"],"yoast_head":"<!-- This site is optimized with the Yoast SEO plugin v25.9 - https:\/\/yoast.com\/wordpress\/plugins\/seo\/ -->\n<title>Atenci\u00f3n j\u00f3venes entre 16 y 18 a\u00f1os: hasta el 29 de mayo pueden reclamar si no fueron incluidos en el padr\u00f3n electoral - Noticias Radio Reflejos<\/title>\n<meta name=\"robots\" content=\"index, follow, max-snippet:-1, max-image-preview:large, max-video-preview:-1\" \/>\n<link rel=\"canonical\" href=\"https:\/\/www.noticiasradioreflejos.com.ar\/2021\/atencion-jovenes-entre-16-y-18-anos-hasta-el-29-de-mayo-pueden-reclamar-si-no-fueron-incluidos-en-el-padron-electoral\/\" \/>\n<meta property=\"og:locale\" content=\"es_ES\" \/>\n<meta property=\"og:type\" content=\"article\" \/>\n<meta property=\"og:title\" content=\"Atenci\u00f3n j\u00f3venes entre 16 y 18 a\u00f1os: hasta el 29 de mayo pueden reclamar si no fueron incluidos en el padr\u00f3n electoral - Noticias Radio Reflejos\" \/>\n<meta property=\"og:description\" content=\"La Direcci\u00f3n de Juventud municipal informa a los j\u00f3venes que tengan entre 16 y 18 a\u00f1os que, en caso de no figurar en el padr\u00f3n electoral, tienen tiempo hasta el 29 del corriente mes para hacer el reclamo correspondiente. Cabe aclarar que todos los j\u00f3venes que cumplan 16 a\u00f1os antes del 27 de octubre poden [&hellip;]\" \/>\n<meta property=\"og:url\" content=\"https:\/\/www.noticiasradioreflejos.com.ar\/2021\/atencion-jovenes-entre-16-y-18-anos-hasta-el-29-de-mayo-pueden-reclamar-si-no-fueron-incluidos-en-el-padron-electoral\/\" \/>\n<meta property=\"og:site_name\" content=\"Noticias Radio Reflejos\" \/>\n<meta property=\"article:published_time\" content=\"2019-05-23T16:02:22+00:00\" \/>\n<meta property=\"og:image\" content=\"https:\/\/www.noticiasradioreflejos.com.ar\/2021\/wp-content\/uploads\/2021\/07\/logosol300x200.png\" \/>\n\t<meta property=\"og:image:width\" content=\"300\" \/>\n\t<meta property=\"og:image:height\" content=\"200\" \/>\n\t<meta property=\"og:image:type\" content=\"image\/png\" \/>\n<meta name=\"author\" content=\"Arnaldo Botto\" \/>\n<meta name=\"twitter:card\" content=\"summary_large_image\" \/>\n<script type=\"application\/ld+json\" class=\"yoast-schema-graph\">{\"@context\":\"https:\/\/schema.org\",\"@graph\":[{\"@type\":\"WebPage\",\"@id\":\"https:\/\/www.noticiasradioreflejos.com.ar\/2021\/atencion-jovenes-entre-16-y-18-anos-hasta-el-29-de-mayo-pueden-reclamar-si-no-fueron-incluidos-en-el-padron-electoral\/\",\"url\":\"https:\/\/www.noticiasradioreflejos.com.ar\/2021\/atencion-jovenes-entre-16-y-18-anos-hasta-el-29-de-mayo-pueden-reclamar-si-no-fueron-incluidos-en-el-padron-electoral\/\",\"name\":\"Atenci\u00f3n j\u00f3venes entre 16 y 18 a\u00f1os: hasta el 29 de mayo pueden reclamar si no fueron incluidos en el padr\u00f3n electoral - Noticias Radio Reflejos\",\"isPartOf\":{\"@id\":\"https:\/\/www.noticiasradioreflejos.com.ar\/2021\/#website\"},\"datePublished\":\"2019-05-23T16:02:22+00:00\",\"author\":{\"@id\":\"https:\/\/www.noticiasradioreflejos.com.ar\/2021\/#\/schema\/person\/ad82545263dcc5ec0996818884fd5fb1\"},\"breadcrumb\":{\"@id\":\"https:\/\/www.noticiasradioreflejos.com.ar\/2021\/atencion-jovenes-entre-16-y-18-anos-hasta-el-29-de-mayo-pueden-reclamar-si-no-fueron-incluidos-en-el-padron-electoral\/#breadcrumb\"},\"inLanguage\":\"es\",\"potentialAction\":[{\"@type\":\"ReadAction\",\"target\":[\"https:\/\/www.noticiasradioreflejos.com.ar\/2021\/atencion-jovenes-entre-16-y-18-anos-hasta-el-29-de-mayo-pueden-reclamar-si-no-fueron-incluidos-en-el-padron-electoral\/\"]}]},{\"@type\":\"BreadcrumbList\",\"@id\":\"https:\/\/www.noticiasradioreflejos.com.ar\/2021\/atencion-jovenes-entre-16-y-18-anos-hasta-el-29-de-mayo-pueden-reclamar-si-no-fueron-incluidos-en-el-padron-electoral\/#breadcrumb\",\"itemListElement\":[{\"@type\":\"ListItem\",\"position\":1,\"name\":\"Portada\",\"item\":\"https:\/\/www.noticiasradioreflejos.com.ar\/2021\/\"},{\"@type\":\"ListItem\",\"position\":2,\"name\":\"Atenci\u00f3n j\u00f3venes entre 16 y 18 a\u00f1os: hasta el 29 de mayo pueden reclamar si no fueron incluidos en el padr\u00f3n electoral\"}]},{\"@type\":\"WebSite\",\"@id\":\"https:\/\/www.noticiasradioreflejos.com.ar\/2021\/#website\",\"url\":\"https:\/\/www.noticiasradioreflejos.com.ar\/2021\/\",\"name\":\"Noticias Radio Reflejos\",\"description\":\"Las noticias de mi comarca\",\"potentialAction\":[{\"@type\":\"SearchAction\",\"target\":{\"@type\":\"EntryPoint\",\"urlTemplate\":\"https:\/\/www.noticiasradioreflejos.com.ar\/2021\/?s={search_term_string}\"},\"query-input\":{\"@type\":\"PropertyValueSpecification\",\"valueRequired\":true,\"valueName\":\"search_term_string\"}}],\"inLanguage\":\"es\"},{\"@type\":\"Person\",\"@id\":\"https:\/\/www.noticiasradioreflejos.com.ar\/2021\/#\/schema\/person\/ad82545263dcc5ec0996818884fd5fb1\",\"name\":\"Arnaldo Botto\",\"image\":{\"@type\":\"ImageObject\",\"inLanguage\":\"es\",\"@id\":\"https:\/\/www.noticiasradioreflejos.com.ar\/2021\/#\/schema\/person\/image\/\",\"url\":\"https:\/\/secure.gravatar.com\/avatar\/55cb5e37c1efa326397366e6974cb338056df65cb50e7d64d1cf314e87504837?s=96&d=mm&r=g\",\"contentUrl\":\"https:\/\/secure.gravatar.com\/avatar\/55cb5e37c1efa326397366e6974cb338056df65cb50e7d64d1cf314e87504837?s=96&d=mm&r=g\",\"caption\":\"Arnaldo Botto\"},\"url\":\"https:\/\/www.noticiasradioreflejos.com.ar\/2021\/author\/arnaldo\/\"}]}<\/script>\n<!-- \/ Yoast SEO plugin. -->","yoast_head_json":{"title":"Atenci\u00f3n j\u00f3venes entre 16 y 18 a\u00f1os: hasta el 29 de mayo pueden reclamar si no fueron incluidos en el padr\u00f3n electoral - Noticias Radio Reflejos","robots":{"index":"index","follow":"follow","max-snippet":"max-snippet:-1","max-image-preview":"max-image-preview:large","max-video-preview":"max-video-preview:-1"},"canonical":"https:\/\/www.noticiasradioreflejos.com.ar\/2021\/atencion-jovenes-entre-16-y-18-anos-hasta-el-29-de-mayo-pueden-reclamar-si-no-fueron-incluidos-en-el-padron-electoral\/","og_locale":"es_ES","og_type":"article","og_title":"Atenci\u00f3n j\u00f3venes entre 16 y 18 a\u00f1os: hasta el 29 de mayo pueden reclamar si no fueron incluidos en el padr\u00f3n electoral - Noticias Radio Reflejos","og_description":"La Direcci\u00f3n de Juventud municipal informa a los j\u00f3venes que tengan entre 16 y 18 a\u00f1os que, en caso de no figurar en el padr\u00f3n electoral, tienen tiempo hasta el 29 del corriente mes para hacer el reclamo correspondiente. Cabe aclarar que todos los j\u00f3venes que cumplan 16 a\u00f1os antes del 27 de octubre poden [&hellip;]","og_url":"https:\/\/www.noticiasradioreflejos.com.ar\/2021\/atencion-jovenes-entre-16-y-18-anos-hasta-el-29-de-mayo-pueden-reclamar-si-no-fueron-incluidos-en-el-padron-electoral\/","og_site_name":"Noticias Radio Reflejos","article_published_time":"2019-05-23T16:02:22+00:00","og_image":[{"width":300,"height":200,"url":"https:\/\/www.noticiasradioreflejos.com.ar\/2021\/wp-content\/uploads\/2021\/07\/logosol300x200.png","type":"image\/png"}],"author":"Arnaldo Botto","twitter_card":"summary_large_image","schema":{"@context":"https:\/\/schema.org","@graph":[{"@type":"WebPage","@id":"https:\/\/www.noticiasradioreflejos.com.ar\/2021\/atencion-jovenes-entre-16-y-18-anos-hasta-el-29-de-mayo-pueden-reclamar-si-no-fueron-incluidos-en-el-padron-electoral\/","url":"https:\/\/www.noticiasradioreflejos.com.ar\/2021\/atencion-jovenes-entre-16-y-18-anos-hasta-el-29-de-mayo-pueden-reclamar-si-no-fueron-incluidos-en-el-padron-electoral\/","name":"Atenci\u00f3n j\u00f3venes entre 16 y 18 a\u00f1os: hasta el 29 de mayo pueden reclamar si no fueron incluidos en el padr\u00f3n electoral - Noticias Radio Reflejos","isPartOf":{"@id":"https:\/\/www.noticiasradioreflejos.com.ar\/2021\/#website"},"datePublished":"2019-05-23T16:02:22+00:00","author":{"@id":"https:\/\/www.noticiasradioreflejos.com.ar\/2021\/#\/schema\/person\/ad82545263dcc5ec0996818884fd5fb1"},"breadcrumb":{"@id":"https:\/\/www.noticiasradioreflejos.com.ar\/2021\/atencion-jovenes-entre-16-y-18-anos-hasta-el-29-de-mayo-pueden-reclamar-si-no-fueron-incluidos-en-el-padron-electoral\/#breadcrumb"},"inLanguage":"es","potentialAction":[{"@type":"ReadAction","target":["https:\/\/www.noticiasradioreflejos.com.ar\/2021\/atencion-jovenes-entre-16-y-18-anos-hasta-el-29-de-mayo-pueden-reclamar-si-no-fueron-incluidos-en-el-padron-electoral\/"]}]},{"@type":"BreadcrumbList","@id":"https:\/\/www.noticiasradioreflejos.com.ar\/2021\/atencion-jovenes-entre-16-y-18-anos-hasta-el-29-de-mayo-pueden-reclamar-si-no-fueron-incluidos-en-el-padron-electoral\/#breadcrumb","itemListElement":[{"@type":"ListItem","position":1,"name":"Portada","item":"https:\/\/www.noticiasradioreflejos.com.ar\/2021\/"},{"@type":"ListItem","position":2,"name":"Atenci\u00f3n j\u00f3venes entre 16 y 18 a\u00f1os: hasta el 29 de mayo pueden reclamar si no fueron incluidos en el padr\u00f3n electoral"}]},{"@type":"WebSite","@id":"https:\/\/www.noticiasradioreflejos.com.ar\/2021\/#website","url":"https:\/\/www.noticiasradioreflejos.com.ar\/2021\/","name":"Noticias Radio Reflejos","description":"Las noticias de mi comarca","potentialAction":[{"@type":"SearchAction","target":{"@type":"EntryPoint","urlTemplate":"https:\/\/www.noticiasradioreflejos.com.ar\/2021\/?s={search_term_string}"},"query-input":{"@type":"PropertyValueSpecification","valueRequired":true,"valueName":"search_term_string"}}],"inLanguage":"es"},{"@type":"Person","@id":"https:\/\/www.noticiasradioreflejos.com.ar\/2021\/#\/schema\/person\/ad82545263dcc5ec0996818884fd5fb1","name":"Arnaldo Botto","image":{"@type":"ImageObject","inLanguage":"es","@id":"https:\/\/www.noticiasradioreflejos.com.ar\/2021\/#\/schema\/person\/image\/","url":"https:\/\/secure.gravatar.com\/avatar\/55cb5e37c1efa326397366e6974cb338056df65cb50e7d64d1cf314e87504837?s=96&d=mm&r=g","contentUrl":"https:\/\/secure.gravatar.com\/avatar\/55cb5e37c1efa326397366e6974cb338056df65cb50e7d64d1cf314e87504837?s=96&d=mm&r=g","caption":"Arnaldo Botto"},"url":"https:\/\/www.noticiasradioreflejos.com.ar\/2021\/author\/arnaldo\/"}]}},"_links":{"self":[{"href":"https:\/\/www.noticiasradioreflejos.com.ar\/2021\/wp-json\/wp\/v2\/posts\/31582","targetHints":{"allow":["GET"]}}],"collection":[{"href":"https:\/\/www.noticiasradioreflejos.com.ar\/2021\/wp-json\/wp\/v2\/posts"}],"about":[{"href":"https:\/\/www.noticiasradioreflejos.com.ar\/2021\/wp-json\/wp\/v2\/types\/post"}],"author":[{"embeddable":true,"href":"https:\/\/www.noticiasradioreflejos.com.ar\/2021\/wp-json\/wp\/v2\/users\/3"}],"replies":[{"embeddable":true,"href":"https:\/\/www.noticiasradioreflejos.com.ar\/2021\/wp-json\/wp\/v2\/comments?post=31582"}],"version-history":[{"count":0,"href":"https:\/\/www.noticiasradioreflejos.com.ar\/2021\/wp-json\/wp\/v2\/posts\/31582\/revisions"}],"wp:attachment":[{"href":"https:\/\/www.noticiasradioreflejos.com.ar\/2021\/wp-json\/wp\/v2\/media?parent=31582"}],"wp:term":[{"taxonomy":"category","embeddable":true,"href":"https:\/\/www.noticiasradioreflejos.com.ar\/2021\/wp-json\/wp\/v2\/categories?post=31582"},{"taxonomy":"post_tag","embeddable":true,"href":"https:\/\/www.noticiasradioreflejos.com.ar\/2021\/wp-json\/wp\/v2\/tags?post=31582"}],"curies":[{"name":"wp","href":"https:\/\/api.w.org\/{rel}","templated":true}]}}