{"id":31576,"date":"2019-05-23T11:35:26","date_gmt":"2019-05-23T14:35:26","guid":{"rendered":"http:\/\/www.noticiasradioreflejos.com.ar\/noticias\/?p=31576"},"modified":"2019-05-23T11:35:26","modified_gmt":"2019-05-23T14:35:26","slug":"curso-online-gratuito-de-educacion-vial-para-jovenes-conductores","status":"publish","type":"post","link":"https:\/\/www.noticiasradioreflejos.com.ar\/2021\/curso-online-gratuito-de-educacion-vial-para-jovenes-conductores\/","title":{"rendered":"Curso Online gratuito de Educaci\u00f3n Vial para j\u00f3venes conductores"},"content":{"rendered":"<p><a href=\"http:\/\/www.noticiasradioreflejos.com.ar\/noticias\/wp-content\/uploads\/2019\/05\/unnamed.jpg\"><img loading=\"lazy\" decoding=\"async\" class=\"alignleft size-medium wp-image-31577\" src=\"http:\/\/www.noticiasradioreflejos.com.ar\/noticias\/wp-content\/uploads\/2019\/05\/unnamed-300x212.jpg\" alt=\"unnamed\" width=\"300\" height=\"212\" \/><\/a>Luchemos por la Vida, con el apoyo de Ford Argentina, pone a disposici\u00f3n, gratuitamente, el <a href=\"http:\/\/www.conduciendoporlavida.com\/curso-on-line\"><strong>Curso Online<\/strong><\/a> para j\u00f3venes conductores, en el 4\u00ba a\u00f1o consecutivo del <a href=\"http:\/\/www.conduciendoporlavida.com\/index.php\">Programa Conduciendo Por la Vida<\/a>, a trav\u00e9s de su portal educativo www.conduciendoporlavida.com, que ya ha recibido cerca de 200.000 visitas.<!--more--><br \/>\nEste curso audiovisual gratuito de Educaci\u00f3n Vial sobre movilidad segura en el sistema de tr\u00e1nsito y la conducci\u00f3n responsable de veh\u00edculos, desarrolla temas claves como: los j\u00f3venes como principales v\u00edctimas en el tr\u00e1nsito, los efectos del alcohol, el uso del cintur\u00f3n de seguridad y el casco, el respeto por los l\u00edmites de velocidad, el uso del celular mientras se conduce y la seguridad y respeto de peatones y ciclistas, entre otros. Se propone motivar actitudes y comportamientos seguros, responsables y solidarios para el cuidado de la propia vida y la de los dem\u00e1s y para lograr una mejor convivencia social en el espacio compartido de la v\u00eda p\u00fablica.<br \/>\nEl curso est\u00e1 organizado en 11 videos educativos de entre 5 y 8 minutos de duraci\u00f3n cada uno. Se pueden ver juntos o por separado, en cualquier momento. Solamente es necesario contestar 3 preguntas para pasar de uno al otro, como una forma de auto evaluaci\u00f3n de lo comprendido. Al finalizar los 9 videos tem\u00e1ticos y responder a las preguntas se puede acceder al Certificado del Curso que acredita que se lo ha completado. M\u00e1s de 2.700 usuarios ya han recibido su certificado.<br \/>\nEl Programa tambi\u00e9n ofrece talleres gratuitos para escuelas secundarias de CABA y alrededores y hasta el momento, m\u00e1s de 10.500 alumnos participaron de las actividades presenciales.<br \/>\nEn todo el pa\u00eds, municipios, escuelas, instituciones, empresas y particulares participan tambi\u00e9n, bajo la coordinaci\u00f3n y el acompa\u00f1amiento de Luchemos por la Vida, utilizando todos los contenidos did\u00e1cticos del Programa para padres y educadores disponibles en Internet, promoviendo la concientizaci\u00f3n y Educaci\u00f3n Vial de quienes est\u00e1n comenzando a desenvolverse en la calle como conductores.<\/p>\n","protected":false},"excerpt":{"rendered":"<p>Luchemos por la Vida, con el apoyo de Ford Argentina, pone a disposici\u00f3n, gratuitamente, el Curso Online para j\u00f3venes conductores, en el 4\u00ba a\u00f1o consecutivo del Programa Conduciendo Por la Vida, a trav\u00e9s de su portal educativo www.conduciendoporlavida.com, que ya ha recibido cerca de 200.000 visitas.<\/p>\n","protected":false},"author":3,"featured_media":0,"comment_status":"closed","ping_status":"open","sticky":false,"template":"","format":"standard","meta":{"footnotes":""},"categories":[26],"tags":[],"class_list":["post-31576","post","type-post","status-publish","format-standard","hentry","category-sociedad"],"yoast_head":"<!-- This site is optimized with the Yoast SEO plugin v25.9 - https:\/\/yoast.com\/wordpress\/plugins\/seo\/ -->\n<title>Curso Online gratuito de Educaci\u00f3n Vial para j\u00f3venes conductores - Noticias Radio Reflejos<\/title>\n<meta name=\"robots\" content=\"index, follow, max-snippet:-1, max-image-preview:large, max-video-preview:-1\" \/>\n<link rel=\"canonical\" href=\"https:\/\/www.noticiasradioreflejos.com.ar\/2021\/curso-online-gratuito-de-educacion-vial-para-jovenes-conductores\/\" \/>\n<meta property=\"og:locale\" content=\"es_ES\" \/>\n<meta property=\"og:type\" content=\"article\" \/>\n<meta property=\"og:title\" content=\"Curso Online gratuito de Educaci\u00f3n Vial para j\u00f3venes conductores - Noticias Radio Reflejos\" \/>\n<meta property=\"og:description\" content=\"Luchemos por la Vida, con el apoyo de Ford Argentina, pone a disposici\u00f3n, gratuitamente, el Curso Online para j\u00f3venes conductores, en el 4\u00ba a\u00f1o consecutivo del Programa Conduciendo Por la Vida, a trav\u00e9s de su portal educativo www.conduciendoporlavida.com, que ya ha recibido cerca de 200.000 visitas.\" \/>\n<meta property=\"og:url\" content=\"https:\/\/www.noticiasradioreflejos.com.ar\/2021\/curso-online-gratuito-de-educacion-vial-para-jovenes-conductores\/\" \/>\n<meta property=\"og:site_name\" content=\"Noticias Radio Reflejos\" \/>\n<meta property=\"article:published_time\" content=\"2019-05-23T14:35:26+00:00\" \/>\n<meta property=\"og:image\" content=\"https:\/\/www.noticiasradioreflejos.com.ar\/2021\/wp-content\/uploads\/2021\/07\/logosol300x200.png\" \/>\n\t<meta property=\"og:image:width\" content=\"300\" \/>\n\t<meta property=\"og:image:height\" content=\"200\" \/>\n\t<meta property=\"og:image:type\" content=\"image\/png\" \/>\n<meta name=\"author\" content=\"Arnaldo Botto\" \/>\n<meta name=\"twitter:card\" content=\"summary_large_image\" \/>\n<script type=\"application\/ld+json\" class=\"yoast-schema-graph\">{\"@context\":\"https:\/\/schema.org\",\"@graph\":[{\"@type\":\"WebPage\",\"@id\":\"https:\/\/www.noticiasradioreflejos.com.ar\/2021\/curso-online-gratuito-de-educacion-vial-para-jovenes-conductores\/\",\"url\":\"https:\/\/www.noticiasradioreflejos.com.ar\/2021\/curso-online-gratuito-de-educacion-vial-para-jovenes-conductores\/\",\"name\":\"Curso Online gratuito de Educaci\u00f3n Vial para j\u00f3venes conductores - Noticias Radio Reflejos\",\"isPartOf\":{\"@id\":\"https:\/\/www.noticiasradioreflejos.com.ar\/2021\/#website\"},\"primaryImageOfPage\":{\"@id\":\"https:\/\/www.noticiasradioreflejos.com.ar\/2021\/curso-online-gratuito-de-educacion-vial-para-jovenes-conductores\/#primaryimage\"},\"image\":{\"@id\":\"https:\/\/www.noticiasradioreflejos.com.ar\/2021\/curso-online-gratuito-de-educacion-vial-para-jovenes-conductores\/#primaryimage\"},\"thumbnailUrl\":\"http:\/\/www.noticiasradioreflejos.com.ar\/noticias\/wp-content\/uploads\/2019\/05\/unnamed-300x212.jpg\",\"datePublished\":\"2019-05-23T14:35:26+00:00\",\"author\":{\"@id\":\"https:\/\/www.noticiasradioreflejos.com.ar\/2021\/#\/schema\/person\/ad82545263dcc5ec0996818884fd5fb1\"},\"breadcrumb\":{\"@id\":\"https:\/\/www.noticiasradioreflejos.com.ar\/2021\/curso-online-gratuito-de-educacion-vial-para-jovenes-conductores\/#breadcrumb\"},\"inLanguage\":\"es\",\"potentialAction\":[{\"@type\":\"ReadAction\",\"target\":[\"https:\/\/www.noticiasradioreflejos.com.ar\/2021\/curso-online-gratuito-de-educacion-vial-para-jovenes-conductores\/\"]}]},{\"@type\":\"ImageObject\",\"inLanguage\":\"es\",\"@id\":\"https:\/\/www.noticiasradioreflejos.com.ar\/2021\/curso-online-gratuito-de-educacion-vial-para-jovenes-conductores\/#primaryimage\",\"url\":\"http:\/\/www.noticiasradioreflejos.com.ar\/noticias\/wp-content\/uploads\/2019\/05\/unnamed-300x212.jpg\",\"contentUrl\":\"http:\/\/www.noticiasradioreflejos.com.ar\/noticias\/wp-content\/uploads\/2019\/05\/unnamed-300x212.jpg\"},{\"@type\":\"BreadcrumbList\",\"@id\":\"https:\/\/www.noticiasradioreflejos.com.ar\/2021\/curso-online-gratuito-de-educacion-vial-para-jovenes-conductores\/#breadcrumb\",\"itemListElement\":[{\"@type\":\"ListItem\",\"position\":1,\"name\":\"Portada\",\"item\":\"https:\/\/www.noticiasradioreflejos.com.ar\/2021\/\"},{\"@type\":\"ListItem\",\"position\":2,\"name\":\"Curso Online gratuito de Educaci\u00f3n Vial para j\u00f3venes conductores\"}]},{\"@type\":\"WebSite\",\"@id\":\"https:\/\/www.noticiasradioreflejos.com.ar\/2021\/#website\",\"url\":\"https:\/\/www.noticiasradioreflejos.com.ar\/2021\/\",\"name\":\"Noticias Radio Reflejos\",\"description\":\"Las noticias de mi comarca\",\"potentialAction\":[{\"@type\":\"SearchAction\",\"target\":{\"@type\":\"EntryPoint\",\"urlTemplate\":\"https:\/\/www.noticiasradioreflejos.com.ar\/2021\/?s={search_term_string}\"},\"query-input\":{\"@type\":\"PropertyValueSpecification\",\"valueRequired\":true,\"valueName\":\"search_term_string\"}}],\"inLanguage\":\"es\"},{\"@type\":\"Person\",\"@id\":\"https:\/\/www.noticiasradioreflejos.com.ar\/2021\/#\/schema\/person\/ad82545263dcc5ec0996818884fd5fb1\",\"name\":\"Arnaldo Botto\",\"image\":{\"@type\":\"ImageObject\",\"inLanguage\":\"es\",\"@id\":\"https:\/\/www.noticiasradioreflejos.com.ar\/2021\/#\/schema\/person\/image\/\",\"url\":\"https:\/\/secure.gravatar.com\/avatar\/55cb5e37c1efa326397366e6974cb338056df65cb50e7d64d1cf314e87504837?s=96&d=mm&r=g\",\"contentUrl\":\"https:\/\/secure.gravatar.com\/avatar\/55cb5e37c1efa326397366e6974cb338056df65cb50e7d64d1cf314e87504837?s=96&d=mm&r=g\",\"caption\":\"Arnaldo Botto\"},\"url\":\"https:\/\/www.noticiasradioreflejos.com.ar\/2021\/author\/arnaldo\/\"}]}<\/script>\n<!-- \/ Yoast SEO plugin. -->","yoast_head_json":{"title":"Curso Online gratuito de Educaci\u00f3n Vial para j\u00f3venes conductores - Noticias Radio Reflejos","robots":{"index":"index","follow":"follow","max-snippet":"max-snippet:-1","max-image-preview":"max-image-preview:large","max-video-preview":"max-video-preview:-1"},"canonical":"https:\/\/www.noticiasradioreflejos.com.ar\/2021\/curso-online-gratuito-de-educacion-vial-para-jovenes-conductores\/","og_locale":"es_ES","og_type":"article","og_title":"Curso Online gratuito de Educaci\u00f3n Vial para j\u00f3venes conductores - Noticias Radio Reflejos","og_description":"Luchemos por la Vida, con el apoyo de Ford Argentina, pone a disposici\u00f3n, gratuitamente, el Curso Online para j\u00f3venes conductores, en el 4\u00ba a\u00f1o consecutivo del Programa Conduciendo Por la Vida, a trav\u00e9s de su portal educativo www.conduciendoporlavida.com, que ya ha recibido cerca de 200.000 visitas.","og_url":"https:\/\/www.noticiasradioreflejos.com.ar\/2021\/curso-online-gratuito-de-educacion-vial-para-jovenes-conductores\/","og_site_name":"Noticias Radio Reflejos","article_published_time":"2019-05-23T14:35:26+00:00","og_image":[{"width":300,"height":200,"url":"https:\/\/www.noticiasradioreflejos.com.ar\/2021\/wp-content\/uploads\/2021\/07\/logosol300x200.png","type":"image\/png"}],"author":"Arnaldo Botto","twitter_card":"summary_large_image","schema":{"@context":"https:\/\/schema.org","@graph":[{"@type":"WebPage","@id":"https:\/\/www.noticiasradioreflejos.com.ar\/2021\/curso-online-gratuito-de-educacion-vial-para-jovenes-conductores\/","url":"https:\/\/www.noticiasradioreflejos.com.ar\/2021\/curso-online-gratuito-de-educacion-vial-para-jovenes-conductores\/","name":"Curso Online gratuito de Educaci\u00f3n Vial para j\u00f3venes conductores - Noticias Radio Reflejos","isPartOf":{"@id":"https:\/\/www.noticiasradioreflejos.com.ar\/2021\/#website"},"primaryImageOfPage":{"@id":"https:\/\/www.noticiasradioreflejos.com.ar\/2021\/curso-online-gratuito-de-educacion-vial-para-jovenes-conductores\/#primaryimage"},"image":{"@id":"https:\/\/www.noticiasradioreflejos.com.ar\/2021\/curso-online-gratuito-de-educacion-vial-para-jovenes-conductores\/#primaryimage"},"thumbnailUrl":"http:\/\/www.noticiasradioreflejos.com.ar\/noticias\/wp-content\/uploads\/2019\/05\/unnamed-300x212.jpg","datePublished":"2019-05-23T14:35:26+00:00","author":{"@id":"https:\/\/www.noticiasradioreflejos.com.ar\/2021\/#\/schema\/person\/ad82545263dcc5ec0996818884fd5fb1"},"breadcrumb":{"@id":"https:\/\/www.noticiasradioreflejos.com.ar\/2021\/curso-online-gratuito-de-educacion-vial-para-jovenes-conductores\/#breadcrumb"},"inLanguage":"es","potentialAction":[{"@type":"ReadAction","target":["https:\/\/www.noticiasradioreflejos.com.ar\/2021\/curso-online-gratuito-de-educacion-vial-para-jovenes-conductores\/"]}]},{"@type":"ImageObject","inLanguage":"es","@id":"https:\/\/www.noticiasradioreflejos.com.ar\/2021\/curso-online-gratuito-de-educacion-vial-para-jovenes-conductores\/#primaryimage","url":"http:\/\/www.noticiasradioreflejos.com.ar\/noticias\/wp-content\/uploads\/2019\/05\/unnamed-300x212.jpg","contentUrl":"http:\/\/www.noticiasradioreflejos.com.ar\/noticias\/wp-content\/uploads\/2019\/05\/unnamed-300x212.jpg"},{"@type":"BreadcrumbList","@id":"https:\/\/www.noticiasradioreflejos.com.ar\/2021\/curso-online-gratuito-de-educacion-vial-para-jovenes-conductores\/#breadcrumb","itemListElement":[{"@type":"ListItem","position":1,"name":"Portada","item":"https:\/\/www.noticiasradioreflejos.com.ar\/2021\/"},{"@type":"ListItem","position":2,"name":"Curso Online gratuito de Educaci\u00f3n Vial para j\u00f3venes conductores"}]},{"@type":"WebSite","@id":"https:\/\/www.noticiasradioreflejos.com.ar\/2021\/#website","url":"https:\/\/www.noticiasradioreflejos.com.ar\/2021\/","name":"Noticias Radio Reflejos","description":"Las noticias de mi comarca","potentialAction":[{"@type":"SearchAction","target":{"@type":"EntryPoint","urlTemplate":"https:\/\/www.noticiasradioreflejos.com.ar\/2021\/?s={search_term_string}"},"query-input":{"@type":"PropertyValueSpecification","valueRequired":true,"valueName":"search_term_string"}}],"inLanguage":"es"},{"@type":"Person","@id":"https:\/\/www.noticiasradioreflejos.com.ar\/2021\/#\/schema\/person\/ad82545263dcc5ec0996818884fd5fb1","name":"Arnaldo Botto","image":{"@type":"ImageObject","inLanguage":"es","@id":"https:\/\/www.noticiasradioreflejos.com.ar\/2021\/#\/schema\/person\/image\/","url":"https:\/\/secure.gravatar.com\/avatar\/55cb5e37c1efa326397366e6974cb338056df65cb50e7d64d1cf314e87504837?s=96&d=mm&r=g","contentUrl":"https:\/\/secure.gravatar.com\/avatar\/55cb5e37c1efa326397366e6974cb338056df65cb50e7d64d1cf314e87504837?s=96&d=mm&r=g","caption":"Arnaldo Botto"},"url":"https:\/\/www.noticiasradioreflejos.com.ar\/2021\/author\/arnaldo\/"}]}},"_links":{"self":[{"href":"https:\/\/www.noticiasradioreflejos.com.ar\/2021\/wp-json\/wp\/v2\/posts\/31576","targetHints":{"allow":["GET"]}}],"collection":[{"href":"https:\/\/www.noticiasradioreflejos.com.ar\/2021\/wp-json\/wp\/v2\/posts"}],"about":[{"href":"https:\/\/www.noticiasradioreflejos.com.ar\/2021\/wp-json\/wp\/v2\/types\/post"}],"author":[{"embeddable":true,"href":"https:\/\/www.noticiasradioreflejos.com.ar\/2021\/wp-json\/wp\/v2\/users\/3"}],"replies":[{"embeddable":true,"href":"https:\/\/www.noticiasradioreflejos.com.ar\/2021\/wp-json\/wp\/v2\/comments?post=31576"}],"version-history":[{"count":0,"href":"https:\/\/www.noticiasradioreflejos.com.ar\/2021\/wp-json\/wp\/v2\/posts\/31576\/revisions"}],"wp:attachment":[{"href":"https:\/\/www.noticiasradioreflejos.com.ar\/2021\/wp-json\/wp\/v2\/media?parent=31576"}],"wp:term":[{"taxonomy":"category","embeddable":true,"href":"https:\/\/www.noticiasradioreflejos.com.ar\/2021\/wp-json\/wp\/v2\/categories?post=31576"},{"taxonomy":"post_tag","embeddable":true,"href":"https:\/\/www.noticiasradioreflejos.com.ar\/2021\/wp-json\/wp\/v2\/tags?post=31576"}],"curies":[{"name":"wp","href":"https:\/\/api.w.org\/{rel}","templated":true}]}}