{"id":31567,"date":"2019-05-23T08:56:18","date_gmt":"2019-05-23T11:56:18","guid":{"rendered":"http:\/\/www.noticiasradioreflejos.com.ar\/noticias\/?p=31567"},"modified":"2019-05-23T08:56:18","modified_gmt":"2019-05-23T11:56:18","slug":"un-vecinos-de-sierra-de-la-ventana-choco-contra-un-jabali-en-la-zona-de-7-puentes-de-la-ruta-51","status":"publish","type":"post","link":"https:\/\/www.noticiasradioreflejos.com.ar\/2021\/un-vecinos-de-sierra-de-la-ventana-choco-contra-un-jabali-en-la-zona-de-7-puentes-de-la-ruta-51\/","title":{"rendered":"Un Vecino de Sierra de la Ventana choc\u00f3 contra un jabal\u00ed en la zona de 7 puentes, de la ruta 51."},"content":{"rendered":"<p><a href=\"http:\/\/www.noticiasradioreflejos.com.ar\/noticias\/wp-content\/uploads\/2019\/05\/chancho-a-la-parrilla.jpg\"><img loading=\"lazy\" decoding=\"async\" class=\"alignleft size-full wp-image-31568\" src=\"http:\/\/www.noticiasradioreflejos.com.ar\/noticias\/wp-content\/uploads\/2019\/05\/chancho-a-la-parrilla.jpg\" alt=\"chancho a la parrilla\" width=\"777\" height=\"288\" \/><\/a>El martes por la ma\u00f1ana un vecino de Sierra de la Ventana, colision\u00f3 contra un chancho jabal\u00ed que se cruz\u00f3 de imprevisto en este sector de la Ruta N\u00ba 51, provocando da\u00f1os importantes en el rodado. Solicitan circular con precauci\u00f3n en la Ruta Provincial N\u00ba 51, entre Coronel Pringles y Bah\u00eda Blanca,<!--more--> ya que en los \u00faltimos d\u00edas se ha incrementado la presencia de chanchos jabal\u00edes sobre todo en el sector de los Siete Puentes.<br \/>\nJustamente en la ma\u00f1ana del martes, alrededor de las 8:15 hs, un vecino de Sierra de la Ventana que iba con direcci\u00f3n hacia Bah\u00eda Blanca, se encontr\u00f3 de golpe con la presencia de un chancho jabal\u00ed de unos 200 kilogramos, el cual se cruz\u00f3 la ruta, no pudiendo evitar embestir al mismo. Seg\u00fan narr\u00f3 este conductor a \u00abMultimedio-Pringles\u00bb, iba circulando a 90 km por hora, pero pese a ello, la presencia del animal en forma repentina, no le dio tiempo a frenar. Es as\u00ed que su camioneta sufri\u00f3 importantes da\u00f1os en su parte frontal y tuvo que esperar hasta horas de la tarde a que una gr\u00faa se acercara al lugar a auxiliarlo, tras lo sucedido. El animal perdi\u00f3 la vida en el momento tras el impacto, y luego fueretirado del lugar. Seg\u00fan indic\u00f3 el damnificado, suelen observarse la presencia de estos animales en este sector de la Ruta N\u00ba 51, por eso tambi\u00e9n es importante circular con precauci\u00f3n, ya que los mismos son de gran porte y al cruzarse r\u00e1pidamente, pueden provocar una mala maniobra, pudiendo ocasionar un vuelco.<\/p>\n","protected":false},"excerpt":{"rendered":"<p>El martes por la ma\u00f1ana un vecino de Sierra de la Ventana, colision\u00f3 contra un chancho jabal\u00ed que se cruz\u00f3 de imprevisto en este sector de la Ruta N\u00ba 51, provocando da\u00f1os importantes en el rodado. Solicitan circular con precauci\u00f3n en la Ruta Provincial N\u00ba 51, entre Coronel Pringles y Bah\u00eda Blanca,<\/p>\n","protected":false},"author":3,"featured_media":0,"comment_status":"closed","ping_status":"open","sticky":false,"template":"","format":"standard","meta":{"footnotes":""},"categories":[29],"tags":[],"class_list":["post-31567","post","type-post","status-publish","format-standard","hentry","category-policiales"],"yoast_head":"<!-- This site is optimized with the Yoast SEO plugin v25.9 - https:\/\/yoast.com\/wordpress\/plugins\/seo\/ -->\n<title>Un Vecino de Sierra de la Ventana choc\u00f3 contra un jabal\u00ed en la zona de 7 puentes, de la ruta 51. - Noticias Radio Reflejos<\/title>\n<meta name=\"robots\" content=\"index, follow, max-snippet:-1, max-image-preview:large, max-video-preview:-1\" \/>\n<link rel=\"canonical\" href=\"https:\/\/www.noticiasradioreflejos.com.ar\/2021\/un-vecinos-de-sierra-de-la-ventana-choco-contra-un-jabali-en-la-zona-de-7-puentes-de-la-ruta-51\/\" \/>\n<meta property=\"og:locale\" content=\"es_ES\" \/>\n<meta property=\"og:type\" content=\"article\" \/>\n<meta property=\"og:title\" content=\"Un Vecino de Sierra de la Ventana choc\u00f3 contra un jabal\u00ed en la zona de 7 puentes, de la ruta 51. - Noticias Radio Reflejos\" \/>\n<meta property=\"og:description\" content=\"El martes por la ma\u00f1ana un vecino de Sierra de la Ventana, colision\u00f3 contra un chancho jabal\u00ed que se cruz\u00f3 de imprevisto en este sector de la Ruta N\u00ba 51, provocando da\u00f1os importantes en el rodado. Solicitan circular con precauci\u00f3n en la Ruta Provincial N\u00ba 51, entre Coronel Pringles y Bah\u00eda Blanca,\" \/>\n<meta property=\"og:url\" content=\"https:\/\/www.noticiasradioreflejos.com.ar\/2021\/un-vecinos-de-sierra-de-la-ventana-choco-contra-un-jabali-en-la-zona-de-7-puentes-de-la-ruta-51\/\" \/>\n<meta property=\"og:site_name\" content=\"Noticias Radio Reflejos\" \/>\n<meta property=\"article:published_time\" content=\"2019-05-23T11:56:18+00:00\" \/>\n<meta property=\"og:image\" content=\"https:\/\/www.noticiasradioreflejos.com.ar\/2021\/wp-content\/uploads\/2021\/07\/logosol300x200.png\" \/>\n\t<meta property=\"og:image:width\" content=\"300\" \/>\n\t<meta property=\"og:image:height\" content=\"200\" \/>\n\t<meta property=\"og:image:type\" content=\"image\/png\" \/>\n<meta name=\"author\" content=\"Arnaldo Botto\" \/>\n<meta name=\"twitter:card\" content=\"summary_large_image\" \/>\n<script type=\"application\/ld+json\" class=\"yoast-schema-graph\">{\"@context\":\"https:\/\/schema.org\",\"@graph\":[{\"@type\":\"WebPage\",\"@id\":\"https:\/\/www.noticiasradioreflejos.com.ar\/2021\/un-vecinos-de-sierra-de-la-ventana-choco-contra-un-jabali-en-la-zona-de-7-puentes-de-la-ruta-51\/\",\"url\":\"https:\/\/www.noticiasradioreflejos.com.ar\/2021\/un-vecinos-de-sierra-de-la-ventana-choco-contra-un-jabali-en-la-zona-de-7-puentes-de-la-ruta-51\/\",\"name\":\"Un Vecino de Sierra de la Ventana choc\u00f3 contra un jabal\u00ed en la zona de 7 puentes, de la ruta 51. - Noticias Radio Reflejos\",\"isPartOf\":{\"@id\":\"https:\/\/www.noticiasradioreflejos.com.ar\/2021\/#website\"},\"primaryImageOfPage\":{\"@id\":\"https:\/\/www.noticiasradioreflejos.com.ar\/2021\/un-vecinos-de-sierra-de-la-ventana-choco-contra-un-jabali-en-la-zona-de-7-puentes-de-la-ruta-51\/#primaryimage\"},\"image\":{\"@id\":\"https:\/\/www.noticiasradioreflejos.com.ar\/2021\/un-vecinos-de-sierra-de-la-ventana-choco-contra-un-jabali-en-la-zona-de-7-puentes-de-la-ruta-51\/#primaryimage\"},\"thumbnailUrl\":\"http:\/\/www.noticiasradioreflejos.com.ar\/noticias\/wp-content\/uploads\/2019\/05\/chancho-a-la-parrilla.jpg\",\"datePublished\":\"2019-05-23T11:56:18+00:00\",\"author\":{\"@id\":\"https:\/\/www.noticiasradioreflejos.com.ar\/2021\/#\/schema\/person\/ad82545263dcc5ec0996818884fd5fb1\"},\"breadcrumb\":{\"@id\":\"https:\/\/www.noticiasradioreflejos.com.ar\/2021\/un-vecinos-de-sierra-de-la-ventana-choco-contra-un-jabali-en-la-zona-de-7-puentes-de-la-ruta-51\/#breadcrumb\"},\"inLanguage\":\"es\",\"potentialAction\":[{\"@type\":\"ReadAction\",\"target\":[\"https:\/\/www.noticiasradioreflejos.com.ar\/2021\/un-vecinos-de-sierra-de-la-ventana-choco-contra-un-jabali-en-la-zona-de-7-puentes-de-la-ruta-51\/\"]}]},{\"@type\":\"ImageObject\",\"inLanguage\":\"es\",\"@id\":\"https:\/\/www.noticiasradioreflejos.com.ar\/2021\/un-vecinos-de-sierra-de-la-ventana-choco-contra-un-jabali-en-la-zona-de-7-puentes-de-la-ruta-51\/#primaryimage\",\"url\":\"http:\/\/www.noticiasradioreflejos.com.ar\/noticias\/wp-content\/uploads\/2019\/05\/chancho-a-la-parrilla.jpg\",\"contentUrl\":\"http:\/\/www.noticiasradioreflejos.com.ar\/noticias\/wp-content\/uploads\/2019\/05\/chancho-a-la-parrilla.jpg\"},{\"@type\":\"BreadcrumbList\",\"@id\":\"https:\/\/www.noticiasradioreflejos.com.ar\/2021\/un-vecinos-de-sierra-de-la-ventana-choco-contra-un-jabali-en-la-zona-de-7-puentes-de-la-ruta-51\/#breadcrumb\",\"itemListElement\":[{\"@type\":\"ListItem\",\"position\":1,\"name\":\"Portada\",\"item\":\"https:\/\/www.noticiasradioreflejos.com.ar\/2021\/\"},{\"@type\":\"ListItem\",\"position\":2,\"name\":\"Un Vecino de Sierra de la Ventana choc\u00f3 contra un jabal\u00ed en la zona de 7 puentes, de la ruta 51.\"}]},{\"@type\":\"WebSite\",\"@id\":\"https:\/\/www.noticiasradioreflejos.com.ar\/2021\/#website\",\"url\":\"https:\/\/www.noticiasradioreflejos.com.ar\/2021\/\",\"name\":\"Noticias Radio Reflejos\",\"description\":\"Las noticias de mi comarca\",\"potentialAction\":[{\"@type\":\"SearchAction\",\"target\":{\"@type\":\"EntryPoint\",\"urlTemplate\":\"https:\/\/www.noticiasradioreflejos.com.ar\/2021\/?s={search_term_string}\"},\"query-input\":{\"@type\":\"PropertyValueSpecification\",\"valueRequired\":true,\"valueName\":\"search_term_string\"}}],\"inLanguage\":\"es\"},{\"@type\":\"Person\",\"@id\":\"https:\/\/www.noticiasradioreflejos.com.ar\/2021\/#\/schema\/person\/ad82545263dcc5ec0996818884fd5fb1\",\"name\":\"Arnaldo Botto\",\"image\":{\"@type\":\"ImageObject\",\"inLanguage\":\"es\",\"@id\":\"https:\/\/www.noticiasradioreflejos.com.ar\/2021\/#\/schema\/person\/image\/\",\"url\":\"https:\/\/secure.gravatar.com\/avatar\/55cb5e37c1efa326397366e6974cb338056df65cb50e7d64d1cf314e87504837?s=96&d=mm&r=g\",\"contentUrl\":\"https:\/\/secure.gravatar.com\/avatar\/55cb5e37c1efa326397366e6974cb338056df65cb50e7d64d1cf314e87504837?s=96&d=mm&r=g\",\"caption\":\"Arnaldo Botto\"},\"url\":\"https:\/\/www.noticiasradioreflejos.com.ar\/2021\/author\/arnaldo\/\"}]}<\/script>\n<!-- \/ Yoast SEO plugin. -->","yoast_head_json":{"title":"Un Vecino de Sierra de la Ventana choc\u00f3 contra un jabal\u00ed en la zona de 7 puentes, de la ruta 51. - Noticias Radio Reflejos","robots":{"index":"index","follow":"follow","max-snippet":"max-snippet:-1","max-image-preview":"max-image-preview:large","max-video-preview":"max-video-preview:-1"},"canonical":"https:\/\/www.noticiasradioreflejos.com.ar\/2021\/un-vecinos-de-sierra-de-la-ventana-choco-contra-un-jabali-en-la-zona-de-7-puentes-de-la-ruta-51\/","og_locale":"es_ES","og_type":"article","og_title":"Un Vecino de Sierra de la Ventana choc\u00f3 contra un jabal\u00ed en la zona de 7 puentes, de la ruta 51. - Noticias Radio Reflejos","og_description":"El martes por la ma\u00f1ana un vecino de Sierra de la Ventana, colision\u00f3 contra un chancho jabal\u00ed que se cruz\u00f3 de imprevisto en este sector de la Ruta N\u00ba 51, provocando da\u00f1os importantes en el rodado. Solicitan circular con precauci\u00f3n en la Ruta Provincial N\u00ba 51, entre Coronel Pringles y Bah\u00eda Blanca,","og_url":"https:\/\/www.noticiasradioreflejos.com.ar\/2021\/un-vecinos-de-sierra-de-la-ventana-choco-contra-un-jabali-en-la-zona-de-7-puentes-de-la-ruta-51\/","og_site_name":"Noticias Radio Reflejos","article_published_time":"2019-05-23T11:56:18+00:00","og_image":[{"width":300,"height":200,"url":"https:\/\/www.noticiasradioreflejos.com.ar\/2021\/wp-content\/uploads\/2021\/07\/logosol300x200.png","type":"image\/png"}],"author":"Arnaldo Botto","twitter_card":"summary_large_image","schema":{"@context":"https:\/\/schema.org","@graph":[{"@type":"WebPage","@id":"https:\/\/www.noticiasradioreflejos.com.ar\/2021\/un-vecinos-de-sierra-de-la-ventana-choco-contra-un-jabali-en-la-zona-de-7-puentes-de-la-ruta-51\/","url":"https:\/\/www.noticiasradioreflejos.com.ar\/2021\/un-vecinos-de-sierra-de-la-ventana-choco-contra-un-jabali-en-la-zona-de-7-puentes-de-la-ruta-51\/","name":"Un Vecino de Sierra de la Ventana choc\u00f3 contra un jabal\u00ed en la zona de 7 puentes, de la ruta 51. - Noticias Radio Reflejos","isPartOf":{"@id":"https:\/\/www.noticiasradioreflejos.com.ar\/2021\/#website"},"primaryImageOfPage":{"@id":"https:\/\/www.noticiasradioreflejos.com.ar\/2021\/un-vecinos-de-sierra-de-la-ventana-choco-contra-un-jabali-en-la-zona-de-7-puentes-de-la-ruta-51\/#primaryimage"},"image":{"@id":"https:\/\/www.noticiasradioreflejos.com.ar\/2021\/un-vecinos-de-sierra-de-la-ventana-choco-contra-un-jabali-en-la-zona-de-7-puentes-de-la-ruta-51\/#primaryimage"},"thumbnailUrl":"http:\/\/www.noticiasradioreflejos.com.ar\/noticias\/wp-content\/uploads\/2019\/05\/chancho-a-la-parrilla.jpg","datePublished":"2019-05-23T11:56:18+00:00","author":{"@id":"https:\/\/www.noticiasradioreflejos.com.ar\/2021\/#\/schema\/person\/ad82545263dcc5ec0996818884fd5fb1"},"breadcrumb":{"@id":"https:\/\/www.noticiasradioreflejos.com.ar\/2021\/un-vecinos-de-sierra-de-la-ventana-choco-contra-un-jabali-en-la-zona-de-7-puentes-de-la-ruta-51\/#breadcrumb"},"inLanguage":"es","potentialAction":[{"@type":"ReadAction","target":["https:\/\/www.noticiasradioreflejos.com.ar\/2021\/un-vecinos-de-sierra-de-la-ventana-choco-contra-un-jabali-en-la-zona-de-7-puentes-de-la-ruta-51\/"]}]},{"@type":"ImageObject","inLanguage":"es","@id":"https:\/\/www.noticiasradioreflejos.com.ar\/2021\/un-vecinos-de-sierra-de-la-ventana-choco-contra-un-jabali-en-la-zona-de-7-puentes-de-la-ruta-51\/#primaryimage","url":"http:\/\/www.noticiasradioreflejos.com.ar\/noticias\/wp-content\/uploads\/2019\/05\/chancho-a-la-parrilla.jpg","contentUrl":"http:\/\/www.noticiasradioreflejos.com.ar\/noticias\/wp-content\/uploads\/2019\/05\/chancho-a-la-parrilla.jpg"},{"@type":"BreadcrumbList","@id":"https:\/\/www.noticiasradioreflejos.com.ar\/2021\/un-vecinos-de-sierra-de-la-ventana-choco-contra-un-jabali-en-la-zona-de-7-puentes-de-la-ruta-51\/#breadcrumb","itemListElement":[{"@type":"ListItem","position":1,"name":"Portada","item":"https:\/\/www.noticiasradioreflejos.com.ar\/2021\/"},{"@type":"ListItem","position":2,"name":"Un Vecino de Sierra de la Ventana choc\u00f3 contra un jabal\u00ed en la zona de 7 puentes, de la ruta 51."}]},{"@type":"WebSite","@id":"https:\/\/www.noticiasradioreflejos.com.ar\/2021\/#website","url":"https:\/\/www.noticiasradioreflejos.com.ar\/2021\/","name":"Noticias Radio Reflejos","description":"Las noticias de mi comarca","potentialAction":[{"@type":"SearchAction","target":{"@type":"EntryPoint","urlTemplate":"https:\/\/www.noticiasradioreflejos.com.ar\/2021\/?s={search_term_string}"},"query-input":{"@type":"PropertyValueSpecification","valueRequired":true,"valueName":"search_term_string"}}],"inLanguage":"es"},{"@type":"Person","@id":"https:\/\/www.noticiasradioreflejos.com.ar\/2021\/#\/schema\/person\/ad82545263dcc5ec0996818884fd5fb1","name":"Arnaldo Botto","image":{"@type":"ImageObject","inLanguage":"es","@id":"https:\/\/www.noticiasradioreflejos.com.ar\/2021\/#\/schema\/person\/image\/","url":"https:\/\/secure.gravatar.com\/avatar\/55cb5e37c1efa326397366e6974cb338056df65cb50e7d64d1cf314e87504837?s=96&d=mm&r=g","contentUrl":"https:\/\/secure.gravatar.com\/avatar\/55cb5e37c1efa326397366e6974cb338056df65cb50e7d64d1cf314e87504837?s=96&d=mm&r=g","caption":"Arnaldo Botto"},"url":"https:\/\/www.noticiasradioreflejos.com.ar\/2021\/author\/arnaldo\/"}]}},"_links":{"self":[{"href":"https:\/\/www.noticiasradioreflejos.com.ar\/2021\/wp-json\/wp\/v2\/posts\/31567","targetHints":{"allow":["GET"]}}],"collection":[{"href":"https:\/\/www.noticiasradioreflejos.com.ar\/2021\/wp-json\/wp\/v2\/posts"}],"about":[{"href":"https:\/\/www.noticiasradioreflejos.com.ar\/2021\/wp-json\/wp\/v2\/types\/post"}],"author":[{"embeddable":true,"href":"https:\/\/www.noticiasradioreflejos.com.ar\/2021\/wp-json\/wp\/v2\/users\/3"}],"replies":[{"embeddable":true,"href":"https:\/\/www.noticiasradioreflejos.com.ar\/2021\/wp-json\/wp\/v2\/comments?post=31567"}],"version-history":[{"count":0,"href":"https:\/\/www.noticiasradioreflejos.com.ar\/2021\/wp-json\/wp\/v2\/posts\/31567\/revisions"}],"wp:attachment":[{"href":"https:\/\/www.noticiasradioreflejos.com.ar\/2021\/wp-json\/wp\/v2\/media?parent=31567"}],"wp:term":[{"taxonomy":"category","embeddable":true,"href":"https:\/\/www.noticiasradioreflejos.com.ar\/2021\/wp-json\/wp\/v2\/categories?post=31567"},{"taxonomy":"post_tag","embeddable":true,"href":"https:\/\/www.noticiasradioreflejos.com.ar\/2021\/wp-json\/wp\/v2\/tags?post=31567"}],"curies":[{"name":"wp","href":"https:\/\/api.w.org\/{rel}","templated":true}]}}