{"id":31548,"date":"2019-05-23T08:11:03","date_gmt":"2019-05-23T11:11:03","guid":{"rendered":"http:\/\/www.noticiasradioreflejos.com.ar\/noticias\/?p=31548"},"modified":"2019-05-23T08:11:03","modified_gmt":"2019-05-23T11:11:03","slug":"denuncian-que-fumigaron-una-escuela-rural-en-tornquist","status":"publish","type":"post","link":"https:\/\/www.noticiasradioreflejos.com.ar\/2021\/denuncian-que-fumigaron-una-escuela-rural-en-tornquist\/","title":{"rendered":"Denuncian que fumigaron junto a la Escuela Rural N\u00b0 10 en Tornquist."},"content":{"rendered":"<p><a href=\"http:\/\/www.noticiasradioreflejos.com.ar\/noticias\/wp-content\/uploads\/2019\/05\/Maxi-D\u2019Onofrio-y-Milton-Trocoli.jpg\"><img loading=\"lazy\" decoding=\"async\" class=\"alignleft size-medium wp-image-31550\" src=\"http:\/\/www.noticiasradioreflejos.com.ar\/noticias\/wp-content\/uploads\/2019\/05\/Maxi-D\u2019Onofrio-y-Milton-Trocoli-300x225.jpg\" alt=\"Maxi D\u2019Onofrio y Milton Trocoli\" width=\"300\" height=\"225\" \/><\/a>Padres de alumnos de la Escuela Primaria N\u00b0 10, ubicada sobre la ruta 76 a escasos kil\u00f3metros de la ciudad de Tornquist, denunciaron que d\u00edas pasados un productor aplic\u00f3 agroqu\u00edmicos a 30 metros del establecimiento, violando la ordenanza que regula la actividad.<!--more--><br \/>\n\u201cHace unos 10 d\u00edas, fuera del horario escolar, comenz\u00f3 una tarea de aplicaci\u00f3n de agroqu\u00edmicos lindera a la escuela. Ante esa situaci\u00f3n, fuimos a consultar la ordenanza porque el aplicador dijo que no hab\u00eda ninguna ley que lo prohibiera\u201d, relataron Maxi D\u2019Onofrio y Milton Trocoli, quienes destacaron \u201cbuena actitud y buen trato\u201d de la persona que llevaba adelante el trabajo.<br \/>\n\u201cParece que hay gente que aun notificados de c\u00f3mo debe aplicar los herbicidas en el partido de Tornquist, no lo cumplen, lo cual es una negligencia muy importante\u201d, manifestaron y afirmaron que \u201chicimos la denuncia correspondiente\u201d.<br \/>\nLa ordenanza que regula la actividad establece \u201cuna serie de distancias distintas para zonas diferentes, las escuelas est\u00e1n dentro del aura de protecci\u00f3n y los productos m\u00e1s leves debieran tener 200 metros de distancia de aplicaci\u00f3n y una serie m\u00e1s de condiciones, como el aviso previo al municipio y a las escuelas\u201d.<br \/>\n\u201cMe parece una inconsciencia muy grande no cumplir una ordenanza que intenta proteger a la gente y sobre todo a ni\u00f1os de escuela\u201d, recalcaron.<br \/>\nD\u2019Onofrio y Trocoli se\u00f1alaron que \u201cen este camino fuimos muy bien guiados por la Secretaria de Producci\u00f3n de Tornquist, a trav\u00e9s de Alejandro Par\u00eds y Ricardo Echevarria, quienes est\u00e1n al tanto del caso y sigui\u00e9ndolo\u201d, y confirmaron que tambi\u00e9n trabaja en el tema al Defensor\u00eda del Pueblo de Bah\u00eda Blanca.<br \/>\nLos productores en cuesti\u00f3n \u201cestaban notificados de la vigencia de la ordenanza y no la estaban cumpliendo\u201d. \u201cSi esto lo hacemos p\u00fablico es porque son barbaridades que no se pueden repetir, no puede ser que tengamos tan poco cuidado con el pr\u00f3jimo\u201d, reclamaron.<br \/>\n<iframe loading=\"lazy\" src=\"https:\/\/w.soundcloud.com\/player\/?url=https%3A\/\/api.soundcloud.com\/tracks\/625228389&amp;color=%23ff5500&amp;auto_play=false&amp;hide_related=false&amp;show_comments=true&amp;show_user=true&amp;show_reposts=false&amp;show_teaser=true\" width=\"100%\" height=\"166\" frameborder=\"no\" scrolling=\"no\"><\/iframe><\/p>\n","protected":false},"excerpt":{"rendered":"<p>Padres de alumnos de la Escuela Primaria N\u00b0 10, ubicada sobre la ruta 76 a escasos kil\u00f3metros de la ciudad de Tornquist, denunciaron que d\u00edas pasados un productor aplic\u00f3 agroqu\u00edmicos a 30 metros del establecimiento, violando la ordenanza que regula la actividad.<\/p>\n","protected":false},"author":3,"featured_media":0,"comment_status":"closed","ping_status":"open","sticky":false,"template":"","format":"standard","meta":{"footnotes":""},"categories":[24],"tags":[],"class_list":["post-31548","post","type-post","status-publish","format-standard","hentry","category-politica"],"yoast_head":"<!-- This site is optimized with the Yoast SEO plugin v25.9 - https:\/\/yoast.com\/wordpress\/plugins\/seo\/ -->\n<title>Denuncian que fumigaron junto a la Escuela Rural N\u00b0 10 en Tornquist. - Noticias Radio Reflejos<\/title>\n<meta name=\"robots\" content=\"index, follow, max-snippet:-1, max-image-preview:large, max-video-preview:-1\" \/>\n<link rel=\"canonical\" href=\"https:\/\/www.noticiasradioreflejos.com.ar\/2021\/denuncian-que-fumigaron-una-escuela-rural-en-tornquist\/\" \/>\n<meta property=\"og:locale\" content=\"es_ES\" \/>\n<meta property=\"og:type\" content=\"article\" \/>\n<meta property=\"og:title\" content=\"Denuncian que fumigaron junto a la Escuela Rural N\u00b0 10 en Tornquist. - Noticias Radio Reflejos\" \/>\n<meta property=\"og:description\" content=\"Padres de alumnos de la Escuela Primaria N\u00b0 10, ubicada sobre la ruta 76 a escasos kil\u00f3metros de la ciudad de Tornquist, denunciaron que d\u00edas pasados un productor aplic\u00f3 agroqu\u00edmicos a 30 metros del establecimiento, violando la ordenanza que regula la actividad.\" \/>\n<meta property=\"og:url\" content=\"https:\/\/www.noticiasradioreflejos.com.ar\/2021\/denuncian-que-fumigaron-una-escuela-rural-en-tornquist\/\" \/>\n<meta property=\"og:site_name\" content=\"Noticias Radio Reflejos\" \/>\n<meta property=\"article:published_time\" content=\"2019-05-23T11:11:03+00:00\" \/>\n<meta property=\"og:image\" content=\"https:\/\/www.noticiasradioreflejos.com.ar\/2021\/wp-content\/uploads\/2021\/07\/logosol300x200.png\" \/>\n\t<meta property=\"og:image:width\" content=\"300\" \/>\n\t<meta property=\"og:image:height\" content=\"200\" \/>\n\t<meta property=\"og:image:type\" content=\"image\/png\" \/>\n<meta name=\"author\" content=\"Arnaldo Botto\" \/>\n<meta name=\"twitter:card\" content=\"summary_large_image\" \/>\n<script type=\"application\/ld+json\" class=\"yoast-schema-graph\">{\"@context\":\"https:\/\/schema.org\",\"@graph\":[{\"@type\":\"WebPage\",\"@id\":\"https:\/\/www.noticiasradioreflejos.com.ar\/2021\/denuncian-que-fumigaron-una-escuela-rural-en-tornquist\/\",\"url\":\"https:\/\/www.noticiasradioreflejos.com.ar\/2021\/denuncian-que-fumigaron-una-escuela-rural-en-tornquist\/\",\"name\":\"Denuncian que fumigaron junto a la Escuela Rural N\u00b0 10 en Tornquist. - Noticias Radio Reflejos\",\"isPartOf\":{\"@id\":\"https:\/\/www.noticiasradioreflejos.com.ar\/2021\/#website\"},\"datePublished\":\"2019-05-23T11:11:03+00:00\",\"author\":{\"@id\":\"https:\/\/www.noticiasradioreflejos.com.ar\/2021\/#\/schema\/person\/ad82545263dcc5ec0996818884fd5fb1\"},\"breadcrumb\":{\"@id\":\"https:\/\/www.noticiasradioreflejos.com.ar\/2021\/denuncian-que-fumigaron-una-escuela-rural-en-tornquist\/#breadcrumb\"},\"inLanguage\":\"es\",\"potentialAction\":[{\"@type\":\"ReadAction\",\"target\":[\"https:\/\/www.noticiasradioreflejos.com.ar\/2021\/denuncian-que-fumigaron-una-escuela-rural-en-tornquist\/\"]}]},{\"@type\":\"BreadcrumbList\",\"@id\":\"https:\/\/www.noticiasradioreflejos.com.ar\/2021\/denuncian-que-fumigaron-una-escuela-rural-en-tornquist\/#breadcrumb\",\"itemListElement\":[{\"@type\":\"ListItem\",\"position\":1,\"name\":\"Portada\",\"item\":\"https:\/\/www.noticiasradioreflejos.com.ar\/2021\/\"},{\"@type\":\"ListItem\",\"position\":2,\"name\":\"Denuncian que fumigaron junto a la Escuela Rural N\u00b0 10 en Tornquist.\"}]},{\"@type\":\"WebSite\",\"@id\":\"https:\/\/www.noticiasradioreflejos.com.ar\/2021\/#website\",\"url\":\"https:\/\/www.noticiasradioreflejos.com.ar\/2021\/\",\"name\":\"Noticias Radio Reflejos\",\"description\":\"Las noticias de mi comarca\",\"potentialAction\":[{\"@type\":\"SearchAction\",\"target\":{\"@type\":\"EntryPoint\",\"urlTemplate\":\"https:\/\/www.noticiasradioreflejos.com.ar\/2021\/?s={search_term_string}\"},\"query-input\":{\"@type\":\"PropertyValueSpecification\",\"valueRequired\":true,\"valueName\":\"search_term_string\"}}],\"inLanguage\":\"es\"},{\"@type\":\"Person\",\"@id\":\"https:\/\/www.noticiasradioreflejos.com.ar\/2021\/#\/schema\/person\/ad82545263dcc5ec0996818884fd5fb1\",\"name\":\"Arnaldo Botto\",\"image\":{\"@type\":\"ImageObject\",\"inLanguage\":\"es\",\"@id\":\"https:\/\/www.noticiasradioreflejos.com.ar\/2021\/#\/schema\/person\/image\/\",\"url\":\"https:\/\/secure.gravatar.com\/avatar\/55cb5e37c1efa326397366e6974cb338056df65cb50e7d64d1cf314e87504837?s=96&d=mm&r=g\",\"contentUrl\":\"https:\/\/secure.gravatar.com\/avatar\/55cb5e37c1efa326397366e6974cb338056df65cb50e7d64d1cf314e87504837?s=96&d=mm&r=g\",\"caption\":\"Arnaldo Botto\"},\"url\":\"https:\/\/www.noticiasradioreflejos.com.ar\/2021\/author\/arnaldo\/\"}]}<\/script>\n<!-- \/ Yoast SEO plugin. -->","yoast_head_json":{"title":"Denuncian que fumigaron junto a la Escuela Rural N\u00b0 10 en Tornquist. - Noticias Radio Reflejos","robots":{"index":"index","follow":"follow","max-snippet":"max-snippet:-1","max-image-preview":"max-image-preview:large","max-video-preview":"max-video-preview:-1"},"canonical":"https:\/\/www.noticiasradioreflejos.com.ar\/2021\/denuncian-que-fumigaron-una-escuela-rural-en-tornquist\/","og_locale":"es_ES","og_type":"article","og_title":"Denuncian que fumigaron junto a la Escuela Rural N\u00b0 10 en Tornquist. - Noticias Radio Reflejos","og_description":"Padres de alumnos de la Escuela Primaria N\u00b0 10, ubicada sobre la ruta 76 a escasos kil\u00f3metros de la ciudad de Tornquist, denunciaron que d\u00edas pasados un productor aplic\u00f3 agroqu\u00edmicos a 30 metros del establecimiento, violando la ordenanza que regula la actividad.","og_url":"https:\/\/www.noticiasradioreflejos.com.ar\/2021\/denuncian-que-fumigaron-una-escuela-rural-en-tornquist\/","og_site_name":"Noticias Radio Reflejos","article_published_time":"2019-05-23T11:11:03+00:00","og_image":[{"width":300,"height":200,"url":"https:\/\/www.noticiasradioreflejos.com.ar\/2021\/wp-content\/uploads\/2021\/07\/logosol300x200.png","type":"image\/png"}],"author":"Arnaldo Botto","twitter_card":"summary_large_image","schema":{"@context":"https:\/\/schema.org","@graph":[{"@type":"WebPage","@id":"https:\/\/www.noticiasradioreflejos.com.ar\/2021\/denuncian-que-fumigaron-una-escuela-rural-en-tornquist\/","url":"https:\/\/www.noticiasradioreflejos.com.ar\/2021\/denuncian-que-fumigaron-una-escuela-rural-en-tornquist\/","name":"Denuncian que fumigaron junto a la Escuela Rural N\u00b0 10 en Tornquist. - Noticias Radio Reflejos","isPartOf":{"@id":"https:\/\/www.noticiasradioreflejos.com.ar\/2021\/#website"},"datePublished":"2019-05-23T11:11:03+00:00","author":{"@id":"https:\/\/www.noticiasradioreflejos.com.ar\/2021\/#\/schema\/person\/ad82545263dcc5ec0996818884fd5fb1"},"breadcrumb":{"@id":"https:\/\/www.noticiasradioreflejos.com.ar\/2021\/denuncian-que-fumigaron-una-escuela-rural-en-tornquist\/#breadcrumb"},"inLanguage":"es","potentialAction":[{"@type":"ReadAction","target":["https:\/\/www.noticiasradioreflejos.com.ar\/2021\/denuncian-que-fumigaron-una-escuela-rural-en-tornquist\/"]}]},{"@type":"BreadcrumbList","@id":"https:\/\/www.noticiasradioreflejos.com.ar\/2021\/denuncian-que-fumigaron-una-escuela-rural-en-tornquist\/#breadcrumb","itemListElement":[{"@type":"ListItem","position":1,"name":"Portada","item":"https:\/\/www.noticiasradioreflejos.com.ar\/2021\/"},{"@type":"ListItem","position":2,"name":"Denuncian que fumigaron junto a la Escuela Rural N\u00b0 10 en Tornquist."}]},{"@type":"WebSite","@id":"https:\/\/www.noticiasradioreflejos.com.ar\/2021\/#website","url":"https:\/\/www.noticiasradioreflejos.com.ar\/2021\/","name":"Noticias Radio Reflejos","description":"Las noticias de mi comarca","potentialAction":[{"@type":"SearchAction","target":{"@type":"EntryPoint","urlTemplate":"https:\/\/www.noticiasradioreflejos.com.ar\/2021\/?s={search_term_string}"},"query-input":{"@type":"PropertyValueSpecification","valueRequired":true,"valueName":"search_term_string"}}],"inLanguage":"es"},{"@type":"Person","@id":"https:\/\/www.noticiasradioreflejos.com.ar\/2021\/#\/schema\/person\/ad82545263dcc5ec0996818884fd5fb1","name":"Arnaldo Botto","image":{"@type":"ImageObject","inLanguage":"es","@id":"https:\/\/www.noticiasradioreflejos.com.ar\/2021\/#\/schema\/person\/image\/","url":"https:\/\/secure.gravatar.com\/avatar\/55cb5e37c1efa326397366e6974cb338056df65cb50e7d64d1cf314e87504837?s=96&d=mm&r=g","contentUrl":"https:\/\/secure.gravatar.com\/avatar\/55cb5e37c1efa326397366e6974cb338056df65cb50e7d64d1cf314e87504837?s=96&d=mm&r=g","caption":"Arnaldo Botto"},"url":"https:\/\/www.noticiasradioreflejos.com.ar\/2021\/author\/arnaldo\/"}]}},"_links":{"self":[{"href":"https:\/\/www.noticiasradioreflejos.com.ar\/2021\/wp-json\/wp\/v2\/posts\/31548","targetHints":{"allow":["GET"]}}],"collection":[{"href":"https:\/\/www.noticiasradioreflejos.com.ar\/2021\/wp-json\/wp\/v2\/posts"}],"about":[{"href":"https:\/\/www.noticiasradioreflejos.com.ar\/2021\/wp-json\/wp\/v2\/types\/post"}],"author":[{"embeddable":true,"href":"https:\/\/www.noticiasradioreflejos.com.ar\/2021\/wp-json\/wp\/v2\/users\/3"}],"replies":[{"embeddable":true,"href":"https:\/\/www.noticiasradioreflejos.com.ar\/2021\/wp-json\/wp\/v2\/comments?post=31548"}],"version-history":[{"count":0,"href":"https:\/\/www.noticiasradioreflejos.com.ar\/2021\/wp-json\/wp\/v2\/posts\/31548\/revisions"}],"wp:attachment":[{"href":"https:\/\/www.noticiasradioreflejos.com.ar\/2021\/wp-json\/wp\/v2\/media?parent=31548"}],"wp:term":[{"taxonomy":"category","embeddable":true,"href":"https:\/\/www.noticiasradioreflejos.com.ar\/2021\/wp-json\/wp\/v2\/categories?post=31548"},{"taxonomy":"post_tag","embeddable":true,"href":"https:\/\/www.noticiasradioreflejos.com.ar\/2021\/wp-json\/wp\/v2\/tags?post=31548"}],"curies":[{"name":"wp","href":"https:\/\/api.w.org\/{rel}","templated":true}]}}