{"id":31544,"date":"2019-05-23T07:59:19","date_gmt":"2019-05-23T10:59:19","guid":{"rendered":"http:\/\/www.noticiasradioreflejos.com.ar\/noticias\/?p=31544"},"modified":"2019-05-23T07:59:19","modified_gmt":"2019-05-23T10:59:19","slug":"gustavo-trankels-se-reunira-hoy-con-vecinos-en-saldungaray","status":"publish","type":"post","link":"https:\/\/www.noticiasradioreflejos.com.ar\/2021\/gustavo-trankels-se-reunira-hoy-con-vecinos-en-saldungaray\/","title":{"rendered":"Gustavo Trankels se reunir\u00e1 hoy con vecinos en Saldungaray"},"content":{"rendered":"<p>Ser\u00e1 este jueves desde las 20 hs en el Club Porte\u00f1o. El exintendente dialog\u00f3 con nuestro medio y se refiri\u00f3 tambi\u00e9n a su posible candidatura, a la postulaci\u00f3n de Tita Musso y la causa en su contra por presuntos sobreprecios en la obra p\u00fablica.<!--more--><br \/>\nEste jueves desde las 20 hs en el Club Porte\u00f1o, el exintendente Gustavo Trankels mantendr\u00e1 una reuni\u00f3n con vecinos de Saldungaray.<br \/>\nEn di\u00e1logo con nuestro medio, el jefe comunal entre 2007 y 2015 explic\u00f3 de qu\u00e9 se trata el encuentro: \u201cNo hay ning\u00fan lanzamiento, empezaron a surgir inquietudes en diferentes localidades, la iniciativa empez\u00f3 en Villa Ventana, de donde vecinos nos pidieron una reuni\u00f3n y fuimos, conversamos sobre temas de actualidad y el futuro; despu\u00e9s desde sierra propusieron lo mismo y fuimos y nos fue muy bien tambi\u00e9n, y ahora es el turno de Saldungaray\u201d.<br \/>\n\u201cEn base a las inquietudes de los vecinos el PJ va a ir elaborando la propuesta para las elecciones de este a\u00f1o\u201d, a\u00f1adi\u00f3 y continu\u00f3: \u201cEn estas charlas hay cuestiones estructurales que conocemos porque hace a\u00f1o que andamos en gesti\u00f3n, pero van surgiendo inquietudes nuevas\u201d.<br \/>\n\u201cLa realidad social de cada uno de los pueblos es cada vez m\u00e1s din\u00e1mica y vertiginosa y surgen inquietudes nuevas que hay que abordarlas de otra manera con otras herramientas \u2013indic\u00f3-, en eso venimos haciendo un ejercicio con un equipo de compa\u00f1eros profesionales que asesoran a intendentes de otros lugares del pa\u00eds\u201d.<br \/>\n\u201cEstamos en un c\u00edrculo de legisladores que viene haciendo proyectos que est\u00e1n poniendo en diferentes distritos, como la rebaja de tasas, que le ha servido al vecino y a la gesti\u00f3n, y vamos a tener una reuni\u00f3n la semana que viene en buenos aires para capacitarnos al respecto. Hay que estar preparados para los temas que vienen y tomarlos con mucha responsabilidad\u201d, sostuvo.<br \/>\nPor otro lado, respecto a posible postulaci\u00f3n de \u2018Tita\u2019 Musso como intendente, Trankels asegur\u00f3 que \u201cno es un tema que haya salido formalmente del PJ o que se haya propuesto desde el consejo del partido; no habl\u00e9 con ella, desconozco el tema\u201d.<br \/>\nAsimismo, sobre si se presentar\u00e1 o no en las elecciones como precandidato a jefe comunal, manifest\u00f3 que est\u00e1 \u201ca disposici\u00f3n del partido, creo que se tiene que dar naturalmente, que la propia gente y los compa\u00f1eros vayan definiendo qu\u00e9 rol tenemos que jugar cada uno a los que nos gusta la pol\u00edtica y participar del desarrollo de todo lo que se viene\u201d.<br \/>\n\u201cSi me toca no voy a eludir la responsabilidad\u201d, aclar\u00f3.<br \/>\nM\u00e1s adelante, consultado sobre si ten\u00eda novedades de la denuncia en su contra por parte del intendente Sergio Bordoni por presuntos sobreprecios en la obra p\u00fablica, Trankels afirm\u00f3 que \u201cno tenemos novedades\u201d.<br \/>\n\u201cNos llama la atenci\u00f3n que el intendente hable de algo que a nosotros ni nos notificaron. Pueden pasar dos cosas, que no sea cierto o que si es cierto haya sido desestimada, porque si no ya nos hubiesen llamado y gustosamente, como cualquier ciudadano, tenemos que ir y contestar cualquier pregunta que nos hagan\u201d, asegur\u00f3.<br \/>\nPor \u00faltimo, en cuanto a las elecciones que se vienen, manifest\u00f3: \u201cEs un a\u00f1o muy particular, principalmente para la gente va a haber la opci\u00f3n de dos modelos econ\u00f3micos y de pa\u00eds bien marcadas; la poblaci\u00f3n tiene conciencia de esa situaci\u00f3n, me doy cuenta por el inter\u00e9s en participar en la pol\u00edtica, o de j\u00f3venes que no aparecen en los padrones y se movilizan para estar.<br \/>\n\u201cHay un gran grado de conciencia en que lo que se juega este a\u00f1o en las elecciones va a ser muy importante para las pr\u00f3ximas generaciones, y eso nos entusiasma a todos\u201d, cerr\u00f3.<br \/>\nREUNI\u00d3N CON J\u00d3VENES EN LA CIUDAD<br \/>\nEl viernes, el Lic. Gustavo Trankels mantendr\u00e1 un encuentro con j\u00f3venes de nuestra ciudad y el distrito. Tendr\u00e1 lugar desde las 19 hs en la Unidad B\u00e1sica y la invitaci\u00f3n es abierta para todos aquellos que deseen participar.<\/p>\n","protected":false},"excerpt":{"rendered":"<p>Ser\u00e1 este jueves desde las 20 hs en el Club Porte\u00f1o. El exintendente dialog\u00f3 con nuestro medio y se refiri\u00f3 tambi\u00e9n a su posible candidatura, a la postulaci\u00f3n de Tita Musso y la causa en su contra por presuntos sobreprecios en la obra p\u00fablica.<\/p>\n","protected":false},"author":3,"featured_media":0,"comment_status":"closed","ping_status":"open","sticky":false,"template":"","format":"standard","meta":{"footnotes":""},"categories":[24],"tags":[],"class_list":["post-31544","post","type-post","status-publish","format-standard","hentry","category-politica"],"yoast_head":"<!-- This site is optimized with the Yoast SEO plugin v25.9 - https:\/\/yoast.com\/wordpress\/plugins\/seo\/ -->\n<title>Gustavo Trankels se reunir\u00e1 hoy con vecinos en Saldungaray - Noticias Radio Reflejos<\/title>\n<meta name=\"robots\" content=\"index, follow, max-snippet:-1, max-image-preview:large, max-video-preview:-1\" \/>\n<link rel=\"canonical\" href=\"https:\/\/www.noticiasradioreflejos.com.ar\/2021\/gustavo-trankels-se-reunira-hoy-con-vecinos-en-saldungaray\/\" \/>\n<meta property=\"og:locale\" content=\"es_ES\" \/>\n<meta property=\"og:type\" content=\"article\" \/>\n<meta property=\"og:title\" content=\"Gustavo Trankels se reunir\u00e1 hoy con vecinos en Saldungaray - Noticias Radio Reflejos\" \/>\n<meta property=\"og:description\" content=\"Ser\u00e1 este jueves desde las 20 hs en el Club Porte\u00f1o. El exintendente dialog\u00f3 con nuestro medio y se refiri\u00f3 tambi\u00e9n a su posible candidatura, a la postulaci\u00f3n de Tita Musso y la causa en su contra por presuntos sobreprecios en la obra p\u00fablica.\" \/>\n<meta property=\"og:url\" content=\"https:\/\/www.noticiasradioreflejos.com.ar\/2021\/gustavo-trankels-se-reunira-hoy-con-vecinos-en-saldungaray\/\" \/>\n<meta property=\"og:site_name\" content=\"Noticias Radio Reflejos\" \/>\n<meta property=\"article:published_time\" content=\"2019-05-23T10:59:19+00:00\" \/>\n<meta property=\"og:image\" content=\"https:\/\/www.noticiasradioreflejos.com.ar\/2021\/wp-content\/uploads\/2021\/07\/logosol300x200.png\" \/>\n\t<meta property=\"og:image:width\" content=\"300\" \/>\n\t<meta property=\"og:image:height\" content=\"200\" \/>\n\t<meta property=\"og:image:type\" content=\"image\/png\" \/>\n<meta name=\"author\" content=\"Arnaldo Botto\" \/>\n<meta name=\"twitter:card\" content=\"summary_large_image\" \/>\n<script type=\"application\/ld+json\" class=\"yoast-schema-graph\">{\"@context\":\"https:\/\/schema.org\",\"@graph\":[{\"@type\":\"WebPage\",\"@id\":\"https:\/\/www.noticiasradioreflejos.com.ar\/2021\/gustavo-trankels-se-reunira-hoy-con-vecinos-en-saldungaray\/\",\"url\":\"https:\/\/www.noticiasradioreflejos.com.ar\/2021\/gustavo-trankels-se-reunira-hoy-con-vecinos-en-saldungaray\/\",\"name\":\"Gustavo Trankels se reunir\u00e1 hoy con vecinos en Saldungaray - Noticias Radio Reflejos\",\"isPartOf\":{\"@id\":\"https:\/\/www.noticiasradioreflejos.com.ar\/2021\/#website\"},\"datePublished\":\"2019-05-23T10:59:19+00:00\",\"author\":{\"@id\":\"https:\/\/www.noticiasradioreflejos.com.ar\/2021\/#\/schema\/person\/ad82545263dcc5ec0996818884fd5fb1\"},\"breadcrumb\":{\"@id\":\"https:\/\/www.noticiasradioreflejos.com.ar\/2021\/gustavo-trankels-se-reunira-hoy-con-vecinos-en-saldungaray\/#breadcrumb\"},\"inLanguage\":\"es\",\"potentialAction\":[{\"@type\":\"ReadAction\",\"target\":[\"https:\/\/www.noticiasradioreflejos.com.ar\/2021\/gustavo-trankels-se-reunira-hoy-con-vecinos-en-saldungaray\/\"]}]},{\"@type\":\"BreadcrumbList\",\"@id\":\"https:\/\/www.noticiasradioreflejos.com.ar\/2021\/gustavo-trankels-se-reunira-hoy-con-vecinos-en-saldungaray\/#breadcrumb\",\"itemListElement\":[{\"@type\":\"ListItem\",\"position\":1,\"name\":\"Portada\",\"item\":\"https:\/\/www.noticiasradioreflejos.com.ar\/2021\/\"},{\"@type\":\"ListItem\",\"position\":2,\"name\":\"Gustavo Trankels se reunir\u00e1 hoy con vecinos en Saldungaray\"}]},{\"@type\":\"WebSite\",\"@id\":\"https:\/\/www.noticiasradioreflejos.com.ar\/2021\/#website\",\"url\":\"https:\/\/www.noticiasradioreflejos.com.ar\/2021\/\",\"name\":\"Noticias Radio Reflejos\",\"description\":\"Las noticias de mi comarca\",\"potentialAction\":[{\"@type\":\"SearchAction\",\"target\":{\"@type\":\"EntryPoint\",\"urlTemplate\":\"https:\/\/www.noticiasradioreflejos.com.ar\/2021\/?s={search_term_string}\"},\"query-input\":{\"@type\":\"PropertyValueSpecification\",\"valueRequired\":true,\"valueName\":\"search_term_string\"}}],\"inLanguage\":\"es\"},{\"@type\":\"Person\",\"@id\":\"https:\/\/www.noticiasradioreflejos.com.ar\/2021\/#\/schema\/person\/ad82545263dcc5ec0996818884fd5fb1\",\"name\":\"Arnaldo Botto\",\"image\":{\"@type\":\"ImageObject\",\"inLanguage\":\"es\",\"@id\":\"https:\/\/www.noticiasradioreflejos.com.ar\/2021\/#\/schema\/person\/image\/\",\"url\":\"https:\/\/secure.gravatar.com\/avatar\/55cb5e37c1efa326397366e6974cb338056df65cb50e7d64d1cf314e87504837?s=96&d=mm&r=g\",\"contentUrl\":\"https:\/\/secure.gravatar.com\/avatar\/55cb5e37c1efa326397366e6974cb338056df65cb50e7d64d1cf314e87504837?s=96&d=mm&r=g\",\"caption\":\"Arnaldo Botto\"},\"url\":\"https:\/\/www.noticiasradioreflejos.com.ar\/2021\/author\/arnaldo\/\"}]}<\/script>\n<!-- \/ Yoast SEO plugin. -->","yoast_head_json":{"title":"Gustavo Trankels se reunir\u00e1 hoy con vecinos en Saldungaray - Noticias Radio Reflejos","robots":{"index":"index","follow":"follow","max-snippet":"max-snippet:-1","max-image-preview":"max-image-preview:large","max-video-preview":"max-video-preview:-1"},"canonical":"https:\/\/www.noticiasradioreflejos.com.ar\/2021\/gustavo-trankels-se-reunira-hoy-con-vecinos-en-saldungaray\/","og_locale":"es_ES","og_type":"article","og_title":"Gustavo Trankels se reunir\u00e1 hoy con vecinos en Saldungaray - Noticias Radio Reflejos","og_description":"Ser\u00e1 este jueves desde las 20 hs en el Club Porte\u00f1o. El exintendente dialog\u00f3 con nuestro medio y se refiri\u00f3 tambi\u00e9n a su posible candidatura, a la postulaci\u00f3n de Tita Musso y la causa en su contra por presuntos sobreprecios en la obra p\u00fablica.","og_url":"https:\/\/www.noticiasradioreflejos.com.ar\/2021\/gustavo-trankels-se-reunira-hoy-con-vecinos-en-saldungaray\/","og_site_name":"Noticias Radio Reflejos","article_published_time":"2019-05-23T10:59:19+00:00","og_image":[{"width":300,"height":200,"url":"https:\/\/www.noticiasradioreflejos.com.ar\/2021\/wp-content\/uploads\/2021\/07\/logosol300x200.png","type":"image\/png"}],"author":"Arnaldo Botto","twitter_card":"summary_large_image","schema":{"@context":"https:\/\/schema.org","@graph":[{"@type":"WebPage","@id":"https:\/\/www.noticiasradioreflejos.com.ar\/2021\/gustavo-trankels-se-reunira-hoy-con-vecinos-en-saldungaray\/","url":"https:\/\/www.noticiasradioreflejos.com.ar\/2021\/gustavo-trankels-se-reunira-hoy-con-vecinos-en-saldungaray\/","name":"Gustavo Trankels se reunir\u00e1 hoy con vecinos en Saldungaray - Noticias Radio Reflejos","isPartOf":{"@id":"https:\/\/www.noticiasradioreflejos.com.ar\/2021\/#website"},"datePublished":"2019-05-23T10:59:19+00:00","author":{"@id":"https:\/\/www.noticiasradioreflejos.com.ar\/2021\/#\/schema\/person\/ad82545263dcc5ec0996818884fd5fb1"},"breadcrumb":{"@id":"https:\/\/www.noticiasradioreflejos.com.ar\/2021\/gustavo-trankels-se-reunira-hoy-con-vecinos-en-saldungaray\/#breadcrumb"},"inLanguage":"es","potentialAction":[{"@type":"ReadAction","target":["https:\/\/www.noticiasradioreflejos.com.ar\/2021\/gustavo-trankels-se-reunira-hoy-con-vecinos-en-saldungaray\/"]}]},{"@type":"BreadcrumbList","@id":"https:\/\/www.noticiasradioreflejos.com.ar\/2021\/gustavo-trankels-se-reunira-hoy-con-vecinos-en-saldungaray\/#breadcrumb","itemListElement":[{"@type":"ListItem","position":1,"name":"Portada","item":"https:\/\/www.noticiasradioreflejos.com.ar\/2021\/"},{"@type":"ListItem","position":2,"name":"Gustavo Trankels se reunir\u00e1 hoy con vecinos en Saldungaray"}]},{"@type":"WebSite","@id":"https:\/\/www.noticiasradioreflejos.com.ar\/2021\/#website","url":"https:\/\/www.noticiasradioreflejos.com.ar\/2021\/","name":"Noticias Radio Reflejos","description":"Las noticias de mi comarca","potentialAction":[{"@type":"SearchAction","target":{"@type":"EntryPoint","urlTemplate":"https:\/\/www.noticiasradioreflejos.com.ar\/2021\/?s={search_term_string}"},"query-input":{"@type":"PropertyValueSpecification","valueRequired":true,"valueName":"search_term_string"}}],"inLanguage":"es"},{"@type":"Person","@id":"https:\/\/www.noticiasradioreflejos.com.ar\/2021\/#\/schema\/person\/ad82545263dcc5ec0996818884fd5fb1","name":"Arnaldo Botto","image":{"@type":"ImageObject","inLanguage":"es","@id":"https:\/\/www.noticiasradioreflejos.com.ar\/2021\/#\/schema\/person\/image\/","url":"https:\/\/secure.gravatar.com\/avatar\/55cb5e37c1efa326397366e6974cb338056df65cb50e7d64d1cf314e87504837?s=96&d=mm&r=g","contentUrl":"https:\/\/secure.gravatar.com\/avatar\/55cb5e37c1efa326397366e6974cb338056df65cb50e7d64d1cf314e87504837?s=96&d=mm&r=g","caption":"Arnaldo Botto"},"url":"https:\/\/www.noticiasradioreflejos.com.ar\/2021\/author\/arnaldo\/"}]}},"_links":{"self":[{"href":"https:\/\/www.noticiasradioreflejos.com.ar\/2021\/wp-json\/wp\/v2\/posts\/31544","targetHints":{"allow":["GET"]}}],"collection":[{"href":"https:\/\/www.noticiasradioreflejos.com.ar\/2021\/wp-json\/wp\/v2\/posts"}],"about":[{"href":"https:\/\/www.noticiasradioreflejos.com.ar\/2021\/wp-json\/wp\/v2\/types\/post"}],"author":[{"embeddable":true,"href":"https:\/\/www.noticiasradioreflejos.com.ar\/2021\/wp-json\/wp\/v2\/users\/3"}],"replies":[{"embeddable":true,"href":"https:\/\/www.noticiasradioreflejos.com.ar\/2021\/wp-json\/wp\/v2\/comments?post=31544"}],"version-history":[{"count":0,"href":"https:\/\/www.noticiasradioreflejos.com.ar\/2021\/wp-json\/wp\/v2\/posts\/31544\/revisions"}],"wp:attachment":[{"href":"https:\/\/www.noticiasradioreflejos.com.ar\/2021\/wp-json\/wp\/v2\/media?parent=31544"}],"wp:term":[{"taxonomy":"category","embeddable":true,"href":"https:\/\/www.noticiasradioreflejos.com.ar\/2021\/wp-json\/wp\/v2\/categories?post=31544"},{"taxonomy":"post_tag","embeddable":true,"href":"https:\/\/www.noticiasradioreflejos.com.ar\/2021\/wp-json\/wp\/v2\/tags?post=31544"}],"curies":[{"name":"wp","href":"https:\/\/api.w.org\/{rel}","templated":true}]}}