{"id":31519,"date":"2019-05-21T15:12:54","date_gmt":"2019-05-21T18:12:54","guid":{"rendered":"http:\/\/www.noticiasradioreflejos.com.ar\/noticias\/?p=31519"},"modified":"2019-05-21T15:12:54","modified_gmt":"2019-05-21T18:12:54","slug":"personal-de-salud-se-capacito-en-el-manejo-del-pie-diabetico","status":"publish","type":"post","link":"https:\/\/www.noticiasradioreflejos.com.ar\/2021\/personal-de-salud-se-capacito-en-el-manejo-del-pie-diabetico\/","title":{"rendered":"Personal de salud se capacit\u00f3 en el \u201cManejo del Pie Diab\u00e9tico\u201d"},"content":{"rendered":"<p>Enfermeros del \u00e1rea de salud del distrito, y la directora de la Farmacia del hospital municipal, se capacitaron en  \u201cManejo del Pie Diab\u00e9tico\u201d, formaci\u00f3n organizada por la Secretar\u00eda de Salud municipal, a trav\u00e9s del Ministerio de Salud y Desarrollo Social provincial y el Hospital de Alta Complejidad en Red El Cruce, de Florencio Varela.<!--more--><br \/>\nEn esta oportunidad la capacitaci\u00f3n se realiz\u00f3 mediante una teleconferencia, una nueva modalidad implementada por la cartera provincial. La misma estuvo a cargo de personal profesional del Ministerio y del hospital \u201cEl Cruce\u201d.<br \/>\nEn esta oportunidad, en este espacio de formaci\u00f3n a distancia por medio de videoconferencias en tiempo real, se abordaron los siguientes temas: Uso racional del t\u00f3pico seg\u00fan cada caso, Derivaci\u00f3n oportuna. Descripci\u00f3n y clasificaci\u00f3n de heridas. Manejo local y curaciones, Criterios, Protocolo de manejo, Uso racional de t\u00f3picos, Enfoque multidisciplinario y manejo ambulatorio, entre otros.<br \/>\nEl \u00e1rea de Salud tiene previsto continuar con estas capacitaciones, en tal sentido est\u00e1 programado un cronograma quincenal a tal efecto, y que tiene como objetivo la formaci\u00f3n continua para brindar una atenci\u00f3n adecuada y acorde a los nuevos avances.<\/p>\n","protected":false},"excerpt":{"rendered":"<p>Enfermeros del \u00e1rea de salud del distrito, y la directora de la Farmacia del hospital municipal, se capacitaron en \u201cManejo del Pie Diab\u00e9tico\u201d, formaci\u00f3n organizada por la Secretar\u00eda de Salud municipal, a trav\u00e9s del Ministerio de Salud y Desarrollo Social provincial y el Hospital de Alta Complejidad en Red El Cruce, de Florencio Varela.<\/p>\n","protected":false},"author":3,"featured_media":0,"comment_status":"closed","ping_status":"open","sticky":false,"template":"","format":"standard","meta":{"footnotes":""},"categories":[30],"tags":[],"class_list":["post-31519","post","type-post","status-publish","format-standard","hentry","category-salud"],"yoast_head":"<!-- This site is optimized with the Yoast SEO plugin v25.9 - https:\/\/yoast.com\/wordpress\/plugins\/seo\/ -->\n<title>Personal de salud se capacit\u00f3 en el \u201cManejo del Pie Diab\u00e9tico\u201d - Noticias Radio Reflejos<\/title>\n<meta name=\"robots\" content=\"index, follow, max-snippet:-1, max-image-preview:large, max-video-preview:-1\" \/>\n<link rel=\"canonical\" href=\"https:\/\/www.noticiasradioreflejos.com.ar\/2021\/personal-de-salud-se-capacito-en-el-manejo-del-pie-diabetico\/\" \/>\n<meta property=\"og:locale\" content=\"es_ES\" \/>\n<meta property=\"og:type\" content=\"article\" \/>\n<meta property=\"og:title\" content=\"Personal de salud se capacit\u00f3 en el \u201cManejo del Pie Diab\u00e9tico\u201d - Noticias Radio Reflejos\" \/>\n<meta property=\"og:description\" content=\"Enfermeros del \u00e1rea de salud del distrito, y la directora de la Farmacia del hospital municipal, se capacitaron en \u201cManejo del Pie Diab\u00e9tico\u201d, formaci\u00f3n organizada por la Secretar\u00eda de Salud municipal, a trav\u00e9s del Ministerio de Salud y Desarrollo Social provincial y el Hospital de Alta Complejidad en Red El Cruce, de Florencio Varela.\" \/>\n<meta property=\"og:url\" content=\"https:\/\/www.noticiasradioreflejos.com.ar\/2021\/personal-de-salud-se-capacito-en-el-manejo-del-pie-diabetico\/\" \/>\n<meta property=\"og:site_name\" content=\"Noticias Radio Reflejos\" \/>\n<meta property=\"article:published_time\" content=\"2019-05-21T18:12:54+00:00\" \/>\n<meta property=\"og:image\" content=\"https:\/\/www.noticiasradioreflejos.com.ar\/2021\/wp-content\/uploads\/2021\/07\/logosol300x200.png\" \/>\n\t<meta property=\"og:image:width\" content=\"300\" \/>\n\t<meta property=\"og:image:height\" content=\"200\" \/>\n\t<meta property=\"og:image:type\" content=\"image\/png\" \/>\n<meta name=\"author\" content=\"Arnaldo Botto\" \/>\n<meta name=\"twitter:card\" content=\"summary_large_image\" \/>\n<script type=\"application\/ld+json\" class=\"yoast-schema-graph\">{\"@context\":\"https:\/\/schema.org\",\"@graph\":[{\"@type\":\"WebPage\",\"@id\":\"https:\/\/www.noticiasradioreflejos.com.ar\/2021\/personal-de-salud-se-capacito-en-el-manejo-del-pie-diabetico\/\",\"url\":\"https:\/\/www.noticiasradioreflejos.com.ar\/2021\/personal-de-salud-se-capacito-en-el-manejo-del-pie-diabetico\/\",\"name\":\"Personal de salud se capacit\u00f3 en el \u201cManejo del Pie Diab\u00e9tico\u201d - Noticias Radio Reflejos\",\"isPartOf\":{\"@id\":\"https:\/\/www.noticiasradioreflejos.com.ar\/2021\/#website\"},\"datePublished\":\"2019-05-21T18:12:54+00:00\",\"author\":{\"@id\":\"https:\/\/www.noticiasradioreflejos.com.ar\/2021\/#\/schema\/person\/ad82545263dcc5ec0996818884fd5fb1\"},\"breadcrumb\":{\"@id\":\"https:\/\/www.noticiasradioreflejos.com.ar\/2021\/personal-de-salud-se-capacito-en-el-manejo-del-pie-diabetico\/#breadcrumb\"},\"inLanguage\":\"es\",\"potentialAction\":[{\"@type\":\"ReadAction\",\"target\":[\"https:\/\/www.noticiasradioreflejos.com.ar\/2021\/personal-de-salud-se-capacito-en-el-manejo-del-pie-diabetico\/\"]}]},{\"@type\":\"BreadcrumbList\",\"@id\":\"https:\/\/www.noticiasradioreflejos.com.ar\/2021\/personal-de-salud-se-capacito-en-el-manejo-del-pie-diabetico\/#breadcrumb\",\"itemListElement\":[{\"@type\":\"ListItem\",\"position\":1,\"name\":\"Portada\",\"item\":\"https:\/\/www.noticiasradioreflejos.com.ar\/2021\/\"},{\"@type\":\"ListItem\",\"position\":2,\"name\":\"Personal de salud se capacit\u00f3 en el \u201cManejo del Pie Diab\u00e9tico\u201d\"}]},{\"@type\":\"WebSite\",\"@id\":\"https:\/\/www.noticiasradioreflejos.com.ar\/2021\/#website\",\"url\":\"https:\/\/www.noticiasradioreflejos.com.ar\/2021\/\",\"name\":\"Noticias Radio Reflejos\",\"description\":\"Las noticias de mi comarca\",\"potentialAction\":[{\"@type\":\"SearchAction\",\"target\":{\"@type\":\"EntryPoint\",\"urlTemplate\":\"https:\/\/www.noticiasradioreflejos.com.ar\/2021\/?s={search_term_string}\"},\"query-input\":{\"@type\":\"PropertyValueSpecification\",\"valueRequired\":true,\"valueName\":\"search_term_string\"}}],\"inLanguage\":\"es\"},{\"@type\":\"Person\",\"@id\":\"https:\/\/www.noticiasradioreflejos.com.ar\/2021\/#\/schema\/person\/ad82545263dcc5ec0996818884fd5fb1\",\"name\":\"Arnaldo Botto\",\"image\":{\"@type\":\"ImageObject\",\"inLanguage\":\"es\",\"@id\":\"https:\/\/www.noticiasradioreflejos.com.ar\/2021\/#\/schema\/person\/image\/\",\"url\":\"https:\/\/secure.gravatar.com\/avatar\/55cb5e37c1efa326397366e6974cb338056df65cb50e7d64d1cf314e87504837?s=96&d=mm&r=g\",\"contentUrl\":\"https:\/\/secure.gravatar.com\/avatar\/55cb5e37c1efa326397366e6974cb338056df65cb50e7d64d1cf314e87504837?s=96&d=mm&r=g\",\"caption\":\"Arnaldo Botto\"},\"url\":\"https:\/\/www.noticiasradioreflejos.com.ar\/2021\/author\/arnaldo\/\"}]}<\/script>\n<!-- \/ Yoast SEO plugin. -->","yoast_head_json":{"title":"Personal de salud se capacit\u00f3 en el \u201cManejo del Pie Diab\u00e9tico\u201d - Noticias Radio Reflejos","robots":{"index":"index","follow":"follow","max-snippet":"max-snippet:-1","max-image-preview":"max-image-preview:large","max-video-preview":"max-video-preview:-1"},"canonical":"https:\/\/www.noticiasradioreflejos.com.ar\/2021\/personal-de-salud-se-capacito-en-el-manejo-del-pie-diabetico\/","og_locale":"es_ES","og_type":"article","og_title":"Personal de salud se capacit\u00f3 en el \u201cManejo del Pie Diab\u00e9tico\u201d - Noticias Radio Reflejos","og_description":"Enfermeros del \u00e1rea de salud del distrito, y la directora de la Farmacia del hospital municipal, se capacitaron en \u201cManejo del Pie Diab\u00e9tico\u201d, formaci\u00f3n organizada por la Secretar\u00eda de Salud municipal, a trav\u00e9s del Ministerio de Salud y Desarrollo Social provincial y el Hospital de Alta Complejidad en Red El Cruce, de Florencio Varela.","og_url":"https:\/\/www.noticiasradioreflejos.com.ar\/2021\/personal-de-salud-se-capacito-en-el-manejo-del-pie-diabetico\/","og_site_name":"Noticias Radio Reflejos","article_published_time":"2019-05-21T18:12:54+00:00","og_image":[{"width":300,"height":200,"url":"https:\/\/www.noticiasradioreflejos.com.ar\/2021\/wp-content\/uploads\/2021\/07\/logosol300x200.png","type":"image\/png"}],"author":"Arnaldo Botto","twitter_card":"summary_large_image","schema":{"@context":"https:\/\/schema.org","@graph":[{"@type":"WebPage","@id":"https:\/\/www.noticiasradioreflejos.com.ar\/2021\/personal-de-salud-se-capacito-en-el-manejo-del-pie-diabetico\/","url":"https:\/\/www.noticiasradioreflejos.com.ar\/2021\/personal-de-salud-se-capacito-en-el-manejo-del-pie-diabetico\/","name":"Personal de salud se capacit\u00f3 en el \u201cManejo del Pie Diab\u00e9tico\u201d - Noticias Radio Reflejos","isPartOf":{"@id":"https:\/\/www.noticiasradioreflejos.com.ar\/2021\/#website"},"datePublished":"2019-05-21T18:12:54+00:00","author":{"@id":"https:\/\/www.noticiasradioreflejos.com.ar\/2021\/#\/schema\/person\/ad82545263dcc5ec0996818884fd5fb1"},"breadcrumb":{"@id":"https:\/\/www.noticiasradioreflejos.com.ar\/2021\/personal-de-salud-se-capacito-en-el-manejo-del-pie-diabetico\/#breadcrumb"},"inLanguage":"es","potentialAction":[{"@type":"ReadAction","target":["https:\/\/www.noticiasradioreflejos.com.ar\/2021\/personal-de-salud-se-capacito-en-el-manejo-del-pie-diabetico\/"]}]},{"@type":"BreadcrumbList","@id":"https:\/\/www.noticiasradioreflejos.com.ar\/2021\/personal-de-salud-se-capacito-en-el-manejo-del-pie-diabetico\/#breadcrumb","itemListElement":[{"@type":"ListItem","position":1,"name":"Portada","item":"https:\/\/www.noticiasradioreflejos.com.ar\/2021\/"},{"@type":"ListItem","position":2,"name":"Personal de salud se capacit\u00f3 en el \u201cManejo del Pie Diab\u00e9tico\u201d"}]},{"@type":"WebSite","@id":"https:\/\/www.noticiasradioreflejos.com.ar\/2021\/#website","url":"https:\/\/www.noticiasradioreflejos.com.ar\/2021\/","name":"Noticias Radio Reflejos","description":"Las noticias de mi comarca","potentialAction":[{"@type":"SearchAction","target":{"@type":"EntryPoint","urlTemplate":"https:\/\/www.noticiasradioreflejos.com.ar\/2021\/?s={search_term_string}"},"query-input":{"@type":"PropertyValueSpecification","valueRequired":true,"valueName":"search_term_string"}}],"inLanguage":"es"},{"@type":"Person","@id":"https:\/\/www.noticiasradioreflejos.com.ar\/2021\/#\/schema\/person\/ad82545263dcc5ec0996818884fd5fb1","name":"Arnaldo Botto","image":{"@type":"ImageObject","inLanguage":"es","@id":"https:\/\/www.noticiasradioreflejos.com.ar\/2021\/#\/schema\/person\/image\/","url":"https:\/\/secure.gravatar.com\/avatar\/55cb5e37c1efa326397366e6974cb338056df65cb50e7d64d1cf314e87504837?s=96&d=mm&r=g","contentUrl":"https:\/\/secure.gravatar.com\/avatar\/55cb5e37c1efa326397366e6974cb338056df65cb50e7d64d1cf314e87504837?s=96&d=mm&r=g","caption":"Arnaldo Botto"},"url":"https:\/\/www.noticiasradioreflejos.com.ar\/2021\/author\/arnaldo\/"}]}},"_links":{"self":[{"href":"https:\/\/www.noticiasradioreflejos.com.ar\/2021\/wp-json\/wp\/v2\/posts\/31519","targetHints":{"allow":["GET"]}}],"collection":[{"href":"https:\/\/www.noticiasradioreflejos.com.ar\/2021\/wp-json\/wp\/v2\/posts"}],"about":[{"href":"https:\/\/www.noticiasradioreflejos.com.ar\/2021\/wp-json\/wp\/v2\/types\/post"}],"author":[{"embeddable":true,"href":"https:\/\/www.noticiasradioreflejos.com.ar\/2021\/wp-json\/wp\/v2\/users\/3"}],"replies":[{"embeddable":true,"href":"https:\/\/www.noticiasradioreflejos.com.ar\/2021\/wp-json\/wp\/v2\/comments?post=31519"}],"version-history":[{"count":0,"href":"https:\/\/www.noticiasradioreflejos.com.ar\/2021\/wp-json\/wp\/v2\/posts\/31519\/revisions"}],"wp:attachment":[{"href":"https:\/\/www.noticiasradioreflejos.com.ar\/2021\/wp-json\/wp\/v2\/media?parent=31519"}],"wp:term":[{"taxonomy":"category","embeddable":true,"href":"https:\/\/www.noticiasradioreflejos.com.ar\/2021\/wp-json\/wp\/v2\/categories?post=31519"},{"taxonomy":"post_tag","embeddable":true,"href":"https:\/\/www.noticiasradioreflejos.com.ar\/2021\/wp-json\/wp\/v2\/tags?post=31519"}],"curies":[{"name":"wp","href":"https:\/\/api.w.org\/{rel}","templated":true}]}}