{"id":31477,"date":"2019-05-21T08:20:19","date_gmt":"2019-05-21T11:20:19","guid":{"rendered":"http:\/\/www.noticiasradioreflejos.com.ar\/noticias\/?p=31477"},"modified":"2019-05-21T08:20:19","modified_gmt":"2019-05-21T11:20:19","slug":"alerta-en-el-barrio-la-cumbre-por-fuerte-olor-a-gas-solo-se-trato-de-una-prueba-de-hermeticidad","status":"publish","type":"post","link":"https:\/\/www.noticiasradioreflejos.com.ar\/2021\/alerta-en-el-barrio-la-cumbre-por-fuerte-olor-a-gas-solo-se-trato-de-una-prueba-de-hermeticidad\/","title":{"rendered":"Alerta en el Barrio La Cumbre por fuerte olor a gas, solo se trat\u00f3 de una prueba de hermeticidad."},"content":{"rendered":"<p><a href=\"http:\/\/www.noticiasradioreflejos.com.ar\/noticias\/wp-content\/uploads\/2019\/05\/44592339710_f834578067_z.jpg\"><img loading=\"lazy\" decoding=\"async\" class=\"alignleft size-medium wp-image-31478\" src=\"http:\/\/www.noticiasradioreflejos.com.ar\/noticias\/wp-content\/uploads\/2019\/05\/44592339710_f834578067_z-300x169.jpg\" alt=\"44592339710_f834578067_z\" width=\"300\" height=\"169\" \/><\/a>Durante la ma\u00f1ana de ayer, un fuerte olor a gas alert\u00f3 a los vecinos del barrio La Cumbre de Sierra de la Ventana y esto llev\u00f3 a dar intervenci\u00f3n a los bomberos voluntarios. Sin embargo, solo se trat\u00f3 de una prueba de hermeticidad. El<strong> Ing. Carlos Quiroz<\/strong>, propietario de la empresa que se encuentra trabajando en la localidad con la extensi\u00f3n de la red de gas para La Cumbre y valle Hermoso, habl\u00f3 en <strong>FM Reflejos <\/strong>para tranquilizar a los frentistas y brindar m\u00e1s informaci\u00f3n sobre los avances de la obra.<!--more--><br \/>\n\u00abQuiero aclarar que todav\u00eda en Valle hermoso y la Cumbre no hay Gas\u00bb destac\u00f3 Quiroz en el inicio de la nota explicando posteriormente que el olor que los vecinos sintieron de debi\u00f3 a las Pruebas de hermeticidad y limpieza de ca\u00f1er\u00edas.<br \/>\nEl Ing. asegur\u00f3 que \u00abla obra est\u00e1 totalmente en orden y que en pocos d\u00edas en el Barrio La Cumbre se realizar\u00eda la interconexi\u00f3n a la red de gas.<br \/>\n\u00abCalculo que en 20 a 30 d\u00edas m\u00e1s estamos terminando la obra y entregando en tiempo y forma\u00bb puntualiz\u00f3 el profesional.<br \/>\n<iframe loading=\"lazy\" width=\"100%\" height=\"166\" scrolling=\"no\" frameborder=\"no\" allow=\"autoplay\" src=\"https:\/\/w.soundcloud.com\/player\/?url=https%3A\/\/api.soundcloud.com\/tracks\/623653785&#038;color=%23ff5500&#038;auto_play=false&#038;hide_related=false&#038;show_comments=true&#038;show_user=true&#038;show_reposts=false&#038;show_teaser=true\"><\/iframe><\/p>\n","protected":false},"excerpt":{"rendered":"<p>Durante la ma\u00f1ana de ayer, un fuerte olor a gas alert\u00f3 a los vecinos del barrio La Cumbre de Sierra de la Ventana y esto llev\u00f3 a dar intervenci\u00f3n a los bomberos voluntarios. Sin embargo, solo se trat\u00f3 de una prueba de hermeticidad. El Ing. Carlos Quiroz, propietario de la empresa que se encuentra trabajando [&hellip;]<\/p>\n","protected":false},"author":3,"featured_media":0,"comment_status":"closed","ping_status":"open","sticky":false,"template":"","format":"standard","meta":{"footnotes":""},"categories":[25],"tags":[],"class_list":["post-31477","post","type-post","status-publish","format-standard","hentry","category-uncategorized"],"yoast_head":"<!-- This site is optimized with the Yoast SEO plugin v25.9 - https:\/\/yoast.com\/wordpress\/plugins\/seo\/ -->\n<title>Alerta en el Barrio La Cumbre por fuerte olor a gas, solo se trat\u00f3 de una prueba de hermeticidad. - Noticias Radio Reflejos<\/title>\n<meta name=\"robots\" content=\"index, follow, max-snippet:-1, max-image-preview:large, max-video-preview:-1\" \/>\n<link rel=\"canonical\" href=\"https:\/\/www.noticiasradioreflejos.com.ar\/2021\/alerta-en-el-barrio-la-cumbre-por-fuerte-olor-a-gas-solo-se-trato-de-una-prueba-de-hermeticidad\/\" \/>\n<meta property=\"og:locale\" content=\"es_ES\" \/>\n<meta property=\"og:type\" content=\"article\" \/>\n<meta property=\"og:title\" content=\"Alerta en el Barrio La Cumbre por fuerte olor a gas, solo se trat\u00f3 de una prueba de hermeticidad. - Noticias Radio Reflejos\" \/>\n<meta property=\"og:description\" content=\"Durante la ma\u00f1ana de ayer, un fuerte olor a gas alert\u00f3 a los vecinos del barrio La Cumbre de Sierra de la Ventana y esto llev\u00f3 a dar intervenci\u00f3n a los bomberos voluntarios. Sin embargo, solo se trat\u00f3 de una prueba de hermeticidad. El Ing. Carlos Quiroz, propietario de la empresa que se encuentra trabajando [&hellip;]\" \/>\n<meta property=\"og:url\" content=\"https:\/\/www.noticiasradioreflejos.com.ar\/2021\/alerta-en-el-barrio-la-cumbre-por-fuerte-olor-a-gas-solo-se-trato-de-una-prueba-de-hermeticidad\/\" \/>\n<meta property=\"og:site_name\" content=\"Noticias Radio Reflejos\" \/>\n<meta property=\"article:published_time\" content=\"2019-05-21T11:20:19+00:00\" \/>\n<meta property=\"og:image\" content=\"https:\/\/www.noticiasradioreflejos.com.ar\/2021\/wp-content\/uploads\/2021\/07\/logosol300x200.png\" \/>\n\t<meta property=\"og:image:width\" content=\"300\" \/>\n\t<meta property=\"og:image:height\" content=\"200\" \/>\n\t<meta property=\"og:image:type\" content=\"image\/png\" \/>\n<meta name=\"author\" content=\"Arnaldo Botto\" \/>\n<meta name=\"twitter:card\" content=\"summary_large_image\" \/>\n<script type=\"application\/ld+json\" class=\"yoast-schema-graph\">{\"@context\":\"https:\/\/schema.org\",\"@graph\":[{\"@type\":\"WebPage\",\"@id\":\"https:\/\/www.noticiasradioreflejos.com.ar\/2021\/alerta-en-el-barrio-la-cumbre-por-fuerte-olor-a-gas-solo-se-trato-de-una-prueba-de-hermeticidad\/\",\"url\":\"https:\/\/www.noticiasradioreflejos.com.ar\/2021\/alerta-en-el-barrio-la-cumbre-por-fuerte-olor-a-gas-solo-se-trato-de-una-prueba-de-hermeticidad\/\",\"name\":\"Alerta en el Barrio La Cumbre por fuerte olor a gas, solo se trat\u00f3 de una prueba de hermeticidad. - Noticias Radio Reflejos\",\"isPartOf\":{\"@id\":\"https:\/\/www.noticiasradioreflejos.com.ar\/2021\/#website\"},\"primaryImageOfPage\":{\"@id\":\"https:\/\/www.noticiasradioreflejos.com.ar\/2021\/alerta-en-el-barrio-la-cumbre-por-fuerte-olor-a-gas-solo-se-trato-de-una-prueba-de-hermeticidad\/#primaryimage\"},\"image\":{\"@id\":\"https:\/\/www.noticiasradioreflejos.com.ar\/2021\/alerta-en-el-barrio-la-cumbre-por-fuerte-olor-a-gas-solo-se-trato-de-una-prueba-de-hermeticidad\/#primaryimage\"},\"thumbnailUrl\":\"http:\/\/www.noticiasradioreflejos.com.ar\/noticias\/wp-content\/uploads\/2019\/05\/44592339710_f834578067_z-300x169.jpg\",\"datePublished\":\"2019-05-21T11:20:19+00:00\",\"author\":{\"@id\":\"https:\/\/www.noticiasradioreflejos.com.ar\/2021\/#\/schema\/person\/ad82545263dcc5ec0996818884fd5fb1\"},\"breadcrumb\":{\"@id\":\"https:\/\/www.noticiasradioreflejos.com.ar\/2021\/alerta-en-el-barrio-la-cumbre-por-fuerte-olor-a-gas-solo-se-trato-de-una-prueba-de-hermeticidad\/#breadcrumb\"},\"inLanguage\":\"es\",\"potentialAction\":[{\"@type\":\"ReadAction\",\"target\":[\"https:\/\/www.noticiasradioreflejos.com.ar\/2021\/alerta-en-el-barrio-la-cumbre-por-fuerte-olor-a-gas-solo-se-trato-de-una-prueba-de-hermeticidad\/\"]}]},{\"@type\":\"ImageObject\",\"inLanguage\":\"es\",\"@id\":\"https:\/\/www.noticiasradioreflejos.com.ar\/2021\/alerta-en-el-barrio-la-cumbre-por-fuerte-olor-a-gas-solo-se-trato-de-una-prueba-de-hermeticidad\/#primaryimage\",\"url\":\"http:\/\/www.noticiasradioreflejos.com.ar\/noticias\/wp-content\/uploads\/2019\/05\/44592339710_f834578067_z-300x169.jpg\",\"contentUrl\":\"http:\/\/www.noticiasradioreflejos.com.ar\/noticias\/wp-content\/uploads\/2019\/05\/44592339710_f834578067_z-300x169.jpg\"},{\"@type\":\"BreadcrumbList\",\"@id\":\"https:\/\/www.noticiasradioreflejos.com.ar\/2021\/alerta-en-el-barrio-la-cumbre-por-fuerte-olor-a-gas-solo-se-trato-de-una-prueba-de-hermeticidad\/#breadcrumb\",\"itemListElement\":[{\"@type\":\"ListItem\",\"position\":1,\"name\":\"Portada\",\"item\":\"https:\/\/www.noticiasradioreflejos.com.ar\/2021\/\"},{\"@type\":\"ListItem\",\"position\":2,\"name\":\"Alerta en el Barrio La Cumbre por fuerte olor a gas, solo se trat\u00f3 de una prueba de hermeticidad.\"}]},{\"@type\":\"WebSite\",\"@id\":\"https:\/\/www.noticiasradioreflejos.com.ar\/2021\/#website\",\"url\":\"https:\/\/www.noticiasradioreflejos.com.ar\/2021\/\",\"name\":\"Noticias Radio Reflejos\",\"description\":\"Las noticias de mi comarca\",\"potentialAction\":[{\"@type\":\"SearchAction\",\"target\":{\"@type\":\"EntryPoint\",\"urlTemplate\":\"https:\/\/www.noticiasradioreflejos.com.ar\/2021\/?s={search_term_string}\"},\"query-input\":{\"@type\":\"PropertyValueSpecification\",\"valueRequired\":true,\"valueName\":\"search_term_string\"}}],\"inLanguage\":\"es\"},{\"@type\":\"Person\",\"@id\":\"https:\/\/www.noticiasradioreflejos.com.ar\/2021\/#\/schema\/person\/ad82545263dcc5ec0996818884fd5fb1\",\"name\":\"Arnaldo Botto\",\"image\":{\"@type\":\"ImageObject\",\"inLanguage\":\"es\",\"@id\":\"https:\/\/www.noticiasradioreflejos.com.ar\/2021\/#\/schema\/person\/image\/\",\"url\":\"https:\/\/secure.gravatar.com\/avatar\/55cb5e37c1efa326397366e6974cb338056df65cb50e7d64d1cf314e87504837?s=96&d=mm&r=g\",\"contentUrl\":\"https:\/\/secure.gravatar.com\/avatar\/55cb5e37c1efa326397366e6974cb338056df65cb50e7d64d1cf314e87504837?s=96&d=mm&r=g\",\"caption\":\"Arnaldo Botto\"},\"url\":\"https:\/\/www.noticiasradioreflejos.com.ar\/2021\/author\/arnaldo\/\"}]}<\/script>\n<!-- \/ Yoast SEO plugin. -->","yoast_head_json":{"title":"Alerta en el Barrio La Cumbre por fuerte olor a gas, solo se trat\u00f3 de una prueba de hermeticidad. - Noticias Radio Reflejos","robots":{"index":"index","follow":"follow","max-snippet":"max-snippet:-1","max-image-preview":"max-image-preview:large","max-video-preview":"max-video-preview:-1"},"canonical":"https:\/\/www.noticiasradioreflejos.com.ar\/2021\/alerta-en-el-barrio-la-cumbre-por-fuerte-olor-a-gas-solo-se-trato-de-una-prueba-de-hermeticidad\/","og_locale":"es_ES","og_type":"article","og_title":"Alerta en el Barrio La Cumbre por fuerte olor a gas, solo se trat\u00f3 de una prueba de hermeticidad. - Noticias Radio Reflejos","og_description":"Durante la ma\u00f1ana de ayer, un fuerte olor a gas alert\u00f3 a los vecinos del barrio La Cumbre de Sierra de la Ventana y esto llev\u00f3 a dar intervenci\u00f3n a los bomberos voluntarios. Sin embargo, solo se trat\u00f3 de una prueba de hermeticidad. El Ing. Carlos Quiroz, propietario de la empresa que se encuentra trabajando [&hellip;]","og_url":"https:\/\/www.noticiasradioreflejos.com.ar\/2021\/alerta-en-el-barrio-la-cumbre-por-fuerte-olor-a-gas-solo-se-trato-de-una-prueba-de-hermeticidad\/","og_site_name":"Noticias Radio Reflejos","article_published_time":"2019-05-21T11:20:19+00:00","og_image":[{"width":300,"height":200,"url":"https:\/\/www.noticiasradioreflejos.com.ar\/2021\/wp-content\/uploads\/2021\/07\/logosol300x200.png","type":"image\/png"}],"author":"Arnaldo Botto","twitter_card":"summary_large_image","schema":{"@context":"https:\/\/schema.org","@graph":[{"@type":"WebPage","@id":"https:\/\/www.noticiasradioreflejos.com.ar\/2021\/alerta-en-el-barrio-la-cumbre-por-fuerte-olor-a-gas-solo-se-trato-de-una-prueba-de-hermeticidad\/","url":"https:\/\/www.noticiasradioreflejos.com.ar\/2021\/alerta-en-el-barrio-la-cumbre-por-fuerte-olor-a-gas-solo-se-trato-de-una-prueba-de-hermeticidad\/","name":"Alerta en el Barrio La Cumbre por fuerte olor a gas, solo se trat\u00f3 de una prueba de hermeticidad. - Noticias Radio Reflejos","isPartOf":{"@id":"https:\/\/www.noticiasradioreflejos.com.ar\/2021\/#website"},"primaryImageOfPage":{"@id":"https:\/\/www.noticiasradioreflejos.com.ar\/2021\/alerta-en-el-barrio-la-cumbre-por-fuerte-olor-a-gas-solo-se-trato-de-una-prueba-de-hermeticidad\/#primaryimage"},"image":{"@id":"https:\/\/www.noticiasradioreflejos.com.ar\/2021\/alerta-en-el-barrio-la-cumbre-por-fuerte-olor-a-gas-solo-se-trato-de-una-prueba-de-hermeticidad\/#primaryimage"},"thumbnailUrl":"http:\/\/www.noticiasradioreflejos.com.ar\/noticias\/wp-content\/uploads\/2019\/05\/44592339710_f834578067_z-300x169.jpg","datePublished":"2019-05-21T11:20:19+00:00","author":{"@id":"https:\/\/www.noticiasradioreflejos.com.ar\/2021\/#\/schema\/person\/ad82545263dcc5ec0996818884fd5fb1"},"breadcrumb":{"@id":"https:\/\/www.noticiasradioreflejos.com.ar\/2021\/alerta-en-el-barrio-la-cumbre-por-fuerte-olor-a-gas-solo-se-trato-de-una-prueba-de-hermeticidad\/#breadcrumb"},"inLanguage":"es","potentialAction":[{"@type":"ReadAction","target":["https:\/\/www.noticiasradioreflejos.com.ar\/2021\/alerta-en-el-barrio-la-cumbre-por-fuerte-olor-a-gas-solo-se-trato-de-una-prueba-de-hermeticidad\/"]}]},{"@type":"ImageObject","inLanguage":"es","@id":"https:\/\/www.noticiasradioreflejos.com.ar\/2021\/alerta-en-el-barrio-la-cumbre-por-fuerte-olor-a-gas-solo-se-trato-de-una-prueba-de-hermeticidad\/#primaryimage","url":"http:\/\/www.noticiasradioreflejos.com.ar\/noticias\/wp-content\/uploads\/2019\/05\/44592339710_f834578067_z-300x169.jpg","contentUrl":"http:\/\/www.noticiasradioreflejos.com.ar\/noticias\/wp-content\/uploads\/2019\/05\/44592339710_f834578067_z-300x169.jpg"},{"@type":"BreadcrumbList","@id":"https:\/\/www.noticiasradioreflejos.com.ar\/2021\/alerta-en-el-barrio-la-cumbre-por-fuerte-olor-a-gas-solo-se-trato-de-una-prueba-de-hermeticidad\/#breadcrumb","itemListElement":[{"@type":"ListItem","position":1,"name":"Portada","item":"https:\/\/www.noticiasradioreflejos.com.ar\/2021\/"},{"@type":"ListItem","position":2,"name":"Alerta en el Barrio La Cumbre por fuerte olor a gas, solo se trat\u00f3 de una prueba de hermeticidad."}]},{"@type":"WebSite","@id":"https:\/\/www.noticiasradioreflejos.com.ar\/2021\/#website","url":"https:\/\/www.noticiasradioreflejos.com.ar\/2021\/","name":"Noticias Radio Reflejos","description":"Las noticias de mi comarca","potentialAction":[{"@type":"SearchAction","target":{"@type":"EntryPoint","urlTemplate":"https:\/\/www.noticiasradioreflejos.com.ar\/2021\/?s={search_term_string}"},"query-input":{"@type":"PropertyValueSpecification","valueRequired":true,"valueName":"search_term_string"}}],"inLanguage":"es"},{"@type":"Person","@id":"https:\/\/www.noticiasradioreflejos.com.ar\/2021\/#\/schema\/person\/ad82545263dcc5ec0996818884fd5fb1","name":"Arnaldo Botto","image":{"@type":"ImageObject","inLanguage":"es","@id":"https:\/\/www.noticiasradioreflejos.com.ar\/2021\/#\/schema\/person\/image\/","url":"https:\/\/secure.gravatar.com\/avatar\/55cb5e37c1efa326397366e6974cb338056df65cb50e7d64d1cf314e87504837?s=96&d=mm&r=g","contentUrl":"https:\/\/secure.gravatar.com\/avatar\/55cb5e37c1efa326397366e6974cb338056df65cb50e7d64d1cf314e87504837?s=96&d=mm&r=g","caption":"Arnaldo Botto"},"url":"https:\/\/www.noticiasradioreflejos.com.ar\/2021\/author\/arnaldo\/"}]}},"_links":{"self":[{"href":"https:\/\/www.noticiasradioreflejos.com.ar\/2021\/wp-json\/wp\/v2\/posts\/31477","targetHints":{"allow":["GET"]}}],"collection":[{"href":"https:\/\/www.noticiasradioreflejos.com.ar\/2021\/wp-json\/wp\/v2\/posts"}],"about":[{"href":"https:\/\/www.noticiasradioreflejos.com.ar\/2021\/wp-json\/wp\/v2\/types\/post"}],"author":[{"embeddable":true,"href":"https:\/\/www.noticiasradioreflejos.com.ar\/2021\/wp-json\/wp\/v2\/users\/3"}],"replies":[{"embeddable":true,"href":"https:\/\/www.noticiasradioreflejos.com.ar\/2021\/wp-json\/wp\/v2\/comments?post=31477"}],"version-history":[{"count":0,"href":"https:\/\/www.noticiasradioreflejos.com.ar\/2021\/wp-json\/wp\/v2\/posts\/31477\/revisions"}],"wp:attachment":[{"href":"https:\/\/www.noticiasradioreflejos.com.ar\/2021\/wp-json\/wp\/v2\/media?parent=31477"}],"wp:term":[{"taxonomy":"category","embeddable":true,"href":"https:\/\/www.noticiasradioreflejos.com.ar\/2021\/wp-json\/wp\/v2\/categories?post=31477"},{"taxonomy":"post_tag","embeddable":true,"href":"https:\/\/www.noticiasradioreflejos.com.ar\/2021\/wp-json\/wp\/v2\/tags?post=31477"}],"curies":[{"name":"wp","href":"https:\/\/api.w.org\/{rel}","templated":true}]}}