{"id":31470,"date":"2019-05-21T07:36:21","date_gmt":"2019-05-21T10:36:21","guid":{"rendered":"http:\/\/www.noticiasradioreflejos.com.ar\/noticias\/?p=31470"},"modified":"2019-05-21T07:36:21","modified_gmt":"2019-05-21T10:36:21","slug":"el-tren-de-pasajeros-arrollo-a-un-auto-en-un-paso-a-nivel-de-cnel-suarez","status":"publish","type":"post","link":"https:\/\/www.noticiasradioreflejos.com.ar\/2021\/el-tren-de-pasajeros-arrollo-a-un-auto-en-un-paso-a-nivel-de-cnel-suarez\/","title":{"rendered":"El tren de pasajeros arroll\u00f3 un auto en un paso a nivel de Cnel Suarez."},"content":{"rendered":"<p>Una formaci\u00f3n de pasajeros de Trenes Argentinos que cumpl\u00eda la ruta Plaza Constituci\u00f3n \u2013 Bah\u00eda Blanca embisti\u00f3 a un Fiat 147 a la altura del paso a nivel de la Ruta 85 minutos antes de las 6 de la ma\u00f1ana del martes.<br \/>\nComo consecuencia del impacto, el veh\u00edculo fue arrastrado unos 80 metros por las v\u00edas hasta que la locomotora chapa A922 que guiaba la formaci\u00f3n logr\u00f3 detener su marcha.<!--more--><br \/>\nEn el veh\u00edculo siniestrado, un Fiat 147 patente AVZ 473, viajaba una sola ocupante identificada como Juliana Lanaro de 28 a\u00f1os que fue rescatada por los Bomberos Voluntarios de esa ciudad y trasladada en una ambulancia del SAME al Hospital Municipal \u201cDr. Ra\u00fal Caccavo\u201d para su atenci\u00f3n m\u00e9dica, donde se eval\u00faa el car\u00e1cter de las lesiones, no obstante se inform\u00f3 que su vida no corre peligro.<br \/>\nLa Ruta 85 se encuentra temporalmente cerrada dado que solo la mitad de la formaci\u00f3n logr\u00f3 pasar el paso a nivel antes de detenerse.<br \/>\nSe aguarda la finalizaci\u00f3n de las pericias por parte de la Polic\u00eda Cient\u00edfica y luego de ello la autorizaci\u00f3n correspondiente para poder retirar el veh\u00edculo del frente de la formaci\u00f3n y que esta pueda continuar su marcha hasta Bah\u00eda Blanca.<br \/>\nEn el lugar trabaj\u00f3 adem\u00e1s personal policial de la Comisar\u00eda 1\u00ba, aboc\u00e1ndose al corte de tr\u00e1nsito a ambos lados de la formaci\u00f3n.<br \/>\nSe instruyen actuaciones caratuladas lesiones culposas con intervenci\u00f3n de la UFIJ 1 del Departamento Judicial Bah\u00eda Blanca.<br \/>\n<strong>Fuente : La Nueva Radio de Suarez<\/strong><\/p>\n","protected":false},"excerpt":{"rendered":"<p>Una formaci\u00f3n de pasajeros de Trenes Argentinos que cumpl\u00eda la ruta Plaza Constituci\u00f3n \u2013 Bah\u00eda Blanca embisti\u00f3 a un Fiat 147 a la altura del paso a nivel de la Ruta 85 minutos antes de las 6 de la ma\u00f1ana del martes. Como consecuencia del impacto, el veh\u00edculo fue arrastrado unos 80 metros por las [&hellip;]<\/p>\n","protected":false},"author":3,"featured_media":0,"comment_status":"closed","ping_status":"open","sticky":false,"template":"","format":"standard","meta":{"footnotes":""},"categories":[29],"tags":[],"class_list":["post-31470","post","type-post","status-publish","format-standard","hentry","category-policiales"],"yoast_head":"<!-- This site is optimized with the Yoast SEO plugin v25.9 - https:\/\/yoast.com\/wordpress\/plugins\/seo\/ -->\n<title>El tren de pasajeros arroll\u00f3 un auto en un paso a nivel de Cnel Suarez. - Noticias Radio Reflejos<\/title>\n<meta name=\"robots\" content=\"index, follow, max-snippet:-1, max-image-preview:large, max-video-preview:-1\" \/>\n<link rel=\"canonical\" href=\"https:\/\/www.noticiasradioreflejos.com.ar\/2021\/el-tren-de-pasajeros-arrollo-a-un-auto-en-un-paso-a-nivel-de-cnel-suarez\/\" \/>\n<meta property=\"og:locale\" content=\"es_ES\" \/>\n<meta property=\"og:type\" content=\"article\" \/>\n<meta property=\"og:title\" content=\"El tren de pasajeros arroll\u00f3 un auto en un paso a nivel de Cnel Suarez. - Noticias Radio Reflejos\" \/>\n<meta property=\"og:description\" content=\"Una formaci\u00f3n de pasajeros de Trenes Argentinos que cumpl\u00eda la ruta Plaza Constituci\u00f3n \u2013 Bah\u00eda Blanca embisti\u00f3 a un Fiat 147 a la altura del paso a nivel de la Ruta 85 minutos antes de las 6 de la ma\u00f1ana del martes. Como consecuencia del impacto, el veh\u00edculo fue arrastrado unos 80 metros por las [&hellip;]\" \/>\n<meta property=\"og:url\" content=\"https:\/\/www.noticiasradioreflejos.com.ar\/2021\/el-tren-de-pasajeros-arrollo-a-un-auto-en-un-paso-a-nivel-de-cnel-suarez\/\" \/>\n<meta property=\"og:site_name\" content=\"Noticias Radio Reflejos\" \/>\n<meta property=\"article:published_time\" content=\"2019-05-21T10:36:21+00:00\" \/>\n<meta property=\"og:image\" content=\"https:\/\/www.noticiasradioreflejos.com.ar\/2021\/wp-content\/uploads\/2021\/07\/logosol300x200.png\" \/>\n\t<meta property=\"og:image:width\" content=\"300\" \/>\n\t<meta property=\"og:image:height\" content=\"200\" \/>\n\t<meta property=\"og:image:type\" content=\"image\/png\" \/>\n<meta name=\"author\" content=\"Arnaldo Botto\" \/>\n<meta name=\"twitter:card\" content=\"summary_large_image\" \/>\n<script type=\"application\/ld+json\" class=\"yoast-schema-graph\">{\"@context\":\"https:\/\/schema.org\",\"@graph\":[{\"@type\":\"WebPage\",\"@id\":\"https:\/\/www.noticiasradioreflejos.com.ar\/2021\/el-tren-de-pasajeros-arrollo-a-un-auto-en-un-paso-a-nivel-de-cnel-suarez\/\",\"url\":\"https:\/\/www.noticiasradioreflejos.com.ar\/2021\/el-tren-de-pasajeros-arrollo-a-un-auto-en-un-paso-a-nivel-de-cnel-suarez\/\",\"name\":\"El tren de pasajeros arroll\u00f3 un auto en un paso a nivel de Cnel Suarez. - Noticias Radio Reflejos\",\"isPartOf\":{\"@id\":\"https:\/\/www.noticiasradioreflejos.com.ar\/2021\/#website\"},\"datePublished\":\"2019-05-21T10:36:21+00:00\",\"author\":{\"@id\":\"https:\/\/www.noticiasradioreflejos.com.ar\/2021\/#\/schema\/person\/ad82545263dcc5ec0996818884fd5fb1\"},\"breadcrumb\":{\"@id\":\"https:\/\/www.noticiasradioreflejos.com.ar\/2021\/el-tren-de-pasajeros-arrollo-a-un-auto-en-un-paso-a-nivel-de-cnel-suarez\/#breadcrumb\"},\"inLanguage\":\"es\",\"potentialAction\":[{\"@type\":\"ReadAction\",\"target\":[\"https:\/\/www.noticiasradioreflejos.com.ar\/2021\/el-tren-de-pasajeros-arrollo-a-un-auto-en-un-paso-a-nivel-de-cnel-suarez\/\"]}]},{\"@type\":\"BreadcrumbList\",\"@id\":\"https:\/\/www.noticiasradioreflejos.com.ar\/2021\/el-tren-de-pasajeros-arrollo-a-un-auto-en-un-paso-a-nivel-de-cnel-suarez\/#breadcrumb\",\"itemListElement\":[{\"@type\":\"ListItem\",\"position\":1,\"name\":\"Portada\",\"item\":\"https:\/\/www.noticiasradioreflejos.com.ar\/2021\/\"},{\"@type\":\"ListItem\",\"position\":2,\"name\":\"El tren de pasajeros arroll\u00f3 un auto en un paso a nivel de Cnel Suarez.\"}]},{\"@type\":\"WebSite\",\"@id\":\"https:\/\/www.noticiasradioreflejos.com.ar\/2021\/#website\",\"url\":\"https:\/\/www.noticiasradioreflejos.com.ar\/2021\/\",\"name\":\"Noticias Radio Reflejos\",\"description\":\"Las noticias de mi comarca\",\"potentialAction\":[{\"@type\":\"SearchAction\",\"target\":{\"@type\":\"EntryPoint\",\"urlTemplate\":\"https:\/\/www.noticiasradioreflejos.com.ar\/2021\/?s={search_term_string}\"},\"query-input\":{\"@type\":\"PropertyValueSpecification\",\"valueRequired\":true,\"valueName\":\"search_term_string\"}}],\"inLanguage\":\"es\"},{\"@type\":\"Person\",\"@id\":\"https:\/\/www.noticiasradioreflejos.com.ar\/2021\/#\/schema\/person\/ad82545263dcc5ec0996818884fd5fb1\",\"name\":\"Arnaldo Botto\",\"image\":{\"@type\":\"ImageObject\",\"inLanguage\":\"es\",\"@id\":\"https:\/\/www.noticiasradioreflejos.com.ar\/2021\/#\/schema\/person\/image\/\",\"url\":\"https:\/\/secure.gravatar.com\/avatar\/55cb5e37c1efa326397366e6974cb338056df65cb50e7d64d1cf314e87504837?s=96&d=mm&r=g\",\"contentUrl\":\"https:\/\/secure.gravatar.com\/avatar\/55cb5e37c1efa326397366e6974cb338056df65cb50e7d64d1cf314e87504837?s=96&d=mm&r=g\",\"caption\":\"Arnaldo Botto\"},\"url\":\"https:\/\/www.noticiasradioreflejos.com.ar\/2021\/author\/arnaldo\/\"}]}<\/script>\n<!-- \/ Yoast SEO plugin. -->","yoast_head_json":{"title":"El tren de pasajeros arroll\u00f3 un auto en un paso a nivel de Cnel Suarez. - Noticias Radio Reflejos","robots":{"index":"index","follow":"follow","max-snippet":"max-snippet:-1","max-image-preview":"max-image-preview:large","max-video-preview":"max-video-preview:-1"},"canonical":"https:\/\/www.noticiasradioreflejos.com.ar\/2021\/el-tren-de-pasajeros-arrollo-a-un-auto-en-un-paso-a-nivel-de-cnel-suarez\/","og_locale":"es_ES","og_type":"article","og_title":"El tren de pasajeros arroll\u00f3 un auto en un paso a nivel de Cnel Suarez. - Noticias Radio Reflejos","og_description":"Una formaci\u00f3n de pasajeros de Trenes Argentinos que cumpl\u00eda la ruta Plaza Constituci\u00f3n \u2013 Bah\u00eda Blanca embisti\u00f3 a un Fiat 147 a la altura del paso a nivel de la Ruta 85 minutos antes de las 6 de la ma\u00f1ana del martes. Como consecuencia del impacto, el veh\u00edculo fue arrastrado unos 80 metros por las [&hellip;]","og_url":"https:\/\/www.noticiasradioreflejos.com.ar\/2021\/el-tren-de-pasajeros-arrollo-a-un-auto-en-un-paso-a-nivel-de-cnel-suarez\/","og_site_name":"Noticias Radio Reflejos","article_published_time":"2019-05-21T10:36:21+00:00","og_image":[{"width":300,"height":200,"url":"https:\/\/www.noticiasradioreflejos.com.ar\/2021\/wp-content\/uploads\/2021\/07\/logosol300x200.png","type":"image\/png"}],"author":"Arnaldo Botto","twitter_card":"summary_large_image","schema":{"@context":"https:\/\/schema.org","@graph":[{"@type":"WebPage","@id":"https:\/\/www.noticiasradioreflejos.com.ar\/2021\/el-tren-de-pasajeros-arrollo-a-un-auto-en-un-paso-a-nivel-de-cnel-suarez\/","url":"https:\/\/www.noticiasradioreflejos.com.ar\/2021\/el-tren-de-pasajeros-arrollo-a-un-auto-en-un-paso-a-nivel-de-cnel-suarez\/","name":"El tren de pasajeros arroll\u00f3 un auto en un paso a nivel de Cnel Suarez. - Noticias Radio Reflejos","isPartOf":{"@id":"https:\/\/www.noticiasradioreflejos.com.ar\/2021\/#website"},"datePublished":"2019-05-21T10:36:21+00:00","author":{"@id":"https:\/\/www.noticiasradioreflejos.com.ar\/2021\/#\/schema\/person\/ad82545263dcc5ec0996818884fd5fb1"},"breadcrumb":{"@id":"https:\/\/www.noticiasradioreflejos.com.ar\/2021\/el-tren-de-pasajeros-arrollo-a-un-auto-en-un-paso-a-nivel-de-cnel-suarez\/#breadcrumb"},"inLanguage":"es","potentialAction":[{"@type":"ReadAction","target":["https:\/\/www.noticiasradioreflejos.com.ar\/2021\/el-tren-de-pasajeros-arrollo-a-un-auto-en-un-paso-a-nivel-de-cnel-suarez\/"]}]},{"@type":"BreadcrumbList","@id":"https:\/\/www.noticiasradioreflejos.com.ar\/2021\/el-tren-de-pasajeros-arrollo-a-un-auto-en-un-paso-a-nivel-de-cnel-suarez\/#breadcrumb","itemListElement":[{"@type":"ListItem","position":1,"name":"Portada","item":"https:\/\/www.noticiasradioreflejos.com.ar\/2021\/"},{"@type":"ListItem","position":2,"name":"El tren de pasajeros arroll\u00f3 un auto en un paso a nivel de Cnel Suarez."}]},{"@type":"WebSite","@id":"https:\/\/www.noticiasradioreflejos.com.ar\/2021\/#website","url":"https:\/\/www.noticiasradioreflejos.com.ar\/2021\/","name":"Noticias Radio Reflejos","description":"Las noticias de mi comarca","potentialAction":[{"@type":"SearchAction","target":{"@type":"EntryPoint","urlTemplate":"https:\/\/www.noticiasradioreflejos.com.ar\/2021\/?s={search_term_string}"},"query-input":{"@type":"PropertyValueSpecification","valueRequired":true,"valueName":"search_term_string"}}],"inLanguage":"es"},{"@type":"Person","@id":"https:\/\/www.noticiasradioreflejos.com.ar\/2021\/#\/schema\/person\/ad82545263dcc5ec0996818884fd5fb1","name":"Arnaldo Botto","image":{"@type":"ImageObject","inLanguage":"es","@id":"https:\/\/www.noticiasradioreflejos.com.ar\/2021\/#\/schema\/person\/image\/","url":"https:\/\/secure.gravatar.com\/avatar\/55cb5e37c1efa326397366e6974cb338056df65cb50e7d64d1cf314e87504837?s=96&d=mm&r=g","contentUrl":"https:\/\/secure.gravatar.com\/avatar\/55cb5e37c1efa326397366e6974cb338056df65cb50e7d64d1cf314e87504837?s=96&d=mm&r=g","caption":"Arnaldo Botto"},"url":"https:\/\/www.noticiasradioreflejos.com.ar\/2021\/author\/arnaldo\/"}]}},"_links":{"self":[{"href":"https:\/\/www.noticiasradioreflejos.com.ar\/2021\/wp-json\/wp\/v2\/posts\/31470","targetHints":{"allow":["GET"]}}],"collection":[{"href":"https:\/\/www.noticiasradioreflejos.com.ar\/2021\/wp-json\/wp\/v2\/posts"}],"about":[{"href":"https:\/\/www.noticiasradioreflejos.com.ar\/2021\/wp-json\/wp\/v2\/types\/post"}],"author":[{"embeddable":true,"href":"https:\/\/www.noticiasradioreflejos.com.ar\/2021\/wp-json\/wp\/v2\/users\/3"}],"replies":[{"embeddable":true,"href":"https:\/\/www.noticiasradioreflejos.com.ar\/2021\/wp-json\/wp\/v2\/comments?post=31470"}],"version-history":[{"count":0,"href":"https:\/\/www.noticiasradioreflejos.com.ar\/2021\/wp-json\/wp\/v2\/posts\/31470\/revisions"}],"wp:attachment":[{"href":"https:\/\/www.noticiasradioreflejos.com.ar\/2021\/wp-json\/wp\/v2\/media?parent=31470"}],"wp:term":[{"taxonomy":"category","embeddable":true,"href":"https:\/\/www.noticiasradioreflejos.com.ar\/2021\/wp-json\/wp\/v2\/categories?post=31470"},{"taxonomy":"post_tag","embeddable":true,"href":"https:\/\/www.noticiasradioreflejos.com.ar\/2021\/wp-json\/wp\/v2\/tags?post=31470"}],"curies":[{"name":"wp","href":"https:\/\/api.w.org\/{rel}","templated":true}]}}