{"id":31458,"date":"2019-05-20T14:06:26","date_gmt":"2019-05-20T17:06:26","guid":{"rendered":"http:\/\/www.noticiasradioreflejos.com.ar\/noticias\/?p=31458"},"modified":"2019-05-20T14:06:26","modified_gmt":"2019-05-20T17:06:26","slug":"newcom-municipal-jugo-un-amistoso-con-su-par-de-bahia-blanca","status":"publish","type":"post","link":"https:\/\/www.noticiasradioreflejos.com.ar\/2021\/newcom-municipal-jugo-un-amistoso-con-su-par-de-bahia-blanca\/","title":{"rendered":"Newcom municipal jug\u00f3 un amistoso con su par de Bah\u00eda Blanca"},"content":{"rendered":"<p>El pasado s\u00e1bado el grupo de Newcom municipal disput\u00f3 un amistoso con su par de Bah\u00eda Blanca. El encuentro tuvo lugar en el gimnasio municipal \u201cEva Per\u00f3n\u201d, de 10.00 a 15.00 hs.<!--more--><br \/>\nEl plantel local estuvo integrado por Sandra Di Nunzio, Alejandra D\u00edaz, Olga Brasca, Luis , Cabrera, Horacio Urriaga, Mar\u00eda Teresa Spialtini, Gabriela Marcolini, Gabriela Flores, Silvia Rossi, Enrique Correa, Mirta Steimbach, Susana Caporicci, Mabel Garc\u00eda, Ester Sandobal, \u00c1ngela Mar\u00eda Celaya, Stella Maris, Patricia Marasca, Griselda Buitrago, Teresa Haag, Marisa Abelaira, Daniel Seewald, Isabel Cadamuro, Vanesa Di Nunzio, Nelson Trinchera, Mariela Navas, Ra\u00fal Rodr\u00edguez, Sonia Wendorff, Mario Madrid, Omar Lozano, Jorge Santander, Roberto Parodi, Margarita G\u00f3mez, Diana Dom\u00ednguez, Mirta Di Ger\u00f3nimo, Rosa Mart\u00ednez, Silvia Larraburu, Ema Feldborg, Cristina Fioritti, Juan Domingo Fern\u00e1ndez, Juan Domingo Ferraghinni y Graciela Fern\u00e1ndez.<br \/>\nDe Bah\u00eda Blanca viajaron para el encuentro, 22 jugadores.<br \/>\nVale recordar que la actividad es una adaptaci\u00f3n del voley para personas de 50 a\u00f1os en adelante.<br \/>\n<a href=\"http:\/\/live.staticflickr.com\/65535\/47102636544_a2ce9bfb3f_s.jpg\" title=\"newcom3\" rel=\"\"><img loading=\"lazy\" decoding=\"async\" src=\"http:\/\/live.staticflickr.com\/65535\/47102636544_a2ce9bfb3f_z.jpg\" width=\"640\" height=\"346\" alt=\"newcom3\" title=\"newcom3\" class=\"aligncenter\"><\/a><\/p>\n","protected":false},"excerpt":{"rendered":"<p>El pasado s\u00e1bado el grupo de Newcom municipal disput\u00f3 un amistoso con su par de Bah\u00eda Blanca. El encuentro tuvo lugar en el gimnasio municipal \u201cEva Per\u00f3n\u201d, de 10.00 a 15.00 hs.<\/p>\n","protected":false},"author":3,"featured_media":0,"comment_status":"closed","ping_status":"open","sticky":false,"template":"","format":"standard","meta":{"footnotes":""},"categories":[27],"tags":[],"class_list":["post-31458","post","type-post","status-publish","format-standard","hentry","category-deportes"],"yoast_head":"<!-- This site is optimized with the Yoast SEO plugin v25.9 - https:\/\/yoast.com\/wordpress\/plugins\/seo\/ -->\n<title>Newcom municipal jug\u00f3 un amistoso con su par de Bah\u00eda Blanca - Noticias Radio Reflejos<\/title>\n<meta name=\"robots\" content=\"index, follow, max-snippet:-1, max-image-preview:large, max-video-preview:-1\" \/>\n<link rel=\"canonical\" href=\"https:\/\/www.noticiasradioreflejos.com.ar\/2021\/newcom-municipal-jugo-un-amistoso-con-su-par-de-bahia-blanca\/\" \/>\n<meta property=\"og:locale\" content=\"es_ES\" \/>\n<meta property=\"og:type\" content=\"article\" \/>\n<meta property=\"og:title\" content=\"Newcom municipal jug\u00f3 un amistoso con su par de Bah\u00eda Blanca - Noticias Radio Reflejos\" \/>\n<meta property=\"og:description\" content=\"El pasado s\u00e1bado el grupo de Newcom municipal disput\u00f3 un amistoso con su par de Bah\u00eda Blanca. El encuentro tuvo lugar en el gimnasio municipal \u201cEva Per\u00f3n\u201d, de 10.00 a 15.00 hs.\" \/>\n<meta property=\"og:url\" content=\"https:\/\/www.noticiasradioreflejos.com.ar\/2021\/newcom-municipal-jugo-un-amistoso-con-su-par-de-bahia-blanca\/\" \/>\n<meta property=\"og:site_name\" content=\"Noticias Radio Reflejos\" \/>\n<meta property=\"article:published_time\" content=\"2019-05-20T17:06:26+00:00\" \/>\n<meta property=\"og:image\" content=\"http:\/\/live.staticflickr.com\/65535\/47102636544_a2ce9bfb3f_z.jpg\" \/>\n<meta name=\"author\" content=\"Arnaldo Botto\" \/>\n<meta name=\"twitter:card\" content=\"summary_large_image\" \/>\n<script type=\"application\/ld+json\" class=\"yoast-schema-graph\">{\"@context\":\"https:\/\/schema.org\",\"@graph\":[{\"@type\":\"WebPage\",\"@id\":\"https:\/\/www.noticiasradioreflejos.com.ar\/2021\/newcom-municipal-jugo-un-amistoso-con-su-par-de-bahia-blanca\/\",\"url\":\"https:\/\/www.noticiasradioreflejos.com.ar\/2021\/newcom-municipal-jugo-un-amistoso-con-su-par-de-bahia-blanca\/\",\"name\":\"Newcom municipal jug\u00f3 un amistoso con su par de Bah\u00eda Blanca - Noticias Radio Reflejos\",\"isPartOf\":{\"@id\":\"https:\/\/www.noticiasradioreflejos.com.ar\/2021\/#website\"},\"primaryImageOfPage\":{\"@id\":\"https:\/\/www.noticiasradioreflejos.com.ar\/2021\/newcom-municipal-jugo-un-amistoso-con-su-par-de-bahia-blanca\/#primaryimage\"},\"image\":{\"@id\":\"https:\/\/www.noticiasradioreflejos.com.ar\/2021\/newcom-municipal-jugo-un-amistoso-con-su-par-de-bahia-blanca\/#primaryimage\"},\"thumbnailUrl\":\"http:\/\/live.staticflickr.com\/65535\/47102636544_a2ce9bfb3f_z.jpg\",\"datePublished\":\"2019-05-20T17:06:26+00:00\",\"author\":{\"@id\":\"https:\/\/www.noticiasradioreflejos.com.ar\/2021\/#\/schema\/person\/ad82545263dcc5ec0996818884fd5fb1\"},\"breadcrumb\":{\"@id\":\"https:\/\/www.noticiasradioreflejos.com.ar\/2021\/newcom-municipal-jugo-un-amistoso-con-su-par-de-bahia-blanca\/#breadcrumb\"},\"inLanguage\":\"es\",\"potentialAction\":[{\"@type\":\"ReadAction\",\"target\":[\"https:\/\/www.noticiasradioreflejos.com.ar\/2021\/newcom-municipal-jugo-un-amistoso-con-su-par-de-bahia-blanca\/\"]}]},{\"@type\":\"ImageObject\",\"inLanguage\":\"es\",\"@id\":\"https:\/\/www.noticiasradioreflejos.com.ar\/2021\/newcom-municipal-jugo-un-amistoso-con-su-par-de-bahia-blanca\/#primaryimage\",\"url\":\"http:\/\/live.staticflickr.com\/65535\/47102636544_a2ce9bfb3f_z.jpg\",\"contentUrl\":\"http:\/\/live.staticflickr.com\/65535\/47102636544_a2ce9bfb3f_z.jpg\"},{\"@type\":\"BreadcrumbList\",\"@id\":\"https:\/\/www.noticiasradioreflejos.com.ar\/2021\/newcom-municipal-jugo-un-amistoso-con-su-par-de-bahia-blanca\/#breadcrumb\",\"itemListElement\":[{\"@type\":\"ListItem\",\"position\":1,\"name\":\"Portada\",\"item\":\"https:\/\/www.noticiasradioreflejos.com.ar\/2021\/\"},{\"@type\":\"ListItem\",\"position\":2,\"name\":\"Newcom municipal jug\u00f3 un amistoso con su par de Bah\u00eda Blanca\"}]},{\"@type\":\"WebSite\",\"@id\":\"https:\/\/www.noticiasradioreflejos.com.ar\/2021\/#website\",\"url\":\"https:\/\/www.noticiasradioreflejos.com.ar\/2021\/\",\"name\":\"Noticias Radio Reflejos\",\"description\":\"Las noticias de mi comarca\",\"potentialAction\":[{\"@type\":\"SearchAction\",\"target\":{\"@type\":\"EntryPoint\",\"urlTemplate\":\"https:\/\/www.noticiasradioreflejos.com.ar\/2021\/?s={search_term_string}\"},\"query-input\":{\"@type\":\"PropertyValueSpecification\",\"valueRequired\":true,\"valueName\":\"search_term_string\"}}],\"inLanguage\":\"es\"},{\"@type\":\"Person\",\"@id\":\"https:\/\/www.noticiasradioreflejos.com.ar\/2021\/#\/schema\/person\/ad82545263dcc5ec0996818884fd5fb1\",\"name\":\"Arnaldo Botto\",\"image\":{\"@type\":\"ImageObject\",\"inLanguage\":\"es\",\"@id\":\"https:\/\/www.noticiasradioreflejos.com.ar\/2021\/#\/schema\/person\/image\/\",\"url\":\"https:\/\/secure.gravatar.com\/avatar\/55cb5e37c1efa326397366e6974cb338056df65cb50e7d64d1cf314e87504837?s=96&d=mm&r=g\",\"contentUrl\":\"https:\/\/secure.gravatar.com\/avatar\/55cb5e37c1efa326397366e6974cb338056df65cb50e7d64d1cf314e87504837?s=96&d=mm&r=g\",\"caption\":\"Arnaldo Botto\"},\"url\":\"https:\/\/www.noticiasradioreflejos.com.ar\/2021\/author\/arnaldo\/\"}]}<\/script>\n<!-- \/ Yoast SEO plugin. -->","yoast_head_json":{"title":"Newcom municipal jug\u00f3 un amistoso con su par de Bah\u00eda Blanca - Noticias Radio Reflejos","robots":{"index":"index","follow":"follow","max-snippet":"max-snippet:-1","max-image-preview":"max-image-preview:large","max-video-preview":"max-video-preview:-1"},"canonical":"https:\/\/www.noticiasradioreflejos.com.ar\/2021\/newcom-municipal-jugo-un-amistoso-con-su-par-de-bahia-blanca\/","og_locale":"es_ES","og_type":"article","og_title":"Newcom municipal jug\u00f3 un amistoso con su par de Bah\u00eda Blanca - Noticias Radio Reflejos","og_description":"El pasado s\u00e1bado el grupo de Newcom municipal disput\u00f3 un amistoso con su par de Bah\u00eda Blanca. El encuentro tuvo lugar en el gimnasio municipal \u201cEva Per\u00f3n\u201d, de 10.00 a 15.00 hs.","og_url":"https:\/\/www.noticiasradioreflejos.com.ar\/2021\/newcom-municipal-jugo-un-amistoso-con-su-par-de-bahia-blanca\/","og_site_name":"Noticias Radio Reflejos","article_published_time":"2019-05-20T17:06:26+00:00","og_image":[{"url":"http:\/\/live.staticflickr.com\/65535\/47102636544_a2ce9bfb3f_z.jpg","type":"","width":"","height":""}],"author":"Arnaldo Botto","twitter_card":"summary_large_image","schema":{"@context":"https:\/\/schema.org","@graph":[{"@type":"WebPage","@id":"https:\/\/www.noticiasradioreflejos.com.ar\/2021\/newcom-municipal-jugo-un-amistoso-con-su-par-de-bahia-blanca\/","url":"https:\/\/www.noticiasradioreflejos.com.ar\/2021\/newcom-municipal-jugo-un-amistoso-con-su-par-de-bahia-blanca\/","name":"Newcom municipal jug\u00f3 un amistoso con su par de Bah\u00eda Blanca - Noticias Radio Reflejos","isPartOf":{"@id":"https:\/\/www.noticiasradioreflejos.com.ar\/2021\/#website"},"primaryImageOfPage":{"@id":"https:\/\/www.noticiasradioreflejos.com.ar\/2021\/newcom-municipal-jugo-un-amistoso-con-su-par-de-bahia-blanca\/#primaryimage"},"image":{"@id":"https:\/\/www.noticiasradioreflejos.com.ar\/2021\/newcom-municipal-jugo-un-amistoso-con-su-par-de-bahia-blanca\/#primaryimage"},"thumbnailUrl":"http:\/\/live.staticflickr.com\/65535\/47102636544_a2ce9bfb3f_z.jpg","datePublished":"2019-05-20T17:06:26+00:00","author":{"@id":"https:\/\/www.noticiasradioreflejos.com.ar\/2021\/#\/schema\/person\/ad82545263dcc5ec0996818884fd5fb1"},"breadcrumb":{"@id":"https:\/\/www.noticiasradioreflejos.com.ar\/2021\/newcom-municipal-jugo-un-amistoso-con-su-par-de-bahia-blanca\/#breadcrumb"},"inLanguage":"es","potentialAction":[{"@type":"ReadAction","target":["https:\/\/www.noticiasradioreflejos.com.ar\/2021\/newcom-municipal-jugo-un-amistoso-con-su-par-de-bahia-blanca\/"]}]},{"@type":"ImageObject","inLanguage":"es","@id":"https:\/\/www.noticiasradioreflejos.com.ar\/2021\/newcom-municipal-jugo-un-amistoso-con-su-par-de-bahia-blanca\/#primaryimage","url":"http:\/\/live.staticflickr.com\/65535\/47102636544_a2ce9bfb3f_z.jpg","contentUrl":"http:\/\/live.staticflickr.com\/65535\/47102636544_a2ce9bfb3f_z.jpg"},{"@type":"BreadcrumbList","@id":"https:\/\/www.noticiasradioreflejos.com.ar\/2021\/newcom-municipal-jugo-un-amistoso-con-su-par-de-bahia-blanca\/#breadcrumb","itemListElement":[{"@type":"ListItem","position":1,"name":"Portada","item":"https:\/\/www.noticiasradioreflejos.com.ar\/2021\/"},{"@type":"ListItem","position":2,"name":"Newcom municipal jug\u00f3 un amistoso con su par de Bah\u00eda Blanca"}]},{"@type":"WebSite","@id":"https:\/\/www.noticiasradioreflejos.com.ar\/2021\/#website","url":"https:\/\/www.noticiasradioreflejos.com.ar\/2021\/","name":"Noticias Radio Reflejos","description":"Las noticias de mi comarca","potentialAction":[{"@type":"SearchAction","target":{"@type":"EntryPoint","urlTemplate":"https:\/\/www.noticiasradioreflejos.com.ar\/2021\/?s={search_term_string}"},"query-input":{"@type":"PropertyValueSpecification","valueRequired":true,"valueName":"search_term_string"}}],"inLanguage":"es"},{"@type":"Person","@id":"https:\/\/www.noticiasradioreflejos.com.ar\/2021\/#\/schema\/person\/ad82545263dcc5ec0996818884fd5fb1","name":"Arnaldo Botto","image":{"@type":"ImageObject","inLanguage":"es","@id":"https:\/\/www.noticiasradioreflejos.com.ar\/2021\/#\/schema\/person\/image\/","url":"https:\/\/secure.gravatar.com\/avatar\/55cb5e37c1efa326397366e6974cb338056df65cb50e7d64d1cf314e87504837?s=96&d=mm&r=g","contentUrl":"https:\/\/secure.gravatar.com\/avatar\/55cb5e37c1efa326397366e6974cb338056df65cb50e7d64d1cf314e87504837?s=96&d=mm&r=g","caption":"Arnaldo Botto"},"url":"https:\/\/www.noticiasradioreflejos.com.ar\/2021\/author\/arnaldo\/"}]}},"_links":{"self":[{"href":"https:\/\/www.noticiasradioreflejos.com.ar\/2021\/wp-json\/wp\/v2\/posts\/31458","targetHints":{"allow":["GET"]}}],"collection":[{"href":"https:\/\/www.noticiasradioreflejos.com.ar\/2021\/wp-json\/wp\/v2\/posts"}],"about":[{"href":"https:\/\/www.noticiasradioreflejos.com.ar\/2021\/wp-json\/wp\/v2\/types\/post"}],"author":[{"embeddable":true,"href":"https:\/\/www.noticiasradioreflejos.com.ar\/2021\/wp-json\/wp\/v2\/users\/3"}],"replies":[{"embeddable":true,"href":"https:\/\/www.noticiasradioreflejos.com.ar\/2021\/wp-json\/wp\/v2\/comments?post=31458"}],"version-history":[{"count":0,"href":"https:\/\/www.noticiasradioreflejos.com.ar\/2021\/wp-json\/wp\/v2\/posts\/31458\/revisions"}],"wp:attachment":[{"href":"https:\/\/www.noticiasradioreflejos.com.ar\/2021\/wp-json\/wp\/v2\/media?parent=31458"}],"wp:term":[{"taxonomy":"category","embeddable":true,"href":"https:\/\/www.noticiasradioreflejos.com.ar\/2021\/wp-json\/wp\/v2\/categories?post=31458"},{"taxonomy":"post_tag","embeddable":true,"href":"https:\/\/www.noticiasradioreflejos.com.ar\/2021\/wp-json\/wp\/v2\/tags?post=31458"}],"curies":[{"name":"wp","href":"https:\/\/api.w.org\/{rel}","templated":true}]}}