{"id":31455,"date":"2019-05-20T14:01:37","date_gmt":"2019-05-20T17:01:37","guid":{"rendered":"http:\/\/www.noticiasradioreflejos.com.ar\/noticias\/?p=31455"},"modified":"2019-05-20T14:01:37","modified_gmt":"2019-05-20T17:01:37","slug":"finalizo-el-taller-desde-el-nacimiento-hasta-los-dos-anos-de-vida","status":"publish","type":"post","link":"https:\/\/www.noticiasradioreflejos.com.ar\/2021\/finalizo-el-taller-desde-el-nacimiento-hasta-los-dos-anos-de-vida\/","title":{"rendered":"Finaliz\u00f3 el taller &quot;Desde el nacimiento hasta los dos a\u00f1os de vida&quot;"},"content":{"rendered":"<p><a href=\"http:\/\/live.staticflickr.com\/65535\/47102607814_70d58907dd_s.jpg\" title=\"IMG-20190416-WA0025\" rel=\"\"><img loading=\"lazy\" decoding=\"async\" src=\"http:\/\/live.staticflickr.com\/65535\/47102607814_70d58907dd.jpg\" width=\"375\" height=\"500\" alt=\"IMG-20190416-WA0025\" title=\"IMG-20190416-WA0025\" class=\"alignleft\" style=\"float: left;\"><\/a>La semana pasada finaliz\u00f3 el Taller de alimentaci\u00f3n saludable denominado \u00abDesde el nacimiento hasta los dos a\u00f1os de vida\u00bb, que consto de 4 encuentros en donde el foco especial fue la alimentaci\u00f3n del reci\u00e9n nacido y el cuidado de la madre.<!--more--><br \/>\nDichos talleres, organizados por la Secretar\u00eda de Salud conjuntamente con el CATDI, tuvieron como objetivo concientizar acerca de la importancia de la alimentaci\u00f3n saludable para la adquisici\u00f3n de los nutrientes necesarios para alcanzar un crecimiento satisfactorio, evitar estados de deficiencia y tener reservas adecuadas para situaciones de estr\u00e9s metab\u00f3lico.<br \/>\nLos encuentros fueron enriquecedores tanto para las participantes como para las expositoras y se gener\u00f3 un intercambio de saberes.<br \/>\nDesde el \u00e1rea agradecen a quienes participaron de los encuentros, e informan que en breve se volver\u00e1 a brindar este taller, con fechas y horarios a confirmar.<\/p>\n","protected":false},"excerpt":{"rendered":"<p>La semana pasada finaliz\u00f3 el Taller de alimentaci\u00f3n saludable denominado \u00abDesde el nacimiento hasta los dos a\u00f1os de vida\u00bb, que consto de 4 encuentros en donde el foco especial fue la alimentaci\u00f3n del reci\u00e9n nacido y el cuidado de la madre.<\/p>\n","protected":false},"author":3,"featured_media":0,"comment_status":"closed","ping_status":"open","sticky":false,"template":"","format":"standard","meta":{"footnotes":""},"categories":[30],"tags":[],"class_list":["post-31455","post","type-post","status-publish","format-standard","hentry","category-salud"],"yoast_head":"<!-- This site is optimized with the Yoast SEO plugin v25.9 - https:\/\/yoast.com\/wordpress\/plugins\/seo\/ -->\n<title>Finaliz\u00f3 el taller &quot;Desde el nacimiento hasta los dos a\u00f1os de vida&quot; - Noticias Radio Reflejos<\/title>\n<meta name=\"robots\" content=\"index, follow, max-snippet:-1, max-image-preview:large, max-video-preview:-1\" \/>\n<link rel=\"canonical\" href=\"https:\/\/www.noticiasradioreflejos.com.ar\/2021\/finalizo-el-taller-desde-el-nacimiento-hasta-los-dos-anos-de-vida\/\" \/>\n<meta property=\"og:locale\" content=\"es_ES\" \/>\n<meta property=\"og:type\" content=\"article\" \/>\n<meta property=\"og:title\" content=\"Finaliz\u00f3 el taller &quot;Desde el nacimiento hasta los dos a\u00f1os de vida&quot; - Noticias Radio Reflejos\" \/>\n<meta property=\"og:description\" content=\"La semana pasada finaliz\u00f3 el Taller de alimentaci\u00f3n saludable denominado \u00abDesde el nacimiento hasta los dos a\u00f1os de vida\u00bb, que consto de 4 encuentros en donde el foco especial fue la alimentaci\u00f3n del reci\u00e9n nacido y el cuidado de la madre.\" \/>\n<meta property=\"og:url\" content=\"https:\/\/www.noticiasradioreflejos.com.ar\/2021\/finalizo-el-taller-desde-el-nacimiento-hasta-los-dos-anos-de-vida\/\" \/>\n<meta property=\"og:site_name\" content=\"Noticias Radio Reflejos\" \/>\n<meta property=\"article:published_time\" content=\"2019-05-20T17:01:37+00:00\" \/>\n<meta property=\"og:image\" content=\"http:\/\/live.staticflickr.com\/65535\/47102607814_70d58907dd.jpg\" \/>\n<meta name=\"author\" content=\"Arnaldo Botto\" \/>\n<meta name=\"twitter:card\" content=\"summary_large_image\" \/>\n<script type=\"application\/ld+json\" class=\"yoast-schema-graph\">{\"@context\":\"https:\/\/schema.org\",\"@graph\":[{\"@type\":\"WebPage\",\"@id\":\"https:\/\/www.noticiasradioreflejos.com.ar\/2021\/finalizo-el-taller-desde-el-nacimiento-hasta-los-dos-anos-de-vida\/\",\"url\":\"https:\/\/www.noticiasradioreflejos.com.ar\/2021\/finalizo-el-taller-desde-el-nacimiento-hasta-los-dos-anos-de-vida\/\",\"name\":\"Finaliz\u00f3 el taller &quot;Desde el nacimiento hasta los dos a\u00f1os de vida&quot; - Noticias Radio Reflejos\",\"isPartOf\":{\"@id\":\"https:\/\/www.noticiasradioreflejos.com.ar\/2021\/#website\"},\"primaryImageOfPage\":{\"@id\":\"https:\/\/www.noticiasradioreflejos.com.ar\/2021\/finalizo-el-taller-desde-el-nacimiento-hasta-los-dos-anos-de-vida\/#primaryimage\"},\"image\":{\"@id\":\"https:\/\/www.noticiasradioreflejos.com.ar\/2021\/finalizo-el-taller-desde-el-nacimiento-hasta-los-dos-anos-de-vida\/#primaryimage\"},\"thumbnailUrl\":\"http:\/\/live.staticflickr.com\/65535\/47102607814_70d58907dd.jpg\",\"datePublished\":\"2019-05-20T17:01:37+00:00\",\"author\":{\"@id\":\"https:\/\/www.noticiasradioreflejos.com.ar\/2021\/#\/schema\/person\/ad82545263dcc5ec0996818884fd5fb1\"},\"breadcrumb\":{\"@id\":\"https:\/\/www.noticiasradioreflejos.com.ar\/2021\/finalizo-el-taller-desde-el-nacimiento-hasta-los-dos-anos-de-vida\/#breadcrumb\"},\"inLanguage\":\"es\",\"potentialAction\":[{\"@type\":\"ReadAction\",\"target\":[\"https:\/\/www.noticiasradioreflejos.com.ar\/2021\/finalizo-el-taller-desde-el-nacimiento-hasta-los-dos-anos-de-vida\/\"]}]},{\"@type\":\"ImageObject\",\"inLanguage\":\"es\",\"@id\":\"https:\/\/www.noticiasradioreflejos.com.ar\/2021\/finalizo-el-taller-desde-el-nacimiento-hasta-los-dos-anos-de-vida\/#primaryimage\",\"url\":\"http:\/\/live.staticflickr.com\/65535\/47102607814_70d58907dd.jpg\",\"contentUrl\":\"http:\/\/live.staticflickr.com\/65535\/47102607814_70d58907dd.jpg\"},{\"@type\":\"BreadcrumbList\",\"@id\":\"https:\/\/www.noticiasradioreflejos.com.ar\/2021\/finalizo-el-taller-desde-el-nacimiento-hasta-los-dos-anos-de-vida\/#breadcrumb\",\"itemListElement\":[{\"@type\":\"ListItem\",\"position\":1,\"name\":\"Portada\",\"item\":\"https:\/\/www.noticiasradioreflejos.com.ar\/2021\/\"},{\"@type\":\"ListItem\",\"position\":2,\"name\":\"Finaliz\u00f3 el taller &quot;Desde el nacimiento hasta los dos a\u00f1os de vida&quot;\"}]},{\"@type\":\"WebSite\",\"@id\":\"https:\/\/www.noticiasradioreflejos.com.ar\/2021\/#website\",\"url\":\"https:\/\/www.noticiasradioreflejos.com.ar\/2021\/\",\"name\":\"Noticias Radio Reflejos\",\"description\":\"Las noticias de mi comarca\",\"potentialAction\":[{\"@type\":\"SearchAction\",\"target\":{\"@type\":\"EntryPoint\",\"urlTemplate\":\"https:\/\/www.noticiasradioreflejos.com.ar\/2021\/?s={search_term_string}\"},\"query-input\":{\"@type\":\"PropertyValueSpecification\",\"valueRequired\":true,\"valueName\":\"search_term_string\"}}],\"inLanguage\":\"es\"},{\"@type\":\"Person\",\"@id\":\"https:\/\/www.noticiasradioreflejos.com.ar\/2021\/#\/schema\/person\/ad82545263dcc5ec0996818884fd5fb1\",\"name\":\"Arnaldo Botto\",\"image\":{\"@type\":\"ImageObject\",\"inLanguage\":\"es\",\"@id\":\"https:\/\/www.noticiasradioreflejos.com.ar\/2021\/#\/schema\/person\/image\/\",\"url\":\"https:\/\/secure.gravatar.com\/avatar\/55cb5e37c1efa326397366e6974cb338056df65cb50e7d64d1cf314e87504837?s=96&d=mm&r=g\",\"contentUrl\":\"https:\/\/secure.gravatar.com\/avatar\/55cb5e37c1efa326397366e6974cb338056df65cb50e7d64d1cf314e87504837?s=96&d=mm&r=g\",\"caption\":\"Arnaldo Botto\"},\"url\":\"https:\/\/www.noticiasradioreflejos.com.ar\/2021\/author\/arnaldo\/\"}]}<\/script>\n<!-- \/ Yoast SEO plugin. -->","yoast_head_json":{"title":"Finaliz\u00f3 el taller &quot;Desde el nacimiento hasta los dos a\u00f1os de vida&quot; - Noticias Radio Reflejos","robots":{"index":"index","follow":"follow","max-snippet":"max-snippet:-1","max-image-preview":"max-image-preview:large","max-video-preview":"max-video-preview:-1"},"canonical":"https:\/\/www.noticiasradioreflejos.com.ar\/2021\/finalizo-el-taller-desde-el-nacimiento-hasta-los-dos-anos-de-vida\/","og_locale":"es_ES","og_type":"article","og_title":"Finaliz\u00f3 el taller &quot;Desde el nacimiento hasta los dos a\u00f1os de vida&quot; - Noticias Radio Reflejos","og_description":"La semana pasada finaliz\u00f3 el Taller de alimentaci\u00f3n saludable denominado \u00abDesde el nacimiento hasta los dos a\u00f1os de vida\u00bb, que consto de 4 encuentros en donde el foco especial fue la alimentaci\u00f3n del reci\u00e9n nacido y el cuidado de la madre.","og_url":"https:\/\/www.noticiasradioreflejos.com.ar\/2021\/finalizo-el-taller-desde-el-nacimiento-hasta-los-dos-anos-de-vida\/","og_site_name":"Noticias Radio Reflejos","article_published_time":"2019-05-20T17:01:37+00:00","og_image":[{"url":"http:\/\/live.staticflickr.com\/65535\/47102607814_70d58907dd.jpg","type":"","width":"","height":""}],"author":"Arnaldo Botto","twitter_card":"summary_large_image","schema":{"@context":"https:\/\/schema.org","@graph":[{"@type":"WebPage","@id":"https:\/\/www.noticiasradioreflejos.com.ar\/2021\/finalizo-el-taller-desde-el-nacimiento-hasta-los-dos-anos-de-vida\/","url":"https:\/\/www.noticiasradioreflejos.com.ar\/2021\/finalizo-el-taller-desde-el-nacimiento-hasta-los-dos-anos-de-vida\/","name":"Finaliz\u00f3 el taller &quot;Desde el nacimiento hasta los dos a\u00f1os de vida&quot; - Noticias Radio Reflejos","isPartOf":{"@id":"https:\/\/www.noticiasradioreflejos.com.ar\/2021\/#website"},"primaryImageOfPage":{"@id":"https:\/\/www.noticiasradioreflejos.com.ar\/2021\/finalizo-el-taller-desde-el-nacimiento-hasta-los-dos-anos-de-vida\/#primaryimage"},"image":{"@id":"https:\/\/www.noticiasradioreflejos.com.ar\/2021\/finalizo-el-taller-desde-el-nacimiento-hasta-los-dos-anos-de-vida\/#primaryimage"},"thumbnailUrl":"http:\/\/live.staticflickr.com\/65535\/47102607814_70d58907dd.jpg","datePublished":"2019-05-20T17:01:37+00:00","author":{"@id":"https:\/\/www.noticiasradioreflejos.com.ar\/2021\/#\/schema\/person\/ad82545263dcc5ec0996818884fd5fb1"},"breadcrumb":{"@id":"https:\/\/www.noticiasradioreflejos.com.ar\/2021\/finalizo-el-taller-desde-el-nacimiento-hasta-los-dos-anos-de-vida\/#breadcrumb"},"inLanguage":"es","potentialAction":[{"@type":"ReadAction","target":["https:\/\/www.noticiasradioreflejos.com.ar\/2021\/finalizo-el-taller-desde-el-nacimiento-hasta-los-dos-anos-de-vida\/"]}]},{"@type":"ImageObject","inLanguage":"es","@id":"https:\/\/www.noticiasradioreflejos.com.ar\/2021\/finalizo-el-taller-desde-el-nacimiento-hasta-los-dos-anos-de-vida\/#primaryimage","url":"http:\/\/live.staticflickr.com\/65535\/47102607814_70d58907dd.jpg","contentUrl":"http:\/\/live.staticflickr.com\/65535\/47102607814_70d58907dd.jpg"},{"@type":"BreadcrumbList","@id":"https:\/\/www.noticiasradioreflejos.com.ar\/2021\/finalizo-el-taller-desde-el-nacimiento-hasta-los-dos-anos-de-vida\/#breadcrumb","itemListElement":[{"@type":"ListItem","position":1,"name":"Portada","item":"https:\/\/www.noticiasradioreflejos.com.ar\/2021\/"},{"@type":"ListItem","position":2,"name":"Finaliz\u00f3 el taller &quot;Desde el nacimiento hasta los dos a\u00f1os de vida&quot;"}]},{"@type":"WebSite","@id":"https:\/\/www.noticiasradioreflejos.com.ar\/2021\/#website","url":"https:\/\/www.noticiasradioreflejos.com.ar\/2021\/","name":"Noticias Radio Reflejos","description":"Las noticias de mi comarca","potentialAction":[{"@type":"SearchAction","target":{"@type":"EntryPoint","urlTemplate":"https:\/\/www.noticiasradioreflejos.com.ar\/2021\/?s={search_term_string}"},"query-input":{"@type":"PropertyValueSpecification","valueRequired":true,"valueName":"search_term_string"}}],"inLanguage":"es"},{"@type":"Person","@id":"https:\/\/www.noticiasradioreflejos.com.ar\/2021\/#\/schema\/person\/ad82545263dcc5ec0996818884fd5fb1","name":"Arnaldo Botto","image":{"@type":"ImageObject","inLanguage":"es","@id":"https:\/\/www.noticiasradioreflejos.com.ar\/2021\/#\/schema\/person\/image\/","url":"https:\/\/secure.gravatar.com\/avatar\/55cb5e37c1efa326397366e6974cb338056df65cb50e7d64d1cf314e87504837?s=96&d=mm&r=g","contentUrl":"https:\/\/secure.gravatar.com\/avatar\/55cb5e37c1efa326397366e6974cb338056df65cb50e7d64d1cf314e87504837?s=96&d=mm&r=g","caption":"Arnaldo Botto"},"url":"https:\/\/www.noticiasradioreflejos.com.ar\/2021\/author\/arnaldo\/"}]}},"_links":{"self":[{"href":"https:\/\/www.noticiasradioreflejos.com.ar\/2021\/wp-json\/wp\/v2\/posts\/31455","targetHints":{"allow":["GET"]}}],"collection":[{"href":"https:\/\/www.noticiasradioreflejos.com.ar\/2021\/wp-json\/wp\/v2\/posts"}],"about":[{"href":"https:\/\/www.noticiasradioreflejos.com.ar\/2021\/wp-json\/wp\/v2\/types\/post"}],"author":[{"embeddable":true,"href":"https:\/\/www.noticiasradioreflejos.com.ar\/2021\/wp-json\/wp\/v2\/users\/3"}],"replies":[{"embeddable":true,"href":"https:\/\/www.noticiasradioreflejos.com.ar\/2021\/wp-json\/wp\/v2\/comments?post=31455"}],"version-history":[{"count":0,"href":"https:\/\/www.noticiasradioreflejos.com.ar\/2021\/wp-json\/wp\/v2\/posts\/31455\/revisions"}],"wp:attachment":[{"href":"https:\/\/www.noticiasradioreflejos.com.ar\/2021\/wp-json\/wp\/v2\/media?parent=31455"}],"wp:term":[{"taxonomy":"category","embeddable":true,"href":"https:\/\/www.noticiasradioreflejos.com.ar\/2021\/wp-json\/wp\/v2\/categories?post=31455"},{"taxonomy":"post_tag","embeddable":true,"href":"https:\/\/www.noticiasradioreflejos.com.ar\/2021\/wp-json\/wp\/v2\/tags?post=31455"}],"curies":[{"name":"wp","href":"https:\/\/api.w.org\/{rel}","templated":true}]}}