{"id":31321,"date":"2019-05-14T17:13:23","date_gmt":"2019-05-14T20:13:23","guid":{"rendered":"http:\/\/www.noticiasradioreflejos.com.ar\/noticias\/?p=31321"},"modified":"2019-05-14T17:13:23","modified_gmt":"2019-05-14T20:13:23","slug":"automoto-voley-y-otra-gran-jornada","status":"publish","type":"post","link":"https:\/\/www.noticiasradioreflejos.com.ar\/2021\/automoto-voley-y-otra-gran-jornada\/","title":{"rendered":"Automoto V\u00f3ley y otra gran jornada"},"content":{"rendered":"<p><a title=\"DSC_7662\" href=\"http:\/\/live.staticflickr.com\/65535\/47061474094_bda2d76186_s.jpg\" rel=\"\"><img loading=\"lazy\" decoding=\"async\" class=\"alignleft\" style=\"float: left;\" title=\"DSC_7662\" src=\"http:\/\/live.staticflickr.com\/65535\/47061474094_bda2d76186.jpg\" alt=\"DSC_7662\" width=\"500\" height=\"302\" \/><\/a>Tres partidos, tres triunfos, seis sets a favor y ninguno en contra. Automoto cumpli\u00f3 una destacad\u00edsima producci\u00f3n en cancha de Tiro Federal de Bah\u00eda Blanca, donde disput\u00f3 dos partidos de Sub 18 B y uno de Sub 16 B, en el marco del certamen de la Asociaci\u00f3n Bahiense de V\u00f3leibol.<!--more--><br \/>\nLas chicas m\u00e1s grandes no s\u00f3lo consiguieron dos triunfos resonantes, sino que esas victorias le permitieron saltar a la vanguardia de la tabla de posiciones (ver foto adjunta) con 16 unidades (6 festejos y una derrota), con dos unidades de ventaja sobre Espora.<br \/>\nEn el primer partido del d\u00eda, el Rojo super\u00f3 al local por 2 a 0, con parciales de 25 a 21 y 27 a 25, mientras que en el segundo necesito nuevamente de s\u00f3lo dos sets para derrotar a Olimpo por 2 a 0, con marcadores de 25-18 y 25-16.<br \/>\nPor Automoto jugaron Gianela Lambicchi, Julieta Schwab, Giuliana Verdinelli, Diana Fr\u00edas, Sof\u00eda Par\u00eds y Luciana Dorado<br \/>\nEn Sub 16 B, el conjunto azulgrana no tuvo mayores inconvenientes para adue\u00f1arse del partido ante Olimpo \u201cB\u201d por 2 a 0, con parciales de 25-13 y 25-16, que demuestran la clara superioridad que existi\u00f3 dentro del rect\u00e1ngulo de juego.<br \/>\nCon este resultado, el conjunto que dirige Sof\u00eda Urriaga se ubica en la segunda posici\u00f3n del torneo, con los mismos puntos que Liniers (10) y uno menos que el puntero Tiro Federal.<br \/>\nAutomoto, que en esta categor\u00eda suma 4 triunfos en 5 presentaciones, form\u00f3 con Solange Rodr\u00edguez, Valentina Dorado, Agustina Poblet, Clara Rinc\u00f3n, Victoria Rusconi, Josefina Candal, Milena Uribe, Sabrina Trankels y Lucila Naab.<br \/>\nLa pr\u00f3xima presentaci\u00f3n del Rojo ser\u00e1 en condici\u00f3n de local, cuando el pr\u00f3ximo s\u00e1bado 25 de mayo reciba a Olimpo \u201cA\u201d y Tiro Federal en Sub 16 y Sub 12, que este fin de semana no tuvo actividad.<br \/>\n&nbsp;<br \/>\n<a title=\"WhatsApp Image 2019-05-13 at 11.59.44\" href=\"http:\/\/live.staticflickr.com\/65535\/40884159103_45cebf1e91_s.jpg\" rel=\"\"><img loading=\"lazy\" decoding=\"async\" class=\"aligncenter\" title=\"WhatsApp Image 2019-05-13 at 11.59.44\" src=\"http:\/\/live.staticflickr.com\/65535\/40884159103_45cebf1e91_z.jpg\" alt=\"WhatsApp Image 2019-05-13 at 11.59.44\" width=\"452\" height=\"640\" \/><\/a><a title=\"WhatsApp Image 2019-05-13 at 11.59.45\" href=\"http:\/\/live.staticflickr.com\/65535\/47061473934_a110ce089e_s.jpg\" rel=\"\"><img loading=\"lazy\" decoding=\"async\" class=\"aligncenter\" title=\"WhatsApp Image 2019-05-13 at 11.59.45\" src=\"http:\/\/live.staticflickr.com\/65535\/47061473934_a110ce089e_z.jpg\" alt=\"WhatsApp Image 2019-05-13 at 11.59.45\" width=\"452\" height=\"640\" \/><\/a><a title=\"WhatsApp Image 2019-05-13 at 12.00.15\" href=\"http:\/\/live.staticflickr.com\/65535\/40884158883_1e1d73134d_s.jpg\" rel=\"\"><img loading=\"lazy\" decoding=\"async\" class=\"aligncenter\" title=\"WhatsApp Image 2019-05-13 at 12.00.15\" src=\"http:\/\/live.staticflickr.com\/65535\/40884158883_1e1d73134d_z.jpg\" alt=\"WhatsApp Image 2019-05-13 at 12.00.15\" width=\"452\" height=\"640\" \/><\/a><br \/>\nDepartamento de Prensa \u2013 Automoto Club Deportivo<br \/>\nwww.clubautomotopasion.com.ar<br \/>\nFacebook: \/automototornquist<br \/>\nTwitter: @ClubAutomoto<br \/>\nYouTube: acdtvideos<\/p>\n","protected":false},"excerpt":{"rendered":"<p>Tres partidos, tres triunfos, seis sets a favor y ninguno en contra. Automoto cumpli\u00f3 una destacad\u00edsima producci\u00f3n en cancha de Tiro Federal de Bah\u00eda Blanca, donde disput\u00f3 dos partidos de Sub 18 B y uno de Sub 16 B, en el marco del certamen de la Asociaci\u00f3n Bahiense de V\u00f3leibol.<\/p>\n","protected":false},"author":3,"featured_media":0,"comment_status":"closed","ping_status":"open","sticky":false,"template":"","format":"standard","meta":{"footnotes":""},"categories":[27],"tags":[],"class_list":["post-31321","post","type-post","status-publish","format-standard","hentry","category-deportes"],"yoast_head":"<!-- This site is optimized with the Yoast SEO plugin v25.9 - https:\/\/yoast.com\/wordpress\/plugins\/seo\/ -->\n<title>Automoto V\u00f3ley y otra gran jornada - Noticias Radio Reflejos<\/title>\n<meta name=\"robots\" content=\"index, follow, max-snippet:-1, max-image-preview:large, max-video-preview:-1\" \/>\n<link rel=\"canonical\" href=\"https:\/\/www.noticiasradioreflejos.com.ar\/2021\/automoto-voley-y-otra-gran-jornada\/\" \/>\n<meta property=\"og:locale\" content=\"es_ES\" \/>\n<meta property=\"og:type\" content=\"article\" \/>\n<meta property=\"og:title\" content=\"Automoto V\u00f3ley y otra gran jornada - Noticias Radio Reflejos\" \/>\n<meta property=\"og:description\" content=\"Tres partidos, tres triunfos, seis sets a favor y ninguno en contra. Automoto cumpli\u00f3 una destacad\u00edsima producci\u00f3n en cancha de Tiro Federal de Bah\u00eda Blanca, donde disput\u00f3 dos partidos de Sub 18 B y uno de Sub 16 B, en el marco del certamen de la Asociaci\u00f3n Bahiense de V\u00f3leibol.\" \/>\n<meta property=\"og:url\" content=\"https:\/\/www.noticiasradioreflejos.com.ar\/2021\/automoto-voley-y-otra-gran-jornada\/\" \/>\n<meta property=\"og:site_name\" content=\"Noticias Radio Reflejos\" \/>\n<meta property=\"article:published_time\" content=\"2019-05-14T20:13:23+00:00\" \/>\n<meta property=\"og:image\" content=\"http:\/\/live.staticflickr.com\/65535\/47061474094_bda2d76186.jpg\" \/>\n<meta name=\"author\" content=\"Arnaldo Botto\" \/>\n<meta name=\"twitter:card\" content=\"summary_large_image\" \/>\n<script type=\"application\/ld+json\" class=\"yoast-schema-graph\">{\"@context\":\"https:\/\/schema.org\",\"@graph\":[{\"@type\":\"WebPage\",\"@id\":\"https:\/\/www.noticiasradioreflejos.com.ar\/2021\/automoto-voley-y-otra-gran-jornada\/\",\"url\":\"https:\/\/www.noticiasradioreflejos.com.ar\/2021\/automoto-voley-y-otra-gran-jornada\/\",\"name\":\"Automoto V\u00f3ley y otra gran jornada - Noticias Radio Reflejos\",\"isPartOf\":{\"@id\":\"https:\/\/www.noticiasradioreflejos.com.ar\/2021\/#website\"},\"primaryImageOfPage\":{\"@id\":\"https:\/\/www.noticiasradioreflejos.com.ar\/2021\/automoto-voley-y-otra-gran-jornada\/#primaryimage\"},\"image\":{\"@id\":\"https:\/\/www.noticiasradioreflejos.com.ar\/2021\/automoto-voley-y-otra-gran-jornada\/#primaryimage\"},\"thumbnailUrl\":\"http:\/\/live.staticflickr.com\/65535\/47061474094_bda2d76186.jpg\",\"datePublished\":\"2019-05-14T20:13:23+00:00\",\"author\":{\"@id\":\"https:\/\/www.noticiasradioreflejos.com.ar\/2021\/#\/schema\/person\/ad82545263dcc5ec0996818884fd5fb1\"},\"breadcrumb\":{\"@id\":\"https:\/\/www.noticiasradioreflejos.com.ar\/2021\/automoto-voley-y-otra-gran-jornada\/#breadcrumb\"},\"inLanguage\":\"es\",\"potentialAction\":[{\"@type\":\"ReadAction\",\"target\":[\"https:\/\/www.noticiasradioreflejos.com.ar\/2021\/automoto-voley-y-otra-gran-jornada\/\"]}]},{\"@type\":\"ImageObject\",\"inLanguage\":\"es\",\"@id\":\"https:\/\/www.noticiasradioreflejos.com.ar\/2021\/automoto-voley-y-otra-gran-jornada\/#primaryimage\",\"url\":\"http:\/\/live.staticflickr.com\/65535\/47061474094_bda2d76186.jpg\",\"contentUrl\":\"http:\/\/live.staticflickr.com\/65535\/47061474094_bda2d76186.jpg\"},{\"@type\":\"BreadcrumbList\",\"@id\":\"https:\/\/www.noticiasradioreflejos.com.ar\/2021\/automoto-voley-y-otra-gran-jornada\/#breadcrumb\",\"itemListElement\":[{\"@type\":\"ListItem\",\"position\":1,\"name\":\"Portada\",\"item\":\"https:\/\/www.noticiasradioreflejos.com.ar\/2021\/\"},{\"@type\":\"ListItem\",\"position\":2,\"name\":\"Automoto V\u00f3ley y otra gran jornada\"}]},{\"@type\":\"WebSite\",\"@id\":\"https:\/\/www.noticiasradioreflejos.com.ar\/2021\/#website\",\"url\":\"https:\/\/www.noticiasradioreflejos.com.ar\/2021\/\",\"name\":\"Noticias Radio Reflejos\",\"description\":\"Las noticias de mi comarca\",\"potentialAction\":[{\"@type\":\"SearchAction\",\"target\":{\"@type\":\"EntryPoint\",\"urlTemplate\":\"https:\/\/www.noticiasradioreflejos.com.ar\/2021\/?s={search_term_string}\"},\"query-input\":{\"@type\":\"PropertyValueSpecification\",\"valueRequired\":true,\"valueName\":\"search_term_string\"}}],\"inLanguage\":\"es\"},{\"@type\":\"Person\",\"@id\":\"https:\/\/www.noticiasradioreflejos.com.ar\/2021\/#\/schema\/person\/ad82545263dcc5ec0996818884fd5fb1\",\"name\":\"Arnaldo Botto\",\"image\":{\"@type\":\"ImageObject\",\"inLanguage\":\"es\",\"@id\":\"https:\/\/www.noticiasradioreflejos.com.ar\/2021\/#\/schema\/person\/image\/\",\"url\":\"https:\/\/secure.gravatar.com\/avatar\/55cb5e37c1efa326397366e6974cb338056df65cb50e7d64d1cf314e87504837?s=96&d=mm&r=g\",\"contentUrl\":\"https:\/\/secure.gravatar.com\/avatar\/55cb5e37c1efa326397366e6974cb338056df65cb50e7d64d1cf314e87504837?s=96&d=mm&r=g\",\"caption\":\"Arnaldo Botto\"},\"url\":\"https:\/\/www.noticiasradioreflejos.com.ar\/2021\/author\/arnaldo\/\"}]}<\/script>\n<!-- \/ Yoast SEO plugin. -->","yoast_head_json":{"title":"Automoto V\u00f3ley y otra gran jornada - Noticias Radio Reflejos","robots":{"index":"index","follow":"follow","max-snippet":"max-snippet:-1","max-image-preview":"max-image-preview:large","max-video-preview":"max-video-preview:-1"},"canonical":"https:\/\/www.noticiasradioreflejos.com.ar\/2021\/automoto-voley-y-otra-gran-jornada\/","og_locale":"es_ES","og_type":"article","og_title":"Automoto V\u00f3ley y otra gran jornada - Noticias Radio Reflejos","og_description":"Tres partidos, tres triunfos, seis sets a favor y ninguno en contra. Automoto cumpli\u00f3 una destacad\u00edsima producci\u00f3n en cancha de Tiro Federal de Bah\u00eda Blanca, donde disput\u00f3 dos partidos de Sub 18 B y uno de Sub 16 B, en el marco del certamen de la Asociaci\u00f3n Bahiense de V\u00f3leibol.","og_url":"https:\/\/www.noticiasradioreflejos.com.ar\/2021\/automoto-voley-y-otra-gran-jornada\/","og_site_name":"Noticias Radio Reflejos","article_published_time":"2019-05-14T20:13:23+00:00","og_image":[{"url":"http:\/\/live.staticflickr.com\/65535\/47061474094_bda2d76186.jpg","type":"","width":"","height":""}],"author":"Arnaldo Botto","twitter_card":"summary_large_image","schema":{"@context":"https:\/\/schema.org","@graph":[{"@type":"WebPage","@id":"https:\/\/www.noticiasradioreflejos.com.ar\/2021\/automoto-voley-y-otra-gran-jornada\/","url":"https:\/\/www.noticiasradioreflejos.com.ar\/2021\/automoto-voley-y-otra-gran-jornada\/","name":"Automoto V\u00f3ley y otra gran jornada - Noticias Radio Reflejos","isPartOf":{"@id":"https:\/\/www.noticiasradioreflejos.com.ar\/2021\/#website"},"primaryImageOfPage":{"@id":"https:\/\/www.noticiasradioreflejos.com.ar\/2021\/automoto-voley-y-otra-gran-jornada\/#primaryimage"},"image":{"@id":"https:\/\/www.noticiasradioreflejos.com.ar\/2021\/automoto-voley-y-otra-gran-jornada\/#primaryimage"},"thumbnailUrl":"http:\/\/live.staticflickr.com\/65535\/47061474094_bda2d76186.jpg","datePublished":"2019-05-14T20:13:23+00:00","author":{"@id":"https:\/\/www.noticiasradioreflejos.com.ar\/2021\/#\/schema\/person\/ad82545263dcc5ec0996818884fd5fb1"},"breadcrumb":{"@id":"https:\/\/www.noticiasradioreflejos.com.ar\/2021\/automoto-voley-y-otra-gran-jornada\/#breadcrumb"},"inLanguage":"es","potentialAction":[{"@type":"ReadAction","target":["https:\/\/www.noticiasradioreflejos.com.ar\/2021\/automoto-voley-y-otra-gran-jornada\/"]}]},{"@type":"ImageObject","inLanguage":"es","@id":"https:\/\/www.noticiasradioreflejos.com.ar\/2021\/automoto-voley-y-otra-gran-jornada\/#primaryimage","url":"http:\/\/live.staticflickr.com\/65535\/47061474094_bda2d76186.jpg","contentUrl":"http:\/\/live.staticflickr.com\/65535\/47061474094_bda2d76186.jpg"},{"@type":"BreadcrumbList","@id":"https:\/\/www.noticiasradioreflejos.com.ar\/2021\/automoto-voley-y-otra-gran-jornada\/#breadcrumb","itemListElement":[{"@type":"ListItem","position":1,"name":"Portada","item":"https:\/\/www.noticiasradioreflejos.com.ar\/2021\/"},{"@type":"ListItem","position":2,"name":"Automoto V\u00f3ley y otra gran jornada"}]},{"@type":"WebSite","@id":"https:\/\/www.noticiasradioreflejos.com.ar\/2021\/#website","url":"https:\/\/www.noticiasradioreflejos.com.ar\/2021\/","name":"Noticias Radio Reflejos","description":"Las noticias de mi comarca","potentialAction":[{"@type":"SearchAction","target":{"@type":"EntryPoint","urlTemplate":"https:\/\/www.noticiasradioreflejos.com.ar\/2021\/?s={search_term_string}"},"query-input":{"@type":"PropertyValueSpecification","valueRequired":true,"valueName":"search_term_string"}}],"inLanguage":"es"},{"@type":"Person","@id":"https:\/\/www.noticiasradioreflejos.com.ar\/2021\/#\/schema\/person\/ad82545263dcc5ec0996818884fd5fb1","name":"Arnaldo Botto","image":{"@type":"ImageObject","inLanguage":"es","@id":"https:\/\/www.noticiasradioreflejos.com.ar\/2021\/#\/schema\/person\/image\/","url":"https:\/\/secure.gravatar.com\/avatar\/55cb5e37c1efa326397366e6974cb338056df65cb50e7d64d1cf314e87504837?s=96&d=mm&r=g","contentUrl":"https:\/\/secure.gravatar.com\/avatar\/55cb5e37c1efa326397366e6974cb338056df65cb50e7d64d1cf314e87504837?s=96&d=mm&r=g","caption":"Arnaldo Botto"},"url":"https:\/\/www.noticiasradioreflejos.com.ar\/2021\/author\/arnaldo\/"}]}},"_links":{"self":[{"href":"https:\/\/www.noticiasradioreflejos.com.ar\/2021\/wp-json\/wp\/v2\/posts\/31321","targetHints":{"allow":["GET"]}}],"collection":[{"href":"https:\/\/www.noticiasradioreflejos.com.ar\/2021\/wp-json\/wp\/v2\/posts"}],"about":[{"href":"https:\/\/www.noticiasradioreflejos.com.ar\/2021\/wp-json\/wp\/v2\/types\/post"}],"author":[{"embeddable":true,"href":"https:\/\/www.noticiasradioreflejos.com.ar\/2021\/wp-json\/wp\/v2\/users\/3"}],"replies":[{"embeddable":true,"href":"https:\/\/www.noticiasradioreflejos.com.ar\/2021\/wp-json\/wp\/v2\/comments?post=31321"}],"version-history":[{"count":0,"href":"https:\/\/www.noticiasradioreflejos.com.ar\/2021\/wp-json\/wp\/v2\/posts\/31321\/revisions"}],"wp:attachment":[{"href":"https:\/\/www.noticiasradioreflejos.com.ar\/2021\/wp-json\/wp\/v2\/media?parent=31321"}],"wp:term":[{"taxonomy":"category","embeddable":true,"href":"https:\/\/www.noticiasradioreflejos.com.ar\/2021\/wp-json\/wp\/v2\/categories?post=31321"},{"taxonomy":"post_tag","embeddable":true,"href":"https:\/\/www.noticiasradioreflejos.com.ar\/2021\/wp-json\/wp\/v2\/tags?post=31321"}],"curies":[{"name":"wp","href":"https:\/\/api.w.org\/{rel}","templated":true}]}}