{"id":31301,"date":"2019-05-13T17:14:18","date_gmt":"2019-05-13T20:14:18","guid":{"rendered":"http:\/\/www.noticiasradioreflejos.com.ar\/noticias\/?p=31301"},"modified":"2019-05-13T17:14:18","modified_gmt":"2019-05-13T20:14:18","slug":"personal-de-salud-se-capacita-en-emergencias-cardiovasculares","status":"publish","type":"post","link":"https:\/\/www.noticiasradioreflejos.com.ar\/2021\/personal-de-salud-se-capacita-en-emergencias-cardiovasculares\/","title":{"rendered":"Personal de salud se capacita en emergencias cardiovasculares"},"content":{"rendered":"<p><a href=\"http:\/\/live.staticflickr.com\/65535\/47791760262_2093e4c6e4_s.jpg\" title=\"WhatsApp Image 2019-05-13 at 13.36.07\" rel=\"\"><img loading=\"lazy\" decoding=\"async\" src=\"http:\/\/live.staticflickr.com\/65535\/47791760262_2093e4c6e4.jpg\" width=\"375\" height=\"500\" alt=\"WhatsApp Image 2019-05-13 at 13.36.07\" title=\"WhatsApp Image 2019-05-13 at 13.36.07\" class=\"alignleft\" style=\"float: left;\"><\/a>Con el objetivo de profundizar conocimientos que les permitan optimizar las respuestas ante una situaci\u00f3n de emergencia cardiovascular, personal profesional de la Secretar\u00eda de Salud se encuentra realizando una capacitaci\u00f3n sobre dicha tem\u00e1tica.<!--more--><br \/>\nEl s\u00e1bado 11 del corriente mes se realiz\u00f3, en las instalaciones del hospital municipal, el 5 to encuentro de 8, en donde se trabaj\u00f3 bajo el lema No sabe, no responde, no respira.<br \/>\nDesde el \u00e1rea agradecen a los bomberos voluntarios de Sierra de la Ventana por facilitar maniqu\u00edes para RCP y a la biblioteca \u201cErnesto Tornquist\u201d, ya que los encuentros anteriores se llevaron a cabo en sus instalaciones.<\/p>\n","protected":false},"excerpt":{"rendered":"<p>Con el objetivo de profundizar conocimientos que les permitan optimizar las respuestas ante una situaci\u00f3n de emergencia cardiovascular, personal profesional de la Secretar\u00eda de Salud se encuentra realizando una capacitaci\u00f3n sobre dicha tem\u00e1tica.<\/p>\n","protected":false},"author":3,"featured_media":0,"comment_status":"closed","ping_status":"open","sticky":false,"template":"","format":"standard","meta":{"footnotes":""},"categories":[30],"tags":[],"class_list":["post-31301","post","type-post","status-publish","format-standard","hentry","category-salud"],"yoast_head":"<!-- This site is optimized with the Yoast SEO plugin v25.9 - https:\/\/yoast.com\/wordpress\/plugins\/seo\/ -->\n<title>Personal de salud se capacita en emergencias cardiovasculares - Noticias Radio Reflejos<\/title>\n<meta name=\"robots\" content=\"index, follow, max-snippet:-1, max-image-preview:large, max-video-preview:-1\" \/>\n<link rel=\"canonical\" href=\"https:\/\/www.noticiasradioreflejos.com.ar\/2021\/personal-de-salud-se-capacita-en-emergencias-cardiovasculares\/\" \/>\n<meta property=\"og:locale\" content=\"es_ES\" \/>\n<meta property=\"og:type\" content=\"article\" \/>\n<meta property=\"og:title\" content=\"Personal de salud se capacita en emergencias cardiovasculares - Noticias Radio Reflejos\" \/>\n<meta property=\"og:description\" content=\"Con el objetivo de profundizar conocimientos que les permitan optimizar las respuestas ante una situaci\u00f3n de emergencia cardiovascular, personal profesional de la Secretar\u00eda de Salud se encuentra realizando una capacitaci\u00f3n sobre dicha tem\u00e1tica.\" \/>\n<meta property=\"og:url\" content=\"https:\/\/www.noticiasradioreflejos.com.ar\/2021\/personal-de-salud-se-capacita-en-emergencias-cardiovasculares\/\" \/>\n<meta property=\"og:site_name\" content=\"Noticias Radio Reflejos\" \/>\n<meta property=\"article:published_time\" content=\"2019-05-13T20:14:18+00:00\" \/>\n<meta property=\"og:image\" content=\"http:\/\/live.staticflickr.com\/65535\/47791760262_2093e4c6e4.jpg\" \/>\n<meta name=\"author\" content=\"Arnaldo Botto\" \/>\n<meta name=\"twitter:card\" content=\"summary_large_image\" \/>\n<script type=\"application\/ld+json\" class=\"yoast-schema-graph\">{\"@context\":\"https:\/\/schema.org\",\"@graph\":[{\"@type\":\"WebPage\",\"@id\":\"https:\/\/www.noticiasradioreflejos.com.ar\/2021\/personal-de-salud-se-capacita-en-emergencias-cardiovasculares\/\",\"url\":\"https:\/\/www.noticiasradioreflejos.com.ar\/2021\/personal-de-salud-se-capacita-en-emergencias-cardiovasculares\/\",\"name\":\"Personal de salud se capacita en emergencias cardiovasculares - Noticias Radio Reflejos\",\"isPartOf\":{\"@id\":\"https:\/\/www.noticiasradioreflejos.com.ar\/2021\/#website\"},\"primaryImageOfPage\":{\"@id\":\"https:\/\/www.noticiasradioreflejos.com.ar\/2021\/personal-de-salud-se-capacita-en-emergencias-cardiovasculares\/#primaryimage\"},\"image\":{\"@id\":\"https:\/\/www.noticiasradioreflejos.com.ar\/2021\/personal-de-salud-se-capacita-en-emergencias-cardiovasculares\/#primaryimage\"},\"thumbnailUrl\":\"http:\/\/live.staticflickr.com\/65535\/47791760262_2093e4c6e4.jpg\",\"datePublished\":\"2019-05-13T20:14:18+00:00\",\"author\":{\"@id\":\"https:\/\/www.noticiasradioreflejos.com.ar\/2021\/#\/schema\/person\/ad82545263dcc5ec0996818884fd5fb1\"},\"breadcrumb\":{\"@id\":\"https:\/\/www.noticiasradioreflejos.com.ar\/2021\/personal-de-salud-se-capacita-en-emergencias-cardiovasculares\/#breadcrumb\"},\"inLanguage\":\"es\",\"potentialAction\":[{\"@type\":\"ReadAction\",\"target\":[\"https:\/\/www.noticiasradioreflejos.com.ar\/2021\/personal-de-salud-se-capacita-en-emergencias-cardiovasculares\/\"]}]},{\"@type\":\"ImageObject\",\"inLanguage\":\"es\",\"@id\":\"https:\/\/www.noticiasradioreflejos.com.ar\/2021\/personal-de-salud-se-capacita-en-emergencias-cardiovasculares\/#primaryimage\",\"url\":\"http:\/\/live.staticflickr.com\/65535\/47791760262_2093e4c6e4.jpg\",\"contentUrl\":\"http:\/\/live.staticflickr.com\/65535\/47791760262_2093e4c6e4.jpg\"},{\"@type\":\"BreadcrumbList\",\"@id\":\"https:\/\/www.noticiasradioreflejos.com.ar\/2021\/personal-de-salud-se-capacita-en-emergencias-cardiovasculares\/#breadcrumb\",\"itemListElement\":[{\"@type\":\"ListItem\",\"position\":1,\"name\":\"Portada\",\"item\":\"https:\/\/www.noticiasradioreflejos.com.ar\/2021\/\"},{\"@type\":\"ListItem\",\"position\":2,\"name\":\"Personal de salud se capacita en emergencias cardiovasculares\"}]},{\"@type\":\"WebSite\",\"@id\":\"https:\/\/www.noticiasradioreflejos.com.ar\/2021\/#website\",\"url\":\"https:\/\/www.noticiasradioreflejos.com.ar\/2021\/\",\"name\":\"Noticias Radio Reflejos\",\"description\":\"Las noticias de mi comarca\",\"potentialAction\":[{\"@type\":\"SearchAction\",\"target\":{\"@type\":\"EntryPoint\",\"urlTemplate\":\"https:\/\/www.noticiasradioreflejos.com.ar\/2021\/?s={search_term_string}\"},\"query-input\":{\"@type\":\"PropertyValueSpecification\",\"valueRequired\":true,\"valueName\":\"search_term_string\"}}],\"inLanguage\":\"es\"},{\"@type\":\"Person\",\"@id\":\"https:\/\/www.noticiasradioreflejos.com.ar\/2021\/#\/schema\/person\/ad82545263dcc5ec0996818884fd5fb1\",\"name\":\"Arnaldo Botto\",\"image\":{\"@type\":\"ImageObject\",\"inLanguage\":\"es\",\"@id\":\"https:\/\/www.noticiasradioreflejos.com.ar\/2021\/#\/schema\/person\/image\/\",\"url\":\"https:\/\/secure.gravatar.com\/avatar\/55cb5e37c1efa326397366e6974cb338056df65cb50e7d64d1cf314e87504837?s=96&d=mm&r=g\",\"contentUrl\":\"https:\/\/secure.gravatar.com\/avatar\/55cb5e37c1efa326397366e6974cb338056df65cb50e7d64d1cf314e87504837?s=96&d=mm&r=g\",\"caption\":\"Arnaldo Botto\"},\"url\":\"https:\/\/www.noticiasradioreflejos.com.ar\/2021\/author\/arnaldo\/\"}]}<\/script>\n<!-- \/ Yoast SEO plugin. -->","yoast_head_json":{"title":"Personal de salud se capacita en emergencias cardiovasculares - Noticias Radio Reflejos","robots":{"index":"index","follow":"follow","max-snippet":"max-snippet:-1","max-image-preview":"max-image-preview:large","max-video-preview":"max-video-preview:-1"},"canonical":"https:\/\/www.noticiasradioreflejos.com.ar\/2021\/personal-de-salud-se-capacita-en-emergencias-cardiovasculares\/","og_locale":"es_ES","og_type":"article","og_title":"Personal de salud se capacita en emergencias cardiovasculares - Noticias Radio Reflejos","og_description":"Con el objetivo de profundizar conocimientos que les permitan optimizar las respuestas ante una situaci\u00f3n de emergencia cardiovascular, personal profesional de la Secretar\u00eda de Salud se encuentra realizando una capacitaci\u00f3n sobre dicha tem\u00e1tica.","og_url":"https:\/\/www.noticiasradioreflejos.com.ar\/2021\/personal-de-salud-se-capacita-en-emergencias-cardiovasculares\/","og_site_name":"Noticias Radio Reflejos","article_published_time":"2019-05-13T20:14:18+00:00","og_image":[{"url":"http:\/\/live.staticflickr.com\/65535\/47791760262_2093e4c6e4.jpg","type":"","width":"","height":""}],"author":"Arnaldo Botto","twitter_card":"summary_large_image","schema":{"@context":"https:\/\/schema.org","@graph":[{"@type":"WebPage","@id":"https:\/\/www.noticiasradioreflejos.com.ar\/2021\/personal-de-salud-se-capacita-en-emergencias-cardiovasculares\/","url":"https:\/\/www.noticiasradioreflejos.com.ar\/2021\/personal-de-salud-se-capacita-en-emergencias-cardiovasculares\/","name":"Personal de salud se capacita en emergencias cardiovasculares - Noticias Radio Reflejos","isPartOf":{"@id":"https:\/\/www.noticiasradioreflejos.com.ar\/2021\/#website"},"primaryImageOfPage":{"@id":"https:\/\/www.noticiasradioreflejos.com.ar\/2021\/personal-de-salud-se-capacita-en-emergencias-cardiovasculares\/#primaryimage"},"image":{"@id":"https:\/\/www.noticiasradioreflejos.com.ar\/2021\/personal-de-salud-se-capacita-en-emergencias-cardiovasculares\/#primaryimage"},"thumbnailUrl":"http:\/\/live.staticflickr.com\/65535\/47791760262_2093e4c6e4.jpg","datePublished":"2019-05-13T20:14:18+00:00","author":{"@id":"https:\/\/www.noticiasradioreflejos.com.ar\/2021\/#\/schema\/person\/ad82545263dcc5ec0996818884fd5fb1"},"breadcrumb":{"@id":"https:\/\/www.noticiasradioreflejos.com.ar\/2021\/personal-de-salud-se-capacita-en-emergencias-cardiovasculares\/#breadcrumb"},"inLanguage":"es","potentialAction":[{"@type":"ReadAction","target":["https:\/\/www.noticiasradioreflejos.com.ar\/2021\/personal-de-salud-se-capacita-en-emergencias-cardiovasculares\/"]}]},{"@type":"ImageObject","inLanguage":"es","@id":"https:\/\/www.noticiasradioreflejos.com.ar\/2021\/personal-de-salud-se-capacita-en-emergencias-cardiovasculares\/#primaryimage","url":"http:\/\/live.staticflickr.com\/65535\/47791760262_2093e4c6e4.jpg","contentUrl":"http:\/\/live.staticflickr.com\/65535\/47791760262_2093e4c6e4.jpg"},{"@type":"BreadcrumbList","@id":"https:\/\/www.noticiasradioreflejos.com.ar\/2021\/personal-de-salud-se-capacita-en-emergencias-cardiovasculares\/#breadcrumb","itemListElement":[{"@type":"ListItem","position":1,"name":"Portada","item":"https:\/\/www.noticiasradioreflejos.com.ar\/2021\/"},{"@type":"ListItem","position":2,"name":"Personal de salud se capacita en emergencias cardiovasculares"}]},{"@type":"WebSite","@id":"https:\/\/www.noticiasradioreflejos.com.ar\/2021\/#website","url":"https:\/\/www.noticiasradioreflejos.com.ar\/2021\/","name":"Noticias Radio Reflejos","description":"Las noticias de mi comarca","potentialAction":[{"@type":"SearchAction","target":{"@type":"EntryPoint","urlTemplate":"https:\/\/www.noticiasradioreflejos.com.ar\/2021\/?s={search_term_string}"},"query-input":{"@type":"PropertyValueSpecification","valueRequired":true,"valueName":"search_term_string"}}],"inLanguage":"es"},{"@type":"Person","@id":"https:\/\/www.noticiasradioreflejos.com.ar\/2021\/#\/schema\/person\/ad82545263dcc5ec0996818884fd5fb1","name":"Arnaldo Botto","image":{"@type":"ImageObject","inLanguage":"es","@id":"https:\/\/www.noticiasradioreflejos.com.ar\/2021\/#\/schema\/person\/image\/","url":"https:\/\/secure.gravatar.com\/avatar\/55cb5e37c1efa326397366e6974cb338056df65cb50e7d64d1cf314e87504837?s=96&d=mm&r=g","contentUrl":"https:\/\/secure.gravatar.com\/avatar\/55cb5e37c1efa326397366e6974cb338056df65cb50e7d64d1cf314e87504837?s=96&d=mm&r=g","caption":"Arnaldo Botto"},"url":"https:\/\/www.noticiasradioreflejos.com.ar\/2021\/author\/arnaldo\/"}]}},"_links":{"self":[{"href":"https:\/\/www.noticiasradioreflejos.com.ar\/2021\/wp-json\/wp\/v2\/posts\/31301","targetHints":{"allow":["GET"]}}],"collection":[{"href":"https:\/\/www.noticiasradioreflejos.com.ar\/2021\/wp-json\/wp\/v2\/posts"}],"about":[{"href":"https:\/\/www.noticiasradioreflejos.com.ar\/2021\/wp-json\/wp\/v2\/types\/post"}],"author":[{"embeddable":true,"href":"https:\/\/www.noticiasradioreflejos.com.ar\/2021\/wp-json\/wp\/v2\/users\/3"}],"replies":[{"embeddable":true,"href":"https:\/\/www.noticiasradioreflejos.com.ar\/2021\/wp-json\/wp\/v2\/comments?post=31301"}],"version-history":[{"count":0,"href":"https:\/\/www.noticiasradioreflejos.com.ar\/2021\/wp-json\/wp\/v2\/posts\/31301\/revisions"}],"wp:attachment":[{"href":"https:\/\/www.noticiasradioreflejos.com.ar\/2021\/wp-json\/wp\/v2\/media?parent=31301"}],"wp:term":[{"taxonomy":"category","embeddable":true,"href":"https:\/\/www.noticiasradioreflejos.com.ar\/2021\/wp-json\/wp\/v2\/categories?post=31301"},{"taxonomy":"post_tag","embeddable":true,"href":"https:\/\/www.noticiasradioreflejos.com.ar\/2021\/wp-json\/wp\/v2\/tags?post=31301"}],"curies":[{"name":"wp","href":"https:\/\/api.w.org\/{rel}","templated":true}]}}