{"id":31296,"date":"2019-05-13T13:30:23","date_gmt":"2019-05-13T16:30:23","guid":{"rendered":"http:\/\/www.noticiasradioreflejos.com.ar\/noticias\/?p=31296"},"modified":"2019-05-13T13:30:23","modified_gmt":"2019-05-13T16:30:23","slug":"es-una-de-las-obras-mas-importantes-de-la-cooperativa-desde-sus-inicios-oscar-brito","status":"publish","type":"post","link":"https:\/\/www.noticiasradioreflejos.com.ar\/2021\/es-una-de-las-obras-mas-importantes-de-la-cooperativa-desde-sus-inicios-oscar-brito\/","title":{"rendered":"&quot;Es una de las obras m\u00e1s importantes de la cooperativa desde sus Inicios&quot; &#8211; Oscar Brito"},"content":{"rendered":"<p><a href=\"http:\/\/www.noticiasradioreflejos.com.ar\/noticias\/wp-content\/uploads\/2019\/03\/Coopersive.jpg\"><img loading=\"lazy\" decoding=\"async\" class=\"alignleft size-medium wp-image-29313\" src=\"http:\/\/www.noticiasradioreflejos.com.ar\/noticias\/wp-content\/uploads\/2019\/03\/Coopersive-300x169.jpg\" alt=\"Coopersive\" width=\"300\" height=\"169\" \/><\/a>Esta ma\u00f1ana,visitaron los estudios de FM Reflejos,<strong> Mario Sensini y Oscar Brito<\/strong>, presidente y secretario de <strong>Coopersive Ltda<\/strong>, para informar a la comunidad sobre la puesta en marcha de la nueva subestaci\u00f3n transformadora de energ\u00eda, que se realizar\u00e1 en el d\u00eda de ma\u00f1ana y para lo cu\u00e1l, se har\u00e1 un corte de energ\u00eda desde las 8 de la ma\u00f1ana hasta las 17 hs.<!--more--><br \/>\nLos consejeros de la cooperativa de electricidad de Sierra de la Ventana se brindaron durante la charla, para dar detalles de la obra emprendida en el 2011 y que tuvo un costo estimado de m\u00e1s de 22 millones de pesos para la instituci\u00f3n.<br \/>\n\u00abEl 60 % de la inversi\u00f3n se hizo cargo la Cooperativa\u00bb asegura durante la entrevista Sensini, detallando la creciente demanda de conexiones que tuvo la empresa en los \u00faltimos a\u00f1os.<br \/>\nAdem\u00e1s, dieron a conocer como se constitu\u00fdo el nuevo consejo de Administraci\u00f3n luego de la asamblea realizada recientemente a fines de abril pasado.<br \/>\nDentro de lo descrito por los consejeros, se destaca la voluntad de seguir colaborando con todas las instituciones de la localidad a las que ayudan en forma permanente.<br \/>\nAudio de la nota:<br \/>\n<iframe loading=\"lazy\" src=\"https:\/\/w.soundcloud.com\/player\/?url=https%3A\/\/api.soundcloud.com\/tracks\/619951605&amp;color=%23ff5500&amp;auto_play=false&amp;hide_related=false&amp;show_comments=true&amp;show_user=true&amp;show_reposts=false&amp;show_teaser=true\" width=\"100%\" height=\"166\" frameborder=\"no\" scrolling=\"no\"><\/iframe><\/p>\n","protected":false},"excerpt":{"rendered":"<p>Esta ma\u00f1ana,visitaron los estudios de FM Reflejos, Mario Sensini y Oscar Brito, presidente y secretario de Coopersive Ltda, para informar a la comunidad sobre la puesta en marcha de la nueva subestaci\u00f3n transformadora de energ\u00eda, que se realizar\u00e1 en el d\u00eda de ma\u00f1ana y para lo cu\u00e1l, se har\u00e1 un corte de energ\u00eda desde las [&hellip;]<\/p>\n","protected":false},"author":3,"featured_media":0,"comment_status":"closed","ping_status":"open","sticky":false,"template":"","format":"standard","meta":{"footnotes":""},"categories":[26],"tags":[],"class_list":["post-31296","post","type-post","status-publish","format-standard","hentry","category-sociedad"],"yoast_head":"<!-- This site is optimized with the Yoast SEO plugin v25.9 - https:\/\/yoast.com\/wordpress\/plugins\/seo\/ -->\n<title>&quot;Es una de las obras m\u00e1s importantes de la cooperativa desde sus Inicios&quot; - Oscar Brito - Noticias Radio Reflejos<\/title>\n<meta name=\"robots\" content=\"index, follow, max-snippet:-1, max-image-preview:large, max-video-preview:-1\" \/>\n<link rel=\"canonical\" href=\"https:\/\/www.noticiasradioreflejos.com.ar\/2021\/es-una-de-las-obras-mas-importantes-de-la-cooperativa-desde-sus-inicios-oscar-brito\/\" \/>\n<meta property=\"og:locale\" content=\"es_ES\" \/>\n<meta property=\"og:type\" content=\"article\" \/>\n<meta property=\"og:title\" content=\"&quot;Es una de las obras m\u00e1s importantes de la cooperativa desde sus Inicios&quot; - Oscar Brito - Noticias Radio Reflejos\" \/>\n<meta property=\"og:description\" content=\"Esta ma\u00f1ana,visitaron los estudios de FM Reflejos, Mario Sensini y Oscar Brito, presidente y secretario de Coopersive Ltda, para informar a la comunidad sobre la puesta en marcha de la nueva subestaci\u00f3n transformadora de energ\u00eda, que se realizar\u00e1 en el d\u00eda de ma\u00f1ana y para lo cu\u00e1l, se har\u00e1 un corte de energ\u00eda desde las [&hellip;]\" \/>\n<meta property=\"og:url\" content=\"https:\/\/www.noticiasradioreflejos.com.ar\/2021\/es-una-de-las-obras-mas-importantes-de-la-cooperativa-desde-sus-inicios-oscar-brito\/\" \/>\n<meta property=\"og:site_name\" content=\"Noticias Radio Reflejos\" \/>\n<meta property=\"article:published_time\" content=\"2019-05-13T16:30:23+00:00\" \/>\n<meta property=\"og:image\" content=\"https:\/\/www.noticiasradioreflejos.com.ar\/2021\/wp-content\/uploads\/2021\/07\/logosol300x200.png\" \/>\n\t<meta property=\"og:image:width\" content=\"300\" \/>\n\t<meta property=\"og:image:height\" content=\"200\" \/>\n\t<meta property=\"og:image:type\" content=\"image\/png\" \/>\n<meta name=\"author\" content=\"Arnaldo Botto\" \/>\n<meta name=\"twitter:card\" content=\"summary_large_image\" \/>\n<script type=\"application\/ld+json\" class=\"yoast-schema-graph\">{\"@context\":\"https:\/\/schema.org\",\"@graph\":[{\"@type\":\"WebPage\",\"@id\":\"https:\/\/www.noticiasradioreflejos.com.ar\/2021\/es-una-de-las-obras-mas-importantes-de-la-cooperativa-desde-sus-inicios-oscar-brito\/\",\"url\":\"https:\/\/www.noticiasradioreflejos.com.ar\/2021\/es-una-de-las-obras-mas-importantes-de-la-cooperativa-desde-sus-inicios-oscar-brito\/\",\"name\":\"&quot;Es una de las obras m\u00e1s importantes de la cooperativa desde sus Inicios&quot; - Oscar Brito - Noticias Radio Reflejos\",\"isPartOf\":{\"@id\":\"https:\/\/www.noticiasradioreflejos.com.ar\/2021\/#website\"},\"primaryImageOfPage\":{\"@id\":\"https:\/\/www.noticiasradioreflejos.com.ar\/2021\/es-una-de-las-obras-mas-importantes-de-la-cooperativa-desde-sus-inicios-oscar-brito\/#primaryimage\"},\"image\":{\"@id\":\"https:\/\/www.noticiasradioreflejos.com.ar\/2021\/es-una-de-las-obras-mas-importantes-de-la-cooperativa-desde-sus-inicios-oscar-brito\/#primaryimage\"},\"thumbnailUrl\":\"http:\/\/www.noticiasradioreflejos.com.ar\/noticias\/wp-content\/uploads\/2019\/03\/Coopersive-300x169.jpg\",\"datePublished\":\"2019-05-13T16:30:23+00:00\",\"author\":{\"@id\":\"https:\/\/www.noticiasradioreflejos.com.ar\/2021\/#\/schema\/person\/ad82545263dcc5ec0996818884fd5fb1\"},\"breadcrumb\":{\"@id\":\"https:\/\/www.noticiasradioreflejos.com.ar\/2021\/es-una-de-las-obras-mas-importantes-de-la-cooperativa-desde-sus-inicios-oscar-brito\/#breadcrumb\"},\"inLanguage\":\"es\",\"potentialAction\":[{\"@type\":\"ReadAction\",\"target\":[\"https:\/\/www.noticiasradioreflejos.com.ar\/2021\/es-una-de-las-obras-mas-importantes-de-la-cooperativa-desde-sus-inicios-oscar-brito\/\"]}]},{\"@type\":\"ImageObject\",\"inLanguage\":\"es\",\"@id\":\"https:\/\/www.noticiasradioreflejos.com.ar\/2021\/es-una-de-las-obras-mas-importantes-de-la-cooperativa-desde-sus-inicios-oscar-brito\/#primaryimage\",\"url\":\"http:\/\/www.noticiasradioreflejos.com.ar\/noticias\/wp-content\/uploads\/2019\/03\/Coopersive-300x169.jpg\",\"contentUrl\":\"http:\/\/www.noticiasradioreflejos.com.ar\/noticias\/wp-content\/uploads\/2019\/03\/Coopersive-300x169.jpg\"},{\"@type\":\"BreadcrumbList\",\"@id\":\"https:\/\/www.noticiasradioreflejos.com.ar\/2021\/es-una-de-las-obras-mas-importantes-de-la-cooperativa-desde-sus-inicios-oscar-brito\/#breadcrumb\",\"itemListElement\":[{\"@type\":\"ListItem\",\"position\":1,\"name\":\"Portada\",\"item\":\"https:\/\/www.noticiasradioreflejos.com.ar\/2021\/\"},{\"@type\":\"ListItem\",\"position\":2,\"name\":\"&quot;Es una de las obras m\u00e1s importantes de la cooperativa desde sus Inicios&quot; &#8211; Oscar Brito\"}]},{\"@type\":\"WebSite\",\"@id\":\"https:\/\/www.noticiasradioreflejos.com.ar\/2021\/#website\",\"url\":\"https:\/\/www.noticiasradioreflejos.com.ar\/2021\/\",\"name\":\"Noticias Radio Reflejos\",\"description\":\"Las noticias de mi comarca\",\"potentialAction\":[{\"@type\":\"SearchAction\",\"target\":{\"@type\":\"EntryPoint\",\"urlTemplate\":\"https:\/\/www.noticiasradioreflejos.com.ar\/2021\/?s={search_term_string}\"},\"query-input\":{\"@type\":\"PropertyValueSpecification\",\"valueRequired\":true,\"valueName\":\"search_term_string\"}}],\"inLanguage\":\"es\"},{\"@type\":\"Person\",\"@id\":\"https:\/\/www.noticiasradioreflejos.com.ar\/2021\/#\/schema\/person\/ad82545263dcc5ec0996818884fd5fb1\",\"name\":\"Arnaldo Botto\",\"image\":{\"@type\":\"ImageObject\",\"inLanguage\":\"es\",\"@id\":\"https:\/\/www.noticiasradioreflejos.com.ar\/2021\/#\/schema\/person\/image\/\",\"url\":\"https:\/\/secure.gravatar.com\/avatar\/55cb5e37c1efa326397366e6974cb338056df65cb50e7d64d1cf314e87504837?s=96&d=mm&r=g\",\"contentUrl\":\"https:\/\/secure.gravatar.com\/avatar\/55cb5e37c1efa326397366e6974cb338056df65cb50e7d64d1cf314e87504837?s=96&d=mm&r=g\",\"caption\":\"Arnaldo Botto\"},\"url\":\"https:\/\/www.noticiasradioreflejos.com.ar\/2021\/author\/arnaldo\/\"}]}<\/script>\n<!-- \/ Yoast SEO plugin. -->","yoast_head_json":{"title":"&quot;Es una de las obras m\u00e1s importantes de la cooperativa desde sus Inicios&quot; - Oscar Brito - Noticias Radio Reflejos","robots":{"index":"index","follow":"follow","max-snippet":"max-snippet:-1","max-image-preview":"max-image-preview:large","max-video-preview":"max-video-preview:-1"},"canonical":"https:\/\/www.noticiasradioreflejos.com.ar\/2021\/es-una-de-las-obras-mas-importantes-de-la-cooperativa-desde-sus-inicios-oscar-brito\/","og_locale":"es_ES","og_type":"article","og_title":"&quot;Es una de las obras m\u00e1s importantes de la cooperativa desde sus Inicios&quot; - Oscar Brito - Noticias Radio Reflejos","og_description":"Esta ma\u00f1ana,visitaron los estudios de FM Reflejos, Mario Sensini y Oscar Brito, presidente y secretario de Coopersive Ltda, para informar a la comunidad sobre la puesta en marcha de la nueva subestaci\u00f3n transformadora de energ\u00eda, que se realizar\u00e1 en el d\u00eda de ma\u00f1ana y para lo cu\u00e1l, se har\u00e1 un corte de energ\u00eda desde las [&hellip;]","og_url":"https:\/\/www.noticiasradioreflejos.com.ar\/2021\/es-una-de-las-obras-mas-importantes-de-la-cooperativa-desde-sus-inicios-oscar-brito\/","og_site_name":"Noticias Radio Reflejos","article_published_time":"2019-05-13T16:30:23+00:00","og_image":[{"width":300,"height":200,"url":"https:\/\/www.noticiasradioreflejos.com.ar\/2021\/wp-content\/uploads\/2021\/07\/logosol300x200.png","type":"image\/png"}],"author":"Arnaldo Botto","twitter_card":"summary_large_image","schema":{"@context":"https:\/\/schema.org","@graph":[{"@type":"WebPage","@id":"https:\/\/www.noticiasradioreflejos.com.ar\/2021\/es-una-de-las-obras-mas-importantes-de-la-cooperativa-desde-sus-inicios-oscar-brito\/","url":"https:\/\/www.noticiasradioreflejos.com.ar\/2021\/es-una-de-las-obras-mas-importantes-de-la-cooperativa-desde-sus-inicios-oscar-brito\/","name":"&quot;Es una de las obras m\u00e1s importantes de la cooperativa desde sus Inicios&quot; - Oscar Brito - Noticias Radio Reflejos","isPartOf":{"@id":"https:\/\/www.noticiasradioreflejos.com.ar\/2021\/#website"},"primaryImageOfPage":{"@id":"https:\/\/www.noticiasradioreflejos.com.ar\/2021\/es-una-de-las-obras-mas-importantes-de-la-cooperativa-desde-sus-inicios-oscar-brito\/#primaryimage"},"image":{"@id":"https:\/\/www.noticiasradioreflejos.com.ar\/2021\/es-una-de-las-obras-mas-importantes-de-la-cooperativa-desde-sus-inicios-oscar-brito\/#primaryimage"},"thumbnailUrl":"http:\/\/www.noticiasradioreflejos.com.ar\/noticias\/wp-content\/uploads\/2019\/03\/Coopersive-300x169.jpg","datePublished":"2019-05-13T16:30:23+00:00","author":{"@id":"https:\/\/www.noticiasradioreflejos.com.ar\/2021\/#\/schema\/person\/ad82545263dcc5ec0996818884fd5fb1"},"breadcrumb":{"@id":"https:\/\/www.noticiasradioreflejos.com.ar\/2021\/es-una-de-las-obras-mas-importantes-de-la-cooperativa-desde-sus-inicios-oscar-brito\/#breadcrumb"},"inLanguage":"es","potentialAction":[{"@type":"ReadAction","target":["https:\/\/www.noticiasradioreflejos.com.ar\/2021\/es-una-de-las-obras-mas-importantes-de-la-cooperativa-desde-sus-inicios-oscar-brito\/"]}]},{"@type":"ImageObject","inLanguage":"es","@id":"https:\/\/www.noticiasradioreflejos.com.ar\/2021\/es-una-de-las-obras-mas-importantes-de-la-cooperativa-desde-sus-inicios-oscar-brito\/#primaryimage","url":"http:\/\/www.noticiasradioreflejos.com.ar\/noticias\/wp-content\/uploads\/2019\/03\/Coopersive-300x169.jpg","contentUrl":"http:\/\/www.noticiasradioreflejos.com.ar\/noticias\/wp-content\/uploads\/2019\/03\/Coopersive-300x169.jpg"},{"@type":"BreadcrumbList","@id":"https:\/\/www.noticiasradioreflejos.com.ar\/2021\/es-una-de-las-obras-mas-importantes-de-la-cooperativa-desde-sus-inicios-oscar-brito\/#breadcrumb","itemListElement":[{"@type":"ListItem","position":1,"name":"Portada","item":"https:\/\/www.noticiasradioreflejos.com.ar\/2021\/"},{"@type":"ListItem","position":2,"name":"&quot;Es una de las obras m\u00e1s importantes de la cooperativa desde sus Inicios&quot; &#8211; Oscar Brito"}]},{"@type":"WebSite","@id":"https:\/\/www.noticiasradioreflejos.com.ar\/2021\/#website","url":"https:\/\/www.noticiasradioreflejos.com.ar\/2021\/","name":"Noticias Radio Reflejos","description":"Las noticias de mi comarca","potentialAction":[{"@type":"SearchAction","target":{"@type":"EntryPoint","urlTemplate":"https:\/\/www.noticiasradioreflejos.com.ar\/2021\/?s={search_term_string}"},"query-input":{"@type":"PropertyValueSpecification","valueRequired":true,"valueName":"search_term_string"}}],"inLanguage":"es"},{"@type":"Person","@id":"https:\/\/www.noticiasradioreflejos.com.ar\/2021\/#\/schema\/person\/ad82545263dcc5ec0996818884fd5fb1","name":"Arnaldo Botto","image":{"@type":"ImageObject","inLanguage":"es","@id":"https:\/\/www.noticiasradioreflejos.com.ar\/2021\/#\/schema\/person\/image\/","url":"https:\/\/secure.gravatar.com\/avatar\/55cb5e37c1efa326397366e6974cb338056df65cb50e7d64d1cf314e87504837?s=96&d=mm&r=g","contentUrl":"https:\/\/secure.gravatar.com\/avatar\/55cb5e37c1efa326397366e6974cb338056df65cb50e7d64d1cf314e87504837?s=96&d=mm&r=g","caption":"Arnaldo Botto"},"url":"https:\/\/www.noticiasradioreflejos.com.ar\/2021\/author\/arnaldo\/"}]}},"_links":{"self":[{"href":"https:\/\/www.noticiasradioreflejos.com.ar\/2021\/wp-json\/wp\/v2\/posts\/31296","targetHints":{"allow":["GET"]}}],"collection":[{"href":"https:\/\/www.noticiasradioreflejos.com.ar\/2021\/wp-json\/wp\/v2\/posts"}],"about":[{"href":"https:\/\/www.noticiasradioreflejos.com.ar\/2021\/wp-json\/wp\/v2\/types\/post"}],"author":[{"embeddable":true,"href":"https:\/\/www.noticiasradioreflejos.com.ar\/2021\/wp-json\/wp\/v2\/users\/3"}],"replies":[{"embeddable":true,"href":"https:\/\/www.noticiasradioreflejos.com.ar\/2021\/wp-json\/wp\/v2\/comments?post=31296"}],"version-history":[{"count":0,"href":"https:\/\/www.noticiasradioreflejos.com.ar\/2021\/wp-json\/wp\/v2\/posts\/31296\/revisions"}],"wp:attachment":[{"href":"https:\/\/www.noticiasradioreflejos.com.ar\/2021\/wp-json\/wp\/v2\/media?parent=31296"}],"wp:term":[{"taxonomy":"category","embeddable":true,"href":"https:\/\/www.noticiasradioreflejos.com.ar\/2021\/wp-json\/wp\/v2\/categories?post=31296"},{"taxonomy":"post_tag","embeddable":true,"href":"https:\/\/www.noticiasradioreflejos.com.ar\/2021\/wp-json\/wp\/v2\/tags?post=31296"}],"curies":[{"name":"wp","href":"https:\/\/api.w.org\/{rel}","templated":true}]}}