{"id":31292,"date":"2019-05-13T13:05:59","date_gmt":"2019-05-13T16:05:59","guid":{"rendered":"http:\/\/www.noticiasradioreflejos.com.ar\/noticias\/?p=31292"},"modified":"2019-05-13T13:05:59","modified_gmt":"2019-05-13T16:05:59","slug":"la-asociacion-cooperadora-de-la-escuela-n6-juan-bautista-alberdi-convoca-a-asamblea-anual-ordinaria","status":"publish","type":"post","link":"https:\/\/www.noticiasradioreflejos.com.ar\/2021\/la-asociacion-cooperadora-de-la-escuela-n6-juan-bautista-alberdi-convoca-a-asamblea-anual-ordinaria\/","title":{"rendered":"La Asociaci\u00f3n  Cooperadora de la Escuela N\u00b06 &quot;Juan Bautista Alberdi&quot;, convoca  a  ASAMBLEA ANUAL ORDINARIA."},"content":{"rendered":"<p>En cumplimiento de lo establecido en el art. 25 del Estatuto de la Instituci\u00f3n y seg\u00fan lo resuelto en su reuni\u00f3n del d\u00eda 23 DE ABRIL del 2019, la Asociaci\u00f3n Cooperadora de la Escuela N\u00b06 Juan Bautista Alberdi convoca a los se\u00f1ores Asociados y Padres a la ASAMBLEA ANUAL ORDINARIA que se celebrar\u00e1 el d\u00eda Lunes 27 de Mayo de 2019, a las 13.00 horas,  en instalaciones de dicha Instituci\u00f3n,, para tratar el siguiente<!--more--><br \/>\nORDEN DEL DIA<br \/>\n1\u00b0 Elecci\u00f3n de dos asociados conjuntamente con el presidente y Secretaria para firmar el Acta<br \/>\n2\u00b0 Lectura del Acta asamblea  anterior<br \/>\n3\u00b0Lectura y  Consideraci\u00f3n de la Memoria, Balance General, Cuenta de Recursos y Gastos correspondientes al ejercicio cerrado al 31 de Marzo de 2018<br \/>\n4\u00ba Elecci\u00f3n de Comisi\u00f3n Directiva por finalizaci\u00f3n de mandatos y revisores de cuentas.<br \/>\n5\u00b0 Fijaci\u00f3n monto Cuota Social<br \/>\nLeonardo Bevilaqua<br \/>\nPresidente<br \/>\nViviana Montibeller<br \/>\nSecretaria<\/p>\n","protected":false},"excerpt":{"rendered":"<p>En cumplimiento de lo establecido en el art. 25 del Estatuto de la Instituci\u00f3n y seg\u00fan lo resuelto en su reuni\u00f3n del d\u00eda 23 DE ABRIL del 2019, la Asociaci\u00f3n Cooperadora de la Escuela N\u00b06 Juan Bautista Alberdi convoca a los se\u00f1ores Asociados y Padres a la ASAMBLEA ANUAL ORDINARIA que se celebrar\u00e1 el d\u00eda [&hellip;]<\/p>\n","protected":false},"author":3,"featured_media":0,"comment_status":"closed","ping_status":"open","sticky":false,"template":"","format":"standard","meta":{"footnotes":""},"categories":[26],"tags":[],"class_list":["post-31292","post","type-post","status-publish","format-standard","hentry","category-sociedad"],"yoast_head":"<!-- This site is optimized with the Yoast SEO plugin v25.9 - https:\/\/yoast.com\/wordpress\/plugins\/seo\/ -->\n<title>La Asociaci\u00f3n Cooperadora de la Escuela N\u00b06 &quot;Juan Bautista Alberdi&quot;, convoca a ASAMBLEA ANUAL ORDINARIA. - Noticias Radio Reflejos<\/title>\n<meta name=\"robots\" content=\"index, follow, max-snippet:-1, max-image-preview:large, max-video-preview:-1\" \/>\n<link rel=\"canonical\" href=\"https:\/\/www.noticiasradioreflejos.com.ar\/2021\/la-asociacion-cooperadora-de-la-escuela-n6-juan-bautista-alberdi-convoca-a-asamblea-anual-ordinaria\/\" \/>\n<meta property=\"og:locale\" content=\"es_ES\" \/>\n<meta property=\"og:type\" content=\"article\" \/>\n<meta property=\"og:title\" content=\"La Asociaci\u00f3n Cooperadora de la Escuela N\u00b06 &quot;Juan Bautista Alberdi&quot;, convoca a ASAMBLEA ANUAL ORDINARIA. - Noticias Radio Reflejos\" \/>\n<meta property=\"og:description\" content=\"En cumplimiento de lo establecido en el art. 25 del Estatuto de la Instituci\u00f3n y seg\u00fan lo resuelto en su reuni\u00f3n del d\u00eda 23 DE ABRIL del 2019, la Asociaci\u00f3n Cooperadora de la Escuela N\u00b06 Juan Bautista Alberdi convoca a los se\u00f1ores Asociados y Padres a la ASAMBLEA ANUAL ORDINARIA que se celebrar\u00e1 el d\u00eda [&hellip;]\" \/>\n<meta property=\"og:url\" content=\"https:\/\/www.noticiasradioreflejos.com.ar\/2021\/la-asociacion-cooperadora-de-la-escuela-n6-juan-bautista-alberdi-convoca-a-asamblea-anual-ordinaria\/\" \/>\n<meta property=\"og:site_name\" content=\"Noticias Radio Reflejos\" \/>\n<meta property=\"article:published_time\" content=\"2019-05-13T16:05:59+00:00\" \/>\n<meta property=\"og:image\" content=\"https:\/\/www.noticiasradioreflejos.com.ar\/2021\/wp-content\/uploads\/2021\/07\/logosol300x200.png\" \/>\n\t<meta property=\"og:image:width\" content=\"300\" \/>\n\t<meta property=\"og:image:height\" content=\"200\" \/>\n\t<meta property=\"og:image:type\" content=\"image\/png\" \/>\n<meta name=\"author\" content=\"Arnaldo Botto\" \/>\n<meta name=\"twitter:card\" content=\"summary_large_image\" \/>\n<script type=\"application\/ld+json\" class=\"yoast-schema-graph\">{\"@context\":\"https:\/\/schema.org\",\"@graph\":[{\"@type\":\"WebPage\",\"@id\":\"https:\/\/www.noticiasradioreflejos.com.ar\/2021\/la-asociacion-cooperadora-de-la-escuela-n6-juan-bautista-alberdi-convoca-a-asamblea-anual-ordinaria\/\",\"url\":\"https:\/\/www.noticiasradioreflejos.com.ar\/2021\/la-asociacion-cooperadora-de-la-escuela-n6-juan-bautista-alberdi-convoca-a-asamblea-anual-ordinaria\/\",\"name\":\"La Asociaci\u00f3n Cooperadora de la Escuela N\u00b06 &quot;Juan Bautista Alberdi&quot;, convoca a ASAMBLEA ANUAL ORDINARIA. - Noticias Radio Reflejos\",\"isPartOf\":{\"@id\":\"https:\/\/www.noticiasradioreflejos.com.ar\/2021\/#website\"},\"datePublished\":\"2019-05-13T16:05:59+00:00\",\"author\":{\"@id\":\"https:\/\/www.noticiasradioreflejos.com.ar\/2021\/#\/schema\/person\/ad82545263dcc5ec0996818884fd5fb1\"},\"breadcrumb\":{\"@id\":\"https:\/\/www.noticiasradioreflejos.com.ar\/2021\/la-asociacion-cooperadora-de-la-escuela-n6-juan-bautista-alberdi-convoca-a-asamblea-anual-ordinaria\/#breadcrumb\"},\"inLanguage\":\"es\",\"potentialAction\":[{\"@type\":\"ReadAction\",\"target\":[\"https:\/\/www.noticiasradioreflejos.com.ar\/2021\/la-asociacion-cooperadora-de-la-escuela-n6-juan-bautista-alberdi-convoca-a-asamblea-anual-ordinaria\/\"]}]},{\"@type\":\"BreadcrumbList\",\"@id\":\"https:\/\/www.noticiasradioreflejos.com.ar\/2021\/la-asociacion-cooperadora-de-la-escuela-n6-juan-bautista-alberdi-convoca-a-asamblea-anual-ordinaria\/#breadcrumb\",\"itemListElement\":[{\"@type\":\"ListItem\",\"position\":1,\"name\":\"Portada\",\"item\":\"https:\/\/www.noticiasradioreflejos.com.ar\/2021\/\"},{\"@type\":\"ListItem\",\"position\":2,\"name\":\"La Asociaci\u00f3n Cooperadora de la Escuela N\u00b06 &quot;Juan Bautista Alberdi&quot;, convoca a ASAMBLEA ANUAL ORDINARIA.\"}]},{\"@type\":\"WebSite\",\"@id\":\"https:\/\/www.noticiasradioreflejos.com.ar\/2021\/#website\",\"url\":\"https:\/\/www.noticiasradioreflejos.com.ar\/2021\/\",\"name\":\"Noticias Radio Reflejos\",\"description\":\"Las noticias de mi comarca\",\"potentialAction\":[{\"@type\":\"SearchAction\",\"target\":{\"@type\":\"EntryPoint\",\"urlTemplate\":\"https:\/\/www.noticiasradioreflejos.com.ar\/2021\/?s={search_term_string}\"},\"query-input\":{\"@type\":\"PropertyValueSpecification\",\"valueRequired\":true,\"valueName\":\"search_term_string\"}}],\"inLanguage\":\"es\"},{\"@type\":\"Person\",\"@id\":\"https:\/\/www.noticiasradioreflejos.com.ar\/2021\/#\/schema\/person\/ad82545263dcc5ec0996818884fd5fb1\",\"name\":\"Arnaldo Botto\",\"image\":{\"@type\":\"ImageObject\",\"inLanguage\":\"es\",\"@id\":\"https:\/\/www.noticiasradioreflejos.com.ar\/2021\/#\/schema\/person\/image\/\",\"url\":\"https:\/\/secure.gravatar.com\/avatar\/55cb5e37c1efa326397366e6974cb338056df65cb50e7d64d1cf314e87504837?s=96&d=mm&r=g\",\"contentUrl\":\"https:\/\/secure.gravatar.com\/avatar\/55cb5e37c1efa326397366e6974cb338056df65cb50e7d64d1cf314e87504837?s=96&d=mm&r=g\",\"caption\":\"Arnaldo Botto\"},\"url\":\"https:\/\/www.noticiasradioreflejos.com.ar\/2021\/author\/arnaldo\/\"}]}<\/script>\n<!-- \/ Yoast SEO plugin. -->","yoast_head_json":{"title":"La Asociaci\u00f3n Cooperadora de la Escuela N\u00b06 &quot;Juan Bautista Alberdi&quot;, convoca a ASAMBLEA ANUAL ORDINARIA. - Noticias Radio Reflejos","robots":{"index":"index","follow":"follow","max-snippet":"max-snippet:-1","max-image-preview":"max-image-preview:large","max-video-preview":"max-video-preview:-1"},"canonical":"https:\/\/www.noticiasradioreflejos.com.ar\/2021\/la-asociacion-cooperadora-de-la-escuela-n6-juan-bautista-alberdi-convoca-a-asamblea-anual-ordinaria\/","og_locale":"es_ES","og_type":"article","og_title":"La Asociaci\u00f3n Cooperadora de la Escuela N\u00b06 &quot;Juan Bautista Alberdi&quot;, convoca a ASAMBLEA ANUAL ORDINARIA. - Noticias Radio Reflejos","og_description":"En cumplimiento de lo establecido en el art. 25 del Estatuto de la Instituci\u00f3n y seg\u00fan lo resuelto en su reuni\u00f3n del d\u00eda 23 DE ABRIL del 2019, la Asociaci\u00f3n Cooperadora de la Escuela N\u00b06 Juan Bautista Alberdi convoca a los se\u00f1ores Asociados y Padres a la ASAMBLEA ANUAL ORDINARIA que se celebrar\u00e1 el d\u00eda [&hellip;]","og_url":"https:\/\/www.noticiasradioreflejos.com.ar\/2021\/la-asociacion-cooperadora-de-la-escuela-n6-juan-bautista-alberdi-convoca-a-asamblea-anual-ordinaria\/","og_site_name":"Noticias Radio Reflejos","article_published_time":"2019-05-13T16:05:59+00:00","og_image":[{"width":300,"height":200,"url":"https:\/\/www.noticiasradioreflejos.com.ar\/2021\/wp-content\/uploads\/2021\/07\/logosol300x200.png","type":"image\/png"}],"author":"Arnaldo Botto","twitter_card":"summary_large_image","schema":{"@context":"https:\/\/schema.org","@graph":[{"@type":"WebPage","@id":"https:\/\/www.noticiasradioreflejos.com.ar\/2021\/la-asociacion-cooperadora-de-la-escuela-n6-juan-bautista-alberdi-convoca-a-asamblea-anual-ordinaria\/","url":"https:\/\/www.noticiasradioreflejos.com.ar\/2021\/la-asociacion-cooperadora-de-la-escuela-n6-juan-bautista-alberdi-convoca-a-asamblea-anual-ordinaria\/","name":"La Asociaci\u00f3n Cooperadora de la Escuela N\u00b06 &quot;Juan Bautista Alberdi&quot;, convoca a ASAMBLEA ANUAL ORDINARIA. - Noticias Radio Reflejos","isPartOf":{"@id":"https:\/\/www.noticiasradioreflejos.com.ar\/2021\/#website"},"datePublished":"2019-05-13T16:05:59+00:00","author":{"@id":"https:\/\/www.noticiasradioreflejos.com.ar\/2021\/#\/schema\/person\/ad82545263dcc5ec0996818884fd5fb1"},"breadcrumb":{"@id":"https:\/\/www.noticiasradioreflejos.com.ar\/2021\/la-asociacion-cooperadora-de-la-escuela-n6-juan-bautista-alberdi-convoca-a-asamblea-anual-ordinaria\/#breadcrumb"},"inLanguage":"es","potentialAction":[{"@type":"ReadAction","target":["https:\/\/www.noticiasradioreflejos.com.ar\/2021\/la-asociacion-cooperadora-de-la-escuela-n6-juan-bautista-alberdi-convoca-a-asamblea-anual-ordinaria\/"]}]},{"@type":"BreadcrumbList","@id":"https:\/\/www.noticiasradioreflejos.com.ar\/2021\/la-asociacion-cooperadora-de-la-escuela-n6-juan-bautista-alberdi-convoca-a-asamblea-anual-ordinaria\/#breadcrumb","itemListElement":[{"@type":"ListItem","position":1,"name":"Portada","item":"https:\/\/www.noticiasradioreflejos.com.ar\/2021\/"},{"@type":"ListItem","position":2,"name":"La Asociaci\u00f3n Cooperadora de la Escuela N\u00b06 &quot;Juan Bautista Alberdi&quot;, convoca a ASAMBLEA ANUAL ORDINARIA."}]},{"@type":"WebSite","@id":"https:\/\/www.noticiasradioreflejos.com.ar\/2021\/#website","url":"https:\/\/www.noticiasradioreflejos.com.ar\/2021\/","name":"Noticias Radio Reflejos","description":"Las noticias de mi comarca","potentialAction":[{"@type":"SearchAction","target":{"@type":"EntryPoint","urlTemplate":"https:\/\/www.noticiasradioreflejos.com.ar\/2021\/?s={search_term_string}"},"query-input":{"@type":"PropertyValueSpecification","valueRequired":true,"valueName":"search_term_string"}}],"inLanguage":"es"},{"@type":"Person","@id":"https:\/\/www.noticiasradioreflejos.com.ar\/2021\/#\/schema\/person\/ad82545263dcc5ec0996818884fd5fb1","name":"Arnaldo Botto","image":{"@type":"ImageObject","inLanguage":"es","@id":"https:\/\/www.noticiasradioreflejos.com.ar\/2021\/#\/schema\/person\/image\/","url":"https:\/\/secure.gravatar.com\/avatar\/55cb5e37c1efa326397366e6974cb338056df65cb50e7d64d1cf314e87504837?s=96&d=mm&r=g","contentUrl":"https:\/\/secure.gravatar.com\/avatar\/55cb5e37c1efa326397366e6974cb338056df65cb50e7d64d1cf314e87504837?s=96&d=mm&r=g","caption":"Arnaldo Botto"},"url":"https:\/\/www.noticiasradioreflejos.com.ar\/2021\/author\/arnaldo\/"}]}},"_links":{"self":[{"href":"https:\/\/www.noticiasradioreflejos.com.ar\/2021\/wp-json\/wp\/v2\/posts\/31292","targetHints":{"allow":["GET"]}}],"collection":[{"href":"https:\/\/www.noticiasradioreflejos.com.ar\/2021\/wp-json\/wp\/v2\/posts"}],"about":[{"href":"https:\/\/www.noticiasradioreflejos.com.ar\/2021\/wp-json\/wp\/v2\/types\/post"}],"author":[{"embeddable":true,"href":"https:\/\/www.noticiasradioreflejos.com.ar\/2021\/wp-json\/wp\/v2\/users\/3"}],"replies":[{"embeddable":true,"href":"https:\/\/www.noticiasradioreflejos.com.ar\/2021\/wp-json\/wp\/v2\/comments?post=31292"}],"version-history":[{"count":0,"href":"https:\/\/www.noticiasradioreflejos.com.ar\/2021\/wp-json\/wp\/v2\/posts\/31292\/revisions"}],"wp:attachment":[{"href":"https:\/\/www.noticiasradioreflejos.com.ar\/2021\/wp-json\/wp\/v2\/media?parent=31292"}],"wp:term":[{"taxonomy":"category","embeddable":true,"href":"https:\/\/www.noticiasradioreflejos.com.ar\/2021\/wp-json\/wp\/v2\/categories?post=31292"},{"taxonomy":"post_tag","embeddable":true,"href":"https:\/\/www.noticiasradioreflejos.com.ar\/2021\/wp-json\/wp\/v2\/tags?post=31292"}],"curies":[{"name":"wp","href":"https:\/\/api.w.org\/{rel}","templated":true}]}}