{"id":31275,"date":"2019-05-13T08:30:45","date_gmt":"2019-05-13T11:30:45","guid":{"rendered":"http:\/\/www.noticiasradioreflejos.com.ar\/noticias\/?p=31275"},"modified":"2019-05-13T08:30:45","modified_gmt":"2019-05-13T11:30:45","slug":"ventana-volvio-al-triunfo-como-visitante-en-la-liga-de-pringles","status":"publish","type":"post","link":"https:\/\/www.noticiasradioreflejos.com.ar\/2021\/ventana-volvio-al-triunfo-como-visitante-en-la-liga-de-pringles\/","title":{"rendered":"Ventana volvi\u00f3 al triunfo como visitante en la Liga de Pringles."},"content":{"rendered":"<p><a title=\"60036234_1158967207610020_6792867911112327168_n\" href=\"http:\/\/live.staticflickr.com\/65535\/32896473637_b922737557_s.jpg\" rel=\"\"><img loading=\"lazy\" decoding=\"async\" class=\"alignleft\" style=\"float: left;\" title=\"60036234_1158967207610020_6792867911112327168_n\" src=\"http:\/\/live.staticflickr.com\/65535\/32896473637_b922737557.jpg\" alt=\"60036234_1158967207610020_6792867911112327168_n\" width=\"500\" height=\"375\" \/><\/a>La primera del tricolor gole\u00f3 a Alem por 3 a 1, en tanto el\u00a0juvenil plantel de la reserva logr\u00f3 un valioso triunfo con gol de Mat\u00edas Moreyra.<br \/>\nAlumni se adue\u00f1\u00f3 del primer puesto del torneo local al vencer por 1 a 0 a Independiente por el tanto de Mat\u00edas Ortelli, un ex \u00abLomo Negro\u00bb. Almaceneros fue goleado en su cancha.<!--more--><br \/>\nLa fecha trajo sorpresas, la d\u00e9cima jornada le permiti\u00f3 a Alumni llegar a la cima del torneo por el tanto que anot\u00f3 Mat\u00edas Ortelli y ahora el \u00abRojo\u00bb es quien manda en Pringles.<br \/>\nEl domingo se present\u00f3 c\u00e1lido y el partido entre Alumni e Independiente se llev\u00f3 las miradas, mucha gente se dio cita a la propuesta y tras un partido muy parejo, fue el due\u00f1o de casa el que aprovech\u00f3 un error defensivo y se qued\u00f3 con los 3 puntos.<br \/>\nPasada las 15:30 comenz\u00f3 el juego entre los escoltas, en el Ricardo Calder\u00f3n e Independiente fue quien inquiet\u00f3 de movida. Vallejos y Peretti no tuvieron punter\u00eda, uno remat\u00f3 alto el otro no pudo con Neto y el \u00abLomo Negro\u00bb se perdi\u00f3 lo que despu\u00e9s sufri\u00f3.<br \/>\nAlumni se fue acomodando mientras corr\u00edan los minutos pero los goles no llegaban y las noticias de la cancha de Almaceneros eran muy alentadoras para los dos equipos, ya que Club de Pelota se iba al descanso ganando 4 a 1. Para el segundo tiempo, la cosa segu\u00eda siendo pareja y solo un error pod\u00eda abrir el marcador. Casi sobre los 30 minutos, Kessler juega mal una pelota en el fondo y Ortelli no la desaprovech\u00f3, el pase de P\u00e9rez para el delantero que acomod\u00f3 el remate baj\u00f3 junto al poste izquierdo de Castillo y 1 a 0 para<br \/>\nAlumni. Garc\u00eda cambi\u00f3 el esquema de Independiente, pas\u00f3 a jugar con 3 en el fondo y pese a que busc\u00f3 y Neto sac\u00f3 pelotas incre\u00edbles, de contragolpe, Alumni pudo aumentar el marcador, pero los de Echart no estuvieron finos con los pases.<br \/>\nGan\u00f3 Alumni y se sac\u00f3 la mufa, le gan\u00f3 a Independiente despu\u00e9s de 8 a\u00f1os y ahora es el l\u00edder del torneo.<br \/>\n&nbsp;<br \/>\n<strong>Resultados<\/strong><br \/>\n<strong>Alumni 1 Vs. Independiente 0<\/strong><br \/>\nGol: Mat\u00edas Ortelli (A). \u00c1rbitro: Oscar Perotti (ABA).<br \/>\n<strong>Almaceneros 2 Vs. Club de Pelota 4<\/strong><br \/>\nGoles: Diego Bidegaray, Joaqu\u00edn Calder\u00f3n Tobio (A); Tom\u00e1s<br \/>\nGuti\u00e9rrez -2 (uno de penal), Mat\u00edas Contreras e\/c, Fabi\u00e1n Bungs (CdP).<br \/>\n\u00c1rbitro: Cristian Loustau (Pringles).<br \/>\n<strong>LN Alem 1 Vs. Atl\u00e9tico Ventana 3<\/strong><br \/>\nGoles: Rafael Grondona (LNA); Luca Parodi, Mat\u00edas Juan, Mart\u00edn Welsh (AV).<br \/>\nExpulsado: Lautaro Taraburelli (LNA).<br \/>\n\u00c1rbitro: Daniel Castellano (Pringles).<br \/>\n<a title=\"pos futbol\" href=\"http:\/\/live.staticflickr.com\/65535\/46924085075_59d6af0ec4_s.jpg\" rel=\"\"><img loading=\"lazy\" decoding=\"async\" class=\"aligncenter\" title=\"pos futbol\" src=\"http:\/\/live.staticflickr.com\/65535\/46924085075_59d6af0ec4_z.jpg\" alt=\"pos futbol\" width=\"640\" height=\"158\" \/><\/a><br \/>\n&nbsp;<br \/>\nLo que viene Ser\u00e1 la fecha 11 con este programa de partidos.<br \/>\nIndependiente Vs. Divisorio.<br \/>\nAtl\u00e9tico Ventana Vs. Alumni.<br \/>\nClub de Pelota Vs. LN Alem.<br \/>\nLibre: Almaceneros<\/p>\n","protected":false},"excerpt":{"rendered":"<p>La primera del tricolor gole\u00f3 a Alem por 3 a 1, en tanto el\u00a0juvenil plantel de la reserva logr\u00f3 un valioso triunfo con gol de Mat\u00edas Moreyra. Alumni se adue\u00f1\u00f3 del primer puesto del torneo local al vencer por 1 a 0 a Independiente por el tanto de Mat\u00edas Ortelli, un ex \u00abLomo Negro\u00bb. Almaceneros [&hellip;]<\/p>\n","protected":false},"author":3,"featured_media":0,"comment_status":"closed","ping_status":"open","sticky":false,"template":"","format":"standard","meta":{"footnotes":""},"categories":[27],"tags":[],"class_list":["post-31275","post","type-post","status-publish","format-standard","hentry","category-deportes"],"yoast_head":"<!-- This site is optimized with the Yoast SEO plugin v25.9 - https:\/\/yoast.com\/wordpress\/plugins\/seo\/ -->\n<title>Ventana volvi\u00f3 al triunfo como visitante en la Liga de Pringles. - Noticias Radio Reflejos<\/title>\n<meta name=\"robots\" content=\"index, follow, max-snippet:-1, max-image-preview:large, max-video-preview:-1\" \/>\n<link rel=\"canonical\" href=\"https:\/\/www.noticiasradioreflejos.com.ar\/2021\/ventana-volvio-al-triunfo-como-visitante-en-la-liga-de-pringles\/\" \/>\n<meta property=\"og:locale\" content=\"es_ES\" \/>\n<meta property=\"og:type\" content=\"article\" \/>\n<meta property=\"og:title\" content=\"Ventana volvi\u00f3 al triunfo como visitante en la Liga de Pringles. - Noticias Radio Reflejos\" \/>\n<meta property=\"og:description\" content=\"La primera del tricolor gole\u00f3 a Alem por 3 a 1, en tanto el\u00a0juvenil plantel de la reserva logr\u00f3 un valioso triunfo con gol de Mat\u00edas Moreyra. Alumni se adue\u00f1\u00f3 del primer puesto del torneo local al vencer por 1 a 0 a Independiente por el tanto de Mat\u00edas Ortelli, un ex \u00abLomo Negro\u00bb. Almaceneros [&hellip;]\" \/>\n<meta property=\"og:url\" content=\"https:\/\/www.noticiasradioreflejos.com.ar\/2021\/ventana-volvio-al-triunfo-como-visitante-en-la-liga-de-pringles\/\" \/>\n<meta property=\"og:site_name\" content=\"Noticias Radio Reflejos\" \/>\n<meta property=\"article:published_time\" content=\"2019-05-13T11:30:45+00:00\" \/>\n<meta property=\"og:image\" content=\"http:\/\/live.staticflickr.com\/65535\/32896473637_b922737557.jpg\" \/>\n<meta name=\"author\" content=\"Arnaldo Botto\" \/>\n<meta name=\"twitter:card\" content=\"summary_large_image\" \/>\n<script type=\"application\/ld+json\" class=\"yoast-schema-graph\">{\"@context\":\"https:\/\/schema.org\",\"@graph\":[{\"@type\":\"WebPage\",\"@id\":\"https:\/\/www.noticiasradioreflejos.com.ar\/2021\/ventana-volvio-al-triunfo-como-visitante-en-la-liga-de-pringles\/\",\"url\":\"https:\/\/www.noticiasradioreflejos.com.ar\/2021\/ventana-volvio-al-triunfo-como-visitante-en-la-liga-de-pringles\/\",\"name\":\"Ventana volvi\u00f3 al triunfo como visitante en la Liga de Pringles. - Noticias Radio Reflejos\",\"isPartOf\":{\"@id\":\"https:\/\/www.noticiasradioreflejos.com.ar\/2021\/#website\"},\"primaryImageOfPage\":{\"@id\":\"https:\/\/www.noticiasradioreflejos.com.ar\/2021\/ventana-volvio-al-triunfo-como-visitante-en-la-liga-de-pringles\/#primaryimage\"},\"image\":{\"@id\":\"https:\/\/www.noticiasradioreflejos.com.ar\/2021\/ventana-volvio-al-triunfo-como-visitante-en-la-liga-de-pringles\/#primaryimage\"},\"thumbnailUrl\":\"http:\/\/live.staticflickr.com\/65535\/32896473637_b922737557.jpg\",\"datePublished\":\"2019-05-13T11:30:45+00:00\",\"author\":{\"@id\":\"https:\/\/www.noticiasradioreflejos.com.ar\/2021\/#\/schema\/person\/ad82545263dcc5ec0996818884fd5fb1\"},\"breadcrumb\":{\"@id\":\"https:\/\/www.noticiasradioreflejos.com.ar\/2021\/ventana-volvio-al-triunfo-como-visitante-en-la-liga-de-pringles\/#breadcrumb\"},\"inLanguage\":\"es\",\"potentialAction\":[{\"@type\":\"ReadAction\",\"target\":[\"https:\/\/www.noticiasradioreflejos.com.ar\/2021\/ventana-volvio-al-triunfo-como-visitante-en-la-liga-de-pringles\/\"]}]},{\"@type\":\"ImageObject\",\"inLanguage\":\"es\",\"@id\":\"https:\/\/www.noticiasradioreflejos.com.ar\/2021\/ventana-volvio-al-triunfo-como-visitante-en-la-liga-de-pringles\/#primaryimage\",\"url\":\"http:\/\/live.staticflickr.com\/65535\/32896473637_b922737557.jpg\",\"contentUrl\":\"http:\/\/live.staticflickr.com\/65535\/32896473637_b922737557.jpg\"},{\"@type\":\"BreadcrumbList\",\"@id\":\"https:\/\/www.noticiasradioreflejos.com.ar\/2021\/ventana-volvio-al-triunfo-como-visitante-en-la-liga-de-pringles\/#breadcrumb\",\"itemListElement\":[{\"@type\":\"ListItem\",\"position\":1,\"name\":\"Portada\",\"item\":\"https:\/\/www.noticiasradioreflejos.com.ar\/2021\/\"},{\"@type\":\"ListItem\",\"position\":2,\"name\":\"Ventana volvi\u00f3 al triunfo como visitante en la Liga de Pringles.\"}]},{\"@type\":\"WebSite\",\"@id\":\"https:\/\/www.noticiasradioreflejos.com.ar\/2021\/#website\",\"url\":\"https:\/\/www.noticiasradioreflejos.com.ar\/2021\/\",\"name\":\"Noticias Radio Reflejos\",\"description\":\"Las noticias de mi comarca\",\"potentialAction\":[{\"@type\":\"SearchAction\",\"target\":{\"@type\":\"EntryPoint\",\"urlTemplate\":\"https:\/\/www.noticiasradioreflejos.com.ar\/2021\/?s={search_term_string}\"},\"query-input\":{\"@type\":\"PropertyValueSpecification\",\"valueRequired\":true,\"valueName\":\"search_term_string\"}}],\"inLanguage\":\"es\"},{\"@type\":\"Person\",\"@id\":\"https:\/\/www.noticiasradioreflejos.com.ar\/2021\/#\/schema\/person\/ad82545263dcc5ec0996818884fd5fb1\",\"name\":\"Arnaldo Botto\",\"image\":{\"@type\":\"ImageObject\",\"inLanguage\":\"es\",\"@id\":\"https:\/\/www.noticiasradioreflejos.com.ar\/2021\/#\/schema\/person\/image\/\",\"url\":\"https:\/\/secure.gravatar.com\/avatar\/55cb5e37c1efa326397366e6974cb338056df65cb50e7d64d1cf314e87504837?s=96&d=mm&r=g\",\"contentUrl\":\"https:\/\/secure.gravatar.com\/avatar\/55cb5e37c1efa326397366e6974cb338056df65cb50e7d64d1cf314e87504837?s=96&d=mm&r=g\",\"caption\":\"Arnaldo Botto\"},\"url\":\"https:\/\/www.noticiasradioreflejos.com.ar\/2021\/author\/arnaldo\/\"}]}<\/script>\n<!-- \/ Yoast SEO plugin. -->","yoast_head_json":{"title":"Ventana volvi\u00f3 al triunfo como visitante en la Liga de Pringles. - Noticias Radio Reflejos","robots":{"index":"index","follow":"follow","max-snippet":"max-snippet:-1","max-image-preview":"max-image-preview:large","max-video-preview":"max-video-preview:-1"},"canonical":"https:\/\/www.noticiasradioreflejos.com.ar\/2021\/ventana-volvio-al-triunfo-como-visitante-en-la-liga-de-pringles\/","og_locale":"es_ES","og_type":"article","og_title":"Ventana volvi\u00f3 al triunfo como visitante en la Liga de Pringles. - Noticias Radio Reflejos","og_description":"La primera del tricolor gole\u00f3 a Alem por 3 a 1, en tanto el\u00a0juvenil plantel de la reserva logr\u00f3 un valioso triunfo con gol de Mat\u00edas Moreyra. Alumni se adue\u00f1\u00f3 del primer puesto del torneo local al vencer por 1 a 0 a Independiente por el tanto de Mat\u00edas Ortelli, un ex \u00abLomo Negro\u00bb. Almaceneros [&hellip;]","og_url":"https:\/\/www.noticiasradioreflejos.com.ar\/2021\/ventana-volvio-al-triunfo-como-visitante-en-la-liga-de-pringles\/","og_site_name":"Noticias Radio Reflejos","article_published_time":"2019-05-13T11:30:45+00:00","og_image":[{"url":"http:\/\/live.staticflickr.com\/65535\/32896473637_b922737557.jpg","type":"","width":"","height":""}],"author":"Arnaldo Botto","twitter_card":"summary_large_image","schema":{"@context":"https:\/\/schema.org","@graph":[{"@type":"WebPage","@id":"https:\/\/www.noticiasradioreflejos.com.ar\/2021\/ventana-volvio-al-triunfo-como-visitante-en-la-liga-de-pringles\/","url":"https:\/\/www.noticiasradioreflejos.com.ar\/2021\/ventana-volvio-al-triunfo-como-visitante-en-la-liga-de-pringles\/","name":"Ventana volvi\u00f3 al triunfo como visitante en la Liga de Pringles. - Noticias Radio Reflejos","isPartOf":{"@id":"https:\/\/www.noticiasradioreflejos.com.ar\/2021\/#website"},"primaryImageOfPage":{"@id":"https:\/\/www.noticiasradioreflejos.com.ar\/2021\/ventana-volvio-al-triunfo-como-visitante-en-la-liga-de-pringles\/#primaryimage"},"image":{"@id":"https:\/\/www.noticiasradioreflejos.com.ar\/2021\/ventana-volvio-al-triunfo-como-visitante-en-la-liga-de-pringles\/#primaryimage"},"thumbnailUrl":"http:\/\/live.staticflickr.com\/65535\/32896473637_b922737557.jpg","datePublished":"2019-05-13T11:30:45+00:00","author":{"@id":"https:\/\/www.noticiasradioreflejos.com.ar\/2021\/#\/schema\/person\/ad82545263dcc5ec0996818884fd5fb1"},"breadcrumb":{"@id":"https:\/\/www.noticiasradioreflejos.com.ar\/2021\/ventana-volvio-al-triunfo-como-visitante-en-la-liga-de-pringles\/#breadcrumb"},"inLanguage":"es","potentialAction":[{"@type":"ReadAction","target":["https:\/\/www.noticiasradioreflejos.com.ar\/2021\/ventana-volvio-al-triunfo-como-visitante-en-la-liga-de-pringles\/"]}]},{"@type":"ImageObject","inLanguage":"es","@id":"https:\/\/www.noticiasradioreflejos.com.ar\/2021\/ventana-volvio-al-triunfo-como-visitante-en-la-liga-de-pringles\/#primaryimage","url":"http:\/\/live.staticflickr.com\/65535\/32896473637_b922737557.jpg","contentUrl":"http:\/\/live.staticflickr.com\/65535\/32896473637_b922737557.jpg"},{"@type":"BreadcrumbList","@id":"https:\/\/www.noticiasradioreflejos.com.ar\/2021\/ventana-volvio-al-triunfo-como-visitante-en-la-liga-de-pringles\/#breadcrumb","itemListElement":[{"@type":"ListItem","position":1,"name":"Portada","item":"https:\/\/www.noticiasradioreflejos.com.ar\/2021\/"},{"@type":"ListItem","position":2,"name":"Ventana volvi\u00f3 al triunfo como visitante en la Liga de Pringles."}]},{"@type":"WebSite","@id":"https:\/\/www.noticiasradioreflejos.com.ar\/2021\/#website","url":"https:\/\/www.noticiasradioreflejos.com.ar\/2021\/","name":"Noticias Radio Reflejos","description":"Las noticias de mi comarca","potentialAction":[{"@type":"SearchAction","target":{"@type":"EntryPoint","urlTemplate":"https:\/\/www.noticiasradioreflejos.com.ar\/2021\/?s={search_term_string}"},"query-input":{"@type":"PropertyValueSpecification","valueRequired":true,"valueName":"search_term_string"}}],"inLanguage":"es"},{"@type":"Person","@id":"https:\/\/www.noticiasradioreflejos.com.ar\/2021\/#\/schema\/person\/ad82545263dcc5ec0996818884fd5fb1","name":"Arnaldo Botto","image":{"@type":"ImageObject","inLanguage":"es","@id":"https:\/\/www.noticiasradioreflejos.com.ar\/2021\/#\/schema\/person\/image\/","url":"https:\/\/secure.gravatar.com\/avatar\/55cb5e37c1efa326397366e6974cb338056df65cb50e7d64d1cf314e87504837?s=96&d=mm&r=g","contentUrl":"https:\/\/secure.gravatar.com\/avatar\/55cb5e37c1efa326397366e6974cb338056df65cb50e7d64d1cf314e87504837?s=96&d=mm&r=g","caption":"Arnaldo Botto"},"url":"https:\/\/www.noticiasradioreflejos.com.ar\/2021\/author\/arnaldo\/"}]}},"_links":{"self":[{"href":"https:\/\/www.noticiasradioreflejos.com.ar\/2021\/wp-json\/wp\/v2\/posts\/31275","targetHints":{"allow":["GET"]}}],"collection":[{"href":"https:\/\/www.noticiasradioreflejos.com.ar\/2021\/wp-json\/wp\/v2\/posts"}],"about":[{"href":"https:\/\/www.noticiasradioreflejos.com.ar\/2021\/wp-json\/wp\/v2\/types\/post"}],"author":[{"embeddable":true,"href":"https:\/\/www.noticiasradioreflejos.com.ar\/2021\/wp-json\/wp\/v2\/users\/3"}],"replies":[{"embeddable":true,"href":"https:\/\/www.noticiasradioreflejos.com.ar\/2021\/wp-json\/wp\/v2\/comments?post=31275"}],"version-history":[{"count":0,"href":"https:\/\/www.noticiasradioreflejos.com.ar\/2021\/wp-json\/wp\/v2\/posts\/31275\/revisions"}],"wp:attachment":[{"href":"https:\/\/www.noticiasradioreflejos.com.ar\/2021\/wp-json\/wp\/v2\/media?parent=31275"}],"wp:term":[{"taxonomy":"category","embeddable":true,"href":"https:\/\/www.noticiasradioreflejos.com.ar\/2021\/wp-json\/wp\/v2\/categories?post=31275"},{"taxonomy":"post_tag","embeddable":true,"href":"https:\/\/www.noticiasradioreflejos.com.ar\/2021\/wp-json\/wp\/v2\/tags?post=31275"}],"curies":[{"name":"wp","href":"https:\/\/api.w.org\/{rel}","templated":true}]}}