{"id":31263,"date":"2019-05-13T07:39:49","date_gmt":"2019-05-13T10:39:49","guid":{"rendered":"http:\/\/www.noticiasradioreflejos.com.ar\/noticias\/?p=31263"},"modified":"2019-05-13T07:39:49","modified_gmt":"2019-05-13T10:39:49","slug":"campana-de-socios-de-bomberos-sierra-de-la-ventana","status":"publish","type":"post","link":"https:\/\/www.noticiasradioreflejos.com.ar\/2021\/campana-de-socios-de-bomberos-sierra-de-la-ventana\/","title":{"rendered":"Campa\u00f1a de socios de Bomberos Sierra de la Ventana."},"content":{"rendered":"<p><a title=\"PhotoEditor_20190512_204025359\" href=\"http:\/\/live.staticflickr.com\/65535\/47788045432_246fcae068_s.jpg\" rel=\"\"><img loading=\"lazy\" decoding=\"async\" class=\"alignleft\" style=\"float: left;\" title=\"PhotoEditor_20190512_204025359\" src=\"http:\/\/live.staticflickr.com\/65535\/47788045432_246fcae068.jpg\" alt=\"PhotoEditor_20190512_204025359\" width=\"375\" height=\"500\" \/><\/a>Queremos informar a toda la comunidad de Sierra de la Ventana que se realizar\u00e1 nuevamente la campa\u00f1a de socios,la misma se da a ra\u00edz de que nuestra localidad hoy en d\u00eda cuenta con mucha poblaci\u00f3n nueva y es nuestra necesidad que todo el que quiera se sume. <!--more--><br \/>\nSe dar\u00e1 inicio a partir del fin de semana siguiente en el horario de las 09:00 de la ma\u00f1ana en adelante,nuestros bomberos y miembros de comisi\u00f3n directiva recorrer\u00e1n casa por casa ofreciendo hacerse socios de nuestra instituci\u00f3n,la cual va a tener un valor mensual de $80 o abonando el a\u00f1o completo donde tendr\u00e1 la posibilidad de obtener un descuento. La cuota mensual estar\u00e1 a cargo de una persona elegida por la instituci\u00f3n que todos los meses pasar\u00e1 a visitar casa por casa para su cobro,como muchos saben anteriormente la modalidad era pagar la cuota de socios junto con la boleta de luz,hoy para agilizar el movimiento de socios se decidi\u00f3 que nuestra instituci\u00f3n se haga cargo,es por eso que ahora no solo va a poder ser socio del cuartel aquel que tenga el medidor de luz a su nombre sino cualquiera de la familia que quiera colaborar con nosotros.<br \/>\nEl obtener nuevos socios nos posibilita la entrada de dinero mensual para poder sustentar varios de los gastos que tiene d\u00eda a dia nuestro cuartel y a su vez poder seguir equipando a nuestros bomberos para su mejor desempe\u00f1o y cuidado a la hora de la emergencia.<br \/>\nComo siempre estaremos agradecidos a cada familia que se quiera sumar colaborando con nosotros,cada socio nuevo es un granito de arena para que nuestra instituci\u00f3n se mantenga y siga creciendo.<br \/>\nEstaremos brindando m\u00e1s informaci\u00f3n en el transcurso de estos d\u00edas.<br \/>\nMuchas gracias a todos!!!!<\/p>\n","protected":false},"excerpt":{"rendered":"<p>Queremos informar a toda la comunidad de Sierra de la Ventana que se realizar\u00e1 nuevamente la campa\u00f1a de socios,la misma se da a ra\u00edz de que nuestra localidad hoy en d\u00eda cuenta con mucha poblaci\u00f3n nueva y es nuestra necesidad que todo el que quiera se sume.<\/p>\n","protected":false},"author":3,"featured_media":0,"comment_status":"closed","ping_status":"open","sticky":false,"template":"","format":"standard","meta":{"footnotes":""},"categories":[26],"tags":[],"class_list":["post-31263","post","type-post","status-publish","format-standard","hentry","category-sociedad"],"yoast_head":"<!-- This site is optimized with the Yoast SEO plugin v25.9 - https:\/\/yoast.com\/wordpress\/plugins\/seo\/ -->\n<title>Campa\u00f1a de socios de Bomberos Sierra de la Ventana. - Noticias Radio Reflejos<\/title>\n<meta name=\"robots\" content=\"index, follow, max-snippet:-1, max-image-preview:large, max-video-preview:-1\" \/>\n<link rel=\"canonical\" href=\"https:\/\/www.noticiasradioreflejos.com.ar\/2021\/campana-de-socios-de-bomberos-sierra-de-la-ventana\/\" \/>\n<meta property=\"og:locale\" content=\"es_ES\" \/>\n<meta property=\"og:type\" content=\"article\" \/>\n<meta property=\"og:title\" content=\"Campa\u00f1a de socios de Bomberos Sierra de la Ventana. - Noticias Radio Reflejos\" \/>\n<meta property=\"og:description\" content=\"Queremos informar a toda la comunidad de Sierra de la Ventana que se realizar\u00e1 nuevamente la campa\u00f1a de socios,la misma se da a ra\u00edz de que nuestra localidad hoy en d\u00eda cuenta con mucha poblaci\u00f3n nueva y es nuestra necesidad que todo el que quiera se sume.\" \/>\n<meta property=\"og:url\" content=\"https:\/\/www.noticiasradioreflejos.com.ar\/2021\/campana-de-socios-de-bomberos-sierra-de-la-ventana\/\" \/>\n<meta property=\"og:site_name\" content=\"Noticias Radio Reflejos\" \/>\n<meta property=\"article:published_time\" content=\"2019-05-13T10:39:49+00:00\" \/>\n<meta property=\"og:image\" content=\"http:\/\/live.staticflickr.com\/65535\/47788045432_246fcae068.jpg\" \/>\n<meta name=\"author\" content=\"Arnaldo Botto\" \/>\n<meta name=\"twitter:card\" content=\"summary_large_image\" \/>\n<script type=\"application\/ld+json\" class=\"yoast-schema-graph\">{\"@context\":\"https:\/\/schema.org\",\"@graph\":[{\"@type\":\"WebPage\",\"@id\":\"https:\/\/www.noticiasradioreflejos.com.ar\/2021\/campana-de-socios-de-bomberos-sierra-de-la-ventana\/\",\"url\":\"https:\/\/www.noticiasradioreflejos.com.ar\/2021\/campana-de-socios-de-bomberos-sierra-de-la-ventana\/\",\"name\":\"Campa\u00f1a de socios de Bomberos Sierra de la Ventana. - Noticias Radio Reflejos\",\"isPartOf\":{\"@id\":\"https:\/\/www.noticiasradioreflejos.com.ar\/2021\/#website\"},\"primaryImageOfPage\":{\"@id\":\"https:\/\/www.noticiasradioreflejos.com.ar\/2021\/campana-de-socios-de-bomberos-sierra-de-la-ventana\/#primaryimage\"},\"image\":{\"@id\":\"https:\/\/www.noticiasradioreflejos.com.ar\/2021\/campana-de-socios-de-bomberos-sierra-de-la-ventana\/#primaryimage\"},\"thumbnailUrl\":\"http:\/\/live.staticflickr.com\/65535\/47788045432_246fcae068.jpg\",\"datePublished\":\"2019-05-13T10:39:49+00:00\",\"author\":{\"@id\":\"https:\/\/www.noticiasradioreflejos.com.ar\/2021\/#\/schema\/person\/ad82545263dcc5ec0996818884fd5fb1\"},\"breadcrumb\":{\"@id\":\"https:\/\/www.noticiasradioreflejos.com.ar\/2021\/campana-de-socios-de-bomberos-sierra-de-la-ventana\/#breadcrumb\"},\"inLanguage\":\"es\",\"potentialAction\":[{\"@type\":\"ReadAction\",\"target\":[\"https:\/\/www.noticiasradioreflejos.com.ar\/2021\/campana-de-socios-de-bomberos-sierra-de-la-ventana\/\"]}]},{\"@type\":\"ImageObject\",\"inLanguage\":\"es\",\"@id\":\"https:\/\/www.noticiasradioreflejos.com.ar\/2021\/campana-de-socios-de-bomberos-sierra-de-la-ventana\/#primaryimage\",\"url\":\"http:\/\/live.staticflickr.com\/65535\/47788045432_246fcae068.jpg\",\"contentUrl\":\"http:\/\/live.staticflickr.com\/65535\/47788045432_246fcae068.jpg\"},{\"@type\":\"BreadcrumbList\",\"@id\":\"https:\/\/www.noticiasradioreflejos.com.ar\/2021\/campana-de-socios-de-bomberos-sierra-de-la-ventana\/#breadcrumb\",\"itemListElement\":[{\"@type\":\"ListItem\",\"position\":1,\"name\":\"Portada\",\"item\":\"https:\/\/www.noticiasradioreflejos.com.ar\/2021\/\"},{\"@type\":\"ListItem\",\"position\":2,\"name\":\"Campa\u00f1a de socios de Bomberos Sierra de la Ventana.\"}]},{\"@type\":\"WebSite\",\"@id\":\"https:\/\/www.noticiasradioreflejos.com.ar\/2021\/#website\",\"url\":\"https:\/\/www.noticiasradioreflejos.com.ar\/2021\/\",\"name\":\"Noticias Radio Reflejos\",\"description\":\"Las noticias de mi comarca\",\"potentialAction\":[{\"@type\":\"SearchAction\",\"target\":{\"@type\":\"EntryPoint\",\"urlTemplate\":\"https:\/\/www.noticiasradioreflejos.com.ar\/2021\/?s={search_term_string}\"},\"query-input\":{\"@type\":\"PropertyValueSpecification\",\"valueRequired\":true,\"valueName\":\"search_term_string\"}}],\"inLanguage\":\"es\"},{\"@type\":\"Person\",\"@id\":\"https:\/\/www.noticiasradioreflejos.com.ar\/2021\/#\/schema\/person\/ad82545263dcc5ec0996818884fd5fb1\",\"name\":\"Arnaldo Botto\",\"image\":{\"@type\":\"ImageObject\",\"inLanguage\":\"es\",\"@id\":\"https:\/\/www.noticiasradioreflejos.com.ar\/2021\/#\/schema\/person\/image\/\",\"url\":\"https:\/\/secure.gravatar.com\/avatar\/55cb5e37c1efa326397366e6974cb338056df65cb50e7d64d1cf314e87504837?s=96&d=mm&r=g\",\"contentUrl\":\"https:\/\/secure.gravatar.com\/avatar\/55cb5e37c1efa326397366e6974cb338056df65cb50e7d64d1cf314e87504837?s=96&d=mm&r=g\",\"caption\":\"Arnaldo Botto\"},\"url\":\"https:\/\/www.noticiasradioreflejos.com.ar\/2021\/author\/arnaldo\/\"}]}<\/script>\n<!-- \/ Yoast SEO plugin. -->","yoast_head_json":{"title":"Campa\u00f1a de socios de Bomberos Sierra de la Ventana. - Noticias Radio Reflejos","robots":{"index":"index","follow":"follow","max-snippet":"max-snippet:-1","max-image-preview":"max-image-preview:large","max-video-preview":"max-video-preview:-1"},"canonical":"https:\/\/www.noticiasradioreflejos.com.ar\/2021\/campana-de-socios-de-bomberos-sierra-de-la-ventana\/","og_locale":"es_ES","og_type":"article","og_title":"Campa\u00f1a de socios de Bomberos Sierra de la Ventana. - Noticias Radio Reflejos","og_description":"Queremos informar a toda la comunidad de Sierra de la Ventana que se realizar\u00e1 nuevamente la campa\u00f1a de socios,la misma se da a ra\u00edz de que nuestra localidad hoy en d\u00eda cuenta con mucha poblaci\u00f3n nueva y es nuestra necesidad que todo el que quiera se sume.","og_url":"https:\/\/www.noticiasradioreflejos.com.ar\/2021\/campana-de-socios-de-bomberos-sierra-de-la-ventana\/","og_site_name":"Noticias Radio Reflejos","article_published_time":"2019-05-13T10:39:49+00:00","og_image":[{"url":"http:\/\/live.staticflickr.com\/65535\/47788045432_246fcae068.jpg","type":"","width":"","height":""}],"author":"Arnaldo Botto","twitter_card":"summary_large_image","schema":{"@context":"https:\/\/schema.org","@graph":[{"@type":"WebPage","@id":"https:\/\/www.noticiasradioreflejos.com.ar\/2021\/campana-de-socios-de-bomberos-sierra-de-la-ventana\/","url":"https:\/\/www.noticiasradioreflejos.com.ar\/2021\/campana-de-socios-de-bomberos-sierra-de-la-ventana\/","name":"Campa\u00f1a de socios de Bomberos Sierra de la Ventana. - Noticias Radio Reflejos","isPartOf":{"@id":"https:\/\/www.noticiasradioreflejos.com.ar\/2021\/#website"},"primaryImageOfPage":{"@id":"https:\/\/www.noticiasradioreflejos.com.ar\/2021\/campana-de-socios-de-bomberos-sierra-de-la-ventana\/#primaryimage"},"image":{"@id":"https:\/\/www.noticiasradioreflejos.com.ar\/2021\/campana-de-socios-de-bomberos-sierra-de-la-ventana\/#primaryimage"},"thumbnailUrl":"http:\/\/live.staticflickr.com\/65535\/47788045432_246fcae068.jpg","datePublished":"2019-05-13T10:39:49+00:00","author":{"@id":"https:\/\/www.noticiasradioreflejos.com.ar\/2021\/#\/schema\/person\/ad82545263dcc5ec0996818884fd5fb1"},"breadcrumb":{"@id":"https:\/\/www.noticiasradioreflejos.com.ar\/2021\/campana-de-socios-de-bomberos-sierra-de-la-ventana\/#breadcrumb"},"inLanguage":"es","potentialAction":[{"@type":"ReadAction","target":["https:\/\/www.noticiasradioreflejos.com.ar\/2021\/campana-de-socios-de-bomberos-sierra-de-la-ventana\/"]}]},{"@type":"ImageObject","inLanguage":"es","@id":"https:\/\/www.noticiasradioreflejos.com.ar\/2021\/campana-de-socios-de-bomberos-sierra-de-la-ventana\/#primaryimage","url":"http:\/\/live.staticflickr.com\/65535\/47788045432_246fcae068.jpg","contentUrl":"http:\/\/live.staticflickr.com\/65535\/47788045432_246fcae068.jpg"},{"@type":"BreadcrumbList","@id":"https:\/\/www.noticiasradioreflejos.com.ar\/2021\/campana-de-socios-de-bomberos-sierra-de-la-ventana\/#breadcrumb","itemListElement":[{"@type":"ListItem","position":1,"name":"Portada","item":"https:\/\/www.noticiasradioreflejos.com.ar\/2021\/"},{"@type":"ListItem","position":2,"name":"Campa\u00f1a de socios de Bomberos Sierra de la Ventana."}]},{"@type":"WebSite","@id":"https:\/\/www.noticiasradioreflejos.com.ar\/2021\/#website","url":"https:\/\/www.noticiasradioreflejos.com.ar\/2021\/","name":"Noticias Radio Reflejos","description":"Las noticias de mi comarca","potentialAction":[{"@type":"SearchAction","target":{"@type":"EntryPoint","urlTemplate":"https:\/\/www.noticiasradioreflejos.com.ar\/2021\/?s={search_term_string}"},"query-input":{"@type":"PropertyValueSpecification","valueRequired":true,"valueName":"search_term_string"}}],"inLanguage":"es"},{"@type":"Person","@id":"https:\/\/www.noticiasradioreflejos.com.ar\/2021\/#\/schema\/person\/ad82545263dcc5ec0996818884fd5fb1","name":"Arnaldo Botto","image":{"@type":"ImageObject","inLanguage":"es","@id":"https:\/\/www.noticiasradioreflejos.com.ar\/2021\/#\/schema\/person\/image\/","url":"https:\/\/secure.gravatar.com\/avatar\/55cb5e37c1efa326397366e6974cb338056df65cb50e7d64d1cf314e87504837?s=96&d=mm&r=g","contentUrl":"https:\/\/secure.gravatar.com\/avatar\/55cb5e37c1efa326397366e6974cb338056df65cb50e7d64d1cf314e87504837?s=96&d=mm&r=g","caption":"Arnaldo Botto"},"url":"https:\/\/www.noticiasradioreflejos.com.ar\/2021\/author\/arnaldo\/"}]}},"_links":{"self":[{"href":"https:\/\/www.noticiasradioreflejos.com.ar\/2021\/wp-json\/wp\/v2\/posts\/31263","targetHints":{"allow":["GET"]}}],"collection":[{"href":"https:\/\/www.noticiasradioreflejos.com.ar\/2021\/wp-json\/wp\/v2\/posts"}],"about":[{"href":"https:\/\/www.noticiasradioreflejos.com.ar\/2021\/wp-json\/wp\/v2\/types\/post"}],"author":[{"embeddable":true,"href":"https:\/\/www.noticiasradioreflejos.com.ar\/2021\/wp-json\/wp\/v2\/users\/3"}],"replies":[{"embeddable":true,"href":"https:\/\/www.noticiasradioreflejos.com.ar\/2021\/wp-json\/wp\/v2\/comments?post=31263"}],"version-history":[{"count":0,"href":"https:\/\/www.noticiasradioreflejos.com.ar\/2021\/wp-json\/wp\/v2\/posts\/31263\/revisions"}],"wp:attachment":[{"href":"https:\/\/www.noticiasradioreflejos.com.ar\/2021\/wp-json\/wp\/v2\/media?parent=31263"}],"wp:term":[{"taxonomy":"category","embeddable":true,"href":"https:\/\/www.noticiasradioreflejos.com.ar\/2021\/wp-json\/wp\/v2\/categories?post=31263"},{"taxonomy":"post_tag","embeddable":true,"href":"https:\/\/www.noticiasradioreflejos.com.ar\/2021\/wp-json\/wp\/v2\/tags?post=31263"}],"curies":[{"name":"wp","href":"https:\/\/api.w.org\/{rel}","templated":true}]}}