{"id":31254,"date":"2019-05-11T09:55:59","date_gmt":"2019-05-11T12:55:59","guid":{"rendered":"http:\/\/www.noticiasradioreflejos.com.ar\/noticias\/?p=31254"},"modified":"2019-05-11T09:55:59","modified_gmt":"2019-05-11T12:55:59","slug":"ruta-provincial-76-no-se-bacheara-antes-de-mitad-de-este-ano","status":"publish","type":"post","link":"https:\/\/www.noticiasradioreflejos.com.ar\/2021\/ruta-provincial-76-no-se-bacheara-antes-de-mitad-de-este-ano\/","title":{"rendered":"Ruta provincial 76: no se bachear\u00e1 antes de mitad de este a\u00f1o"},"content":{"rendered":"<p><a title=\"1557533424013\" href=\"http:\/\/live.staticflickr.com\/65535\/33947423868_8735bc0ea4_s.jpg\" rel=\"\"><img loading=\"lazy\" decoding=\"async\" class=\"alignleft\" style=\"float: left;\" title=\"1557533424013\" src=\"http:\/\/live.staticflickr.com\/65535\/33947423868_8735bc0ea4.jpg\" alt=\"1557533424013\" width=\"500\" height=\"281\" \/><\/a>Se trata de los 38 kil\u00f3metros entre la rotonda a Sierra de la Ventana (RP 72) y el paraje San Eloy, en Coronel Su\u00e1rez.<br \/>\nLa peligrosidad que presentan algunos tramos de la RP 76 queda expuesta en la imagen.<br \/>\nLa obra de rehabilitaci\u00f3n y conservaci\u00f3n de calzada de la ruta provincial 76, que en su tramo total comprende desde la RP 58 hasta la RP 72, en jurisdicci\u00f3n de los partidos de Coronel Su\u00e1rez y Tornquist, no comenzar\u00e1 a realizarse antes del primer semestre del corriente a\u00f1o.<!--more--><br \/>\nEspec\u00edficamente, se trata de los 38 kil\u00f3metros desde la rotonda a Sierra de la Ventana (ruta provincial 72) hasta el paraje San Eloy, que se encuentran en muy malas condiciones y afectan la propuesta tur\u00edstica de la comarca serrana durante todo el a\u00f1o.<br \/>\nEl presupuesto oficial es de $ 20.025.386,56. La obra fue licitada el 7 de este marzo y tras la adjudicaci\u00f3n, que est\u00e1 en proceso y conllevar\u00e1 otro per\u00edodo de tr\u00e1mites como el actual, se proceder\u00e1 al inicio de los trabajos por un plazo de 180 d\u00edas.<br \/>\nSe prev\u00e9 la reconstrucci\u00f3n de las banquinas de tierra afectadas por las tareas de bacheo, las que deber\u00e1n reconstruirse con provisi\u00f3n de suelo.<br \/>\nUna obra integral de todo el tramo, con repavimentaci\u00f3n para los 85 kil\u00f3metros y que insume un costo de $ 344 millones, se ha desestimado para este a\u00f1o, por lo menos, algo que se podr\u00eda retomarse tras el bacheo anunciado.<br \/>\nDe acuerdo con los testimonios gr\u00e1ficos, en la ruta provincial 76 se observan numerosos pozos en una calzada angosta, con proliferaci\u00f3n de pastos en algunos sectores, falta de se\u00f1alizaci\u00f3n horizontal y vertical y descalces en sectores de rectas e, incluso, en pronunciadas curvas.<br \/>\n<a href=\"https:\/\/www.lanueva.com\/nota\/2019-5-11-6-30-47-ruta-provincial-76-no-se-bacheara-antes-de-mitad-de-este-ano\"><strong>Fuente La Nueva<\/strong><\/a><\/p>\n","protected":false},"excerpt":{"rendered":"<p>Se trata de los 38 kil\u00f3metros entre la rotonda a Sierra de la Ventana (RP 72) y el paraje San Eloy, en Coronel Su\u00e1rez. La peligrosidad que presentan algunos tramos de la RP 76 queda expuesta en la imagen. La obra de rehabilitaci\u00f3n y conservaci\u00f3n de calzada de la ruta provincial 76, que en su [&hellip;]<\/p>\n","protected":false},"author":3,"featured_media":0,"comment_status":"closed","ping_status":"open","sticky":false,"template":"","format":"standard","meta":{"footnotes":""},"categories":[26],"tags":[],"class_list":["post-31254","post","type-post","status-publish","format-standard","hentry","category-sociedad"],"yoast_head":"<!-- This site is optimized with the Yoast SEO plugin v25.9 - https:\/\/yoast.com\/wordpress\/plugins\/seo\/ -->\n<title>Ruta provincial 76: no se bachear\u00e1 antes de mitad de este a\u00f1o - Noticias Radio Reflejos<\/title>\n<meta name=\"robots\" content=\"index, follow, max-snippet:-1, max-image-preview:large, max-video-preview:-1\" \/>\n<link rel=\"canonical\" href=\"https:\/\/www.noticiasradioreflejos.com.ar\/2021\/ruta-provincial-76-no-se-bacheara-antes-de-mitad-de-este-ano\/\" \/>\n<meta property=\"og:locale\" content=\"es_ES\" \/>\n<meta property=\"og:type\" content=\"article\" \/>\n<meta property=\"og:title\" content=\"Ruta provincial 76: no se bachear\u00e1 antes de mitad de este a\u00f1o - Noticias Radio Reflejos\" \/>\n<meta property=\"og:description\" content=\"Se trata de los 38 kil\u00f3metros entre la rotonda a Sierra de la Ventana (RP 72) y el paraje San Eloy, en Coronel Su\u00e1rez. La peligrosidad que presentan algunos tramos de la RP 76 queda expuesta en la imagen. La obra de rehabilitaci\u00f3n y conservaci\u00f3n de calzada de la ruta provincial 76, que en su [&hellip;]\" \/>\n<meta property=\"og:url\" content=\"https:\/\/www.noticiasradioreflejos.com.ar\/2021\/ruta-provincial-76-no-se-bacheara-antes-de-mitad-de-este-ano\/\" \/>\n<meta property=\"og:site_name\" content=\"Noticias Radio Reflejos\" \/>\n<meta property=\"article:published_time\" content=\"2019-05-11T12:55:59+00:00\" \/>\n<meta property=\"og:image\" content=\"http:\/\/live.staticflickr.com\/65535\/33947423868_8735bc0ea4.jpg\" \/>\n<meta name=\"author\" content=\"Arnaldo Botto\" \/>\n<meta name=\"twitter:card\" content=\"summary_large_image\" \/>\n<script type=\"application\/ld+json\" class=\"yoast-schema-graph\">{\"@context\":\"https:\/\/schema.org\",\"@graph\":[{\"@type\":\"WebPage\",\"@id\":\"https:\/\/www.noticiasradioreflejos.com.ar\/2021\/ruta-provincial-76-no-se-bacheara-antes-de-mitad-de-este-ano\/\",\"url\":\"https:\/\/www.noticiasradioreflejos.com.ar\/2021\/ruta-provincial-76-no-se-bacheara-antes-de-mitad-de-este-ano\/\",\"name\":\"Ruta provincial 76: no se bachear\u00e1 antes de mitad de este a\u00f1o - Noticias Radio Reflejos\",\"isPartOf\":{\"@id\":\"https:\/\/www.noticiasradioreflejos.com.ar\/2021\/#website\"},\"primaryImageOfPage\":{\"@id\":\"https:\/\/www.noticiasradioreflejos.com.ar\/2021\/ruta-provincial-76-no-se-bacheara-antes-de-mitad-de-este-ano\/#primaryimage\"},\"image\":{\"@id\":\"https:\/\/www.noticiasradioreflejos.com.ar\/2021\/ruta-provincial-76-no-se-bacheara-antes-de-mitad-de-este-ano\/#primaryimage\"},\"thumbnailUrl\":\"http:\/\/live.staticflickr.com\/65535\/33947423868_8735bc0ea4.jpg\",\"datePublished\":\"2019-05-11T12:55:59+00:00\",\"author\":{\"@id\":\"https:\/\/www.noticiasradioreflejos.com.ar\/2021\/#\/schema\/person\/ad82545263dcc5ec0996818884fd5fb1\"},\"breadcrumb\":{\"@id\":\"https:\/\/www.noticiasradioreflejos.com.ar\/2021\/ruta-provincial-76-no-se-bacheara-antes-de-mitad-de-este-ano\/#breadcrumb\"},\"inLanguage\":\"es\",\"potentialAction\":[{\"@type\":\"ReadAction\",\"target\":[\"https:\/\/www.noticiasradioreflejos.com.ar\/2021\/ruta-provincial-76-no-se-bacheara-antes-de-mitad-de-este-ano\/\"]}]},{\"@type\":\"ImageObject\",\"inLanguage\":\"es\",\"@id\":\"https:\/\/www.noticiasradioreflejos.com.ar\/2021\/ruta-provincial-76-no-se-bacheara-antes-de-mitad-de-este-ano\/#primaryimage\",\"url\":\"http:\/\/live.staticflickr.com\/65535\/33947423868_8735bc0ea4.jpg\",\"contentUrl\":\"http:\/\/live.staticflickr.com\/65535\/33947423868_8735bc0ea4.jpg\"},{\"@type\":\"BreadcrumbList\",\"@id\":\"https:\/\/www.noticiasradioreflejos.com.ar\/2021\/ruta-provincial-76-no-se-bacheara-antes-de-mitad-de-este-ano\/#breadcrumb\",\"itemListElement\":[{\"@type\":\"ListItem\",\"position\":1,\"name\":\"Portada\",\"item\":\"https:\/\/www.noticiasradioreflejos.com.ar\/2021\/\"},{\"@type\":\"ListItem\",\"position\":2,\"name\":\"Ruta provincial 76: no se bachear\u00e1 antes de mitad de este a\u00f1o\"}]},{\"@type\":\"WebSite\",\"@id\":\"https:\/\/www.noticiasradioreflejos.com.ar\/2021\/#website\",\"url\":\"https:\/\/www.noticiasradioreflejos.com.ar\/2021\/\",\"name\":\"Noticias Radio Reflejos\",\"description\":\"Las noticias de mi comarca\",\"potentialAction\":[{\"@type\":\"SearchAction\",\"target\":{\"@type\":\"EntryPoint\",\"urlTemplate\":\"https:\/\/www.noticiasradioreflejos.com.ar\/2021\/?s={search_term_string}\"},\"query-input\":{\"@type\":\"PropertyValueSpecification\",\"valueRequired\":true,\"valueName\":\"search_term_string\"}}],\"inLanguage\":\"es\"},{\"@type\":\"Person\",\"@id\":\"https:\/\/www.noticiasradioreflejos.com.ar\/2021\/#\/schema\/person\/ad82545263dcc5ec0996818884fd5fb1\",\"name\":\"Arnaldo Botto\",\"image\":{\"@type\":\"ImageObject\",\"inLanguage\":\"es\",\"@id\":\"https:\/\/www.noticiasradioreflejos.com.ar\/2021\/#\/schema\/person\/image\/\",\"url\":\"https:\/\/secure.gravatar.com\/avatar\/55cb5e37c1efa326397366e6974cb338056df65cb50e7d64d1cf314e87504837?s=96&d=mm&r=g\",\"contentUrl\":\"https:\/\/secure.gravatar.com\/avatar\/55cb5e37c1efa326397366e6974cb338056df65cb50e7d64d1cf314e87504837?s=96&d=mm&r=g\",\"caption\":\"Arnaldo Botto\"},\"url\":\"https:\/\/www.noticiasradioreflejos.com.ar\/2021\/author\/arnaldo\/\"}]}<\/script>\n<!-- \/ Yoast SEO plugin. -->","yoast_head_json":{"title":"Ruta provincial 76: no se bachear\u00e1 antes de mitad de este a\u00f1o - Noticias Radio Reflejos","robots":{"index":"index","follow":"follow","max-snippet":"max-snippet:-1","max-image-preview":"max-image-preview:large","max-video-preview":"max-video-preview:-1"},"canonical":"https:\/\/www.noticiasradioreflejos.com.ar\/2021\/ruta-provincial-76-no-se-bacheara-antes-de-mitad-de-este-ano\/","og_locale":"es_ES","og_type":"article","og_title":"Ruta provincial 76: no se bachear\u00e1 antes de mitad de este a\u00f1o - Noticias Radio Reflejos","og_description":"Se trata de los 38 kil\u00f3metros entre la rotonda a Sierra de la Ventana (RP 72) y el paraje San Eloy, en Coronel Su\u00e1rez. La peligrosidad que presentan algunos tramos de la RP 76 queda expuesta en la imagen. La obra de rehabilitaci\u00f3n y conservaci\u00f3n de calzada de la ruta provincial 76, que en su [&hellip;]","og_url":"https:\/\/www.noticiasradioreflejos.com.ar\/2021\/ruta-provincial-76-no-se-bacheara-antes-de-mitad-de-este-ano\/","og_site_name":"Noticias Radio Reflejos","article_published_time":"2019-05-11T12:55:59+00:00","og_image":[{"url":"http:\/\/live.staticflickr.com\/65535\/33947423868_8735bc0ea4.jpg","type":"","width":"","height":""}],"author":"Arnaldo Botto","twitter_card":"summary_large_image","schema":{"@context":"https:\/\/schema.org","@graph":[{"@type":"WebPage","@id":"https:\/\/www.noticiasradioreflejos.com.ar\/2021\/ruta-provincial-76-no-se-bacheara-antes-de-mitad-de-este-ano\/","url":"https:\/\/www.noticiasradioreflejos.com.ar\/2021\/ruta-provincial-76-no-se-bacheara-antes-de-mitad-de-este-ano\/","name":"Ruta provincial 76: no se bachear\u00e1 antes de mitad de este a\u00f1o - Noticias Radio Reflejos","isPartOf":{"@id":"https:\/\/www.noticiasradioreflejos.com.ar\/2021\/#website"},"primaryImageOfPage":{"@id":"https:\/\/www.noticiasradioreflejos.com.ar\/2021\/ruta-provincial-76-no-se-bacheara-antes-de-mitad-de-este-ano\/#primaryimage"},"image":{"@id":"https:\/\/www.noticiasradioreflejos.com.ar\/2021\/ruta-provincial-76-no-se-bacheara-antes-de-mitad-de-este-ano\/#primaryimage"},"thumbnailUrl":"http:\/\/live.staticflickr.com\/65535\/33947423868_8735bc0ea4.jpg","datePublished":"2019-05-11T12:55:59+00:00","author":{"@id":"https:\/\/www.noticiasradioreflejos.com.ar\/2021\/#\/schema\/person\/ad82545263dcc5ec0996818884fd5fb1"},"breadcrumb":{"@id":"https:\/\/www.noticiasradioreflejos.com.ar\/2021\/ruta-provincial-76-no-se-bacheara-antes-de-mitad-de-este-ano\/#breadcrumb"},"inLanguage":"es","potentialAction":[{"@type":"ReadAction","target":["https:\/\/www.noticiasradioreflejos.com.ar\/2021\/ruta-provincial-76-no-se-bacheara-antes-de-mitad-de-este-ano\/"]}]},{"@type":"ImageObject","inLanguage":"es","@id":"https:\/\/www.noticiasradioreflejos.com.ar\/2021\/ruta-provincial-76-no-se-bacheara-antes-de-mitad-de-este-ano\/#primaryimage","url":"http:\/\/live.staticflickr.com\/65535\/33947423868_8735bc0ea4.jpg","contentUrl":"http:\/\/live.staticflickr.com\/65535\/33947423868_8735bc0ea4.jpg"},{"@type":"BreadcrumbList","@id":"https:\/\/www.noticiasradioreflejos.com.ar\/2021\/ruta-provincial-76-no-se-bacheara-antes-de-mitad-de-este-ano\/#breadcrumb","itemListElement":[{"@type":"ListItem","position":1,"name":"Portada","item":"https:\/\/www.noticiasradioreflejos.com.ar\/2021\/"},{"@type":"ListItem","position":2,"name":"Ruta provincial 76: no se bachear\u00e1 antes de mitad de este a\u00f1o"}]},{"@type":"WebSite","@id":"https:\/\/www.noticiasradioreflejos.com.ar\/2021\/#website","url":"https:\/\/www.noticiasradioreflejos.com.ar\/2021\/","name":"Noticias Radio Reflejos","description":"Las noticias de mi comarca","potentialAction":[{"@type":"SearchAction","target":{"@type":"EntryPoint","urlTemplate":"https:\/\/www.noticiasradioreflejos.com.ar\/2021\/?s={search_term_string}"},"query-input":{"@type":"PropertyValueSpecification","valueRequired":true,"valueName":"search_term_string"}}],"inLanguage":"es"},{"@type":"Person","@id":"https:\/\/www.noticiasradioreflejos.com.ar\/2021\/#\/schema\/person\/ad82545263dcc5ec0996818884fd5fb1","name":"Arnaldo Botto","image":{"@type":"ImageObject","inLanguage":"es","@id":"https:\/\/www.noticiasradioreflejos.com.ar\/2021\/#\/schema\/person\/image\/","url":"https:\/\/secure.gravatar.com\/avatar\/55cb5e37c1efa326397366e6974cb338056df65cb50e7d64d1cf314e87504837?s=96&d=mm&r=g","contentUrl":"https:\/\/secure.gravatar.com\/avatar\/55cb5e37c1efa326397366e6974cb338056df65cb50e7d64d1cf314e87504837?s=96&d=mm&r=g","caption":"Arnaldo Botto"},"url":"https:\/\/www.noticiasradioreflejos.com.ar\/2021\/author\/arnaldo\/"}]}},"_links":{"self":[{"href":"https:\/\/www.noticiasradioreflejos.com.ar\/2021\/wp-json\/wp\/v2\/posts\/31254","targetHints":{"allow":["GET"]}}],"collection":[{"href":"https:\/\/www.noticiasradioreflejos.com.ar\/2021\/wp-json\/wp\/v2\/posts"}],"about":[{"href":"https:\/\/www.noticiasradioreflejos.com.ar\/2021\/wp-json\/wp\/v2\/types\/post"}],"author":[{"embeddable":true,"href":"https:\/\/www.noticiasradioreflejos.com.ar\/2021\/wp-json\/wp\/v2\/users\/3"}],"replies":[{"embeddable":true,"href":"https:\/\/www.noticiasradioreflejos.com.ar\/2021\/wp-json\/wp\/v2\/comments?post=31254"}],"version-history":[{"count":0,"href":"https:\/\/www.noticiasradioreflejos.com.ar\/2021\/wp-json\/wp\/v2\/posts\/31254\/revisions"}],"wp:attachment":[{"href":"https:\/\/www.noticiasradioreflejos.com.ar\/2021\/wp-json\/wp\/v2\/media?parent=31254"}],"wp:term":[{"taxonomy":"category","embeddable":true,"href":"https:\/\/www.noticiasradioreflejos.com.ar\/2021\/wp-json\/wp\/v2\/categories?post=31254"},{"taxonomy":"post_tag","embeddable":true,"href":"https:\/\/www.noticiasradioreflejos.com.ar\/2021\/wp-json\/wp\/v2\/tags?post=31254"}],"curies":[{"name":"wp","href":"https:\/\/api.w.org\/{rel}","templated":true}]}}