{"id":31252,"date":"2019-05-11T09:51:02","date_gmt":"2019-05-11T12:51:02","guid":{"rendered":"http:\/\/www.noticiasradioreflejos.com.ar\/noticias\/?p=31252"},"modified":"2019-05-11T09:51:02","modified_gmt":"2019-05-11T12:51:02","slug":"abundantes-lluvias-y-buen-tiempo-para-este-fin-de-semana","status":"publish","type":"post","link":"https:\/\/www.noticiasradioreflejos.com.ar\/2021\/abundantes-lluvias-y-buen-tiempo-para-este-fin-de-semana\/","title":{"rendered":"Abundantes lluvias y buen tiempo para este fin de semana."},"content":{"rendered":"<p>Sali\u00f3 el sol luego de las abundantes lluvias que se registr\u00f3 en toda la zona serrana y gran parte del sudoeste bonaerense durante las \u00faltimas 48 hs. <!--more-->En la zona urbana de Sierra de la Ventana se acumul\u00f3 un total de 39 mm entre jueves y viernes, en tanto los pluvi\u00f3metros tuvieron marcas mucho mas altas en la parte alta de las sierras y en la zona de Monte Hermoso y el perdido donde se alcanzaron a medir m\u00e1s de 90 y 130 mm respectivamente.<br \/>\nEl tiempo durante este fin de semana se presenta bueno, con cielos despejados, vientos suaves a moderados del noroeste y m\u00e1ximas de 23\u00b0.<br \/>\n<strong>Datos de lluvias en la regi\u00f3n<\/strong><br \/>\n39 mm en Sierra de la Ventana<br \/>\n37 mm en Calquin<br \/>\n43 mm en Villa Ventana<br \/>\n66 mm en Base Cerro Bah\u00eda Blanca.<br \/>\n21 mm en Saldungaray<br \/>\n46 mm en Tornquist<br \/>\n36.4 mm en Cerro Napost\u00e1<br \/>\n24 mm en Funke<br \/>\n45 mm en Villarino<br \/>\n21 mm en Cabildo<br \/>\n57 mm en Estomba<br \/>\n11.8 mm en Cnel Pringles<br \/>\n22 mm en San Eloy<br \/>\n21 mm en Cnel Suarez<br \/>\n22.3 mm en Cura Malal<br \/>\n27.5 mm en Pig\u00fc\u00e9<br \/>\n44 mm en Dufaur<br \/>\n29 mm en Carhu\u00e9<br \/>\n25 mm en Puan<br \/>\n97 mm en Monte Hermoso<br \/>\n130 mm en El Perdido<br \/>\n66 mm en Punta Alta<\/p>\n","protected":false},"excerpt":{"rendered":"<p>Sali\u00f3 el sol luego de las abundantes lluvias que se registr\u00f3 en toda la zona serrana y gran parte del sudoeste bonaerense durante las \u00faltimas 48 hs.<\/p>\n","protected":false},"author":3,"featured_media":17977,"comment_status":"closed","ping_status":"open","sticky":false,"template":"","format":"standard","meta":{"footnotes":""},"categories":[26],"tags":[],"class_list":["post-31252","post","type-post","status-publish","format-standard","has-post-thumbnail","hentry","category-sociedad"],"yoast_head":"<!-- This site is optimized with the Yoast SEO plugin v25.9 - https:\/\/yoast.com\/wordpress\/plugins\/seo\/ -->\n<title>Abundantes lluvias y buen tiempo para este fin de semana. - Noticias Radio Reflejos<\/title>\n<meta name=\"robots\" content=\"index, follow, max-snippet:-1, max-image-preview:large, max-video-preview:-1\" \/>\n<link rel=\"canonical\" href=\"https:\/\/www.noticiasradioreflejos.com.ar\/2021\/abundantes-lluvias-y-buen-tiempo-para-este-fin-de-semana\/\" \/>\n<meta property=\"og:locale\" content=\"es_ES\" \/>\n<meta property=\"og:type\" content=\"article\" \/>\n<meta property=\"og:title\" content=\"Abundantes lluvias y buen tiempo para este fin de semana. - Noticias Radio Reflejos\" \/>\n<meta property=\"og:description\" content=\"Sali\u00f3 el sol luego de las abundantes lluvias que se registr\u00f3 en toda la zona serrana y gran parte del sudoeste bonaerense durante las \u00faltimas 48 hs.\" \/>\n<meta property=\"og:url\" content=\"https:\/\/www.noticiasradioreflejos.com.ar\/2021\/abundantes-lluvias-y-buen-tiempo-para-este-fin-de-semana\/\" \/>\n<meta property=\"og:site_name\" content=\"Noticias Radio Reflejos\" \/>\n<meta property=\"article:published_time\" content=\"2019-05-11T12:51:02+00:00\" \/>\n<meta property=\"og:image\" content=\"https:\/\/www.noticiasradioreflejos.com.ar\/2021\/wp-content\/uploads\/2018\/01\/Plaza-del-Mirador-5.jpg\" \/>\n\t<meta property=\"og:image:width\" content=\"960\" \/>\n\t<meta property=\"og:image:height\" content=\"540\" \/>\n\t<meta property=\"og:image:type\" content=\"image\/jpeg\" \/>\n<meta name=\"author\" content=\"Arnaldo Botto\" \/>\n<meta name=\"twitter:card\" content=\"summary_large_image\" \/>\n<script type=\"application\/ld+json\" class=\"yoast-schema-graph\">{\"@context\":\"https:\/\/schema.org\",\"@graph\":[{\"@type\":\"WebPage\",\"@id\":\"https:\/\/www.noticiasradioreflejos.com.ar\/2021\/abundantes-lluvias-y-buen-tiempo-para-este-fin-de-semana\/\",\"url\":\"https:\/\/www.noticiasradioreflejos.com.ar\/2021\/abundantes-lluvias-y-buen-tiempo-para-este-fin-de-semana\/\",\"name\":\"Abundantes lluvias y buen tiempo para este fin de semana. - Noticias Radio Reflejos\",\"isPartOf\":{\"@id\":\"https:\/\/www.noticiasradioreflejos.com.ar\/2021\/#website\"},\"primaryImageOfPage\":{\"@id\":\"https:\/\/www.noticiasradioreflejos.com.ar\/2021\/abundantes-lluvias-y-buen-tiempo-para-este-fin-de-semana\/#primaryimage\"},\"image\":{\"@id\":\"https:\/\/www.noticiasradioreflejos.com.ar\/2021\/abundantes-lluvias-y-buen-tiempo-para-este-fin-de-semana\/#primaryimage\"},\"thumbnailUrl\":\"https:\/\/www.noticiasradioreflejos.com.ar\/2021\/wp-content\/uploads\/2018\/01\/Plaza-del-Mirador-5.jpg\",\"datePublished\":\"2019-05-11T12:51:02+00:00\",\"author\":{\"@id\":\"https:\/\/www.noticiasradioreflejos.com.ar\/2021\/#\/schema\/person\/ad82545263dcc5ec0996818884fd5fb1\"},\"breadcrumb\":{\"@id\":\"https:\/\/www.noticiasradioreflejos.com.ar\/2021\/abundantes-lluvias-y-buen-tiempo-para-este-fin-de-semana\/#breadcrumb\"},\"inLanguage\":\"es\",\"potentialAction\":[{\"@type\":\"ReadAction\",\"target\":[\"https:\/\/www.noticiasradioreflejos.com.ar\/2021\/abundantes-lluvias-y-buen-tiempo-para-este-fin-de-semana\/\"]}]},{\"@type\":\"ImageObject\",\"inLanguage\":\"es\",\"@id\":\"https:\/\/www.noticiasradioreflejos.com.ar\/2021\/abundantes-lluvias-y-buen-tiempo-para-este-fin-de-semana\/#primaryimage\",\"url\":\"https:\/\/www.noticiasradioreflejos.com.ar\/2021\/wp-content\/uploads\/2018\/01\/Plaza-del-Mirador-5.jpg\",\"contentUrl\":\"https:\/\/www.noticiasradioreflejos.com.ar\/2021\/wp-content\/uploads\/2018\/01\/Plaza-del-Mirador-5.jpg\",\"width\":960,\"height\":540},{\"@type\":\"BreadcrumbList\",\"@id\":\"https:\/\/www.noticiasradioreflejos.com.ar\/2021\/abundantes-lluvias-y-buen-tiempo-para-este-fin-de-semana\/#breadcrumb\",\"itemListElement\":[{\"@type\":\"ListItem\",\"position\":1,\"name\":\"Portada\",\"item\":\"https:\/\/www.noticiasradioreflejos.com.ar\/2021\/\"},{\"@type\":\"ListItem\",\"position\":2,\"name\":\"Abundantes lluvias y buen tiempo para este fin de semana.\"}]},{\"@type\":\"WebSite\",\"@id\":\"https:\/\/www.noticiasradioreflejos.com.ar\/2021\/#website\",\"url\":\"https:\/\/www.noticiasradioreflejos.com.ar\/2021\/\",\"name\":\"Noticias Radio Reflejos\",\"description\":\"Las noticias de mi comarca\",\"potentialAction\":[{\"@type\":\"SearchAction\",\"target\":{\"@type\":\"EntryPoint\",\"urlTemplate\":\"https:\/\/www.noticiasradioreflejos.com.ar\/2021\/?s={search_term_string}\"},\"query-input\":{\"@type\":\"PropertyValueSpecification\",\"valueRequired\":true,\"valueName\":\"search_term_string\"}}],\"inLanguage\":\"es\"},{\"@type\":\"Person\",\"@id\":\"https:\/\/www.noticiasradioreflejos.com.ar\/2021\/#\/schema\/person\/ad82545263dcc5ec0996818884fd5fb1\",\"name\":\"Arnaldo Botto\",\"image\":{\"@type\":\"ImageObject\",\"inLanguage\":\"es\",\"@id\":\"https:\/\/www.noticiasradioreflejos.com.ar\/2021\/#\/schema\/person\/image\/\",\"url\":\"https:\/\/secure.gravatar.com\/avatar\/55cb5e37c1efa326397366e6974cb338056df65cb50e7d64d1cf314e87504837?s=96&d=mm&r=g\",\"contentUrl\":\"https:\/\/secure.gravatar.com\/avatar\/55cb5e37c1efa326397366e6974cb338056df65cb50e7d64d1cf314e87504837?s=96&d=mm&r=g\",\"caption\":\"Arnaldo Botto\"},\"url\":\"https:\/\/www.noticiasradioreflejos.com.ar\/2021\/author\/arnaldo\/\"}]}<\/script>\n<!-- \/ Yoast SEO plugin. -->","yoast_head_json":{"title":"Abundantes lluvias y buen tiempo para este fin de semana. - Noticias Radio Reflejos","robots":{"index":"index","follow":"follow","max-snippet":"max-snippet:-1","max-image-preview":"max-image-preview:large","max-video-preview":"max-video-preview:-1"},"canonical":"https:\/\/www.noticiasradioreflejos.com.ar\/2021\/abundantes-lluvias-y-buen-tiempo-para-este-fin-de-semana\/","og_locale":"es_ES","og_type":"article","og_title":"Abundantes lluvias y buen tiempo para este fin de semana. - Noticias Radio Reflejos","og_description":"Sali\u00f3 el sol luego de las abundantes lluvias que se registr\u00f3 en toda la zona serrana y gran parte del sudoeste bonaerense durante las \u00faltimas 48 hs.","og_url":"https:\/\/www.noticiasradioreflejos.com.ar\/2021\/abundantes-lluvias-y-buen-tiempo-para-este-fin-de-semana\/","og_site_name":"Noticias Radio Reflejos","article_published_time":"2019-05-11T12:51:02+00:00","og_image":[{"width":960,"height":540,"url":"https:\/\/www.noticiasradioreflejos.com.ar\/2021\/wp-content\/uploads\/2018\/01\/Plaza-del-Mirador-5.jpg","type":"image\/jpeg"}],"author":"Arnaldo Botto","twitter_card":"summary_large_image","schema":{"@context":"https:\/\/schema.org","@graph":[{"@type":"WebPage","@id":"https:\/\/www.noticiasradioreflejos.com.ar\/2021\/abundantes-lluvias-y-buen-tiempo-para-este-fin-de-semana\/","url":"https:\/\/www.noticiasradioreflejos.com.ar\/2021\/abundantes-lluvias-y-buen-tiempo-para-este-fin-de-semana\/","name":"Abundantes lluvias y buen tiempo para este fin de semana. - Noticias Radio Reflejos","isPartOf":{"@id":"https:\/\/www.noticiasradioreflejos.com.ar\/2021\/#website"},"primaryImageOfPage":{"@id":"https:\/\/www.noticiasradioreflejos.com.ar\/2021\/abundantes-lluvias-y-buen-tiempo-para-este-fin-de-semana\/#primaryimage"},"image":{"@id":"https:\/\/www.noticiasradioreflejos.com.ar\/2021\/abundantes-lluvias-y-buen-tiempo-para-este-fin-de-semana\/#primaryimage"},"thumbnailUrl":"https:\/\/www.noticiasradioreflejos.com.ar\/2021\/wp-content\/uploads\/2018\/01\/Plaza-del-Mirador-5.jpg","datePublished":"2019-05-11T12:51:02+00:00","author":{"@id":"https:\/\/www.noticiasradioreflejos.com.ar\/2021\/#\/schema\/person\/ad82545263dcc5ec0996818884fd5fb1"},"breadcrumb":{"@id":"https:\/\/www.noticiasradioreflejos.com.ar\/2021\/abundantes-lluvias-y-buen-tiempo-para-este-fin-de-semana\/#breadcrumb"},"inLanguage":"es","potentialAction":[{"@type":"ReadAction","target":["https:\/\/www.noticiasradioreflejos.com.ar\/2021\/abundantes-lluvias-y-buen-tiempo-para-este-fin-de-semana\/"]}]},{"@type":"ImageObject","inLanguage":"es","@id":"https:\/\/www.noticiasradioreflejos.com.ar\/2021\/abundantes-lluvias-y-buen-tiempo-para-este-fin-de-semana\/#primaryimage","url":"https:\/\/www.noticiasradioreflejos.com.ar\/2021\/wp-content\/uploads\/2018\/01\/Plaza-del-Mirador-5.jpg","contentUrl":"https:\/\/www.noticiasradioreflejos.com.ar\/2021\/wp-content\/uploads\/2018\/01\/Plaza-del-Mirador-5.jpg","width":960,"height":540},{"@type":"BreadcrumbList","@id":"https:\/\/www.noticiasradioreflejos.com.ar\/2021\/abundantes-lluvias-y-buen-tiempo-para-este-fin-de-semana\/#breadcrumb","itemListElement":[{"@type":"ListItem","position":1,"name":"Portada","item":"https:\/\/www.noticiasradioreflejos.com.ar\/2021\/"},{"@type":"ListItem","position":2,"name":"Abundantes lluvias y buen tiempo para este fin de semana."}]},{"@type":"WebSite","@id":"https:\/\/www.noticiasradioreflejos.com.ar\/2021\/#website","url":"https:\/\/www.noticiasradioreflejos.com.ar\/2021\/","name":"Noticias Radio Reflejos","description":"Las noticias de mi comarca","potentialAction":[{"@type":"SearchAction","target":{"@type":"EntryPoint","urlTemplate":"https:\/\/www.noticiasradioreflejos.com.ar\/2021\/?s={search_term_string}"},"query-input":{"@type":"PropertyValueSpecification","valueRequired":true,"valueName":"search_term_string"}}],"inLanguage":"es"},{"@type":"Person","@id":"https:\/\/www.noticiasradioreflejos.com.ar\/2021\/#\/schema\/person\/ad82545263dcc5ec0996818884fd5fb1","name":"Arnaldo Botto","image":{"@type":"ImageObject","inLanguage":"es","@id":"https:\/\/www.noticiasradioreflejos.com.ar\/2021\/#\/schema\/person\/image\/","url":"https:\/\/secure.gravatar.com\/avatar\/55cb5e37c1efa326397366e6974cb338056df65cb50e7d64d1cf314e87504837?s=96&d=mm&r=g","contentUrl":"https:\/\/secure.gravatar.com\/avatar\/55cb5e37c1efa326397366e6974cb338056df65cb50e7d64d1cf314e87504837?s=96&d=mm&r=g","caption":"Arnaldo Botto"},"url":"https:\/\/www.noticiasradioreflejos.com.ar\/2021\/author\/arnaldo\/"}]}},"_links":{"self":[{"href":"https:\/\/www.noticiasradioreflejos.com.ar\/2021\/wp-json\/wp\/v2\/posts\/31252","targetHints":{"allow":["GET"]}}],"collection":[{"href":"https:\/\/www.noticiasradioreflejos.com.ar\/2021\/wp-json\/wp\/v2\/posts"}],"about":[{"href":"https:\/\/www.noticiasradioreflejos.com.ar\/2021\/wp-json\/wp\/v2\/types\/post"}],"author":[{"embeddable":true,"href":"https:\/\/www.noticiasradioreflejos.com.ar\/2021\/wp-json\/wp\/v2\/users\/3"}],"replies":[{"embeddable":true,"href":"https:\/\/www.noticiasradioreflejos.com.ar\/2021\/wp-json\/wp\/v2\/comments?post=31252"}],"version-history":[{"count":0,"href":"https:\/\/www.noticiasradioreflejos.com.ar\/2021\/wp-json\/wp\/v2\/posts\/31252\/revisions"}],"wp:featuredmedia":[{"embeddable":true,"href":"https:\/\/www.noticiasradioreflejos.com.ar\/2021\/wp-json\/wp\/v2\/media\/17977"}],"wp:attachment":[{"href":"https:\/\/www.noticiasradioreflejos.com.ar\/2021\/wp-json\/wp\/v2\/media?parent=31252"}],"wp:term":[{"taxonomy":"category","embeddable":true,"href":"https:\/\/www.noticiasradioreflejos.com.ar\/2021\/wp-json\/wp\/v2\/categories?post=31252"},{"taxonomy":"post_tag","embeddable":true,"href":"https:\/\/www.noticiasradioreflejos.com.ar\/2021\/wp-json\/wp\/v2\/tags?post=31252"}],"curies":[{"name":"wp","href":"https:\/\/api.w.org\/{rel}","templated":true}]}}