{"id":31241,"date":"2019-05-10T13:04:33","date_gmt":"2019-05-10T16:04:33","guid":{"rendered":"http:\/\/www.noticiasradioreflejos.com.ar\/noticias\/?p=31241"},"modified":"2019-05-10T13:04:33","modified_gmt":"2019-05-10T16:04:33","slug":"informe-sesion-ordinaria-de-fecha-07-05-19","status":"publish","type":"post","link":"https:\/\/www.noticiasradioreflejos.com.ar\/2021\/informe-sesion-ordinaria-de-fecha-07-05-19\/","title":{"rendered":"Informe Sesi\u00f3n Ordinaria de fecha 07-05-19"},"content":{"rendered":"<p>Comunicaciones Oficiales y dict\u00e1menes de las Comisiones:<!--more--><br \/>\nExpte. N\u00ba 068\/19: \u201cModificaci\u00f3n C\u00f3digo Tributario Municipal Tasa por Inspecci\u00f3n Seguridad e Higiene\u201d.<br \/>\nPasa a las Comisiones de Asuntos Municipales, Interpretaci\u00f3n y Reglamento y Presupuesto y Hacienda.<br \/>\nExpte. N\u00ba 073\/19: \u201cD.E. \u2013 Convalida la firma del Contrato de Locaci\u00f3n celebrado e\/Mar\u00eda Teresa Buschi de Catani y el Municipio de Tornquist \u2013 Ayudant\u00eda Fiscal\u201d.<br \/>\nSe solicita tratamiento sobre Tablas.<br \/>\nSe aprueba por unanimidad la Ordenanza con el N\u00ba 3133\/19 por la que se convalida la firma del Contrato de Locaci\u00f3n celebrado entre la Sra. Mar\u00eda Teresa Buschi de Catani y el Sr. Intendente Municipal Sergio Fabi\u00e1n Bordoni en representaci\u00f3n de la Municipalidad de Tornquist, por el inmueble sito en calle 9 de Julio N\u00ba 552  de la ciudad de Tornquist, con destino al funcionamiento de la Ayudant\u00eda Fiscal de Tornquist, Oficinas de la Patrulla Rural y dependencias municipales.-<br \/>\nExpte. N\u00ba 077\/19: \u201cD.E. \u2013 Convalida la firma de la pr\u00f3rroga del Contrato de Locaci\u00f3n celebrado e\/Mirta Susana Mendizabal, Sof\u00eda Laura Jensen, Viviana Gisela Jensen, Romina Marin\u00e9s Jensen y el Municipio de Tornquist\u201d.<br \/>\nEste Expediente se incorpora fuera del Orden del D\u00eda. Se solicita tratamiento sobre Tablas.<br \/>\nSe aprueba por unanimidad la Ordenanza con el N\u00ba 3134\/19 por la que se convalida la pr\u00f3rroga del Contrato de Locaci\u00f3n firmado entre la Sra. Mirta Susana  Mendiz\u00e1bal, Sof\u00eda Laura Jensen, Viviana Gisela Jensen, Romina Marines Jensen y el Sr. Intendente Sergio Fabi\u00e1n Bordoni en representaci\u00f3n de la Municipalidad de Tornquist, por los inmuebles sito en la calle Lamela S\/N entre Sarmiento y Valent\u00edn Vergara de la ciudad de Tornquist. La mencionada locaci\u00f3n tiene por objeto un galp\u00f3n de chapa con una superficie de 9 m x 15 m y un lote bald\u00edo (lindero), destinado al compactado de residuos reciclables;<br \/>\n<a href=\"http:\/\/live.staticflickr.com\/65535\/47818925671_cf60d93885_s.jpg\" title=\"P1100008\" rel=\"\"><img loading=\"lazy\" decoding=\"async\" src=\"http:\/\/live.staticflickr.com\/65535\/47818925671_cf60d93885.jpg\" width=\"500\" height=\"375\" alt=\"P1100008\" title=\"P1100008\" class=\"alignleft\" style=\"float: left;\"><\/a>Expte. N\u00ba 051\/19: \u201cD.E. &#8211; Creaci\u00f3n del Servicio de Medicina del Trabajo\u201d.<br \/>\nDe acuerdo al dictamen de las Comisiones de SALUD P\u00daBLICA, ASUNTOS MUNICIPALES E INTERPRETACI\u00d3N Y REGLAMENTO  se aprueba por unanimidad la Ordenanza con el N\u00ba 3132\/19 con la modificaci\u00f3n sugerida, por la que se crea en el \u00e1mbito de la Municipalidad de Tornquist, el SERVICIO DE MEDICINA DEL TRABAJO, el cual estar\u00e1 integrado por profesionales m\u00e9dicos especialistas en Medicina del Trabajo, que a tal fin designe el Departamento Ejecutivo.-<br \/>\nSe conforma un equipo multidisciplinario entre el Servicio de Medicina del Trabajo, el \u00c1rea de Recursos Humanos y el responsable de Seguridad e Higiene de la Municipalidad de Tornquist, el cual ser\u00e1 coordinado por la Secretar\u00eda de Salud y cumplir\u00e1 los siguientes objetivos:<br \/>\na)\tEstablecer el estado de salud del postulante como agente municipal previo a su incorporaci\u00f3n (examen pre-ocupacional);<br \/>\nb)\tRealizar capacitaci\u00f3n para fortalecer el auto cuidado de la salud de los trabajadores;<br \/>\nc)\tRealizar tareas de prevenci\u00f3n de enfermedades profesionales y accidentes en el \u00e1mbito laboral;<br \/>\nd)\tEvaluar las circunstancias que motivan una ausencia por enfermedad y la evoluci\u00f3n de la misma, para mejorar la eficacia de los programas de prevenci\u00f3n;<br \/>\ne)\tDescubrir los riesgos profesionales y sugerir el cambio de destino a trabajos apropiados con miras a su readaptaci\u00f3n;<br \/>\nf)\tConformar una junta m\u00e9dica;<br \/>\ng)\tSupervisar y asesorar al trabajador en las licencias por accidente de trabajo y\/o enfermedad profesional  cubiertas  por ART;<br \/>\nSe deja establecido que el Servicio de Medicina del Trabajo contar\u00e1 con las siguientes responsabilidades:<br \/>\na)\tExamen pre ocupacional:<br \/>\nI.\tAcordar con Recursos Humanos los d\u00edas y horarios a realizar el examen, previo a la contrataci\u00f3n de un agente municipal, debiendo el aspirante cumplimentar la declaraci\u00f3n jurada de salud, el examen cl\u00ednico y los estudios complementarios (RX columna y t\u00f3rax, an\u00e1lisis de sangre, orina y electrocardiograma).<br \/>\nII.\tGestionar, para los estudios complementarios a cargo de la Municipalidad de Tornquist, los recursos del Hospital Municipal \u201cDr. Alberto Castro\u201d o de la Unidad Sanitaria de Sierra de la Ventana.<br \/>\nIII.\tNotificar a la oficina de Recursos Humanos el resultado Apto (con o sin preexistencias) o No Apto.<br \/>\nb)\tPrevenci\u00f3n:<br \/>\nI.\tControlar que los trabajadores cumplan con el esquema de vacunaci\u00f3n correspondiente (Antitet\u00e1nica, Gripe, etc.);<br \/>\nII.\tOrganizar capacitaciones sobre el uso correcto de elementos protecci\u00f3n para prevenir accidentes de trabajo, con la colaboraci\u00f3n del responsable de Seguridad e Higiene.<br \/>\nIII.\tEstablecer un  cronograma anual de cursos a dictar por \u00e1reas de trabajo: primeros auxilios, RCP y autocuidado.<br \/>\nc)\tLicencias por enfermedad:<br \/>\nI.\tBrindar atenci\u00f3n diaria en dos centros de salud: Sala Sur \u201cRosa Bual\u00f3\u201d, para los trabajadores radicados en la ciudad de Tornquist, Villa Serrana La Gruta, Tres Picos y Chasic\u00f3; y en la Unidad Sanitaria de Sierra de la Ventana \u201cDr. Emilio Aldaya\u201d, para los trabajadores de Sierra de la Ventana, Villa Ventana y Saldungaray.<br \/>\nII.\tAsistir a domicilio para el caso en que el trabajador no se pueda movilizar por su situaci\u00f3n de salud.<br \/>\nIII.\tEvaluar y establecer los plazos de la licencia por enfermedad correspondiente.<br \/>\nIV.\tEmitir notificaci\u00f3n, la cual deber\u00e1 firmar el trabajador municipal evaluado,  donde figuren: d\u00edas de licencia otorgados, si debe regresar al servicio, tipo de reposo y cumplimiento del mismo.<br \/>\nV.\tCoordinar con la oficina de Recursos Humanos, un intercambio diario v\u00eda e-mail donde se notifiquen las ausencias por enfermedad y el Servicio  de Medicina del Trabajo retorne informes donde consten los datos del agente municipal, d\u00edas otorgados de licencia por enfermedad, motivo, alta m\u00e9dica, lugar de notificaci\u00f3n (domicilio o consultorio) y observaciones.<br \/>\nd)\tJunta m\u00e9dica:<br \/>\nI.\tConformar una junta m\u00e9dica con tres profesionales (dos m\u00e9dicos encargados del servicio y un m\u00e9dico de la especialidad que requiera, seg\u00fan la patolog\u00eda a evaluar) para casos de licencias prolongadas (que excedan los 30 d\u00edas)<br \/>\nII.\tEstablecer si debe continuar con el tratamiento actual, rehabilitaci\u00f3n, realizar estudios complementarios y\/o interconsultas, alta m\u00e9dica, cambio de tareas,  incapacidad laboral y asesoramiento para inicio de tr\u00e1mite para jubilaci\u00f3n por incapacidad.<br \/>\nExpte. N\u00ba 7088\/18: \u201cBloque Cambiemos Bs. As. \u2013 Minuta de Comunicaci\u00f3n: Ref. terminal de \u00f3mnibus en Saldungaray\u201d.<br \/>\nSe aprueba por unanimidad el dictamen de las Comisiones de ASUNTOS MUNICIPALES Y TURISMO Y DESARROLLO que aconseja enviar el mismo al Archivo.-<br \/>\nExpte. N\u00ba 7105\/19: \u201cH.C.D. &#8211; Proyecto de Ordenanza: Adhesi\u00f3n del Honorable Concejo Deliberante a la Ley Nacional N\u00ba 27.499 \u201cLey Micaela\u201d\u201d.<br \/>\nSe aprueba por unanimidad el dictamen de las Comisiones de ASUNTOS MUNICIPALES E  INTERPRETACI\u00d3N Y REGLAMENTO que aconseja enviar el mismo al Archivo, dado que fue promulgada la Ordenanza N\u00ba 3129\/19 mediante Decreto N\u00ba 431\/19.-<br \/>\nExpte. N\u00ba 7108\/19: \u201cN.P. &#8211;  Alejandro Aiello: Solicita autorizaci\u00f3n incremento tarifas del transporte de l\u00ednea urbana Saldungaray-Tornquist\u201d.<br \/>\nSeg\u00fan el dictamen de la Comisi\u00f3n de ASUNTOS MUNICIPALES se aprueba por unanimidad la Ordenanza con el N\u00ba 3135\/19 por la que se autoriza al prestatario del Servicio P\u00fablico de Pasajeros por Automotor de Jurisdicci\u00f3n Municipal, Sr. Alejandro Aiello, a cobrar las tarifas que a continuaci\u00f3n se detallan, a partir de la sanci\u00f3n de la presente Ordenanza:<br \/>\nTRAMO\tIMPORTE<br \/>\nSaldungaray-Tornquist \t$ 105.00<br \/>\nSierra de la Ventana &#8211; Tornquist \t$ 95.00<br \/>\nVilla Ventana &#8211; Tornquist\t$ 80.00<br \/>\nParaje La Gruta &#8211; Tornquist \t$ 58.00<br \/>\nSaldungaray &#8211; Sierra de la Ventana \t$ 40.00<br \/>\nSaldungaray &#8211; Villa Ventana \t$ 65.00<br \/>\nSaldungaray- Paraje La Gruta \t$ 85.00<br \/>\nSierra de la Ventana &#8211; Villa Ventana \t$ 65.00<br \/>\nSierra de la Ventana &#8211; Paraje La Gruta \t$ 85.00<br \/>\nVilla Ventana- Paraje La Gruta \t$ 60.00<br \/>\nCerro Ventana &#8211; Tornquist \t$ 80.00<br \/>\nCerro Ventana- Sierra de la Ventana \t$ 85.00<br \/>\nSaldungaray &#8211; Cerro Ventana \t$ 87.00<br \/>\nVilla Ventana &#8211; Cerro Ventana \t$ 55.00<br \/>\nCerro Ventana- Paraje La Gruta \t$ 45.00<br \/>\nSe establece un descuento del 25% (veinticinco por ciento) para todos los rangos tarifarios, cuyos beneficiarios ser\u00e1n:<br \/>\n* Estudiantes de escuelas terciarias de Tornquist<br \/>\n* Docentes que regularmente viajan fuera de su localidad<br \/>\n* Carenciados solicitados por la Secretar\u00eda de Desarrollo Social y Derechos Humanos.<br \/>\nLos mismos deber\u00e1n acreditar fehacientemente tales condiciones.<br \/>\nProyectos Presentados:<br \/>\nBloque Cambiemos- Proyecto de Ordenanza: Adhesi\u00f3n de la Municipalidad de Tornquist a la ley Provincial N\u00ba13074 y sus modificatorias, por la que se crea el Registro de Deudores Alimentarios Morosos.<br \/>\nSe forma Expediente y pasa a Comisi\u00f3n.<br \/>\nBloques Frente para la Victoria y Frente Justicialista Cumplir- Proyecto de Resoluci\u00f3n: Solicita al Intendente Municipal Sr. Sergio Bordoni que priorice la funcionalidad del CPA (Centro Preventivo de las Adicciones), reforzando dicha instituci\u00f3n con los recursos necesarios, y adem\u00e1s, destinando mensualmente un aporte econ\u00f3mico para los gastos que se ocasionan en dicha dependencia.<br \/>\nSe forma Expediente y pasa a Comisi\u00f3n.<br \/>\nAsuntos Particulares<br \/>\nN.P. Aero Club Saldungaray: Solicita ayuda para poder incorporar  un avi\u00f3n hidrante que pueda operar desde el Aero Club de Saldungaray, en incendios que se ocasionan en la zona,  ya que  se encuentra en un lugar estrat\u00e9gico para realizar todas las operaciones en caso de siniestro. Adem\u00e1s, recursos econ\u00f3micos para poder aumentar la profundidad del pozo de agua que abastece las cisternas existentes en las inmediaciones del hangar de la instituci\u00f3n, para la instalaci\u00f3n de una electrobomba sumergible de alto caudal, y la  adquisici\u00f3n de la misma.<br \/>\nSe forma Expediente y pasa a Comisi\u00f3n.<br \/>\nN.P. Profesora Eleonora Nyez, Chasic\u00f3: Solicita se Declare de Inter\u00e9s Municipal el evento \u201cCaminata Familiar- 10\u00ba Aniversario de Equinoterapia Chasic\u00f3\u201d a realizarse el d\u00eda 19 de mayo de 2019.<br \/>\nSe solicita formaci\u00f3n de Expediente y tratamiento sobre Tablas.<br \/>\nSe forma el Expediente N\u00ba 7109\/19 y se aprueba por unanimidad La Resoluci\u00f3n N\u00ba 07\/19 por la que  se<br \/>\ndeclara de Inter\u00e9s Municipal el evento denominado \u201cCAMINATA FAMILIAR &#8211; 10\u00ba ANIVERSARIO DE EQUINOTERAPIA DE CHASIC\u00d3\u201d a realizarse el d\u00eda 19 de Mayo de 2019 en la localidad de Chasic\u00f3.-<br \/>\nN.P. Gabriela Miller y Clarisa Lunansky, Profesoras Formadoras de Yoga Integral de Sierra de la Ventana: Solicitan se declare de Inter\u00e9s Municipal el Evento \u201cPrimer encuentro de Yoga en Sierra de la Ventana\u201d a realizarse el d\u00eda 23 de junio del corriente a\u00f1o en el Centro Cultural de Sierra de la Ventana.<br \/>\nSe forma Expediente y pasa a Comisi\u00f3n.<br \/>\nN.P. Mesa de Trabajo de los prestadores de servicio de alojamiento y comerciantes de Sierra de la Ventana: Solicitan se los convoque a una reuni\u00f3n previa al tratamiento del Expediente que corresponde a la modificaci\u00f3n del C\u00f3digo Tributario 2019 por el H.C.D.<br \/>\nSe solicita adjuntar la nota al Expediente N\u00ba 7102\/19.<br \/>\nAlocuciones de los se\u00f1ores Concejales:<br \/>\nRosatelli Laura:<br \/>\n\u201cHoy siete de mayo, d\u00eda en que se cumplen cien a\u00f1os del natalicio de Eva Duarte de Per\u00f3n quiero expresar el profundo sentimiento que siento hacia ella, como ciudadana y como militante del Partido Justicialista al cual represento. Hace horas estuve participando en un acto en Los Toldos, donde se le rindi\u00f3 homenaje. La verdad es que no tengo palabras para expresar lo que se siente en un acto de estas caracter\u00edsticas. Que despu\u00e9s de tantos a\u00f1os la nostalgia sigue siendo inmensa pero con la firme convicci\u00f3n de que su legado permanece en el pueblo argentino. Eva Duarte de Per\u00f3n, \u00a1qu\u00e9 decir de Evita!, todo, todo lo que fue, todo lo que hizo, todo lo que logr\u00f3, y todo lo que sufri\u00f3. Sus grandes obras siguen viviendo en el coraz\u00f3n y la mente de todos aquellos que sue\u00f1as y luchan d\u00eda a d\u00eda por una Patria justa, libre y soberana. Quienes conocemos su historia sabemos que en sus comienzos poco sab\u00eda, pero la guiaban su enorme coraz\u00f3n, el sentido com\u00fan, y el gran amor a su pueblo. As\u00ed mismo sufri\u00f3 mucho por la injusticia social, y nos ense\u00f1\u00f3 que no habr\u00e1 paz mientras no haya justicia social. Y lo estamos viviendo hoy se\u00f1or Presidente, con un gobierno insensible, que nada le importa la justicia social, el desempleo, el hambre, la angustia que vive la gente que no llega a fin de mes, pero que gobiernan como si nada pasara, como si todo estuviera bien, mirando hacia un costado, haciendo o\u00eddos sordos a las necesidades de la gente. Como mujer quiero destacar a Evita, quien nos dej\u00f3 la relevancia que tenemos hoy las mujeres en las pol\u00edticas sociales y en la democracia del pa\u00eds. Por ello reafirmamos nuestra militancia, el compromiso pol\u00edtico en honor a tan honrada mujer estando junto al pueblo unidos y organizados, para transformar nuestro querido Distrito y devolverle a la gente la felicidad que ha perdido. Nada m\u00e1s se\u00f1or Presidente\u201d.<br \/>\nHONORABLE CONCEJO DELIBERANTE<\/p>\n","protected":false},"excerpt":{"rendered":"<p>Comunicaciones Oficiales y dict\u00e1menes de las Comisiones:<\/p>\n","protected":false},"author":3,"featured_media":0,"comment_status":"closed","ping_status":"open","sticky":false,"template":"","format":"standard","meta":{"footnotes":""},"categories":[28],"tags":[],"class_list":["post-31241","post","type-post","status-publish","format-standard","hentry","category-municipales"],"yoast_head":"<!-- This site is optimized with the Yoast SEO plugin v25.9 - https:\/\/yoast.com\/wordpress\/plugins\/seo\/ -->\n<title>Informe Sesi\u00f3n Ordinaria de fecha 07-05-19 - Noticias Radio Reflejos<\/title>\n<meta name=\"robots\" content=\"index, follow, max-snippet:-1, max-image-preview:large, max-video-preview:-1\" \/>\n<link rel=\"canonical\" href=\"https:\/\/www.noticiasradioreflejos.com.ar\/2021\/informe-sesion-ordinaria-de-fecha-07-05-19\/\" \/>\n<meta property=\"og:locale\" content=\"es_ES\" \/>\n<meta property=\"og:type\" content=\"article\" \/>\n<meta property=\"og:title\" content=\"Informe Sesi\u00f3n Ordinaria de fecha 07-05-19 - Noticias Radio Reflejos\" \/>\n<meta property=\"og:description\" content=\"Comunicaciones Oficiales y dict\u00e1menes de las Comisiones:\" \/>\n<meta property=\"og:url\" content=\"https:\/\/www.noticiasradioreflejos.com.ar\/2021\/informe-sesion-ordinaria-de-fecha-07-05-19\/\" \/>\n<meta property=\"og:site_name\" content=\"Noticias Radio Reflejos\" \/>\n<meta property=\"article:published_time\" content=\"2019-05-10T16:04:33+00:00\" \/>\n<meta property=\"og:image\" content=\"http:\/\/live.staticflickr.com\/65535\/47818925671_cf60d93885.jpg\" \/>\n<meta name=\"author\" content=\"Arnaldo Botto\" \/>\n<meta name=\"twitter:card\" content=\"summary_large_image\" \/>\n<script type=\"application\/ld+json\" class=\"yoast-schema-graph\">{\"@context\":\"https:\/\/schema.org\",\"@graph\":[{\"@type\":\"WebPage\",\"@id\":\"https:\/\/www.noticiasradioreflejos.com.ar\/2021\/informe-sesion-ordinaria-de-fecha-07-05-19\/\",\"url\":\"https:\/\/www.noticiasradioreflejos.com.ar\/2021\/informe-sesion-ordinaria-de-fecha-07-05-19\/\",\"name\":\"Informe Sesi\u00f3n Ordinaria de fecha 07-05-19 - Noticias Radio Reflejos\",\"isPartOf\":{\"@id\":\"https:\/\/www.noticiasradioreflejos.com.ar\/2021\/#website\"},\"primaryImageOfPage\":{\"@id\":\"https:\/\/www.noticiasradioreflejos.com.ar\/2021\/informe-sesion-ordinaria-de-fecha-07-05-19\/#primaryimage\"},\"image\":{\"@id\":\"https:\/\/www.noticiasradioreflejos.com.ar\/2021\/informe-sesion-ordinaria-de-fecha-07-05-19\/#primaryimage\"},\"thumbnailUrl\":\"http:\/\/live.staticflickr.com\/65535\/47818925671_cf60d93885.jpg\",\"datePublished\":\"2019-05-10T16:04:33+00:00\",\"author\":{\"@id\":\"https:\/\/www.noticiasradioreflejos.com.ar\/2021\/#\/schema\/person\/ad82545263dcc5ec0996818884fd5fb1\"},\"breadcrumb\":{\"@id\":\"https:\/\/www.noticiasradioreflejos.com.ar\/2021\/informe-sesion-ordinaria-de-fecha-07-05-19\/#breadcrumb\"},\"inLanguage\":\"es\",\"potentialAction\":[{\"@type\":\"ReadAction\",\"target\":[\"https:\/\/www.noticiasradioreflejos.com.ar\/2021\/informe-sesion-ordinaria-de-fecha-07-05-19\/\"]}]},{\"@type\":\"ImageObject\",\"inLanguage\":\"es\",\"@id\":\"https:\/\/www.noticiasradioreflejos.com.ar\/2021\/informe-sesion-ordinaria-de-fecha-07-05-19\/#primaryimage\",\"url\":\"http:\/\/live.staticflickr.com\/65535\/47818925671_cf60d93885.jpg\",\"contentUrl\":\"http:\/\/live.staticflickr.com\/65535\/47818925671_cf60d93885.jpg\"},{\"@type\":\"BreadcrumbList\",\"@id\":\"https:\/\/www.noticiasradioreflejos.com.ar\/2021\/informe-sesion-ordinaria-de-fecha-07-05-19\/#breadcrumb\",\"itemListElement\":[{\"@type\":\"ListItem\",\"position\":1,\"name\":\"Portada\",\"item\":\"https:\/\/www.noticiasradioreflejos.com.ar\/2021\/\"},{\"@type\":\"ListItem\",\"position\":2,\"name\":\"Informe Sesi\u00f3n Ordinaria de fecha 07-05-19\"}]},{\"@type\":\"WebSite\",\"@id\":\"https:\/\/www.noticiasradioreflejos.com.ar\/2021\/#website\",\"url\":\"https:\/\/www.noticiasradioreflejos.com.ar\/2021\/\",\"name\":\"Noticias Radio Reflejos\",\"description\":\"Las noticias de mi comarca\",\"potentialAction\":[{\"@type\":\"SearchAction\",\"target\":{\"@type\":\"EntryPoint\",\"urlTemplate\":\"https:\/\/www.noticiasradioreflejos.com.ar\/2021\/?s={search_term_string}\"},\"query-input\":{\"@type\":\"PropertyValueSpecification\",\"valueRequired\":true,\"valueName\":\"search_term_string\"}}],\"inLanguage\":\"es\"},{\"@type\":\"Person\",\"@id\":\"https:\/\/www.noticiasradioreflejos.com.ar\/2021\/#\/schema\/person\/ad82545263dcc5ec0996818884fd5fb1\",\"name\":\"Arnaldo Botto\",\"image\":{\"@type\":\"ImageObject\",\"inLanguage\":\"es\",\"@id\":\"https:\/\/www.noticiasradioreflejos.com.ar\/2021\/#\/schema\/person\/image\/\",\"url\":\"https:\/\/secure.gravatar.com\/avatar\/55cb5e37c1efa326397366e6974cb338056df65cb50e7d64d1cf314e87504837?s=96&d=mm&r=g\",\"contentUrl\":\"https:\/\/secure.gravatar.com\/avatar\/55cb5e37c1efa326397366e6974cb338056df65cb50e7d64d1cf314e87504837?s=96&d=mm&r=g\",\"caption\":\"Arnaldo Botto\"},\"url\":\"https:\/\/www.noticiasradioreflejos.com.ar\/2021\/author\/arnaldo\/\"}]}<\/script>\n<!-- \/ Yoast SEO plugin. -->","yoast_head_json":{"title":"Informe Sesi\u00f3n Ordinaria de fecha 07-05-19 - Noticias Radio Reflejos","robots":{"index":"index","follow":"follow","max-snippet":"max-snippet:-1","max-image-preview":"max-image-preview:large","max-video-preview":"max-video-preview:-1"},"canonical":"https:\/\/www.noticiasradioreflejos.com.ar\/2021\/informe-sesion-ordinaria-de-fecha-07-05-19\/","og_locale":"es_ES","og_type":"article","og_title":"Informe Sesi\u00f3n Ordinaria de fecha 07-05-19 - Noticias Radio Reflejos","og_description":"Comunicaciones Oficiales y dict\u00e1menes de las Comisiones:","og_url":"https:\/\/www.noticiasradioreflejos.com.ar\/2021\/informe-sesion-ordinaria-de-fecha-07-05-19\/","og_site_name":"Noticias Radio Reflejos","article_published_time":"2019-05-10T16:04:33+00:00","og_image":[{"url":"http:\/\/live.staticflickr.com\/65535\/47818925671_cf60d93885.jpg","type":"","width":"","height":""}],"author":"Arnaldo Botto","twitter_card":"summary_large_image","schema":{"@context":"https:\/\/schema.org","@graph":[{"@type":"WebPage","@id":"https:\/\/www.noticiasradioreflejos.com.ar\/2021\/informe-sesion-ordinaria-de-fecha-07-05-19\/","url":"https:\/\/www.noticiasradioreflejos.com.ar\/2021\/informe-sesion-ordinaria-de-fecha-07-05-19\/","name":"Informe Sesi\u00f3n Ordinaria de fecha 07-05-19 - Noticias Radio Reflejos","isPartOf":{"@id":"https:\/\/www.noticiasradioreflejos.com.ar\/2021\/#website"},"primaryImageOfPage":{"@id":"https:\/\/www.noticiasradioreflejos.com.ar\/2021\/informe-sesion-ordinaria-de-fecha-07-05-19\/#primaryimage"},"image":{"@id":"https:\/\/www.noticiasradioreflejos.com.ar\/2021\/informe-sesion-ordinaria-de-fecha-07-05-19\/#primaryimage"},"thumbnailUrl":"http:\/\/live.staticflickr.com\/65535\/47818925671_cf60d93885.jpg","datePublished":"2019-05-10T16:04:33+00:00","author":{"@id":"https:\/\/www.noticiasradioreflejos.com.ar\/2021\/#\/schema\/person\/ad82545263dcc5ec0996818884fd5fb1"},"breadcrumb":{"@id":"https:\/\/www.noticiasradioreflejos.com.ar\/2021\/informe-sesion-ordinaria-de-fecha-07-05-19\/#breadcrumb"},"inLanguage":"es","potentialAction":[{"@type":"ReadAction","target":["https:\/\/www.noticiasradioreflejos.com.ar\/2021\/informe-sesion-ordinaria-de-fecha-07-05-19\/"]}]},{"@type":"ImageObject","inLanguage":"es","@id":"https:\/\/www.noticiasradioreflejos.com.ar\/2021\/informe-sesion-ordinaria-de-fecha-07-05-19\/#primaryimage","url":"http:\/\/live.staticflickr.com\/65535\/47818925671_cf60d93885.jpg","contentUrl":"http:\/\/live.staticflickr.com\/65535\/47818925671_cf60d93885.jpg"},{"@type":"BreadcrumbList","@id":"https:\/\/www.noticiasradioreflejos.com.ar\/2021\/informe-sesion-ordinaria-de-fecha-07-05-19\/#breadcrumb","itemListElement":[{"@type":"ListItem","position":1,"name":"Portada","item":"https:\/\/www.noticiasradioreflejos.com.ar\/2021\/"},{"@type":"ListItem","position":2,"name":"Informe Sesi\u00f3n Ordinaria de fecha 07-05-19"}]},{"@type":"WebSite","@id":"https:\/\/www.noticiasradioreflejos.com.ar\/2021\/#website","url":"https:\/\/www.noticiasradioreflejos.com.ar\/2021\/","name":"Noticias Radio Reflejos","description":"Las noticias de mi comarca","potentialAction":[{"@type":"SearchAction","target":{"@type":"EntryPoint","urlTemplate":"https:\/\/www.noticiasradioreflejos.com.ar\/2021\/?s={search_term_string}"},"query-input":{"@type":"PropertyValueSpecification","valueRequired":true,"valueName":"search_term_string"}}],"inLanguage":"es"},{"@type":"Person","@id":"https:\/\/www.noticiasradioreflejos.com.ar\/2021\/#\/schema\/person\/ad82545263dcc5ec0996818884fd5fb1","name":"Arnaldo Botto","image":{"@type":"ImageObject","inLanguage":"es","@id":"https:\/\/www.noticiasradioreflejos.com.ar\/2021\/#\/schema\/person\/image\/","url":"https:\/\/secure.gravatar.com\/avatar\/55cb5e37c1efa326397366e6974cb338056df65cb50e7d64d1cf314e87504837?s=96&d=mm&r=g","contentUrl":"https:\/\/secure.gravatar.com\/avatar\/55cb5e37c1efa326397366e6974cb338056df65cb50e7d64d1cf314e87504837?s=96&d=mm&r=g","caption":"Arnaldo Botto"},"url":"https:\/\/www.noticiasradioreflejos.com.ar\/2021\/author\/arnaldo\/"}]}},"_links":{"self":[{"href":"https:\/\/www.noticiasradioreflejos.com.ar\/2021\/wp-json\/wp\/v2\/posts\/31241","targetHints":{"allow":["GET"]}}],"collection":[{"href":"https:\/\/www.noticiasradioreflejos.com.ar\/2021\/wp-json\/wp\/v2\/posts"}],"about":[{"href":"https:\/\/www.noticiasradioreflejos.com.ar\/2021\/wp-json\/wp\/v2\/types\/post"}],"author":[{"embeddable":true,"href":"https:\/\/www.noticiasradioreflejos.com.ar\/2021\/wp-json\/wp\/v2\/users\/3"}],"replies":[{"embeddable":true,"href":"https:\/\/www.noticiasradioreflejos.com.ar\/2021\/wp-json\/wp\/v2\/comments?post=31241"}],"version-history":[{"count":0,"href":"https:\/\/www.noticiasradioreflejos.com.ar\/2021\/wp-json\/wp\/v2\/posts\/31241\/revisions"}],"wp:attachment":[{"href":"https:\/\/www.noticiasradioreflejos.com.ar\/2021\/wp-json\/wp\/v2\/media?parent=31241"}],"wp:term":[{"taxonomy":"category","embeddable":true,"href":"https:\/\/www.noticiasradioreflejos.com.ar\/2021\/wp-json\/wp\/v2\/categories?post=31241"},{"taxonomy":"post_tag","embeddable":true,"href":"https:\/\/www.noticiasradioreflejos.com.ar\/2021\/wp-json\/wp\/v2\/tags?post=31241"}],"curies":[{"name":"wp","href":"https:\/\/api.w.org\/{rel}","templated":true}]}}