{"id":31174,"date":"2019-05-08T18:08:37","date_gmt":"2019-05-08T21:08:37","guid":{"rendered":"http:\/\/www.noticiasradioreflejos.com.ar\/noticias\/?p=31174"},"modified":"2019-05-08T18:08:37","modified_gmt":"2019-05-08T21:08:37","slug":"descarrilo-vagon-de-un-tren-de-carga-en-el-paso-a-nivel-de-tres-picos","status":"publish","type":"post","link":"https:\/\/www.noticiasradioreflejos.com.ar\/2021\/descarrilo-vagon-de-un-tren-de-carga-en-el-paso-a-nivel-de-tres-picos\/","title":{"rendered":"Descarril\u00f3 vag\u00f3n de un tren de carga en el paso a nivel de Tres Picos"},"content":{"rendered":"<p><a title=\"1cff4852-426d-41e7-b45a-4fab6d81f551\" href=\"http:\/\/live.staticflickr.com\/65535\/47017423284_e13a9590f6_s.jpg\" rel=\"\"><img loading=\"lazy\" decoding=\"async\" class=\"alignleft\" style=\"float: left;\" title=\"1cff4852-426d-41e7-b45a-4fab6d81f551\" src=\"http:\/\/live.staticflickr.com\/65535\/47017423284_e13a9590f6.jpg\" alt=\"1cff4852-426d-41e7-b45a-4fab6d81f551\" width=\"500\" height=\"375\" \/><\/a>Fue en la noche del martes. Estuvo cortado el acceso a la localidad hasta que repararon el sector de v\u00edas.<!--more--><br \/>\nUn tren de cargas de Ferro Expreso, tuvo inconvenientes este martes por la noche en el paso a nivel que se encuentra en cercan\u00edas del acceso a Tres Picos.<!--more--><br \/>\nUn vag\u00f3n descarril\u00f3 y rompi\u00f3 parte de una alcantarilla y los durmientes. Por este motivo se debi\u00f3 interrumpir el tr\u00e1nsito en el acceso a la localidad para permitir que personal de la empresa se aboque al trabajo de reparaci\u00f3n.<br \/>\nEste se extendi\u00f3 hasta alrededor de las hora 16.30, cuando qued\u00f3 habilitado el acceso y el tren pudo mover.<a title=\"973be923-f96a-4434-8ad8-f262ad4aa657\" href=\"http:\/\/live.staticflickr.com\/65535\/32863209137_4e23709155_s.jpg\" rel=\"\"><img loading=\"lazy\" decoding=\"async\" class=\"aligncenter\" title=\"973be923-f96a-4434-8ad8-f262ad4aa657\" src=\"http:\/\/live.staticflickr.com\/65535\/32863209137_4e23709155.jpg\" alt=\"973be923-f96a-4434-8ad8-f262ad4aa657\" width=\"375\" height=\"500\" \/><\/a><a title=\"9bfe74b2-ceb6-42a2-9c7d-fe4d5e37e9a0\" href=\"http:\/\/live.staticflickr.com\/65535\/40840412873_9a6b17ac73_s.jpg\" rel=\"\"><img loading=\"lazy\" decoding=\"async\" class=\"aligncenter\" title=\"9bfe74b2-ceb6-42a2-9c7d-fe4d5e37e9a0\" src=\"http:\/\/live.staticflickr.com\/65535\/40840412873_9a6b17ac73_z.jpg\" alt=\"9bfe74b2-ceb6-42a2-9c7d-fe4d5e37e9a0\" width=\"640\" height=\"480\" \/><\/a><br \/>\nFotos gentileza: Veronica Bustos<\/p>\n","protected":false},"excerpt":{"rendered":"<p>Fue en la noche del martes. Estuvo cortado el acceso a la localidad hasta que repararon el sector de v\u00edas.<\/p>\n","protected":false},"author":3,"featured_media":0,"comment_status":"closed","ping_status":"open","sticky":false,"template":"","format":"standard","meta":{"footnotes":""},"categories":[29],"tags":[],"class_list":["post-31174","post","type-post","status-publish","format-standard","hentry","category-policiales"],"yoast_head":"<!-- This site is optimized with the Yoast SEO plugin v25.9 - https:\/\/yoast.com\/wordpress\/plugins\/seo\/ -->\n<title>Descarril\u00f3 vag\u00f3n de un tren de carga en el paso a nivel de Tres Picos - Noticias Radio Reflejos<\/title>\n<meta name=\"robots\" content=\"index, follow, max-snippet:-1, max-image-preview:large, max-video-preview:-1\" \/>\n<link rel=\"canonical\" href=\"https:\/\/www.noticiasradioreflejos.com.ar\/2021\/descarrilo-vagon-de-un-tren-de-carga-en-el-paso-a-nivel-de-tres-picos\/\" \/>\n<meta property=\"og:locale\" content=\"es_ES\" \/>\n<meta property=\"og:type\" content=\"article\" \/>\n<meta property=\"og:title\" content=\"Descarril\u00f3 vag\u00f3n de un tren de carga en el paso a nivel de Tres Picos - Noticias Radio Reflejos\" \/>\n<meta property=\"og:description\" content=\"Fue en la noche del martes. Estuvo cortado el acceso a la localidad hasta que repararon el sector de v\u00edas.\" \/>\n<meta property=\"og:url\" content=\"https:\/\/www.noticiasradioreflejos.com.ar\/2021\/descarrilo-vagon-de-un-tren-de-carga-en-el-paso-a-nivel-de-tres-picos\/\" \/>\n<meta property=\"og:site_name\" content=\"Noticias Radio Reflejos\" \/>\n<meta property=\"article:published_time\" content=\"2019-05-08T21:08:37+00:00\" \/>\n<meta property=\"og:image\" content=\"http:\/\/live.staticflickr.com\/65535\/47017423284_e13a9590f6.jpg\" \/>\n<meta name=\"author\" content=\"Arnaldo Botto\" \/>\n<meta name=\"twitter:card\" content=\"summary_large_image\" \/>\n<script type=\"application\/ld+json\" class=\"yoast-schema-graph\">{\"@context\":\"https:\/\/schema.org\",\"@graph\":[{\"@type\":\"WebPage\",\"@id\":\"https:\/\/www.noticiasradioreflejos.com.ar\/2021\/descarrilo-vagon-de-un-tren-de-carga-en-el-paso-a-nivel-de-tres-picos\/\",\"url\":\"https:\/\/www.noticiasradioreflejos.com.ar\/2021\/descarrilo-vagon-de-un-tren-de-carga-en-el-paso-a-nivel-de-tres-picos\/\",\"name\":\"Descarril\u00f3 vag\u00f3n de un tren de carga en el paso a nivel de Tres Picos - Noticias Radio Reflejos\",\"isPartOf\":{\"@id\":\"https:\/\/www.noticiasradioreflejos.com.ar\/2021\/#website\"},\"primaryImageOfPage\":{\"@id\":\"https:\/\/www.noticiasradioreflejos.com.ar\/2021\/descarrilo-vagon-de-un-tren-de-carga-en-el-paso-a-nivel-de-tres-picos\/#primaryimage\"},\"image\":{\"@id\":\"https:\/\/www.noticiasradioreflejos.com.ar\/2021\/descarrilo-vagon-de-un-tren-de-carga-en-el-paso-a-nivel-de-tres-picos\/#primaryimage\"},\"thumbnailUrl\":\"http:\/\/live.staticflickr.com\/65535\/47017423284_e13a9590f6.jpg\",\"datePublished\":\"2019-05-08T21:08:37+00:00\",\"author\":{\"@id\":\"https:\/\/www.noticiasradioreflejos.com.ar\/2021\/#\/schema\/person\/ad82545263dcc5ec0996818884fd5fb1\"},\"breadcrumb\":{\"@id\":\"https:\/\/www.noticiasradioreflejos.com.ar\/2021\/descarrilo-vagon-de-un-tren-de-carga-en-el-paso-a-nivel-de-tres-picos\/#breadcrumb\"},\"inLanguage\":\"es\",\"potentialAction\":[{\"@type\":\"ReadAction\",\"target\":[\"https:\/\/www.noticiasradioreflejos.com.ar\/2021\/descarrilo-vagon-de-un-tren-de-carga-en-el-paso-a-nivel-de-tres-picos\/\"]}]},{\"@type\":\"ImageObject\",\"inLanguage\":\"es\",\"@id\":\"https:\/\/www.noticiasradioreflejos.com.ar\/2021\/descarrilo-vagon-de-un-tren-de-carga-en-el-paso-a-nivel-de-tres-picos\/#primaryimage\",\"url\":\"http:\/\/live.staticflickr.com\/65535\/47017423284_e13a9590f6.jpg\",\"contentUrl\":\"http:\/\/live.staticflickr.com\/65535\/47017423284_e13a9590f6.jpg\"},{\"@type\":\"BreadcrumbList\",\"@id\":\"https:\/\/www.noticiasradioreflejos.com.ar\/2021\/descarrilo-vagon-de-un-tren-de-carga-en-el-paso-a-nivel-de-tres-picos\/#breadcrumb\",\"itemListElement\":[{\"@type\":\"ListItem\",\"position\":1,\"name\":\"Portada\",\"item\":\"https:\/\/www.noticiasradioreflejos.com.ar\/2021\/\"},{\"@type\":\"ListItem\",\"position\":2,\"name\":\"Descarril\u00f3 vag\u00f3n de un tren de carga en el paso a nivel de Tres Picos\"}]},{\"@type\":\"WebSite\",\"@id\":\"https:\/\/www.noticiasradioreflejos.com.ar\/2021\/#website\",\"url\":\"https:\/\/www.noticiasradioreflejos.com.ar\/2021\/\",\"name\":\"Noticias Radio Reflejos\",\"description\":\"Las noticias de mi comarca\",\"potentialAction\":[{\"@type\":\"SearchAction\",\"target\":{\"@type\":\"EntryPoint\",\"urlTemplate\":\"https:\/\/www.noticiasradioreflejos.com.ar\/2021\/?s={search_term_string}\"},\"query-input\":{\"@type\":\"PropertyValueSpecification\",\"valueRequired\":true,\"valueName\":\"search_term_string\"}}],\"inLanguage\":\"es\"},{\"@type\":\"Person\",\"@id\":\"https:\/\/www.noticiasradioreflejos.com.ar\/2021\/#\/schema\/person\/ad82545263dcc5ec0996818884fd5fb1\",\"name\":\"Arnaldo Botto\",\"image\":{\"@type\":\"ImageObject\",\"inLanguage\":\"es\",\"@id\":\"https:\/\/www.noticiasradioreflejos.com.ar\/2021\/#\/schema\/person\/image\/\",\"url\":\"https:\/\/secure.gravatar.com\/avatar\/55cb5e37c1efa326397366e6974cb338056df65cb50e7d64d1cf314e87504837?s=96&d=mm&r=g\",\"contentUrl\":\"https:\/\/secure.gravatar.com\/avatar\/55cb5e37c1efa326397366e6974cb338056df65cb50e7d64d1cf314e87504837?s=96&d=mm&r=g\",\"caption\":\"Arnaldo Botto\"},\"url\":\"https:\/\/www.noticiasradioreflejos.com.ar\/2021\/author\/arnaldo\/\"}]}<\/script>\n<!-- \/ Yoast SEO plugin. -->","yoast_head_json":{"title":"Descarril\u00f3 vag\u00f3n de un tren de carga en el paso a nivel de Tres Picos - Noticias Radio Reflejos","robots":{"index":"index","follow":"follow","max-snippet":"max-snippet:-1","max-image-preview":"max-image-preview:large","max-video-preview":"max-video-preview:-1"},"canonical":"https:\/\/www.noticiasradioreflejos.com.ar\/2021\/descarrilo-vagon-de-un-tren-de-carga-en-el-paso-a-nivel-de-tres-picos\/","og_locale":"es_ES","og_type":"article","og_title":"Descarril\u00f3 vag\u00f3n de un tren de carga en el paso a nivel de Tres Picos - Noticias Radio Reflejos","og_description":"Fue en la noche del martes. Estuvo cortado el acceso a la localidad hasta que repararon el sector de v\u00edas.","og_url":"https:\/\/www.noticiasradioreflejos.com.ar\/2021\/descarrilo-vagon-de-un-tren-de-carga-en-el-paso-a-nivel-de-tres-picos\/","og_site_name":"Noticias Radio Reflejos","article_published_time":"2019-05-08T21:08:37+00:00","og_image":[{"url":"http:\/\/live.staticflickr.com\/65535\/47017423284_e13a9590f6.jpg","type":"","width":"","height":""}],"author":"Arnaldo Botto","twitter_card":"summary_large_image","schema":{"@context":"https:\/\/schema.org","@graph":[{"@type":"WebPage","@id":"https:\/\/www.noticiasradioreflejos.com.ar\/2021\/descarrilo-vagon-de-un-tren-de-carga-en-el-paso-a-nivel-de-tres-picos\/","url":"https:\/\/www.noticiasradioreflejos.com.ar\/2021\/descarrilo-vagon-de-un-tren-de-carga-en-el-paso-a-nivel-de-tres-picos\/","name":"Descarril\u00f3 vag\u00f3n de un tren de carga en el paso a nivel de Tres Picos - Noticias Radio Reflejos","isPartOf":{"@id":"https:\/\/www.noticiasradioreflejos.com.ar\/2021\/#website"},"primaryImageOfPage":{"@id":"https:\/\/www.noticiasradioreflejos.com.ar\/2021\/descarrilo-vagon-de-un-tren-de-carga-en-el-paso-a-nivel-de-tres-picos\/#primaryimage"},"image":{"@id":"https:\/\/www.noticiasradioreflejos.com.ar\/2021\/descarrilo-vagon-de-un-tren-de-carga-en-el-paso-a-nivel-de-tres-picos\/#primaryimage"},"thumbnailUrl":"http:\/\/live.staticflickr.com\/65535\/47017423284_e13a9590f6.jpg","datePublished":"2019-05-08T21:08:37+00:00","author":{"@id":"https:\/\/www.noticiasradioreflejos.com.ar\/2021\/#\/schema\/person\/ad82545263dcc5ec0996818884fd5fb1"},"breadcrumb":{"@id":"https:\/\/www.noticiasradioreflejos.com.ar\/2021\/descarrilo-vagon-de-un-tren-de-carga-en-el-paso-a-nivel-de-tres-picos\/#breadcrumb"},"inLanguage":"es","potentialAction":[{"@type":"ReadAction","target":["https:\/\/www.noticiasradioreflejos.com.ar\/2021\/descarrilo-vagon-de-un-tren-de-carga-en-el-paso-a-nivel-de-tres-picos\/"]}]},{"@type":"ImageObject","inLanguage":"es","@id":"https:\/\/www.noticiasradioreflejos.com.ar\/2021\/descarrilo-vagon-de-un-tren-de-carga-en-el-paso-a-nivel-de-tres-picos\/#primaryimage","url":"http:\/\/live.staticflickr.com\/65535\/47017423284_e13a9590f6.jpg","contentUrl":"http:\/\/live.staticflickr.com\/65535\/47017423284_e13a9590f6.jpg"},{"@type":"BreadcrumbList","@id":"https:\/\/www.noticiasradioreflejos.com.ar\/2021\/descarrilo-vagon-de-un-tren-de-carga-en-el-paso-a-nivel-de-tres-picos\/#breadcrumb","itemListElement":[{"@type":"ListItem","position":1,"name":"Portada","item":"https:\/\/www.noticiasradioreflejos.com.ar\/2021\/"},{"@type":"ListItem","position":2,"name":"Descarril\u00f3 vag\u00f3n de un tren de carga en el paso a nivel de Tres Picos"}]},{"@type":"WebSite","@id":"https:\/\/www.noticiasradioreflejos.com.ar\/2021\/#website","url":"https:\/\/www.noticiasradioreflejos.com.ar\/2021\/","name":"Noticias Radio Reflejos","description":"Las noticias de mi comarca","potentialAction":[{"@type":"SearchAction","target":{"@type":"EntryPoint","urlTemplate":"https:\/\/www.noticiasradioreflejos.com.ar\/2021\/?s={search_term_string}"},"query-input":{"@type":"PropertyValueSpecification","valueRequired":true,"valueName":"search_term_string"}}],"inLanguage":"es"},{"@type":"Person","@id":"https:\/\/www.noticiasradioreflejos.com.ar\/2021\/#\/schema\/person\/ad82545263dcc5ec0996818884fd5fb1","name":"Arnaldo Botto","image":{"@type":"ImageObject","inLanguage":"es","@id":"https:\/\/www.noticiasradioreflejos.com.ar\/2021\/#\/schema\/person\/image\/","url":"https:\/\/secure.gravatar.com\/avatar\/55cb5e37c1efa326397366e6974cb338056df65cb50e7d64d1cf314e87504837?s=96&d=mm&r=g","contentUrl":"https:\/\/secure.gravatar.com\/avatar\/55cb5e37c1efa326397366e6974cb338056df65cb50e7d64d1cf314e87504837?s=96&d=mm&r=g","caption":"Arnaldo Botto"},"url":"https:\/\/www.noticiasradioreflejos.com.ar\/2021\/author\/arnaldo\/"}]}},"_links":{"self":[{"href":"https:\/\/www.noticiasradioreflejos.com.ar\/2021\/wp-json\/wp\/v2\/posts\/31174","targetHints":{"allow":["GET"]}}],"collection":[{"href":"https:\/\/www.noticiasradioreflejos.com.ar\/2021\/wp-json\/wp\/v2\/posts"}],"about":[{"href":"https:\/\/www.noticiasradioreflejos.com.ar\/2021\/wp-json\/wp\/v2\/types\/post"}],"author":[{"embeddable":true,"href":"https:\/\/www.noticiasradioreflejos.com.ar\/2021\/wp-json\/wp\/v2\/users\/3"}],"replies":[{"embeddable":true,"href":"https:\/\/www.noticiasradioreflejos.com.ar\/2021\/wp-json\/wp\/v2\/comments?post=31174"}],"version-history":[{"count":0,"href":"https:\/\/www.noticiasradioreflejos.com.ar\/2021\/wp-json\/wp\/v2\/posts\/31174\/revisions"}],"wp:attachment":[{"href":"https:\/\/www.noticiasradioreflejos.com.ar\/2021\/wp-json\/wp\/v2\/media?parent=31174"}],"wp:term":[{"taxonomy":"category","embeddable":true,"href":"https:\/\/www.noticiasradioreflejos.com.ar\/2021\/wp-json\/wp\/v2\/categories?post=31174"},{"taxonomy":"post_tag","embeddable":true,"href":"https:\/\/www.noticiasradioreflejos.com.ar\/2021\/wp-json\/wp\/v2\/tags?post=31174"}],"curies":[{"name":"wp","href":"https:\/\/api.w.org\/{rel}","templated":true}]}}