{"id":31168,"date":"2019-05-08T17:58:08","date_gmt":"2019-05-08T20:58:08","guid":{"rendered":"http:\/\/www.noticiasradioreflejos.com.ar\/noticias\/?p=31168"},"modified":"2019-05-08T17:58:08","modified_gmt":"2019-05-08T20:58:08","slug":"volco-un-patrullero-de-sierra-de-la-ventana","status":"publish","type":"post","link":"https:\/\/www.noticiasradioreflejos.com.ar\/2021\/volco-un-patrullero-de-sierra-de-la-ventana\/","title":{"rendered":"Volc\u00f3 un patrullero de Sierra de la Ventana."},"content":{"rendered":"<p><a title=\"cd9a11f7-1c0f-4bdf-896f-f98ed5c4b6da\" href=\"http:\/\/live.staticflickr.com\/65535\/47017376004_8e906f84c6_s.jpg\" rel=\"\"><img loading=\"lazy\" decoding=\"async\" style=\"float: left;\" title=\"cd9a11f7-1c0f-4bdf-896f-f98ed5c4b6da\" src=\"http:\/\/live.staticflickr.com\/65535\/47017376004_8e906f84c6.jpg\" alt=\"cd9a11f7-1c0f-4bdf-896f-f98ed5c4b6da\" width=\"500\" height=\"292\" \/><\/a>El hecho ocurri\u00f3 este martes por la noche en la ruta 76. La lluvia y gas oil diseminado en la cinta asf\u00e1ltica hicieron perder el control del auto. No resultaron con lesiones.<!--more--><br \/>\nUn m\u00f3vil de la polic\u00eda de Sierra de la Ventana result\u00f3 con serios da\u00f1os luego de un vuelco que se produjo este martes 8 de mayo en la ruta provincial 76, kil\u00f3metro 223, entre estancia \u201cLas Vertientes\u201d y el acceso a Villa Ventana.<br \/>\nAl mando del auto, un toyota etios(AC 534 GN), se movilizaba el jefe de la polic\u00eda de Sierra de la Ventana, Sub Comisario Jorge Manuel Parodi, acompa\u00f1ado por el oficial Agust\u00edn Ezequiel Ruiz.<br \/>\nLos uniformados se dirig\u00edan a Tornquist. El clima a esa hora mostraba la calzada mojada por precipitaciones y gas oil diseminado por la carretera lo que hizo perder el control del veh\u00edculo que termin\u00f3 volcando en alcantarilla cercana, sin que se registraran lesiones de consideraci\u00f3n.<br \/>\nA esto debi\u00f3 sumarse durante la jornada de hoy que se movilizar\u00e1n los bomberos del lugar, la polic\u00eda y personal de tr\u00e1nsito para trabajar en dos sectores de curvas cercanos al acceso a Villa Ventana donde derram\u00f3 gas oil un veh\u00edculo sin identificar.<br \/>\nTuvieron que trabajar e inclusive cortar la ruta para esparcir arena sobre lo derramado en una gran superficie.<br \/>\nLuego de la hora 13.30 se habilit\u00f3 el tr\u00e1nsito y todo volvi\u00f3 a la normalidad.<br \/>\n<a title=\"20190508_132432\" href=\"http:\/\/live.staticflickr.com\/65535\/32863160377_9659356d4a_s.jpg\" rel=\"\"><img loading=\"lazy\" decoding=\"async\" class=\"aligncenter\" title=\"20190508_132432\" src=\"http:\/\/live.staticflickr.com\/65535\/32863160377_9659356d4a_z.jpg\" alt=\"20190508_132432\" width=\"640\" height=\"331\" \/><\/a><br \/>\nFotos: Movil accidentado y operativo de corte sobre ruta<\/p>\n","protected":false},"excerpt":{"rendered":"<p>El hecho ocurri\u00f3 este martes por la noche en la ruta 76. La lluvia y gas oil diseminado en la cinta asf\u00e1ltica hicieron perder el control del auto. No resultaron con lesiones.<\/p>\n","protected":false},"author":3,"featured_media":0,"comment_status":"closed","ping_status":"open","sticky":false,"template":"","format":"standard","meta":{"footnotes":""},"categories":[29],"tags":[],"class_list":["post-31168","post","type-post","status-publish","format-standard","hentry","category-policiales"],"yoast_head":"<!-- This site is optimized with the Yoast SEO plugin v25.9 - https:\/\/yoast.com\/wordpress\/plugins\/seo\/ -->\n<title>Volc\u00f3 un patrullero de Sierra de la Ventana. - Noticias Radio Reflejos<\/title>\n<meta name=\"robots\" content=\"index, follow, max-snippet:-1, max-image-preview:large, max-video-preview:-1\" \/>\n<link rel=\"canonical\" href=\"https:\/\/www.noticiasradioreflejos.com.ar\/2021\/volco-un-patrullero-de-sierra-de-la-ventana\/\" \/>\n<meta property=\"og:locale\" content=\"es_ES\" \/>\n<meta property=\"og:type\" content=\"article\" \/>\n<meta property=\"og:title\" content=\"Volc\u00f3 un patrullero de Sierra de la Ventana. - Noticias Radio Reflejos\" \/>\n<meta property=\"og:description\" content=\"El hecho ocurri\u00f3 este martes por la noche en la ruta 76. La lluvia y gas oil diseminado en la cinta asf\u00e1ltica hicieron perder el control del auto. No resultaron con lesiones.\" \/>\n<meta property=\"og:url\" content=\"https:\/\/www.noticiasradioreflejos.com.ar\/2021\/volco-un-patrullero-de-sierra-de-la-ventana\/\" \/>\n<meta property=\"og:site_name\" content=\"Noticias Radio Reflejos\" \/>\n<meta property=\"article:published_time\" content=\"2019-05-08T20:58:08+00:00\" \/>\n<meta property=\"og:image\" content=\"http:\/\/live.staticflickr.com\/65535\/47017376004_8e906f84c6.jpg\" \/>\n<meta name=\"author\" content=\"Arnaldo Botto\" \/>\n<meta name=\"twitter:card\" content=\"summary_large_image\" \/>\n<script type=\"application\/ld+json\" class=\"yoast-schema-graph\">{\"@context\":\"https:\/\/schema.org\",\"@graph\":[{\"@type\":\"WebPage\",\"@id\":\"https:\/\/www.noticiasradioreflejos.com.ar\/2021\/volco-un-patrullero-de-sierra-de-la-ventana\/\",\"url\":\"https:\/\/www.noticiasradioreflejos.com.ar\/2021\/volco-un-patrullero-de-sierra-de-la-ventana\/\",\"name\":\"Volc\u00f3 un patrullero de Sierra de la Ventana. - Noticias Radio Reflejos\",\"isPartOf\":{\"@id\":\"https:\/\/www.noticiasradioreflejos.com.ar\/2021\/#website\"},\"primaryImageOfPage\":{\"@id\":\"https:\/\/www.noticiasradioreflejos.com.ar\/2021\/volco-un-patrullero-de-sierra-de-la-ventana\/#primaryimage\"},\"image\":{\"@id\":\"https:\/\/www.noticiasradioreflejos.com.ar\/2021\/volco-un-patrullero-de-sierra-de-la-ventana\/#primaryimage\"},\"thumbnailUrl\":\"http:\/\/live.staticflickr.com\/65535\/47017376004_8e906f84c6.jpg\",\"datePublished\":\"2019-05-08T20:58:08+00:00\",\"author\":{\"@id\":\"https:\/\/www.noticiasradioreflejos.com.ar\/2021\/#\/schema\/person\/ad82545263dcc5ec0996818884fd5fb1\"},\"breadcrumb\":{\"@id\":\"https:\/\/www.noticiasradioreflejos.com.ar\/2021\/volco-un-patrullero-de-sierra-de-la-ventana\/#breadcrumb\"},\"inLanguage\":\"es\",\"potentialAction\":[{\"@type\":\"ReadAction\",\"target\":[\"https:\/\/www.noticiasradioreflejos.com.ar\/2021\/volco-un-patrullero-de-sierra-de-la-ventana\/\"]}]},{\"@type\":\"ImageObject\",\"inLanguage\":\"es\",\"@id\":\"https:\/\/www.noticiasradioreflejos.com.ar\/2021\/volco-un-patrullero-de-sierra-de-la-ventana\/#primaryimage\",\"url\":\"http:\/\/live.staticflickr.com\/65535\/47017376004_8e906f84c6.jpg\",\"contentUrl\":\"http:\/\/live.staticflickr.com\/65535\/47017376004_8e906f84c6.jpg\"},{\"@type\":\"BreadcrumbList\",\"@id\":\"https:\/\/www.noticiasradioreflejos.com.ar\/2021\/volco-un-patrullero-de-sierra-de-la-ventana\/#breadcrumb\",\"itemListElement\":[{\"@type\":\"ListItem\",\"position\":1,\"name\":\"Portada\",\"item\":\"https:\/\/www.noticiasradioreflejos.com.ar\/2021\/\"},{\"@type\":\"ListItem\",\"position\":2,\"name\":\"Volc\u00f3 un patrullero de Sierra de la Ventana.\"}]},{\"@type\":\"WebSite\",\"@id\":\"https:\/\/www.noticiasradioreflejos.com.ar\/2021\/#website\",\"url\":\"https:\/\/www.noticiasradioreflejos.com.ar\/2021\/\",\"name\":\"Noticias Radio Reflejos\",\"description\":\"Las noticias de mi comarca\",\"potentialAction\":[{\"@type\":\"SearchAction\",\"target\":{\"@type\":\"EntryPoint\",\"urlTemplate\":\"https:\/\/www.noticiasradioreflejos.com.ar\/2021\/?s={search_term_string}\"},\"query-input\":{\"@type\":\"PropertyValueSpecification\",\"valueRequired\":true,\"valueName\":\"search_term_string\"}}],\"inLanguage\":\"es\"},{\"@type\":\"Person\",\"@id\":\"https:\/\/www.noticiasradioreflejos.com.ar\/2021\/#\/schema\/person\/ad82545263dcc5ec0996818884fd5fb1\",\"name\":\"Arnaldo Botto\",\"image\":{\"@type\":\"ImageObject\",\"inLanguage\":\"es\",\"@id\":\"https:\/\/www.noticiasradioreflejos.com.ar\/2021\/#\/schema\/person\/image\/\",\"url\":\"https:\/\/secure.gravatar.com\/avatar\/55cb5e37c1efa326397366e6974cb338056df65cb50e7d64d1cf314e87504837?s=96&d=mm&r=g\",\"contentUrl\":\"https:\/\/secure.gravatar.com\/avatar\/55cb5e37c1efa326397366e6974cb338056df65cb50e7d64d1cf314e87504837?s=96&d=mm&r=g\",\"caption\":\"Arnaldo Botto\"},\"url\":\"https:\/\/www.noticiasradioreflejos.com.ar\/2021\/author\/arnaldo\/\"}]}<\/script>\n<!-- \/ Yoast SEO plugin. -->","yoast_head_json":{"title":"Volc\u00f3 un patrullero de Sierra de la Ventana. - Noticias Radio Reflejos","robots":{"index":"index","follow":"follow","max-snippet":"max-snippet:-1","max-image-preview":"max-image-preview:large","max-video-preview":"max-video-preview:-1"},"canonical":"https:\/\/www.noticiasradioreflejos.com.ar\/2021\/volco-un-patrullero-de-sierra-de-la-ventana\/","og_locale":"es_ES","og_type":"article","og_title":"Volc\u00f3 un patrullero de Sierra de la Ventana. - Noticias Radio Reflejos","og_description":"El hecho ocurri\u00f3 este martes por la noche en la ruta 76. La lluvia y gas oil diseminado en la cinta asf\u00e1ltica hicieron perder el control del auto. No resultaron con lesiones.","og_url":"https:\/\/www.noticiasradioreflejos.com.ar\/2021\/volco-un-patrullero-de-sierra-de-la-ventana\/","og_site_name":"Noticias Radio Reflejos","article_published_time":"2019-05-08T20:58:08+00:00","og_image":[{"url":"http:\/\/live.staticflickr.com\/65535\/47017376004_8e906f84c6.jpg","type":"","width":"","height":""}],"author":"Arnaldo Botto","twitter_card":"summary_large_image","schema":{"@context":"https:\/\/schema.org","@graph":[{"@type":"WebPage","@id":"https:\/\/www.noticiasradioreflejos.com.ar\/2021\/volco-un-patrullero-de-sierra-de-la-ventana\/","url":"https:\/\/www.noticiasradioreflejos.com.ar\/2021\/volco-un-patrullero-de-sierra-de-la-ventana\/","name":"Volc\u00f3 un patrullero de Sierra de la Ventana. - Noticias Radio Reflejos","isPartOf":{"@id":"https:\/\/www.noticiasradioreflejos.com.ar\/2021\/#website"},"primaryImageOfPage":{"@id":"https:\/\/www.noticiasradioreflejos.com.ar\/2021\/volco-un-patrullero-de-sierra-de-la-ventana\/#primaryimage"},"image":{"@id":"https:\/\/www.noticiasradioreflejos.com.ar\/2021\/volco-un-patrullero-de-sierra-de-la-ventana\/#primaryimage"},"thumbnailUrl":"http:\/\/live.staticflickr.com\/65535\/47017376004_8e906f84c6.jpg","datePublished":"2019-05-08T20:58:08+00:00","author":{"@id":"https:\/\/www.noticiasradioreflejos.com.ar\/2021\/#\/schema\/person\/ad82545263dcc5ec0996818884fd5fb1"},"breadcrumb":{"@id":"https:\/\/www.noticiasradioreflejos.com.ar\/2021\/volco-un-patrullero-de-sierra-de-la-ventana\/#breadcrumb"},"inLanguage":"es","potentialAction":[{"@type":"ReadAction","target":["https:\/\/www.noticiasradioreflejos.com.ar\/2021\/volco-un-patrullero-de-sierra-de-la-ventana\/"]}]},{"@type":"ImageObject","inLanguage":"es","@id":"https:\/\/www.noticiasradioreflejos.com.ar\/2021\/volco-un-patrullero-de-sierra-de-la-ventana\/#primaryimage","url":"http:\/\/live.staticflickr.com\/65535\/47017376004_8e906f84c6.jpg","contentUrl":"http:\/\/live.staticflickr.com\/65535\/47017376004_8e906f84c6.jpg"},{"@type":"BreadcrumbList","@id":"https:\/\/www.noticiasradioreflejos.com.ar\/2021\/volco-un-patrullero-de-sierra-de-la-ventana\/#breadcrumb","itemListElement":[{"@type":"ListItem","position":1,"name":"Portada","item":"https:\/\/www.noticiasradioreflejos.com.ar\/2021\/"},{"@type":"ListItem","position":2,"name":"Volc\u00f3 un patrullero de Sierra de la Ventana."}]},{"@type":"WebSite","@id":"https:\/\/www.noticiasradioreflejos.com.ar\/2021\/#website","url":"https:\/\/www.noticiasradioreflejos.com.ar\/2021\/","name":"Noticias Radio Reflejos","description":"Las noticias de mi comarca","potentialAction":[{"@type":"SearchAction","target":{"@type":"EntryPoint","urlTemplate":"https:\/\/www.noticiasradioreflejos.com.ar\/2021\/?s={search_term_string}"},"query-input":{"@type":"PropertyValueSpecification","valueRequired":true,"valueName":"search_term_string"}}],"inLanguage":"es"},{"@type":"Person","@id":"https:\/\/www.noticiasradioreflejos.com.ar\/2021\/#\/schema\/person\/ad82545263dcc5ec0996818884fd5fb1","name":"Arnaldo Botto","image":{"@type":"ImageObject","inLanguage":"es","@id":"https:\/\/www.noticiasradioreflejos.com.ar\/2021\/#\/schema\/person\/image\/","url":"https:\/\/secure.gravatar.com\/avatar\/55cb5e37c1efa326397366e6974cb338056df65cb50e7d64d1cf314e87504837?s=96&d=mm&r=g","contentUrl":"https:\/\/secure.gravatar.com\/avatar\/55cb5e37c1efa326397366e6974cb338056df65cb50e7d64d1cf314e87504837?s=96&d=mm&r=g","caption":"Arnaldo Botto"},"url":"https:\/\/www.noticiasradioreflejos.com.ar\/2021\/author\/arnaldo\/"}]}},"_links":{"self":[{"href":"https:\/\/www.noticiasradioreflejos.com.ar\/2021\/wp-json\/wp\/v2\/posts\/31168","targetHints":{"allow":["GET"]}}],"collection":[{"href":"https:\/\/www.noticiasradioreflejos.com.ar\/2021\/wp-json\/wp\/v2\/posts"}],"about":[{"href":"https:\/\/www.noticiasradioreflejos.com.ar\/2021\/wp-json\/wp\/v2\/types\/post"}],"author":[{"embeddable":true,"href":"https:\/\/www.noticiasradioreflejos.com.ar\/2021\/wp-json\/wp\/v2\/users\/3"}],"replies":[{"embeddable":true,"href":"https:\/\/www.noticiasradioreflejos.com.ar\/2021\/wp-json\/wp\/v2\/comments?post=31168"}],"version-history":[{"count":0,"href":"https:\/\/www.noticiasradioreflejos.com.ar\/2021\/wp-json\/wp\/v2\/posts\/31168\/revisions"}],"wp:attachment":[{"href":"https:\/\/www.noticiasradioreflejos.com.ar\/2021\/wp-json\/wp\/v2\/media?parent=31168"}],"wp:term":[{"taxonomy":"category","embeddable":true,"href":"https:\/\/www.noticiasradioreflejos.com.ar\/2021\/wp-json\/wp\/v2\/categories?post=31168"},{"taxonomy":"post_tag","embeddable":true,"href":"https:\/\/www.noticiasradioreflejos.com.ar\/2021\/wp-json\/wp\/v2\/tags?post=31168"}],"curies":[{"name":"wp","href":"https:\/\/api.w.org\/{rel}","templated":true}]}}